{"id":908149,"date":"2026-01-13T12:29:56","date_gmt":"2026-01-13T11:29:56","guid":{"rendered":"https:\/\/gradski.me\/?p=908149"},"modified":"2026-01-13T12:29:56","modified_gmt":"2026-01-13T11:29:56","slug":"krivicna-prijava-protiv-dvije-osobe-utaja-poreza-u-iznosu-od-140-hiljada-eura","status":"publish","type":"post","link":"https:\/\/dmcsrb.com\/en\/hronika\/krivicna-prijava-protiv-dvije-osobe-utaja-poreza-u-iznosu-od-140-hiljada-eura\/","title":{"rendered":"Krivi\u010dna prijava protiv dvije osobe zbog utaje poreza u iznosu od 140 hiljada eura"},"content":{"rendered":"<p><\/p>\n\n\n\n<p>&#8220;Slu\u017ebenici Sektora za borbu protiv kriminala &#8211; Odsjeka za borbu protiv korupcije, ekonomskog kriminala, sprovo\u0111enje finansijskih istraga i suzbijanje ekolo\u0161kog kriminala u saradnji sa slu\u017ebenicima Poreske uprave, a u koordinaciji sa Osnovnim dr\u017eavnim tu\u017eila\u0161tvom u Podgorici, podnijeli su krivi\u010dnu prijavu protiv pravnog lica \u201eT.S.S.\u201c d.o.o. Podgorica, osniva\u010da M.M. (35) i izvr\u0161nog direktora pravnog lica M.M. (65), zbog sumnje da su izvr\u0161ili krivi\u010dno djelo utaja poreza i doprinosa u produ\u017eenom trajanju&#8221;, navode iz policije.<\/p>\n\n\n\n<p>Policijski slu\u017ebenici su u postupku do podno\u0161enja krivi\u010dne prijave do\u0161li do sumnje da su M.M. (35) kao osniva\u010d i M.M. (65) kao izvr\u0161ni direktor, izvr\u0161ili pomenuto krivi\u010dno djelo na na\u010din \u0161to su, postupaju\u0107i u ime i za ra\u010dun pravnog lica \u201eT.S.S.\u201c d.o.o. Podgorica, kontinuirano tokom 2019., 2020., 2021., 2022., 2023., 2024. i 2025. godine, u cilju izbjegavanja poreskih da\u017ebina, podizali novac u gotovini sa ra\u010duna osumnji\u010denog pravnog lica, bez adekvatne poslovne dokumentacije i izdavali fakture za koje nisu predavali mjese\u010dne PDV prijave Poreskoj upravi Crne Gore, suprotno Zakonu o porezu na dodatu vrijednost. Na taj su na\u010din, po osnovu utajenog poreza na dohodak fizi\u010dkih lica i neprijavljenog PDV-a, pribavili protivpravnu imovinsku korist u ukupnom iznosu od 138.448 eura, a \u0161to ujedno predstavlja i materijalnu \u0161tetu pri\u010dinjenu bud\u017eetu dr\u017eave Crne Gore.<\/p>\n\n\n\n<p>&#8220;Slu\u017ebenici Sektora za borbu protiv kriminala \u2013 Odsjeka za borbu protiv korupcije, ekonomskog kriminala, sprovo\u0111enja finansijskih istraga i suzbijanje ekolo\u0161kog kriminala \u2013 u okviru nacionalnog projekta trajnog karaktera kodnog naziva \u201eEvazija\u201c, nastavljaju sa poja\u010danim ciljanim aktivnostima, usmjerenim na razotkrivanje i procesuiranje odgovornih lica iz privrednog sektora \u010dije kriminalne radnje direktno naru\u0161avaju ekonomski poredak dr\u017eave&#8221;, saop\u0161teno je iz policije.<\/p>\n\n\n\n<p>Kroz sna\u017enu me\u0111uinstitucionalnu saradnju i koordinisane aktivnosti sa nadle\u017enim organima, preduzimaju se intenzivne mjere i radnje na za\u0161titi ekonomskih interesa gra\u0111ana i o\u010duvanja bud\u017eeta Crne Gore.<\/p>\n\n\n\n<p>Iz policije dodaju da akcija \u201eEvazija\u201c predstavlja odlu\u010dan sistemski odgovor dr\u017eave na poreske i finansijske malverzacije, sa jasnim ciljem ja\u010danja zakonitosti i finansijske discipline u svim segmentima privrede.<\/p>","protected":false},"excerpt":{"rendered":"<p>Iz policije je saop\u0161teno da su podnijete krivi\u010dne prijave protiv pravnog lica \u201eT.S.S.\u201c d.o.o. Podgorica, osniva\u010da M.M. (35) i izvr\u0161nog direktora pravnog lica M.M. (65), zbog sumnje da su izvr\u0161ili krivi\u010dno djelo utaja poreza i doprinosa u produ\u017eenom trajanju.<\/p>","protected":false},"author":1,"featured_media":846253,"comment_status":"open","ping_status":"open","sticky":false,"template":"","format":"standard","meta":{"_acf_changed":false,"footnotes":""},"categories":[17],"tags":[95,2341,31,72,1210],"naslovna":[],"class_list":["post-908149","post","type-post","status-publish","format-standard","has-post-thumbnail","hentry","category-hronika","tag-crna-gora","tag-odt","tag-podgorica","tag-uprava-policije","tag-utaja-poreza"],"acf":[],"yoast_head":"<!-- This site is optimized with the Yoast SEO plugin v27.4 - https:\/\/yoast.com\/product\/yoast-seo-wordpress\/ -->\n<title>Krivi\u010dna prijava protiv dvije osobe zbog utaje poreza u iznosu od 140 hiljada eura - dmcsrb.com<\/title>\n<meta name=\"robots\" content=\"index, follow, max-snippet:-1, max-image-preview:large, max-video-preview:-1\" \/>\n<link rel=\"canonical\" href=\"https:\/\/dmcsrb.com\/en\/hronika\/krivicna-prijava-protiv-dvije-osobe-utaja-poreza-u-iznosu-od-140-hiljada-eura\/\" \/>\n<meta property=\"og:locale\" content=\"en_GB\" \/>\n<meta property=\"og:type\" content=\"article\" \/>\n<meta property=\"og:title\" content=\"Krivi\u010dna prijava protiv dvije osobe zbog utaje poreza u iznosu od 140 hiljada eura - dmcsrb.com\" \/>\n<meta property=\"og:description\" content=\"Iz policije je saop\u0161teno da su podnijete krivi\u010dne prijave protiv pravnog lica \u201eT.S.S.\u201c d.o.o. Podgorica, osniva\u010da M.M. (35) i izvr\u0161nog direktora pravnog lica M.M. (65), zbog sumnje da su izvr\u0161ili krivi\u010dno djelo utaja poreza i doprinosa u produ\u017eenom trajanju.\" \/>\n<meta property=\"og:url\" content=\"https:\/\/dmcsrb.com\/en\/hronika\/krivicna-prijava-protiv-dvije-osobe-utaja-poreza-u-iznosu-od-140-hiljada-eura\/\" \/>\n<meta property=\"og:site_name\" content=\"dmcsrb.com\" \/>\n<meta property=\"article:published_time\" content=\"2026-01-13T11:29:56+00:00\" \/>\n<meta property=\"og:image\" content=\"https:\/\/dmcsrb.com\/wp-content\/uploads\/2025\/10\/policija1.jpg\" \/>\n\t<meta property=\"og:image:width\" content=\"910\" \/>\n\t<meta property=\"og:image:height\" content=\"495\" \/>\n\t<meta property=\"og:image:type\" content=\"image\/jpeg\" \/>\n<meta name=\"author\" content=\"dmcsrbija.com@gmail.com\" \/>\n<meta name=\"twitter:card\" content=\"summary_large_image\" \/>\n<meta name=\"twitter:label1\" content=\"Written by\" \/>\n\t<meta name=\"twitter:data1\" content=\"dmcsrbija.com@gmail.com\" \/>\n\t<meta name=\"twitter:label2\" content=\"Estimated reading time\" \/>\n\t<meta name=\"twitter:data2\" content=\"2 minutes\" \/>\n<script type=\"application\/ld+json\" class=\"yoast-schema-graph\">{\"@context\":\"https:\\\/\\\/schema.org\",\"@graph\":[{\"@type\":\"Article\",\"@id\":\"https:\\\/\\\/dmcsrb.com\\\/hronika\\\/krivicna-prijava-protiv-dvije-osobe-utaja-poreza-u-iznosu-od-140-hiljada-eura\\\/#article\",\"isPartOf\":{\"@id\":\"https:\\\/\\\/dmcsrb.com\\\/hronika\\\/krivicna-prijava-protiv-dvije-osobe-utaja-poreza-u-iznosu-od-140-hiljada-eura\\\/\"},\"author\":{\"name\":\"dmcsrbija.com@gmail.com\",\"@id\":\"https:\\\/\\\/dmcsrb.com\\\/#\\\/schema\\\/person\\\/5c39170f12db1b8b457732d0b5c854e2\"},\"headline\":\"Krivi\u010dna prijava protiv dvije osobe zbog utaje poreza u iznosu od 140 hiljada eura\",\"datePublished\":\"2026-01-13T11:29:56+00:00\",\"mainEntityOfPage\":{\"@id\":\"https:\\\/\\\/dmcsrb.com\\\/hronika\\\/krivicna-prijava-protiv-dvije-osobe-utaja-poreza-u-iznosu-od-140-hiljada-eura\\\/\"},\"wordCount\":376,\"commentCount\":0,\"image\":{\"@id\":\"https:\\\/\\\/dmcsrb.com\\\/hronika\\\/krivicna-prijava-protiv-dvije-osobe-utaja-poreza-u-iznosu-od-140-hiljada-eura\\\/#primaryimage\"},\"thumbnailUrl\":\"https:\\\/\\\/dmcsrb.com\\\/wp-content\\\/uploads\\\/2025\\\/10\\\/policija1.jpg\",\"keywords\":[\"Crna Gora\",\"ODT\",\"Podgorica\",\"Uprava policije\",\"utaja poreza\"],\"articleSection\":[\"Hronika\"],\"inLanguage\":\"en-GB\",\"potentialAction\":[{\"@type\":\"CommentAction\",\"name\":\"Comment\",\"target\":[\"https:\\\/\\\/dmcsrb.com\\\/hronika\\\/krivicna-prijava-protiv-dvije-osobe-utaja-poreza-u-iznosu-od-140-hiljada-eura\\\/#respond\"]}]},{\"@type\":\"WebPage\",\"@id\":\"https:\\\/\\\/dmcsrb.com\\\/hronika\\\/krivicna-prijava-protiv-dvije-osobe-utaja-poreza-u-iznosu-od-140-hiljada-eura\\\/\",\"url\":\"https:\\\/\\\/dmcsrb.com\\\/hronika\\\/krivicna-prijava-protiv-dvije-osobe-utaja-poreza-u-iznosu-od-140-hiljada-eura\\\/\",\"name\":\"Krivi\u010dna prijava protiv dvije osobe zbog utaje poreza u iznosu od 140 hiljada eura - dmcsrb.com\",\"isPartOf\":{\"@id\":\"https:\\\/\\\/dmcsrb.com\\\/#website\"},\"primaryImageOfPage\":{\"@id\":\"https:\\\/\\\/dmcsrb.com\\\/hronika\\\/krivicna-prijava-protiv-dvije-osobe-utaja-poreza-u-iznosu-od-140-hiljada-eura\\\/#primaryimage\"},\"image\":{\"@id\":\"https:\\\/\\\/dmcsrb.com\\\/hronika\\\/krivicna-prijava-protiv-dvije-osobe-utaja-poreza-u-iznosu-od-140-hiljada-eura\\\/#primaryimage\"},\"thumbnailUrl\":\"https:\\\/\\\/dmcsrb.com\\\/wp-content\\\/uploads\\\/2025\\\/10\\\/policija1.jpg\",\"datePublished\":\"2026-01-13T11:29:56+00:00\",\"author\":{\"@id\":\"https:\\\/\\\/dmcsrb.com\\\/#\\\/schema\\\/person\\\/5c39170f12db1b8b457732d0b5c854e2\"},\"breadcrumb\":{\"@id\":\"https:\\\/\\\/dmcsrb.com\\\/hronika\\\/krivicna-prijava-protiv-dvije-osobe-utaja-poreza-u-iznosu-od-140-hiljada-eura\\\/#breadcrumb\"},\"inLanguage\":\"en-GB\",\"potentialAction\":[{\"@type\":\"ReadAction\",\"target\":[\"https:\\\/\\\/dmcsrb.com\\\/hronika\\\/krivicna-prijava-protiv-dvije-osobe-utaja-poreza-u-iznosu-od-140-hiljada-eura\\\/\"]}]},{\"@type\":\"ImageObject\",\"inLanguage\":\"en-GB\",\"@id\":\"https:\\\/\\\/dmcsrb.com\\\/hronika\\\/krivicna-prijava-protiv-dvije-osobe-utaja-poreza-u-iznosu-od-140-hiljada-eura\\\/#primaryimage\",\"url\":\"https:\\\/\\\/dmcsrb.com\\\/wp-content\\\/uploads\\\/2025\\\/10\\\/policija1.jpg\",\"contentUrl\":\"https:\\\/\\\/dmcsrb.com\\\/wp-content\\\/uploads\\\/2025\\\/10\\\/policija1.jpg\",\"width\":910,\"height\":495,\"caption\":\"Foto: RTCG\"},{\"@type\":\"BreadcrumbList\",\"@id\":\"https:\\\/\\\/dmcsrb.com\\\/hronika\\\/krivicna-prijava-protiv-dvije-osobe-utaja-poreza-u-iznosu-od-140-hiljada-eura\\\/#breadcrumb\",\"itemListElement\":[{\"@type\":\"ListItem\",\"position\":1,\"name\":\"Home\",\"item\":\"https:\\\/\\\/dmcsrb.com\\\/\"},{\"@type\":\"ListItem\",\"position\":2,\"name\":\"Krivi\u010dna prijava protiv dvije osobe zbog utaje poreza u iznosu od 140 hiljada eura\"}]},{\"@type\":\"WebSite\",\"@id\":\"https:\\\/\\\/dmcsrb.com\\\/#website\",\"url\":\"https:\\\/\\\/dmcsrb.com\\\/\",\"name\":\"dmcsrb.com\",\"description\":\"\",\"potentialAction\":[{\"@type\":\"SearchAction\",\"target\":{\"@type\":\"EntryPoint\",\"urlTemplate\":\"https:\\\/\\\/dmcsrb.com\\\/?s={search_term_string}\"},\"query-input\":{\"@type\":\"PropertyValueSpecification\",\"valueRequired\":true,\"valueName\":\"search_term_string\"}}],\"inLanguage\":\"en-GB\"},{\"@type\":\"Person\",\"@id\":\"https:\\\/\\\/dmcsrb.com\\\/#\\\/schema\\\/person\\\/5c39170f12db1b8b457732d0b5c854e2\",\"name\":\"dmcsrbija.com@gmail.com\",\"image\":{\"@type\":\"ImageObject\",\"inLanguage\":\"en-GB\",\"@id\":\"https:\\\/\\\/secure.gravatar.com\\\/avatar\\\/68592660ad6347fad0fb587f8d5d8f1a7b44961362f56e4f2cd524feb87e9069?s=96&d=mm&r=g\",\"url\":\"https:\\\/\\\/secure.gravatar.com\\\/avatar\\\/68592660ad6347fad0fb587f8d5d8f1a7b44961362f56e4f2cd524feb87e9069?s=96&d=mm&r=g\",\"contentUrl\":\"https:\\\/\\\/secure.gravatar.com\\\/avatar\\\/68592660ad6347fad0fb587f8d5d8f1a7b44961362f56e4f2cd524feb87e9069?s=96&d=mm&r=g\",\"caption\":\"dmcsrbija.com@gmail.com\"},\"sameAs\":[\"https:\\\/\\\/dmcsrb.com\"],\"url\":\"https:\\\/\\\/dmcsrb.com\\\/en\\\/author\\\/dmcsrbija-comgmail-com\\\/\"}]}<\/script>\n<!-- \/ Yoast SEO plugin. -->","yoast_head_json":{"title":"Krivi\u010dna prijava protiv dvije osobe zbog utaje poreza u iznosu od 140 hiljada eura - dmcsrb.com","robots":{"index":"index","follow":"follow","max-snippet":"max-snippet:-1","max-image-preview":"max-image-preview:large","max-video-preview":"max-video-preview:-1"},"canonical":"https:\/\/dmcsrb.com\/en\/hronika\/krivicna-prijava-protiv-dvije-osobe-utaja-poreza-u-iznosu-od-140-hiljada-eura\/","og_locale":"en_GB","og_type":"article","og_title":"Krivi\u010dna prijava protiv dvije osobe zbog utaje poreza u iznosu od 140 hiljada eura - dmcsrb.com","og_description":"Iz policije je saop\u0161teno da su podnijete krivi\u010dne prijave protiv pravnog lica \u201eT.S.S.\u201c d.o.o. Podgorica, osniva\u010da M.M. (35) i izvr\u0161nog direktora pravnog lica M.M. (65), zbog sumnje da su izvr\u0161ili krivi\u010dno djelo utaja poreza i doprinosa u produ\u017eenom trajanju.","og_url":"https:\/\/dmcsrb.com\/en\/hronika\/krivicna-prijava-protiv-dvije-osobe-utaja-poreza-u-iznosu-od-140-hiljada-eura\/","og_site_name":"dmcsrb.com","article_published_time":"2026-01-13T11:29:56+00:00","og_image":[{"width":910,"height":495,"url":"https:\/\/dmcsrb.com\/wp-content\/uploads\/2025\/10\/policija1.jpg","type":"image\/jpeg"}],"author":"dmcsrbija.com@gmail.com","twitter_card":"summary_large_image","twitter_misc":{"Written by":"dmcsrbija.com@gmail.com","Estimated reading time":"2 minutes"},"schema":{"@context":"https:\/\/schema.org","@graph":[{"@type":"Article","@id":"https:\/\/dmcsrb.com\/hronika\/krivicna-prijava-protiv-dvije-osobe-utaja-poreza-u-iznosu-od-140-hiljada-eura\/#article","isPartOf":{"@id":"https:\/\/dmcsrb.com\/hronika\/krivicna-prijava-protiv-dvije-osobe-utaja-poreza-u-iznosu-od-140-hiljada-eura\/"},"author":{"name":"dmcsrbija.com@gmail.com","@id":"https:\/\/dmcsrb.com\/#\/schema\/person\/5c39170f12db1b8b457732d0b5c854e2"},"headline":"Krivi\u010dna prijava protiv dvije osobe zbog utaje poreza u iznosu od 140 hiljada eura","datePublished":"2026-01-13T11:29:56+00:00","mainEntityOfPage":{"@id":"https:\/\/dmcsrb.com\/hronika\/krivicna-prijava-protiv-dvije-osobe-utaja-poreza-u-iznosu-od-140-hiljada-eura\/"},"wordCount":376,"commentCount":0,"image":{"@id":"https:\/\/dmcsrb.com\/hronika\/krivicna-prijava-protiv-dvije-osobe-utaja-poreza-u-iznosu-od-140-hiljada-eura\/#primaryimage"},"thumbnailUrl":"https:\/\/dmcsrb.com\/wp-content\/uploads\/2025\/10\/policija1.jpg","keywords":["Crna Gora","ODT","Podgorica","Uprava policije","utaja poreza"],"articleSection":["Hronika"],"inLanguage":"en-GB","potentialAction":[{"@type":"CommentAction","name":"Comment","target":["https:\/\/dmcsrb.com\/hronika\/krivicna-prijava-protiv-dvije-osobe-utaja-poreza-u-iznosu-od-140-hiljada-eura\/#respond"]}]},{"@type":"WebPage","@id":"https:\/\/dmcsrb.com\/hronika\/krivicna-prijava-protiv-dvije-osobe-utaja-poreza-u-iznosu-od-140-hiljada-eura\/","url":"https:\/\/dmcsrb.com\/hronika\/krivicna-prijava-protiv-dvije-osobe-utaja-poreza-u-iznosu-od-140-hiljada-eura\/","name":"Krivi\u010dna prijava protiv dvije osobe zbog utaje poreza u iznosu od 140 hiljada eura - dmcsrb.com","isPartOf":{"@id":"https:\/\/dmcsrb.com\/#website"},"primaryImageOfPage":{"@id":"https:\/\/dmcsrb.com\/hronika\/krivicna-prijava-protiv-dvije-osobe-utaja-poreza-u-iznosu-od-140-hiljada-eura\/#primaryimage"},"image":{"@id":"https:\/\/dmcsrb.com\/hronika\/krivicna-prijava-protiv-dvije-osobe-utaja-poreza-u-iznosu-od-140-hiljada-eura\/#primaryimage"},"thumbnailUrl":"https:\/\/dmcsrb.com\/wp-content\/uploads\/2025\/10\/policija1.jpg","datePublished":"2026-01-13T11:29:56+00:00","author":{"@id":"https:\/\/dmcsrb.com\/#\/schema\/person\/5c39170f12db1b8b457732d0b5c854e2"},"breadcrumb":{"@id":"https:\/\/dmcsrb.com\/hronika\/krivicna-prijava-protiv-dvije-osobe-utaja-poreza-u-iznosu-od-140-hiljada-eura\/#breadcrumb"},"inLanguage":"en-GB","potentialAction":[{"@type":"ReadAction","target":["https:\/\/dmcsrb.com\/hronika\/krivicna-prijava-protiv-dvije-osobe-utaja-poreza-u-iznosu-od-140-hiljada-eura\/"]}]},{"@type":"ImageObject","inLanguage":"en-GB","@id":"https:\/\/dmcsrb.com\/hronika\/krivicna-prijava-protiv-dvije-osobe-utaja-poreza-u-iznosu-od-140-hiljada-eura\/#primaryimage","url":"https:\/\/dmcsrb.com\/wp-content\/uploads\/2025\/10\/policija1.jpg","contentUrl":"https:\/\/dmcsrb.com\/wp-content\/uploads\/2025\/10\/policija1.jpg","width":910,"height":495,"caption":"Foto: RTCG"},{"@type":"BreadcrumbList","@id":"https:\/\/dmcsrb.com\/hronika\/krivicna-prijava-protiv-dvije-osobe-utaja-poreza-u-iznosu-od-140-hiljada-eura\/#breadcrumb","itemListElement":[{"@type":"ListItem","position":1,"name":"Home","item":"https:\/\/dmcsrb.com\/"},{"@type":"ListItem","position":2,"name":"Krivi\u010dna prijava protiv dvije osobe zbog utaje poreza u iznosu od 140 hiljada eura"}]},{"@type":"WebSite","@id":"https:\/\/dmcsrb.com\/#website","url":"https:\/\/dmcsrb.com\/","name":"dmcsrb.com","description":"","potentialAction":[{"@type":"SearchAction","target":{"@type":"EntryPoint","urlTemplate":"https:\/\/dmcsrb.com\/?s={search_term_string}"},"query-input":{"@type":"PropertyValueSpecification","valueRequired":true,"valueName":"search_term_string"}}],"inLanguage":"en-GB"},{"@type":"Person","@id":"https:\/\/dmcsrb.com\/#\/schema\/person\/5c39170f12db1b8b457732d0b5c854e2","name":"dmcsrbija.com@gmail.com","image":{"@type":"ImageObject","inLanguage":"en-GB","@id":"https:\/\/secure.gravatar.com\/avatar\/68592660ad6347fad0fb587f8d5d8f1a7b44961362f56e4f2cd524feb87e9069?s=96&d=mm&r=g","url":"https:\/\/secure.gravatar.com\/avatar\/68592660ad6347fad0fb587f8d5d8f1a7b44961362f56e4f2cd524feb87e9069?s=96&d=mm&r=g","contentUrl":"https:\/\/secure.gravatar.com\/avatar\/68592660ad6347fad0fb587f8d5d8f1a7b44961362f56e4f2cd524feb87e9069?s=96&d=mm&r=g","caption":"dmcsrbija.com@gmail.com"},"sameAs":["https:\/\/dmcsrb.com"],"url":"https:\/\/dmcsrb.com\/en\/author\/dmcsrbija-comgmail-com\/"}]}},"_links":{"self":[{"href":"https:\/\/dmcsrb.com\/en\/wp-json\/wp\/v2\/posts\/908149","targetHints":{"allow":["GET"]}}],"collection":[{"href":"https:\/\/dmcsrb.com\/en\/wp-json\/wp\/v2\/posts"}],"about":[{"href":"https:\/\/dmcsrb.com\/en\/wp-json\/wp\/v2\/types\/post"}],"author":[{"embeddable":true,"href":"https:\/\/dmcsrb.com\/en\/wp-json\/wp\/v2\/users\/1"}],"replies":[{"embeddable":true,"href":"https:\/\/dmcsrb.com\/en\/wp-json\/wp\/v2\/comments?post=908149"}],"version-history":[{"count":0,"href":"https:\/\/dmcsrb.com\/en\/wp-json\/wp\/v2\/posts\/908149\/revisions"}],"wp:featuredmedia":[{"embeddable":true,"href":"https:\/\/dmcsrb.com\/en\/wp-json\/wp\/v2\/media\/846253"}],"wp:attachment":[{"href":"https:\/\/dmcsrb.com\/en\/wp-json\/wp\/v2\/media?parent=908149"}],"wp:term":[{"taxonomy":"category","embeddable":true,"href":"https:\/\/dmcsrb.com\/en\/wp-json\/wp\/v2\/categories?post=908149"},{"taxonomy":"post_tag","embeddable":true,"href":"https:\/\/dmcsrb.com\/en\/wp-json\/wp\/v2\/tags?post=908149"},{"taxonomy":"naslovna","embeddable":true,"href":"https:\/\/dmcsrb.com\/en\/wp-json\/wp\/v2\/naslovna?post=908149"}],"curies":[{"name":"wp","href":"https:\/\/api.w.org\/{rel}","templated":true}]}}