{"id":907847,"date":"2026-01-12T17:31:00","date_gmt":"2026-01-12T16:31:00","guid":{"rendered":"https:\/\/gradski.me\/?p=907847"},"modified":"2026-01-12T17:31:00","modified_gmt":"2026-01-12T16:31:00","slug":"prvo-povecanje-penzija-vec-u-februaru-a-trend-rasta-treba-da-se-nastavi","status":"publish","type":"post","link":"https:\/\/dmcsrb.com\/en\/ekonomija\/prvo-povecanje-penzija-vec-u-februaru-a-trend-rasta-treba-da-se-nastavi\/","title":{"rendered":"Prvo pove\u0107anje penzija ve\u0107 u februaru, a trend rasta treba da se nastavi"},"content":{"rendered":"<p><\/p>\n\n\n\n<p>U skladu sa zakonom, penzije se uskla\u0111uju tri puta godi\u0161nje \u2013 sa januarskom, majskom i septembarskom penzijom, a nova pravila uskla\u0111ivanja odnose se i na one \u010dije su najni\u017ee penzije bile zamrznute posljednje dvije godine, zbog propisanih privremenih odredbi. Precizna visina pove\u0107anja bi\u0107e poznata tek nakon \u0161to Monstat objavi podatke o rastu plata i inflaciji krajem januara ili po\u010detkom februara, isti\u010du iz Fonda PIO.<\/p>\n\n\n\n<p>Ovo pove\u0107anje predstavlja prvo sistemsko vra\u0107anje prava neka\u017enjenog zamrzavanjem penzija koje su mnogim penzionerima donosile ograni\u010denu za\u0161titu od rasta cijena u periodu inflacije. Stru\u010dnjaci ocjenjuju da bi, uz o\u010dekivane podatke Monstata o rastu bruto zarada i inflaciji tokom posljednjih mjeseci, uskla\u0111ivanje moglo rezultirati merljivim rastom primanja, zna\u010dajnijim nego u proteklim godinama.<\/p>\n\n\n\n<p>Podsje\u0107anja radi, ranija uskla\u0111ivanja koja su sprovedena pokazivala su da je redovno i vanredno uskla\u0111ivanje u maju dovelo do rasta penzija u visini ve\u0107oj od same inflacije, do ukupnog pove\u0107anja od oko 8,5 odsto, \u010dime je minimalna penzija tada pove\u0107ana na vi\u0161e nivoa u odnosu na prethodni iznos.<\/p>\n\n\n\n<p><\/p>\n\n\n\n<p>Minimalne penzije ponovno indexirane nakon dvije godine<\/p>\n\n\n\n<p>Prema podacima Fonda PIO, gotovo polovina penzionera u Crnoj Gori prima minimalnu penziju u iznosu od 450 eura, koja je bila zakonski zamrznuta tokom 2024. i 2025. godine. Taj iznos predstavlja garantovanu osnovicu za penzije, ali je u praksi za ve\u0107inu korisnika on zaustavio redovni rast primanja usljed uskla\u0111ivanja sa ekonomskim pokazateljima.<\/p>\n\n\n\n<p>Iz Fonda PIO su potvrdili da \u0107e od 1. januara 2026. minimalne penzije ponovo biti uklju\u010dene u redovni mehanizam indeksacije, \u0161to zna\u010di da \u0107e i oni koji do sada nisu dobijali pove\u0107anja automatski imati pravo na uskla\u0111ivanja sa rastom plata i tro\u0161kova \u017eivota. Ova promjena je uslijedila nakon izmjena Zakona o penzijskom i invalidskom osiguranju, prema kojima se period zamrzavanja odnosi samo na ograni\u010den vremenski rok, a ne na trajnu normu.<\/p>\n\n\n\n<p>U najavi je da \u0107e penzije u 2026. biti indeksirane najmanje tri puta, u januaru, maju i septembru, a da se svako od tih uskla\u0111ivanja vr\u0161i po formuli koja uzima u obzir rast prosje\u010dnih bruto zarada i inflaciju u prethodnom periodu. Ovakav na\u010din uskla\u0111ivanja je i ranije bio standard, ali se tokom pandemije i ekonomske nestabilnosti znatno izmijenio.<\/p>\n\n\n\n<p>Finansijska odr\u017eivost i izazovi<\/p>\n\n\n\n<p>Istovremeno, PIO Fond se suo\u010dava sa rastu\u0107im finansijskim deficitom, jer prihod od doprinosa zna\u010dajno je smanjen u odnosu na prethodne godine, dok je sve ve\u0107i broj korisnika penzijskog sistema pove\u0107ao pritisak na bud\u017eet. Posmatrano kroz predlo\u017eeni bud\u017eet za 2026. godinu, o\u010dekuje se da Fond PIO ostane zavistan od doprinosa iz dr\u017eavnog bud\u017eeta kako bi se osigurala stabilna isplata penzija.<\/p>\n\n\n\n<p>Iako se u javnom prostoru \u010desto pojavljuju razli\u010dite interpretacije fiskalne strategije i mogu\u0107nosti pove\u0107anja penzija, zvani\u010dne najave iz Vlade i nadle\u017enih institucija ukazuju da penzije ne\u0107e biti smanjivane, ve\u0107 da je u planu njihovo kontinuirano uskla\u0111ivanje i rast iznad iznosa od 450 eura, uz ciljeve da se u narednom periodu pobolj\u0161a standard najugro\u017eenijih penzionera.<\/p>\n\n\n\n<p>Kako to uti\u010de na penzionere<\/p>\n\n\n\n<p>Za veliki broj penzionera, posebno starijih ljudi sa fiksnim primanjima, ove promjene zna\u010de da bi realna vrijednost penzija mogla da poraste i da se bar djelimi\u010dno nadoknadi rast cijena osnovnih \u017eivotnih namirnica i usluga. Analiti\u010dari ukazuju da bi realno pove\u0107anje penzija \u2013 ako Monstat potvrdi stabilan rast zarada u uslovima ni\u017ee inflacije \u2013 moglo donijeti zna\u010dajnije olak\u0161ice za potro\u0161a\u010dku korpu starijih gra\u0111ana.<\/p>\n\n\n\n<p>U takvim okolnostima, najave iz Fonda PIO i ekonomske projekcije pokazuju da bi penzioneri ve\u0107 od februara mogli osjetiti konkretnije pobolj\u0161anje na isplatnim listi\u0107ima, a da \u0107e ukupni trend rasta biti uskla\u0111en sa ekonomskim kretanjima u zemlji i regionu u 2026. godini.<\/p>","protected":false},"excerpt":{"rendered":"<p>Crnogorski penzioneri mogu da o\u010dekuju prvu ovogodi\u0161nju pove\u0107anu penziju sa isplatom 20. februara, saop\u0161tili su \u201cDanu\u201d iz Fonda penzijskog i invalidskog osiguranja (PIO).<\/p>","protected":false},"author":1,"featured_media":682011,"comment_status":"open","ping_status":"open","sticky":false,"template":"","format":"standard","meta":{"_acf_changed":false,"footnotes":""},"categories":[27],"tags":[3751,1882],"naslovna":[],"class_list":["post-907847","post","type-post","status-publish","format-standard","has-post-thumbnail","hentry","category-ekonomija","tag-penzije","tag-povecanje"],"acf":[],"yoast_head":"<!-- This site is optimized with the Yoast SEO plugin v27.4 - https:\/\/yoast.com\/product\/yoast-seo-wordpress\/ -->\n<title>Prvo pove\u0107anje penzija ve\u0107 u februaru, a trend rasta treba da se nastavi - dmcsrb.com<\/title>\n<meta name=\"robots\" content=\"index, follow, max-snippet:-1, max-image-preview:large, max-video-preview:-1\" \/>\n<link rel=\"canonical\" href=\"https:\/\/dmcsrb.com\/en\/ekonomija\/prvo-povecanje-penzija-vec-u-februaru-a-trend-rasta-treba-da-se-nastavi\/\" \/>\n<meta property=\"og:locale\" content=\"en_GB\" \/>\n<meta property=\"og:type\" content=\"article\" \/>\n<meta property=\"og:title\" content=\"Prvo pove\u0107anje penzija ve\u0107 u februaru, a trend rasta treba da se nastavi - dmcsrb.com\" \/>\n<meta property=\"og:description\" content=\"Crnogorski penzioneri mogu da o\u010dekuju prvu ovogodi\u0161nju pove\u0107anu penziju sa isplatom 20. februara, saop\u0161tili su \u201cDanu\u201d iz Fonda penzijskog i invalidskog osiguranja (PIO).\" \/>\n<meta property=\"og:url\" content=\"https:\/\/dmcsrb.com\/en\/ekonomija\/prvo-povecanje-penzija-vec-u-februaru-a-trend-rasta-treba-da-se-nastavi\/\" \/>\n<meta property=\"og:site_name\" content=\"dmcsrb.com\" \/>\n<meta property=\"article:published_time\" content=\"2026-01-12T16:31:00+00:00\" \/>\n<meta property=\"og:image\" content=\"https:\/\/dmcsrb.com\/wp-content\/uploads\/2025\/01\/old-people-5074911_1280-e1736921467383.webp\" \/>\n\t<meta property=\"og:image:width\" content=\"850\" \/>\n\t<meta property=\"og:image:height\" content=\"678\" \/>\n\t<meta property=\"og:image:type\" content=\"image\/jpeg\" \/>\n<meta name=\"author\" content=\"dmcsrbija.com@gmail.com\" \/>\n<meta name=\"twitter:card\" content=\"summary_large_image\" \/>\n<meta name=\"twitter:label1\" content=\"Written by\" \/>\n\t<meta name=\"twitter:data1\" content=\"dmcsrbija.com@gmail.com\" \/>\n\t<meta name=\"twitter:label2\" content=\"Estimated reading time\" \/>\n\t<meta name=\"twitter:data2\" content=\"3 minutes\" \/>\n<script type=\"application\/ld+json\" class=\"yoast-schema-graph\">{\"@context\":\"https:\\\/\\\/schema.org\",\"@graph\":[{\"@type\":\"Article\",\"@id\":\"https:\\\/\\\/dmcsrb.com\\\/ekonomija\\\/prvo-povecanje-penzija-vec-u-februaru-a-trend-rasta-treba-da-se-nastavi\\\/#article\",\"isPartOf\":{\"@id\":\"https:\\\/\\\/dmcsrb.com\\\/ekonomija\\\/prvo-povecanje-penzija-vec-u-februaru-a-trend-rasta-treba-da-se-nastavi\\\/\"},\"author\":{\"name\":\"dmcsrbija.com@gmail.com\",\"@id\":\"https:\\\/\\\/dmcsrb.com\\\/#\\\/schema\\\/person\\\/5c39170f12db1b8b457732d0b5c854e2\"},\"headline\":\"Prvo pove\u0107anje penzija ve\u0107 u februaru, a trend rasta treba da se nastavi\",\"datePublished\":\"2026-01-12T16:31:00+00:00\",\"mainEntityOfPage\":{\"@id\":\"https:\\\/\\\/dmcsrb.com\\\/ekonomija\\\/prvo-povecanje-penzija-vec-u-februaru-a-trend-rasta-treba-da-se-nastavi\\\/\"},\"wordCount\":650,\"commentCount\":0,\"image\":{\"@id\":\"https:\\\/\\\/dmcsrb.com\\\/ekonomija\\\/prvo-povecanje-penzija-vec-u-februaru-a-trend-rasta-treba-da-se-nastavi\\\/#primaryimage\"},\"thumbnailUrl\":\"https:\\\/\\\/dmcsrb.com\\\/wp-content\\\/uploads\\\/2025\\\/01\\\/old-people-5074911_1280-e1736921467383.webp\",\"keywords\":[\"penzije\",\"pove\u0107anje\"],\"articleSection\":[\"Ekonomija\"],\"inLanguage\":\"en-GB\",\"potentialAction\":[{\"@type\":\"CommentAction\",\"name\":\"Comment\",\"target\":[\"https:\\\/\\\/dmcsrb.com\\\/ekonomija\\\/prvo-povecanje-penzija-vec-u-februaru-a-trend-rasta-treba-da-se-nastavi\\\/#respond\"]}]},{\"@type\":\"WebPage\",\"@id\":\"https:\\\/\\\/dmcsrb.com\\\/ekonomija\\\/prvo-povecanje-penzija-vec-u-februaru-a-trend-rasta-treba-da-se-nastavi\\\/\",\"url\":\"https:\\\/\\\/dmcsrb.com\\\/ekonomija\\\/prvo-povecanje-penzija-vec-u-februaru-a-trend-rasta-treba-da-se-nastavi\\\/\",\"name\":\"Prvo pove\u0107anje penzija ve\u0107 u februaru, a trend rasta treba da se nastavi - dmcsrb.com\",\"isPartOf\":{\"@id\":\"https:\\\/\\\/dmcsrb.com\\\/#website\"},\"primaryImageOfPage\":{\"@id\":\"https:\\\/\\\/dmcsrb.com\\\/ekonomija\\\/prvo-povecanje-penzija-vec-u-februaru-a-trend-rasta-treba-da-se-nastavi\\\/#primaryimage\"},\"image\":{\"@id\":\"https:\\\/\\\/dmcsrb.com\\\/ekonomija\\\/prvo-povecanje-penzija-vec-u-februaru-a-trend-rasta-treba-da-se-nastavi\\\/#primaryimage\"},\"thumbnailUrl\":\"https:\\\/\\\/dmcsrb.com\\\/wp-content\\\/uploads\\\/2025\\\/01\\\/old-people-5074911_1280-e1736921467383.webp\",\"datePublished\":\"2026-01-12T16:31:00+00:00\",\"author\":{\"@id\":\"https:\\\/\\\/dmcsrb.com\\\/#\\\/schema\\\/person\\\/5c39170f12db1b8b457732d0b5c854e2\"},\"breadcrumb\":{\"@id\":\"https:\\\/\\\/dmcsrb.com\\\/ekonomija\\\/prvo-povecanje-penzija-vec-u-februaru-a-trend-rasta-treba-da-se-nastavi\\\/#breadcrumb\"},\"inLanguage\":\"en-GB\",\"potentialAction\":[{\"@type\":\"ReadAction\",\"target\":[\"https:\\\/\\\/dmcsrb.com\\\/ekonomija\\\/prvo-povecanje-penzija-vec-u-februaru-a-trend-rasta-treba-da-se-nastavi\\\/\"]}]},{\"@type\":\"ImageObject\",\"inLanguage\":\"en-GB\",\"@id\":\"https:\\\/\\\/dmcsrb.com\\\/ekonomija\\\/prvo-povecanje-penzija-vec-u-februaru-a-trend-rasta-treba-da-se-nastavi\\\/#primaryimage\",\"url\":\"https:\\\/\\\/dmcsrb.com\\\/wp-content\\\/uploads\\\/2025\\\/01\\\/old-people-5074911_1280-e1736921467383.webp\",\"contentUrl\":\"https:\\\/\\\/dmcsrb.com\\\/wp-content\\\/uploads\\\/2025\\\/01\\\/old-people-5074911_1280-e1736921467383.webp\",\"width\":850,\"height\":678,\"caption\":\"Foto: Pixabay, Ilustracija\"},{\"@type\":\"BreadcrumbList\",\"@id\":\"https:\\\/\\\/dmcsrb.com\\\/ekonomija\\\/prvo-povecanje-penzija-vec-u-februaru-a-trend-rasta-treba-da-se-nastavi\\\/#breadcrumb\",\"itemListElement\":[{\"@type\":\"ListItem\",\"position\":1,\"name\":\"Home\",\"item\":\"https:\\\/\\\/dmcsrb.com\\\/\"},{\"@type\":\"ListItem\",\"position\":2,\"name\":\"Prvo pove\u0107anje penzija ve\u0107 u februaru, a trend rasta treba da se nastavi\"}]},{\"@type\":\"WebSite\",\"@id\":\"https:\\\/\\\/dmcsrb.com\\\/#website\",\"url\":\"https:\\\/\\\/dmcsrb.com\\\/\",\"name\":\"dmcsrb.com\",\"description\":\"\",\"potentialAction\":[{\"@type\":\"SearchAction\",\"target\":{\"@type\":\"EntryPoint\",\"urlTemplate\":\"https:\\\/\\\/dmcsrb.com\\\/?s={search_term_string}\"},\"query-input\":{\"@type\":\"PropertyValueSpecification\",\"valueRequired\":true,\"valueName\":\"search_term_string\"}}],\"inLanguage\":\"en-GB\"},{\"@type\":\"Person\",\"@id\":\"https:\\\/\\\/dmcsrb.com\\\/#\\\/schema\\\/person\\\/5c39170f12db1b8b457732d0b5c854e2\",\"name\":\"dmcsrbija.com@gmail.com\",\"image\":{\"@type\":\"ImageObject\",\"inLanguage\":\"en-GB\",\"@id\":\"https:\\\/\\\/secure.gravatar.com\\\/avatar\\\/68592660ad6347fad0fb587f8d5d8f1a7b44961362f56e4f2cd524feb87e9069?s=96&d=mm&r=g\",\"url\":\"https:\\\/\\\/secure.gravatar.com\\\/avatar\\\/68592660ad6347fad0fb587f8d5d8f1a7b44961362f56e4f2cd524feb87e9069?s=96&d=mm&r=g\",\"contentUrl\":\"https:\\\/\\\/secure.gravatar.com\\\/avatar\\\/68592660ad6347fad0fb587f8d5d8f1a7b44961362f56e4f2cd524feb87e9069?s=96&d=mm&r=g\",\"caption\":\"dmcsrbija.com@gmail.com\"},\"sameAs\":[\"https:\\\/\\\/dmcsrb.com\"],\"url\":\"https:\\\/\\\/dmcsrb.com\\\/en\\\/author\\\/dmcsrbija-comgmail-com\\\/\"}]}<\/script>\n<!-- \/ Yoast SEO plugin. -->","yoast_head_json":{"title":"Prvo pove\u0107anje penzija ve\u0107 u februaru, a trend rasta treba da se nastavi - dmcsrb.com","robots":{"index":"index","follow":"follow","max-snippet":"max-snippet:-1","max-image-preview":"max-image-preview:large","max-video-preview":"max-video-preview:-1"},"canonical":"https:\/\/dmcsrb.com\/en\/ekonomija\/prvo-povecanje-penzija-vec-u-februaru-a-trend-rasta-treba-da-se-nastavi\/","og_locale":"en_GB","og_type":"article","og_title":"Prvo pove\u0107anje penzija ve\u0107 u februaru, a trend rasta treba da se nastavi - dmcsrb.com","og_description":"Crnogorski penzioneri mogu da o\u010dekuju prvu ovogodi\u0161nju pove\u0107anu penziju sa isplatom 20. februara, saop\u0161tili su \u201cDanu\u201d iz Fonda penzijskog i invalidskog osiguranja (PIO).","og_url":"https:\/\/dmcsrb.com\/en\/ekonomija\/prvo-povecanje-penzija-vec-u-februaru-a-trend-rasta-treba-da-se-nastavi\/","og_site_name":"dmcsrb.com","article_published_time":"2026-01-12T16:31:00+00:00","og_image":[{"width":850,"height":678,"url":"https:\/\/dmcsrb.com\/wp-content\/uploads\/2025\/01\/old-people-5074911_1280-e1736921467383.webp","type":"image\/jpeg"}],"author":"dmcsrbija.com@gmail.com","twitter_card":"summary_large_image","twitter_misc":{"Written by":"dmcsrbija.com@gmail.com","Estimated reading time":"3 minutes"},"schema":{"@context":"https:\/\/schema.org","@graph":[{"@type":"Article","@id":"https:\/\/dmcsrb.com\/ekonomija\/prvo-povecanje-penzija-vec-u-februaru-a-trend-rasta-treba-da-se-nastavi\/#article","isPartOf":{"@id":"https:\/\/dmcsrb.com\/ekonomija\/prvo-povecanje-penzija-vec-u-februaru-a-trend-rasta-treba-da-se-nastavi\/"},"author":{"name":"dmcsrbija.com@gmail.com","@id":"https:\/\/dmcsrb.com\/#\/schema\/person\/5c39170f12db1b8b457732d0b5c854e2"},"headline":"Prvo pove\u0107anje penzija ve\u0107 u februaru, a trend rasta treba da se nastavi","datePublished":"2026-01-12T16:31:00+00:00","mainEntityOfPage":{"@id":"https:\/\/dmcsrb.com\/ekonomija\/prvo-povecanje-penzija-vec-u-februaru-a-trend-rasta-treba-da-se-nastavi\/"},"wordCount":650,"commentCount":0,"image":{"@id":"https:\/\/dmcsrb.com\/ekonomija\/prvo-povecanje-penzija-vec-u-februaru-a-trend-rasta-treba-da-se-nastavi\/#primaryimage"},"thumbnailUrl":"https:\/\/dmcsrb.com\/wp-content\/uploads\/2025\/01\/old-people-5074911_1280-e1736921467383.webp","keywords":["penzije","pove\u0107anje"],"articleSection":["Ekonomija"],"inLanguage":"en-GB","potentialAction":[{"@type":"CommentAction","name":"Comment","target":["https:\/\/dmcsrb.com\/ekonomija\/prvo-povecanje-penzija-vec-u-februaru-a-trend-rasta-treba-da-se-nastavi\/#respond"]}]},{"@type":"WebPage","@id":"https:\/\/dmcsrb.com\/ekonomija\/prvo-povecanje-penzija-vec-u-februaru-a-trend-rasta-treba-da-se-nastavi\/","url":"https:\/\/dmcsrb.com\/ekonomija\/prvo-povecanje-penzija-vec-u-februaru-a-trend-rasta-treba-da-se-nastavi\/","name":"Prvo pove\u0107anje penzija ve\u0107 u februaru, a trend rasta treba da se nastavi - dmcsrb.com","isPartOf":{"@id":"https:\/\/dmcsrb.com\/#website"},"primaryImageOfPage":{"@id":"https:\/\/dmcsrb.com\/ekonomija\/prvo-povecanje-penzija-vec-u-februaru-a-trend-rasta-treba-da-se-nastavi\/#primaryimage"},"image":{"@id":"https:\/\/dmcsrb.com\/ekonomija\/prvo-povecanje-penzija-vec-u-februaru-a-trend-rasta-treba-da-se-nastavi\/#primaryimage"},"thumbnailUrl":"https:\/\/dmcsrb.com\/wp-content\/uploads\/2025\/01\/old-people-5074911_1280-e1736921467383.webp","datePublished":"2026-01-12T16:31:00+00:00","author":{"@id":"https:\/\/dmcsrb.com\/#\/schema\/person\/5c39170f12db1b8b457732d0b5c854e2"},"breadcrumb":{"@id":"https:\/\/dmcsrb.com\/ekonomija\/prvo-povecanje-penzija-vec-u-februaru-a-trend-rasta-treba-da-se-nastavi\/#breadcrumb"},"inLanguage":"en-GB","potentialAction":[{"@type":"ReadAction","target":["https:\/\/dmcsrb.com\/ekonomija\/prvo-povecanje-penzija-vec-u-februaru-a-trend-rasta-treba-da-se-nastavi\/"]}]},{"@type":"ImageObject","inLanguage":"en-GB","@id":"https:\/\/dmcsrb.com\/ekonomija\/prvo-povecanje-penzija-vec-u-februaru-a-trend-rasta-treba-da-se-nastavi\/#primaryimage","url":"https:\/\/dmcsrb.com\/wp-content\/uploads\/2025\/01\/old-people-5074911_1280-e1736921467383.webp","contentUrl":"https:\/\/dmcsrb.com\/wp-content\/uploads\/2025\/01\/old-people-5074911_1280-e1736921467383.webp","width":850,"height":678,"caption":"Foto: Pixabay, Ilustracija"},{"@type":"BreadcrumbList","@id":"https:\/\/dmcsrb.com\/ekonomija\/prvo-povecanje-penzija-vec-u-februaru-a-trend-rasta-treba-da-se-nastavi\/#breadcrumb","itemListElement":[{"@type":"ListItem","position":1,"name":"Home","item":"https:\/\/dmcsrb.com\/"},{"@type":"ListItem","position":2,"name":"Prvo pove\u0107anje penzija ve\u0107 u februaru, a trend rasta treba da se nastavi"}]},{"@type":"WebSite","@id":"https:\/\/dmcsrb.com\/#website","url":"https:\/\/dmcsrb.com\/","name":"dmcsrb.com","description":"","potentialAction":[{"@type":"SearchAction","target":{"@type":"EntryPoint","urlTemplate":"https:\/\/dmcsrb.com\/?s={search_term_string}"},"query-input":{"@type":"PropertyValueSpecification","valueRequired":true,"valueName":"search_term_string"}}],"inLanguage":"en-GB"},{"@type":"Person","@id":"https:\/\/dmcsrb.com\/#\/schema\/person\/5c39170f12db1b8b457732d0b5c854e2","name":"dmcsrbija.com@gmail.com","image":{"@type":"ImageObject","inLanguage":"en-GB","@id":"https:\/\/secure.gravatar.com\/avatar\/68592660ad6347fad0fb587f8d5d8f1a7b44961362f56e4f2cd524feb87e9069?s=96&d=mm&r=g","url":"https:\/\/secure.gravatar.com\/avatar\/68592660ad6347fad0fb587f8d5d8f1a7b44961362f56e4f2cd524feb87e9069?s=96&d=mm&r=g","contentUrl":"https:\/\/secure.gravatar.com\/avatar\/68592660ad6347fad0fb587f8d5d8f1a7b44961362f56e4f2cd524feb87e9069?s=96&d=mm&r=g","caption":"dmcsrbija.com@gmail.com"},"sameAs":["https:\/\/dmcsrb.com"],"url":"https:\/\/dmcsrb.com\/en\/author\/dmcsrbija-comgmail-com\/"}]}},"_links":{"self":[{"href":"https:\/\/dmcsrb.com\/en\/wp-json\/wp\/v2\/posts\/907847","targetHints":{"allow":["GET"]}}],"collection":[{"href":"https:\/\/dmcsrb.com\/en\/wp-json\/wp\/v2\/posts"}],"about":[{"href":"https:\/\/dmcsrb.com\/en\/wp-json\/wp\/v2\/types\/post"}],"author":[{"embeddable":true,"href":"https:\/\/dmcsrb.com\/en\/wp-json\/wp\/v2\/users\/1"}],"replies":[{"embeddable":true,"href":"https:\/\/dmcsrb.com\/en\/wp-json\/wp\/v2\/comments?post=907847"}],"version-history":[{"count":0,"href":"https:\/\/dmcsrb.com\/en\/wp-json\/wp\/v2\/posts\/907847\/revisions"}],"wp:featuredmedia":[{"embeddable":true,"href":"https:\/\/dmcsrb.com\/en\/wp-json\/wp\/v2\/media\/682011"}],"wp:attachment":[{"href":"https:\/\/dmcsrb.com\/en\/wp-json\/wp\/v2\/media?parent=907847"}],"wp:term":[{"taxonomy":"category","embeddable":true,"href":"https:\/\/dmcsrb.com\/en\/wp-json\/wp\/v2\/categories?post=907847"},{"taxonomy":"post_tag","embeddable":true,"href":"https:\/\/dmcsrb.com\/en\/wp-json\/wp\/v2\/tags?post=907847"},{"taxonomy":"naslovna","embeddable":true,"href":"https:\/\/dmcsrb.com\/en\/wp-json\/wp\/v2\/naslovna?post=907847"}],"curies":[{"name":"wp","href":"https:\/\/api.w.org\/{rel}","templated":true}]}}