{"id":907835,"date":"2026-01-12T18:28:00","date_gmt":"2026-01-12T17:28:00","guid":{"rendered":"https:\/\/gradski.me\/?p=907835"},"modified":"2026-01-12T18:28:00","modified_gmt":"2026-01-12T17:28:00","slug":"gradjani-bugarske-po-osmi-put-izlaze-na-izbore-niko-nema-podrsku-da-formira-vlast","status":"publish","type":"post","link":"https:\/\/dmcsrb.com\/en\/svijet\/gradjani-bugarske-po-osmi-put-izlaze-na-izbore-niko-nema-podrsku-da-formira-vlast\/","title":{"rendered":"Gra\u0111ani Bugarske po osmi put izlaze na izbore: Niko nema podr\u0161ku da formira vlast"},"content":{"rendered":"<p><\/p>\n\n\n\n<p><\/p>\n\n\n\n<p><\/p>\n\n\n\n<p><\/p>\n\n\n\n<p><\/p>\n\n\n\n<p>U skladu s ustavom, bugarski predsjednik&nbsp;<strong>Rumen Radev<\/strong>&nbsp;u ponedjeljak je formalno zatra\u017eio od \u017deljazkova da poku\u0161a formirati novu koaliciju, izvijestila je lokalna novinska agencija BTA.<\/p>\n\n\n\n<p>Me\u0111utim, \u017deljazkov je odmah vratio mandat, navodi se, jer nema dovoljnu podr\u0161ku u parlamentu za formiranje stabilne ve\u0107ine.<\/p>\n\n\n\n<p>O\u010dekuje se da \u0107e Radev sada ponuditi mandat drugoj po snazi grupaciji, reformisti\u010dkom savezu PP-DB, ali je vjerovatno da \u0107e i oni odbiti ponudu.<\/p>\n\n\n\n<p>Nakon toga, Radev \u0107e povjeriti mandat stranci po vlastitom izboru, a ukoliko nijedna grupacija ne uspije osigurati parlamentarnu ve\u0107inu, raspustit \u0107e parlament i raspisati vanredne izbore, osme u Bugarskoj u posljednje \u010detiri godine.<\/p>\n\n\n\n<p>Uprkos ovakvoj politi\u010dkoj neizvjesnosti, Bugarska je 1. januara, prema planu, u\u0161la u eurozonu.&nbsp;Me\u0111utim, zemlji je potrebna politi\u010dka stabilnost kako bi ubrzala povla\u010denje sredstava iz fondova EU za dotrajalu infrastrukturu, potaknula strane investicije i suzbila endemsku dr\u017eavnu korupciju.<\/p>\n\n\n\n<p>Koalicija GERB-SDS pobijedila je na posljednjim izborima u oktobru 2024. godine, ali je vlast preuzela tek u januaru 2025. nakon vi\u0161emjese\u010dnih pregovora, uz podr\u0161ku drugih stranaka u podijeljenom parlamentu.<\/p>\n\n\n\n<p><\/p>","protected":false},"excerpt":{"rendered":"<p>Najve\u0107a parlamentarna grupacija u Bugarskoj, desnocentristi\u010dki savez GERB-SDS, odbila je u ponedjeljak zahtjev predsjednika da poku\u0161a formirati novu vladu, \u010dime je pove\u0107ana vjerovatno\u0107a vanrednih izbora. Koaliciona vlada premijera\u00a0Rosena \u017deljazkova, koju je podr\u017eavao GERB-SDS, podnijela je ostavku pro\u0161log mjeseca nakon vi\u0161esedmi\u010dnih uli\u010dnih protesta protiv dr\u017eavne korupcije i novog bud\u017eeta kojim bi se pove\u0107ali pojedini porezi.<\/p>","protected":false},"author":1,"featured_media":573403,"comment_status":"open","ping_status":"open","sticky":false,"template":"","format":"standard","meta":{"_acf_changed":false,"footnotes":""},"categories":[144],"tags":[1963,15874,15875],"naslovna":[],"class_list":["post-907835","post","type-post","status-publish","format-standard","has-post-thumbnail","hentry","category-svijet","tag-bugarska","tag-iybori","tag-osmi-put"],"acf":[],"yoast_head":"<!-- This site is optimized with the Yoast SEO plugin v27.4 - https:\/\/yoast.com\/product\/yoast-seo-wordpress\/ -->\n<title>Gra\u0111ani Bugarske po osmi put izlaze na izbore: Niko nema podr\u0161ku da formira vlast - dmcsrb.com<\/title>\n<meta name=\"robots\" content=\"index, follow, max-snippet:-1, max-image-preview:large, max-video-preview:-1\" \/>\n<link rel=\"canonical\" href=\"https:\/\/dmcsrb.com\/en\/svijet\/gradjani-bugarske-po-osmi-put-izlaze-na-izbore-niko-nema-podrsku-da-formira-vlast\/\" \/>\n<meta property=\"og:locale\" content=\"en_GB\" \/>\n<meta property=\"og:type\" content=\"article\" \/>\n<meta property=\"og:title\" content=\"Gra\u0111ani Bugarske po osmi put izlaze na izbore: Niko nema podr\u0161ku da formira vlast - dmcsrb.com\" \/>\n<meta property=\"og:description\" content=\"Najve\u0107a parlamentarna grupacija u Bugarskoj, desnocentristi\u010dki savez GERB-SDS, odbila je u ponedjeljak zahtjev predsjednika da poku\u0161a formirati novu vladu, \u010dime je pove\u0107ana vjerovatno\u0107a vanrednih izbora. Koaliciona vlada premijera\u00a0Rosena \u017deljazkova, koju je podr\u017eavao GERB-SDS, podnijela je ostavku pro\u0161log mjeseca nakon vi\u0161esedmi\u010dnih uli\u010dnih protesta protiv dr\u017eavne korupcije i novog bud\u017eeta kojim bi se pove\u0107ali pojedini porezi.\" \/>\n<meta property=\"og:url\" content=\"https:\/\/dmcsrb.com\/en\/svijet\/gradjani-bugarske-po-osmi-put-izlaze-na-izbore-niko-nema-podrsku-da-formira-vlast\/\" \/>\n<meta property=\"og:site_name\" content=\"dmcsrb.com\" \/>\n<meta property=\"article:published_time\" content=\"2026-01-12T17:28:00+00:00\" \/>\n<meta property=\"og:image\" content=\"https:\/\/dmcsrb.com\/wp-content\/uploads\/2024\/07\/Bugarska-zastava-foto-pixabay.webp\" \/>\n\t<meta property=\"og:image:width\" content=\"640\" \/>\n\t<meta property=\"og:image:height\" content=\"426\" \/>\n\t<meta property=\"og:image:type\" content=\"image\/jpeg\" \/>\n<meta name=\"author\" content=\"dmcsrbija.com@gmail.com\" \/>\n<meta name=\"twitter:card\" content=\"summary_large_image\" \/>\n<meta name=\"twitter:label1\" content=\"Written by\" \/>\n\t<meta name=\"twitter:data1\" content=\"dmcsrbija.com@gmail.com\" \/>\n\t<meta name=\"twitter:label2\" content=\"Estimated reading time\" \/>\n\t<meta name=\"twitter:data2\" content=\"1 minute\" \/>\n<script type=\"application\/ld+json\" class=\"yoast-schema-graph\">{\"@context\":\"https:\\\/\\\/schema.org\",\"@graph\":[{\"@type\":\"Article\",\"@id\":\"https:\\\/\\\/dmcsrb.com\\\/svijet\\\/gradjani-bugarske-po-osmi-put-izlaze-na-izbore-niko-nema-podrsku-da-formira-vlast\\\/#article\",\"isPartOf\":{\"@id\":\"https:\\\/\\\/dmcsrb.com\\\/svijet\\\/gradjani-bugarske-po-osmi-put-izlaze-na-izbore-niko-nema-podrsku-da-formira-vlast\\\/\"},\"author\":{\"name\":\"dmcsrbija.com@gmail.com\",\"@id\":\"https:\\\/\\\/dmcsrb.com\\\/#\\\/schema\\\/person\\\/5c39170f12db1b8b457732d0b5c854e2\"},\"headline\":\"Gra\u0111ani Bugarske po osmi put izlaze na izbore: Niko nema podr\u0161ku da formira vlast\",\"datePublished\":\"2026-01-12T17:28:00+00:00\",\"mainEntityOfPage\":{\"@id\":\"https:\\\/\\\/dmcsrb.com\\\/svijet\\\/gradjani-bugarske-po-osmi-put-izlaze-na-izbore-niko-nema-podrsku-da-formira-vlast\\\/\"},\"wordCount\":201,\"commentCount\":0,\"image\":{\"@id\":\"https:\\\/\\\/dmcsrb.com\\\/svijet\\\/gradjani-bugarske-po-osmi-put-izlaze-na-izbore-niko-nema-podrsku-da-formira-vlast\\\/#primaryimage\"},\"thumbnailUrl\":\"https:\\\/\\\/dmcsrb.com\\\/wp-content\\\/uploads\\\/2024\\\/07\\\/Bugarska-zastava-foto-pixabay.webp\",\"keywords\":[\"Bugarska\",\"iybori\",\"osmi put\"],\"articleSection\":[\"Svijet\"],\"inLanguage\":\"en-GB\",\"potentialAction\":[{\"@type\":\"CommentAction\",\"name\":\"Comment\",\"target\":[\"https:\\\/\\\/dmcsrb.com\\\/svijet\\\/gradjani-bugarske-po-osmi-put-izlaze-na-izbore-niko-nema-podrsku-da-formira-vlast\\\/#respond\"]}]},{\"@type\":\"WebPage\",\"@id\":\"https:\\\/\\\/dmcsrb.com\\\/svijet\\\/gradjani-bugarske-po-osmi-put-izlaze-na-izbore-niko-nema-podrsku-da-formira-vlast\\\/\",\"url\":\"https:\\\/\\\/dmcsrb.com\\\/svijet\\\/gradjani-bugarske-po-osmi-put-izlaze-na-izbore-niko-nema-podrsku-da-formira-vlast\\\/\",\"name\":\"Gra\u0111ani Bugarske po osmi put izlaze na izbore: Niko nema podr\u0161ku da formira vlast - dmcsrb.com\",\"isPartOf\":{\"@id\":\"https:\\\/\\\/dmcsrb.com\\\/#website\"},\"primaryImageOfPage\":{\"@id\":\"https:\\\/\\\/dmcsrb.com\\\/svijet\\\/gradjani-bugarske-po-osmi-put-izlaze-na-izbore-niko-nema-podrsku-da-formira-vlast\\\/#primaryimage\"},\"image\":{\"@id\":\"https:\\\/\\\/dmcsrb.com\\\/svijet\\\/gradjani-bugarske-po-osmi-put-izlaze-na-izbore-niko-nema-podrsku-da-formira-vlast\\\/#primaryimage\"},\"thumbnailUrl\":\"https:\\\/\\\/dmcsrb.com\\\/wp-content\\\/uploads\\\/2024\\\/07\\\/Bugarska-zastava-foto-pixabay.webp\",\"datePublished\":\"2026-01-12T17:28:00+00:00\",\"author\":{\"@id\":\"https:\\\/\\\/dmcsrb.com\\\/#\\\/schema\\\/person\\\/5c39170f12db1b8b457732d0b5c854e2\"},\"breadcrumb\":{\"@id\":\"https:\\\/\\\/dmcsrb.com\\\/svijet\\\/gradjani-bugarske-po-osmi-put-izlaze-na-izbore-niko-nema-podrsku-da-formira-vlast\\\/#breadcrumb\"},\"inLanguage\":\"en-GB\",\"potentialAction\":[{\"@type\":\"ReadAction\",\"target\":[\"https:\\\/\\\/dmcsrb.com\\\/svijet\\\/gradjani-bugarske-po-osmi-put-izlaze-na-izbore-niko-nema-podrsku-da-formira-vlast\\\/\"]}]},{\"@type\":\"ImageObject\",\"inLanguage\":\"en-GB\",\"@id\":\"https:\\\/\\\/dmcsrb.com\\\/svijet\\\/gradjani-bugarske-po-osmi-put-izlaze-na-izbore-niko-nema-podrsku-da-formira-vlast\\\/#primaryimage\",\"url\":\"https:\\\/\\\/dmcsrb.com\\\/wp-content\\\/uploads\\\/2024\\\/07\\\/Bugarska-zastava-foto-pixabay.webp\",\"contentUrl\":\"https:\\\/\\\/dmcsrb.com\\\/wp-content\\\/uploads\\\/2024\\\/07\\\/Bugarska-zastava-foto-pixabay.webp\",\"width\":640,\"height\":426,\"caption\":\"Foto: Pixabay\"},{\"@type\":\"BreadcrumbList\",\"@id\":\"https:\\\/\\\/dmcsrb.com\\\/svijet\\\/gradjani-bugarske-po-osmi-put-izlaze-na-izbore-niko-nema-podrsku-da-formira-vlast\\\/#breadcrumb\",\"itemListElement\":[{\"@type\":\"ListItem\",\"position\":1,\"name\":\"Home\",\"item\":\"https:\\\/\\\/dmcsrb.com\\\/\"},{\"@type\":\"ListItem\",\"position\":2,\"name\":\"Gra\u0111ani Bugarske po osmi put izlaze na izbore: Niko nema podr\u0161ku da formira vlast\"}]},{\"@type\":\"WebSite\",\"@id\":\"https:\\\/\\\/dmcsrb.com\\\/#website\",\"url\":\"https:\\\/\\\/dmcsrb.com\\\/\",\"name\":\"dmcsrb.com\",\"description\":\"\",\"potentialAction\":[{\"@type\":\"SearchAction\",\"target\":{\"@type\":\"EntryPoint\",\"urlTemplate\":\"https:\\\/\\\/dmcsrb.com\\\/?s={search_term_string}\"},\"query-input\":{\"@type\":\"PropertyValueSpecification\",\"valueRequired\":true,\"valueName\":\"search_term_string\"}}],\"inLanguage\":\"en-GB\"},{\"@type\":\"Person\",\"@id\":\"https:\\\/\\\/dmcsrb.com\\\/#\\\/schema\\\/person\\\/5c39170f12db1b8b457732d0b5c854e2\",\"name\":\"dmcsrbija.com@gmail.com\",\"image\":{\"@type\":\"ImageObject\",\"inLanguage\":\"en-GB\",\"@id\":\"https:\\\/\\\/secure.gravatar.com\\\/avatar\\\/68592660ad6347fad0fb587f8d5d8f1a7b44961362f56e4f2cd524feb87e9069?s=96&d=mm&r=g\",\"url\":\"https:\\\/\\\/secure.gravatar.com\\\/avatar\\\/68592660ad6347fad0fb587f8d5d8f1a7b44961362f56e4f2cd524feb87e9069?s=96&d=mm&r=g\",\"contentUrl\":\"https:\\\/\\\/secure.gravatar.com\\\/avatar\\\/68592660ad6347fad0fb587f8d5d8f1a7b44961362f56e4f2cd524feb87e9069?s=96&d=mm&r=g\",\"caption\":\"dmcsrbija.com@gmail.com\"},\"sameAs\":[\"https:\\\/\\\/dmcsrb.com\"],\"url\":\"https:\\\/\\\/dmcsrb.com\\\/en\\\/author\\\/dmcsrbija-comgmail-com\\\/\"}]}<\/script>\n<!-- \/ Yoast SEO plugin. -->","yoast_head_json":{"title":"Gra\u0111ani Bugarske po osmi put izlaze na izbore: Niko nema podr\u0161ku da formira vlast - dmcsrb.com","robots":{"index":"index","follow":"follow","max-snippet":"max-snippet:-1","max-image-preview":"max-image-preview:large","max-video-preview":"max-video-preview:-1"},"canonical":"https:\/\/dmcsrb.com\/en\/svijet\/gradjani-bugarske-po-osmi-put-izlaze-na-izbore-niko-nema-podrsku-da-formira-vlast\/","og_locale":"en_GB","og_type":"article","og_title":"Gra\u0111ani Bugarske po osmi put izlaze na izbore: Niko nema podr\u0161ku da formira vlast - dmcsrb.com","og_description":"Najve\u0107a parlamentarna grupacija u Bugarskoj, desnocentristi\u010dki savez GERB-SDS, odbila je u ponedjeljak zahtjev predsjednika da poku\u0161a formirati novu vladu, \u010dime je pove\u0107ana vjerovatno\u0107a vanrednih izbora. Koaliciona vlada premijera\u00a0Rosena \u017deljazkova, koju je podr\u017eavao GERB-SDS, podnijela je ostavku pro\u0161log mjeseca nakon vi\u0161esedmi\u010dnih uli\u010dnih protesta protiv dr\u017eavne korupcije i novog bud\u017eeta kojim bi se pove\u0107ali pojedini porezi.","og_url":"https:\/\/dmcsrb.com\/en\/svijet\/gradjani-bugarske-po-osmi-put-izlaze-na-izbore-niko-nema-podrsku-da-formira-vlast\/","og_site_name":"dmcsrb.com","article_published_time":"2026-01-12T17:28:00+00:00","og_image":[{"width":640,"height":426,"url":"https:\/\/dmcsrb.com\/wp-content\/uploads\/2024\/07\/Bugarska-zastava-foto-pixabay.webp","type":"image\/jpeg"}],"author":"dmcsrbija.com@gmail.com","twitter_card":"summary_large_image","twitter_misc":{"Written by":"dmcsrbija.com@gmail.com","Estimated reading time":"1 minute"},"schema":{"@context":"https:\/\/schema.org","@graph":[{"@type":"Article","@id":"https:\/\/dmcsrb.com\/svijet\/gradjani-bugarske-po-osmi-put-izlaze-na-izbore-niko-nema-podrsku-da-formira-vlast\/#article","isPartOf":{"@id":"https:\/\/dmcsrb.com\/svijet\/gradjani-bugarske-po-osmi-put-izlaze-na-izbore-niko-nema-podrsku-da-formira-vlast\/"},"author":{"name":"dmcsrbija.com@gmail.com","@id":"https:\/\/dmcsrb.com\/#\/schema\/person\/5c39170f12db1b8b457732d0b5c854e2"},"headline":"Gra\u0111ani Bugarske po osmi put izlaze na izbore: Niko nema podr\u0161ku da formira vlast","datePublished":"2026-01-12T17:28:00+00:00","mainEntityOfPage":{"@id":"https:\/\/dmcsrb.com\/svijet\/gradjani-bugarske-po-osmi-put-izlaze-na-izbore-niko-nema-podrsku-da-formira-vlast\/"},"wordCount":201,"commentCount":0,"image":{"@id":"https:\/\/dmcsrb.com\/svijet\/gradjani-bugarske-po-osmi-put-izlaze-na-izbore-niko-nema-podrsku-da-formira-vlast\/#primaryimage"},"thumbnailUrl":"https:\/\/dmcsrb.com\/wp-content\/uploads\/2024\/07\/Bugarska-zastava-foto-pixabay.webp","keywords":["Bugarska","iybori","osmi put"],"articleSection":["Svijet"],"inLanguage":"en-GB","potentialAction":[{"@type":"CommentAction","name":"Comment","target":["https:\/\/dmcsrb.com\/svijet\/gradjani-bugarske-po-osmi-put-izlaze-na-izbore-niko-nema-podrsku-da-formira-vlast\/#respond"]}]},{"@type":"WebPage","@id":"https:\/\/dmcsrb.com\/svijet\/gradjani-bugarske-po-osmi-put-izlaze-na-izbore-niko-nema-podrsku-da-formira-vlast\/","url":"https:\/\/dmcsrb.com\/svijet\/gradjani-bugarske-po-osmi-put-izlaze-na-izbore-niko-nema-podrsku-da-formira-vlast\/","name":"Gra\u0111ani Bugarske po osmi put izlaze na izbore: Niko nema podr\u0161ku da formira vlast - dmcsrb.com","isPartOf":{"@id":"https:\/\/dmcsrb.com\/#website"},"primaryImageOfPage":{"@id":"https:\/\/dmcsrb.com\/svijet\/gradjani-bugarske-po-osmi-put-izlaze-na-izbore-niko-nema-podrsku-da-formira-vlast\/#primaryimage"},"image":{"@id":"https:\/\/dmcsrb.com\/svijet\/gradjani-bugarske-po-osmi-put-izlaze-na-izbore-niko-nema-podrsku-da-formira-vlast\/#primaryimage"},"thumbnailUrl":"https:\/\/dmcsrb.com\/wp-content\/uploads\/2024\/07\/Bugarska-zastava-foto-pixabay.webp","datePublished":"2026-01-12T17:28:00+00:00","author":{"@id":"https:\/\/dmcsrb.com\/#\/schema\/person\/5c39170f12db1b8b457732d0b5c854e2"},"breadcrumb":{"@id":"https:\/\/dmcsrb.com\/svijet\/gradjani-bugarske-po-osmi-put-izlaze-na-izbore-niko-nema-podrsku-da-formira-vlast\/#breadcrumb"},"inLanguage":"en-GB","potentialAction":[{"@type":"ReadAction","target":["https:\/\/dmcsrb.com\/svijet\/gradjani-bugarske-po-osmi-put-izlaze-na-izbore-niko-nema-podrsku-da-formira-vlast\/"]}]},{"@type":"ImageObject","inLanguage":"en-GB","@id":"https:\/\/dmcsrb.com\/svijet\/gradjani-bugarske-po-osmi-put-izlaze-na-izbore-niko-nema-podrsku-da-formira-vlast\/#primaryimage","url":"https:\/\/dmcsrb.com\/wp-content\/uploads\/2024\/07\/Bugarska-zastava-foto-pixabay.webp","contentUrl":"https:\/\/dmcsrb.com\/wp-content\/uploads\/2024\/07\/Bugarska-zastava-foto-pixabay.webp","width":640,"height":426,"caption":"Foto: Pixabay"},{"@type":"BreadcrumbList","@id":"https:\/\/dmcsrb.com\/svijet\/gradjani-bugarske-po-osmi-put-izlaze-na-izbore-niko-nema-podrsku-da-formira-vlast\/#breadcrumb","itemListElement":[{"@type":"ListItem","position":1,"name":"Home","item":"https:\/\/dmcsrb.com\/"},{"@type":"ListItem","position":2,"name":"Gra\u0111ani Bugarske po osmi put izlaze na izbore: Niko nema podr\u0161ku da formira vlast"}]},{"@type":"WebSite","@id":"https:\/\/dmcsrb.com\/#website","url":"https:\/\/dmcsrb.com\/","name":"dmcsrb.com","description":"","potentialAction":[{"@type":"SearchAction","target":{"@type":"EntryPoint","urlTemplate":"https:\/\/dmcsrb.com\/?s={search_term_string}"},"query-input":{"@type":"PropertyValueSpecification","valueRequired":true,"valueName":"search_term_string"}}],"inLanguage":"en-GB"},{"@type":"Person","@id":"https:\/\/dmcsrb.com\/#\/schema\/person\/5c39170f12db1b8b457732d0b5c854e2","name":"dmcsrbija.com@gmail.com","image":{"@type":"ImageObject","inLanguage":"en-GB","@id":"https:\/\/secure.gravatar.com\/avatar\/68592660ad6347fad0fb587f8d5d8f1a7b44961362f56e4f2cd524feb87e9069?s=96&d=mm&r=g","url":"https:\/\/secure.gravatar.com\/avatar\/68592660ad6347fad0fb587f8d5d8f1a7b44961362f56e4f2cd524feb87e9069?s=96&d=mm&r=g","contentUrl":"https:\/\/secure.gravatar.com\/avatar\/68592660ad6347fad0fb587f8d5d8f1a7b44961362f56e4f2cd524feb87e9069?s=96&d=mm&r=g","caption":"dmcsrbija.com@gmail.com"},"sameAs":["https:\/\/dmcsrb.com"],"url":"https:\/\/dmcsrb.com\/en\/author\/dmcsrbija-comgmail-com\/"}]}},"_links":{"self":[{"href":"https:\/\/dmcsrb.com\/en\/wp-json\/wp\/v2\/posts\/907835","targetHints":{"allow":["GET"]}}],"collection":[{"href":"https:\/\/dmcsrb.com\/en\/wp-json\/wp\/v2\/posts"}],"about":[{"href":"https:\/\/dmcsrb.com\/en\/wp-json\/wp\/v2\/types\/post"}],"author":[{"embeddable":true,"href":"https:\/\/dmcsrb.com\/en\/wp-json\/wp\/v2\/users\/1"}],"replies":[{"embeddable":true,"href":"https:\/\/dmcsrb.com\/en\/wp-json\/wp\/v2\/comments?post=907835"}],"version-history":[{"count":0,"href":"https:\/\/dmcsrb.com\/en\/wp-json\/wp\/v2\/posts\/907835\/revisions"}],"wp:featuredmedia":[{"embeddable":true,"href":"https:\/\/dmcsrb.com\/en\/wp-json\/wp\/v2\/media\/573403"}],"wp:attachment":[{"href":"https:\/\/dmcsrb.com\/en\/wp-json\/wp\/v2\/media?parent=907835"}],"wp:term":[{"taxonomy":"category","embeddable":true,"href":"https:\/\/dmcsrb.com\/en\/wp-json\/wp\/v2\/categories?post=907835"},{"taxonomy":"post_tag","embeddable":true,"href":"https:\/\/dmcsrb.com\/en\/wp-json\/wp\/v2\/tags?post=907835"},{"taxonomy":"naslovna","embeddable":true,"href":"https:\/\/dmcsrb.com\/en\/wp-json\/wp\/v2\/naslovna?post=907835"}],"curies":[{"name":"wp","href":"https:\/\/api.w.org\/{rel}","templated":true}]}}