{"id":907808,"date":"2026-01-12T21:34:00","date_gmt":"2026-01-12T20:34:00","guid":{"rendered":"https:\/\/gradski.me\/?p=907808"},"modified":"2026-01-12T21:34:00","modified_gmt":"2026-01-12T20:34:00","slug":"u-srijedu-vise-naselja-bez-struje-u-podgorici","status":"publish","type":"post","link":"https:\/\/dmcsrb.com\/en\/drustvo\/u-srijedu-vise-naselja-bez-struje-u-podgorici\/","title":{"rendered":"U srijedu vi\u0161e naselja bez struje u Podgorici"},"content":{"rendered":"<p><\/p>\n\n\n\n<p><strong>Podgorica<\/strong><\/p>\n\n\n\n<p>&#8211; u terminu od 08 do 15 sati: Dio stare Zlatice ulica Primorska, Ulica Lje\u0161kopoljska i Dr.Anta Gvozdenovi\u0107a, Dio Donje Gorice iza auto Mazda servisa, Ulica Du\u0161ana Milutinovi\u0107a i Pera Po\u010deka, UlicaMa\u0161ana Bo\u017eovi\u0107a, Luke Gojni\u0107a i Kraljice Jakvinte, Miletine Njive, Naselje oko nekada\u0161njeg Elastika, Ulica Pohorska i Pljevaljska, Parci, Dio ulice Ratnih Veteran i dio naselja na Kakarickoj gori iznad kasarne Masline, dio Veru\u0161e, Dio Donjih Kokota, Podsi\u0107, dio Bigora.<\/p>\n\n\n\n<p>&#8211; u terminu od 08 do 17 sati: dio Meduna.<\/p>\n\n\n\n<p>&#8211; u terminu od 08:30 do 14 sati: Ulica Desanke Maksimovi\u0107.<\/p>\n\n\n\n<p>&#8211; u terminu od 09 do 17 sati: Ulica Aleksandra Lesa Ivanovi\u0107a, Velimira Stojanovi\u0107a, Ljevore\u010dke, Ljuba \u0106upi\u0107a i Bjelasi\u010dke.<\/p>\n\n\n\n<p><strong>Danilovgrad<\/strong><\/p>\n\n\n\n<p>&#8211; u terminu od 07 do 15 sati: \u017ddrebaonik, Ministarstvo odbrane (Tara\u0161), Vu\u010dica, Po\u010dijevka, , Gorica, Me\u0111ice, Luke, Jelenak, Kula Laki\u0107a, Potkraj \u0160aranovi\u0107a, Slatina, Dolovi Kova\u010dki, Poljica, Ivanj Uba, Topolovo, Borov Do, Jablan, Bzo i Studeno (kratkotrajna isklju\u010denja)<\/p>\n\n\n\n<p>&#8211; u terminu od 07 do 15 sati: Kru\u0161\u010dica, Sige, Ljututuk, Jama \u017dari\u0107a, Klanica, Farma koka, \u0160abov Krug, Donje Selo, dio Veljeg Brda, dio Spu\u017ea.<\/p>\n\n\n\n<p>&#8211; u terminu od 07:30 do 16 sati: Dio Ora\u0161ke Jame.<\/p>\n\n\n\n<p><strong>Zeta<\/strong><\/p>\n\n\n\n<p>&#8211; u terminu od 09 do 13 sati: Mojanovi\u0107i, Vuja\u010di\u0107a Mahala, dio Balija\u010da, hladnja\u010da Krstovi\u0107 i naselje oko nje i Ruto\u0161.<\/p>\n\n\n\n<p><strong>Niksic<\/strong><\/p>\n\n\n\n<p>&#8211; u terminu od 08 do 15 sati: Vonjin Do, \u0160iroka Ulica.<\/p>\n\n\n\n<p><strong>Ulcinj<\/strong><\/p>\n\n\n\n<p>&#8211; u terminu od 08 do 15 sati: dio Pinje\u0161a kod repetitora.<\/p>\n\n\n\n<p><strong>Dirty<\/strong><\/p>\n\n\n\n<p>&#8211; u terminu od 10 do 12 sati: URC-podru\u010dje u blizini otvorenog bazena i dio \u0161etali\u0161ta.<\/p>\n\n\n\n<p><strong>Herceg Novi<\/strong><\/p>\n\n\n\n<p>&#8211; u terminu od 09 do 13 sati:&nbsp;Topla 2- iznad Doma zdravlja.<\/p>\n\n\n\n<p>&#8211; u terminu od 11 do 15 sati:&nbsp;Podi &#8211; Topovi.<\/p>\n\n\n\n<p><strong>Andrijevica<\/strong><\/p>\n\n\n\n<p>\u2013 from 9 a.m. to 2:30 p.m.: part of the village of Seoce.<\/p>\n\n\n\n<p><strong>Berane<\/strong><\/p>\n\n\n\n<p>&#8211; u terminu od 09 do 11 sati: dio sela \u0160ekular.<\/p>\n\n\n\n<p>&#8211; u terminu od 09 do 14:30 sati: Kaludra.<\/p>\n\n\n\n<p><strong>White Field<\/strong><\/p>\n\n\n\n<p>&#8211; u terminu od 09 do 16 sati:&nbsp;Lje\u0161nica (sredi\u0161nji dio naselja), Zaton-Klinac, Zaton, Ostrelj, Grab, Slijepa\u010d most.<\/p>\n\n\n\n<p><strong>Gusinje<\/strong><\/p>\n\n\n\n<p>&#8211; u terminu od 08:30 do 16:30 sati: Sela: Bucelj, Ka\u010danik, Dolja, Veternik, Grebaje, Grn\u010dar, dio naselja Bedluci.<\/p>\n\n\n\n<p><strong>Kolasin<\/strong><\/p>\n\n\n\n<p>&#8211; u terminu od 08 do 16 sati:&nbsp;Bio\u010dinovi\u0107i, Drpe, Seli\u0161ta, Rijeka Mu\u0161ovi\u0107a, Paljevine, mHE &#8216;Paljevinska&#8217;, Ski centar &#8216;1450&#8217;, Jasenova, Ocka gora, Me\u0111urije\u010dje, Cerovica, Tre\u0161njica, Lije\u0161nje, Bogutov do, Mrtvo Duboko, Bulje, Andrijevo, Smolice, RDC, Vlahovi\u0107i, Andrijevo, Jasenov do, Gornja Rovca, Vi\u0161nje, Velje Duboko, Trmanje , Trebaljevo.<\/p>\n\n\n\n<p><strong>Mojkovac<\/strong><\/p>\n\n\n\n<p>&#8211; u terminu od 08 do 15 sati:&nbsp;\u010cuklin, Gostilovina, Ravni, Krstac-\u0160undek, Siga, Pobrsijevi\u0107i, Jakovi\u0107i 1 i2, Joki\u0107i, Stri\u010dina, Slatina, Gojakovi\u0107i, Osredine, Zaboj, Crvena Lokva, Gostilovina, Kaludra, Bistrica, mHE Ljevak, Ravnjak, Crna Poda, Dobrilovina.<\/p>\n\n\n\n<p><strong>Rozaje<\/strong><\/p>\n\n\n\n<p>&#8211; u terminu od 09 do 14:30 sati: Bukovica \u2013 zaseok Bunjo\u0161e.<\/p>\n\n\n\n<p><strong><em>The above works are being carried out with the aim of improving the quality and safety of electricity supply. In case of bad weather conditions, the works will be postponed.<\/em><\/strong><\/p>","protected":false},"excerpt":{"rendered":"<p>Zbog planiranih radova na mre\u017ei,\u00a0u srijedu 14. januara, bez napajanja elektri\u010dnom energijom \u0107e ostati:<\/p>","protected":false},"author":1,"featured_media":545402,"comment_status":"open","ping_status":"open","sticky":false,"template":"","format":"standard","meta":{"_acf_changed":false,"footnotes":""},"categories":[2],"tags":[153,15872,288],"naslovna":[],"class_list":["post-907808","post","type-post","status-publish","format-standard","has-post-thumbnail","hentry","category-drustvo","tag-cedis","tag-naselja","tag-srijeda"],"acf":[],"yoast_head":"<!-- This site is optimized with the Yoast SEO plugin v27.4 - https:\/\/yoast.com\/product\/yoast-seo-wordpress\/ -->\n<title>U srijedu vi\u0161e naselja bez struje u Podgorici - dmcsrb.com<\/title>\n<meta name=\"robots\" content=\"index, follow, max-snippet:-1, max-image-preview:large, max-video-preview:-1\" \/>\n<link rel=\"canonical\" href=\"https:\/\/dmcsrb.com\/en\/drustvo\/u-srijedu-vise-naselja-bez-struje-u-podgorici\/\" \/>\n<meta property=\"og:locale\" content=\"en_GB\" \/>\n<meta property=\"og:type\" content=\"article\" \/>\n<meta property=\"og:title\" content=\"U srijedu vi\u0161e naselja bez struje u Podgorici - dmcsrb.com\" \/>\n<meta property=\"og:description\" content=\"Zbog planiranih radova na mre\u017ei,\u00a0u srijedu 14. januara, bez napajanja elektri\u010dnom energijom \u0107e ostati:\" \/>\n<meta property=\"og:url\" content=\"https:\/\/dmcsrb.com\/en\/drustvo\/u-srijedu-vise-naselja-bez-struje-u-podgorici\/\" \/>\n<meta property=\"og:site_name\" content=\"dmcsrb.com\" \/>\n<meta property=\"article:published_time\" content=\"2026-01-12T20:34:00+00:00\" \/>\n<meta property=\"og:image\" content=\"https:\/\/dmcsrb.com\/wp-content\/uploads\/2024\/05\/CEDIS_106-1000x555-1-768x4261-1.webp\" \/>\n\t<meta property=\"og:image:width\" content=\"768\" \/>\n\t<meta property=\"og:image:height\" content=\"426\" \/>\n\t<meta property=\"og:image:type\" content=\"image\/jpeg\" \/>\n<meta name=\"author\" content=\"dmcsrbija.com@gmail.com\" \/>\n<meta name=\"twitter:card\" content=\"summary_large_image\" \/>\n<meta name=\"twitter:label1\" content=\"Written by\" \/>\n\t<meta name=\"twitter:data1\" content=\"dmcsrbija.com@gmail.com\" \/>\n\t<meta name=\"twitter:label2\" content=\"Estimated reading time\" \/>\n\t<meta name=\"twitter:data2\" content=\"2 minutes\" \/>\n<script type=\"application\/ld+json\" class=\"yoast-schema-graph\">{\"@context\":\"https:\\\/\\\/schema.org\",\"@graph\":[{\"@type\":\"Article\",\"@id\":\"https:\\\/\\\/dmcsrb.com\\\/drustvo\\\/u-srijedu-vise-naselja-bez-struje-u-podgorici\\\/#article\",\"isPartOf\":{\"@id\":\"https:\\\/\\\/dmcsrb.com\\\/drustvo\\\/u-srijedu-vise-naselja-bez-struje-u-podgorici\\\/\"},\"author\":{\"name\":\"dmcsrbija.com@gmail.com\",\"@id\":\"https:\\\/\\\/dmcsrb.com\\\/#\\\/schema\\\/person\\\/5c39170f12db1b8b457732d0b5c854e2\"},\"headline\":\"U srijedu vi\u0161e naselja bez struje u Podgorici\",\"datePublished\":\"2026-01-12T20:34:00+00:00\",\"mainEntityOfPage\":{\"@id\":\"https:\\\/\\\/dmcsrb.com\\\/drustvo\\\/u-srijedu-vise-naselja-bez-struje-u-podgorici\\\/\"},\"wordCount\":497,\"commentCount\":0,\"image\":{\"@id\":\"https:\\\/\\\/dmcsrb.com\\\/drustvo\\\/u-srijedu-vise-naselja-bez-struje-u-podgorici\\\/#primaryimage\"},\"thumbnailUrl\":\"https:\\\/\\\/dmcsrb.com\\\/wp-content\\\/uploads\\\/2024\\\/05\\\/CEDIS_106-1000x555-1-768x4261-1.webp\",\"keywords\":[\"CEDIS\",\"naselja\",\"srijeda\"],\"articleSection\":[\"Dru\u0161tvo\"],\"inLanguage\":\"en-GB\",\"potentialAction\":[{\"@type\":\"CommentAction\",\"name\":\"Comment\",\"target\":[\"https:\\\/\\\/dmcsrb.com\\\/drustvo\\\/u-srijedu-vise-naselja-bez-struje-u-podgorici\\\/#respond\"]}]},{\"@type\":\"WebPage\",\"@id\":\"https:\\\/\\\/dmcsrb.com\\\/drustvo\\\/u-srijedu-vise-naselja-bez-struje-u-podgorici\\\/\",\"url\":\"https:\\\/\\\/dmcsrb.com\\\/drustvo\\\/u-srijedu-vise-naselja-bez-struje-u-podgorici\\\/\",\"name\":\"U srijedu vi\u0161e naselja bez struje u Podgorici - dmcsrb.com\",\"isPartOf\":{\"@id\":\"https:\\\/\\\/dmcsrb.com\\\/#website\"},\"primaryImageOfPage\":{\"@id\":\"https:\\\/\\\/dmcsrb.com\\\/drustvo\\\/u-srijedu-vise-naselja-bez-struje-u-podgorici\\\/#primaryimage\"},\"image\":{\"@id\":\"https:\\\/\\\/dmcsrb.com\\\/drustvo\\\/u-srijedu-vise-naselja-bez-struje-u-podgorici\\\/#primaryimage\"},\"thumbnailUrl\":\"https:\\\/\\\/dmcsrb.com\\\/wp-content\\\/uploads\\\/2024\\\/05\\\/CEDIS_106-1000x555-1-768x4261-1.webp\",\"datePublished\":\"2026-01-12T20:34:00+00:00\",\"author\":{\"@id\":\"https:\\\/\\\/dmcsrb.com\\\/#\\\/schema\\\/person\\\/5c39170f12db1b8b457732d0b5c854e2\"},\"breadcrumb\":{\"@id\":\"https:\\\/\\\/dmcsrb.com\\\/drustvo\\\/u-srijedu-vise-naselja-bez-struje-u-podgorici\\\/#breadcrumb\"},\"inLanguage\":\"en-GB\",\"potentialAction\":[{\"@type\":\"ReadAction\",\"target\":[\"https:\\\/\\\/dmcsrb.com\\\/drustvo\\\/u-srijedu-vise-naselja-bez-struje-u-podgorici\\\/\"]}]},{\"@type\":\"ImageObject\",\"inLanguage\":\"en-GB\",\"@id\":\"https:\\\/\\\/dmcsrb.com\\\/drustvo\\\/u-srijedu-vise-naselja-bez-struje-u-podgorici\\\/#primaryimage\",\"url\":\"https:\\\/\\\/dmcsrb.com\\\/wp-content\\\/uploads\\\/2024\\\/05\\\/CEDIS_106-1000x555-1-768x4261-1.webp\",\"contentUrl\":\"https:\\\/\\\/dmcsrb.com\\\/wp-content\\\/uploads\\\/2024\\\/05\\\/CEDIS_106-1000x555-1-768x4261-1.webp\",\"width\":768,\"height\":426,\"caption\":\"Foto: CEDIS\"},{\"@type\":\"BreadcrumbList\",\"@id\":\"https:\\\/\\\/dmcsrb.com\\\/drustvo\\\/u-srijedu-vise-naselja-bez-struje-u-podgorici\\\/#breadcrumb\",\"itemListElement\":[{\"@type\":\"ListItem\",\"position\":1,\"name\":\"Home\",\"item\":\"https:\\\/\\\/dmcsrb.com\\\/\"},{\"@type\":\"ListItem\",\"position\":2,\"name\":\"U srijedu vi\u0161e naselja bez struje u Podgorici\"}]},{\"@type\":\"WebSite\",\"@id\":\"https:\\\/\\\/dmcsrb.com\\\/#website\",\"url\":\"https:\\\/\\\/dmcsrb.com\\\/\",\"name\":\"dmcsrb.com\",\"description\":\"\",\"potentialAction\":[{\"@type\":\"SearchAction\",\"target\":{\"@type\":\"EntryPoint\",\"urlTemplate\":\"https:\\\/\\\/dmcsrb.com\\\/?s={search_term_string}\"},\"query-input\":{\"@type\":\"PropertyValueSpecification\",\"valueRequired\":true,\"valueName\":\"search_term_string\"}}],\"inLanguage\":\"en-GB\"},{\"@type\":\"Person\",\"@id\":\"https:\\\/\\\/dmcsrb.com\\\/#\\\/schema\\\/person\\\/5c39170f12db1b8b457732d0b5c854e2\",\"name\":\"dmcsrbija.com@gmail.com\",\"image\":{\"@type\":\"ImageObject\",\"inLanguage\":\"en-GB\",\"@id\":\"https:\\\/\\\/secure.gravatar.com\\\/avatar\\\/68592660ad6347fad0fb587f8d5d8f1a7b44961362f56e4f2cd524feb87e9069?s=96&d=mm&r=g\",\"url\":\"https:\\\/\\\/secure.gravatar.com\\\/avatar\\\/68592660ad6347fad0fb587f8d5d8f1a7b44961362f56e4f2cd524feb87e9069?s=96&d=mm&r=g\",\"contentUrl\":\"https:\\\/\\\/secure.gravatar.com\\\/avatar\\\/68592660ad6347fad0fb587f8d5d8f1a7b44961362f56e4f2cd524feb87e9069?s=96&d=mm&r=g\",\"caption\":\"dmcsrbija.com@gmail.com\"},\"sameAs\":[\"https:\\\/\\\/dmcsrb.com\"],\"url\":\"https:\\\/\\\/dmcsrb.com\\\/en\\\/author\\\/dmcsrbija-comgmail-com\\\/\"}]}<\/script>\n<!-- \/ Yoast SEO plugin. -->","yoast_head_json":{"title":"U srijedu vi\u0161e naselja bez struje u Podgorici - dmcsrb.com","robots":{"index":"index","follow":"follow","max-snippet":"max-snippet:-1","max-image-preview":"max-image-preview:large","max-video-preview":"max-video-preview:-1"},"canonical":"https:\/\/dmcsrb.com\/en\/drustvo\/u-srijedu-vise-naselja-bez-struje-u-podgorici\/","og_locale":"en_GB","og_type":"article","og_title":"U srijedu vi\u0161e naselja bez struje u Podgorici - dmcsrb.com","og_description":"Zbog planiranih radova na mre\u017ei,\u00a0u srijedu 14. januara, bez napajanja elektri\u010dnom energijom \u0107e ostati:","og_url":"https:\/\/dmcsrb.com\/en\/drustvo\/u-srijedu-vise-naselja-bez-struje-u-podgorici\/","og_site_name":"dmcsrb.com","article_published_time":"2026-01-12T20:34:00+00:00","og_image":[{"width":768,"height":426,"url":"https:\/\/dmcsrb.com\/wp-content\/uploads\/2024\/05\/CEDIS_106-1000x555-1-768x4261-1.webp","type":"image\/jpeg"}],"author":"dmcsrbija.com@gmail.com","twitter_card":"summary_large_image","twitter_misc":{"Written by":"dmcsrbija.com@gmail.com","Estimated reading time":"2 minutes"},"schema":{"@context":"https:\/\/schema.org","@graph":[{"@type":"Article","@id":"https:\/\/dmcsrb.com\/drustvo\/u-srijedu-vise-naselja-bez-struje-u-podgorici\/#article","isPartOf":{"@id":"https:\/\/dmcsrb.com\/drustvo\/u-srijedu-vise-naselja-bez-struje-u-podgorici\/"},"author":{"name":"dmcsrbija.com@gmail.com","@id":"https:\/\/dmcsrb.com\/#\/schema\/person\/5c39170f12db1b8b457732d0b5c854e2"},"headline":"U srijedu vi\u0161e naselja bez struje u Podgorici","datePublished":"2026-01-12T20:34:00+00:00","mainEntityOfPage":{"@id":"https:\/\/dmcsrb.com\/drustvo\/u-srijedu-vise-naselja-bez-struje-u-podgorici\/"},"wordCount":497,"commentCount":0,"image":{"@id":"https:\/\/dmcsrb.com\/drustvo\/u-srijedu-vise-naselja-bez-struje-u-podgorici\/#primaryimage"},"thumbnailUrl":"https:\/\/dmcsrb.com\/wp-content\/uploads\/2024\/05\/CEDIS_106-1000x555-1-768x4261-1.webp","keywords":["CEDIS","naselja","srijeda"],"articleSection":["Dru\u0161tvo"],"inLanguage":"en-GB","potentialAction":[{"@type":"CommentAction","name":"Comment","target":["https:\/\/dmcsrb.com\/drustvo\/u-srijedu-vise-naselja-bez-struje-u-podgorici\/#respond"]}]},{"@type":"WebPage","@id":"https:\/\/dmcsrb.com\/drustvo\/u-srijedu-vise-naselja-bez-struje-u-podgorici\/","url":"https:\/\/dmcsrb.com\/drustvo\/u-srijedu-vise-naselja-bez-struje-u-podgorici\/","name":"U srijedu vi\u0161e naselja bez struje u Podgorici - dmcsrb.com","isPartOf":{"@id":"https:\/\/dmcsrb.com\/#website"},"primaryImageOfPage":{"@id":"https:\/\/dmcsrb.com\/drustvo\/u-srijedu-vise-naselja-bez-struje-u-podgorici\/#primaryimage"},"image":{"@id":"https:\/\/dmcsrb.com\/drustvo\/u-srijedu-vise-naselja-bez-struje-u-podgorici\/#primaryimage"},"thumbnailUrl":"https:\/\/dmcsrb.com\/wp-content\/uploads\/2024\/05\/CEDIS_106-1000x555-1-768x4261-1.webp","datePublished":"2026-01-12T20:34:00+00:00","author":{"@id":"https:\/\/dmcsrb.com\/#\/schema\/person\/5c39170f12db1b8b457732d0b5c854e2"},"breadcrumb":{"@id":"https:\/\/dmcsrb.com\/drustvo\/u-srijedu-vise-naselja-bez-struje-u-podgorici\/#breadcrumb"},"inLanguage":"en-GB","potentialAction":[{"@type":"ReadAction","target":["https:\/\/dmcsrb.com\/drustvo\/u-srijedu-vise-naselja-bez-struje-u-podgorici\/"]}]},{"@type":"ImageObject","inLanguage":"en-GB","@id":"https:\/\/dmcsrb.com\/drustvo\/u-srijedu-vise-naselja-bez-struje-u-podgorici\/#primaryimage","url":"https:\/\/dmcsrb.com\/wp-content\/uploads\/2024\/05\/CEDIS_106-1000x555-1-768x4261-1.webp","contentUrl":"https:\/\/dmcsrb.com\/wp-content\/uploads\/2024\/05\/CEDIS_106-1000x555-1-768x4261-1.webp","width":768,"height":426,"caption":"Foto: CEDIS"},{"@type":"BreadcrumbList","@id":"https:\/\/dmcsrb.com\/drustvo\/u-srijedu-vise-naselja-bez-struje-u-podgorici\/#breadcrumb","itemListElement":[{"@type":"ListItem","position":1,"name":"Home","item":"https:\/\/dmcsrb.com\/"},{"@type":"ListItem","position":2,"name":"U srijedu vi\u0161e naselja bez struje u Podgorici"}]},{"@type":"WebSite","@id":"https:\/\/dmcsrb.com\/#website","url":"https:\/\/dmcsrb.com\/","name":"dmcsrb.com","description":"","potentialAction":[{"@type":"SearchAction","target":{"@type":"EntryPoint","urlTemplate":"https:\/\/dmcsrb.com\/?s={search_term_string}"},"query-input":{"@type":"PropertyValueSpecification","valueRequired":true,"valueName":"search_term_string"}}],"inLanguage":"en-GB"},{"@type":"Person","@id":"https:\/\/dmcsrb.com\/#\/schema\/person\/5c39170f12db1b8b457732d0b5c854e2","name":"dmcsrbija.com@gmail.com","image":{"@type":"ImageObject","inLanguage":"en-GB","@id":"https:\/\/secure.gravatar.com\/avatar\/68592660ad6347fad0fb587f8d5d8f1a7b44961362f56e4f2cd524feb87e9069?s=96&d=mm&r=g","url":"https:\/\/secure.gravatar.com\/avatar\/68592660ad6347fad0fb587f8d5d8f1a7b44961362f56e4f2cd524feb87e9069?s=96&d=mm&r=g","contentUrl":"https:\/\/secure.gravatar.com\/avatar\/68592660ad6347fad0fb587f8d5d8f1a7b44961362f56e4f2cd524feb87e9069?s=96&d=mm&r=g","caption":"dmcsrbija.com@gmail.com"},"sameAs":["https:\/\/dmcsrb.com"],"url":"https:\/\/dmcsrb.com\/en\/author\/dmcsrbija-comgmail-com\/"}]}},"_links":{"self":[{"href":"https:\/\/dmcsrb.com\/en\/wp-json\/wp\/v2\/posts\/907808","targetHints":{"allow":["GET"]}}],"collection":[{"href":"https:\/\/dmcsrb.com\/en\/wp-json\/wp\/v2\/posts"}],"about":[{"href":"https:\/\/dmcsrb.com\/en\/wp-json\/wp\/v2\/types\/post"}],"author":[{"embeddable":true,"href":"https:\/\/dmcsrb.com\/en\/wp-json\/wp\/v2\/users\/1"}],"replies":[{"embeddable":true,"href":"https:\/\/dmcsrb.com\/en\/wp-json\/wp\/v2\/comments?post=907808"}],"version-history":[{"count":0,"href":"https:\/\/dmcsrb.com\/en\/wp-json\/wp\/v2\/posts\/907808\/revisions"}],"wp:featuredmedia":[{"embeddable":true,"href":"https:\/\/dmcsrb.com\/en\/wp-json\/wp\/v2\/media\/545402"}],"wp:attachment":[{"href":"https:\/\/dmcsrb.com\/en\/wp-json\/wp\/v2\/media?parent=907808"}],"wp:term":[{"taxonomy":"category","embeddable":true,"href":"https:\/\/dmcsrb.com\/en\/wp-json\/wp\/v2\/categories?post=907808"},{"taxonomy":"post_tag","embeddable":true,"href":"https:\/\/dmcsrb.com\/en\/wp-json\/wp\/v2\/tags?post=907808"},{"taxonomy":"naslovna","embeddable":true,"href":"https:\/\/dmcsrb.com\/en\/wp-json\/wp\/v2\/naslovna?post=907808"}],"curies":[{"name":"wp","href":"https:\/\/api.w.org\/{rel}","templated":true}]}}