{"id":907789,"date":"2026-01-12T13:46:01","date_gmt":"2026-01-12T12:46:01","guid":{"rendered":"https:\/\/gradski.me\/?p=907789"},"modified":"2026-01-12T13:46:01","modified_gmt":"2026-01-12T12:46:01","slug":"mujovic-presjekao-suspenzija-i-disciplinski-postupak-protiv-dajkovica","status":"publish","type":"post","link":"https:\/\/dmcsrb.com\/en\/podgorica\/mujovic-presjekao-suspenzija-i-disciplinski-postupak-protiv-dajkovica\/","title":{"rendered":"Mujovi\u0107 presjekao: Suspenzija i disciplinski postupak protiv Dajkovi\u0107a"},"content":{"rendered":"<p>&#8220;Odluka je donesena 12. januara 2026. godine, na osnovu \u010dlana 137 Zakona o lokalnoj samoupravi, u vezi sa \u010dlanom 95 stav 1 ta\u010dka 1 Zakona o dr\u017eavnim slu\u017ebenicima i namje\u0161tenicima, kojim je kao te\u017ea povreda slu\u017ebene du\u017enosti definisano neizvr\u0161avanje ili nesavjesno i nemarno vr\u0161enje slu\u017ebenih obaveza&#8221;, navodi se u saop\u0161tenju.<\/p>\n\n\n\n<p>Kako se navodi u odluci, disciplinski postupak je pokrenut zbog sumnje da imenovani 31. decembra 2025. godine, u toku radnog vremena, nije izvr\u0161avao svoje slu\u017ebene obaveze, odnosno da je nesavjesno i nemarno vr\u0161io slu\u017ebenu du\u017enost, na na\u010din \u0161to je prisustvovao protestnom skupu organizovanom protiv izgradnje kapitalnog projekta Glavnog grada Podgorice \u2013 Postrojenja za pre\u010di\u0161\u0107avanje otpadnih voda, na lokaciji u naselju Botun.<\/p>\n\n\n\n<p>&#8220;Navedenim postupanjem, prema odluci gradona\u010delnika, imenovani je prekr\u0161io \u010dlan 4 stav 2 Eti\u010dkog kodeksa izabranih predstavnika i funkcionera u lokalnoj samoupravi Glavnog grada Podgorice, \u010dime je ugrozio interese i naru\u0161io ugled Glavnog grada&#8221;, naveli su iz Glavnog grada.<\/p>\n\n\n\n<p>U obrazlo\u017eenju odluke se navodi da postoje materijalni dokazi u vidu fotografija, video-zapisa i objava sa dru\u0161tvenih mre\u017ea, koji upu\u0107uju na osnovanu sumnju da je do\u0161lo do povrede slu\u017ebene du\u017enosti. Svi navodi i dokazi bi\u0107e razmatrani u disciplinskom postupku koji \u0107e, u skladu sa zakonom, voditi Disciplinska komisija Vlade Crne Gore.<\/p>\n\n\n\n<p>&#8220;Protiv ove odluke, kako je navedeno, nije dozvoljena \u017ealba, dok \u0107e se o disciplinskoj odgovornosti imenovanog odlu\u010divati nakon sprovedenog postupka, uz puno po\u0161tovanje zakonskih procedura i prava na izja\u0161njenje. Odluka je upu\u0107ena Vladislavu Dajkovi\u0107u i Disciplinskoj komisiji Vlade Crne Gore\u201c, zaklju\u010duje se u saop\u0161tenju.<\/p>\n\n\n\n<p><\/p>","protected":false},"excerpt":{"rendered":"<p>\u201eGradona\u010delnik\u00a0 Podgorice prof. dr Sa\u0161a Mujovi\u0107 donio je Odluku o pokretanju disciplinskog postupka i Rje\u0161enje o suspenziji do okon\u010danja istog protiv Vladislava Dajkovi\u0107a, rukovodioca Slu\u017ebe za gra\u0111ane, zbog sumnje da je po\u010dinio te\u017eu povredu slu\u017ebene du\u017enosti, saop\u0161teno je iz Glavnog grada.<\/p>","protected":false},"author":1,"featured_media":893485,"comment_status":"open","ping_status":"open","sticky":false,"template":"","format":"standard","meta":{"_acf_changed":false,"footnotes":""},"categories":[56],"tags":[174,5944,6419],"naslovna":[5434],"class_list":["post-907789","post","type-post","status-publish","format-standard","has-post-thumbnail","hentry","category-podgorica","tag-sasa-mujovic","tag-suspenzija","tag-vladislav-dajkovic"],"acf":[],"yoast_head":"<!-- This site is optimized with the Yoast SEO plugin v27.0 - https:\/\/yoast.com\/product\/yoast-seo-wordpress\/ -->\n<title>Mujovi\u0107 presjekao: Suspenzija i disciplinski postupak protiv Dajkovi\u0107a - dmcsrb.com<\/title>\n<meta name=\"robots\" content=\"index, follow, max-snippet:-1, max-image-preview:large, max-video-preview:-1\" \/>\n<link rel=\"canonical\" href=\"https:\/\/dmcsrb.com\/en\/podgorica\/mujovic-presjekao-suspenzija-i-disciplinski-postupak-protiv-dajkovica\/\" \/>\n<meta property=\"og:locale\" content=\"en_GB\" \/>\n<meta property=\"og:type\" content=\"article\" \/>\n<meta property=\"og:title\" content=\"Mujovi\u0107 presjekao: Suspenzija i disciplinski postupak protiv Dajkovi\u0107a - dmcsrb.com\" \/>\n<meta property=\"og:description\" content=\"\u201eGradona\u010delnik\u00a0 Podgorice prof. dr Sa\u0161a Mujovi\u0107 donio je Odluku o pokretanju disciplinskog postupka i Rje\u0161enje o suspenziji do okon\u010danja istog protiv Vladislava Dajkovi\u0107a, rukovodioca Slu\u017ebe za gra\u0111ane, zbog sumnje da je po\u010dinio te\u017eu povredu slu\u017ebene du\u017enosti, saop\u0161teno je iz Glavnog grada.\" \/>\n<meta property=\"og:url\" content=\"https:\/\/dmcsrb.com\/en\/podgorica\/mujovic-presjekao-suspenzija-i-disciplinski-postupak-protiv-dajkovica\/\" \/>\n<meta property=\"og:site_name\" content=\"dmcsrb.com\" \/>\n<meta property=\"article:published_time\" content=\"2026-01-12T12:46:01+00:00\" \/>\n<meta property=\"og:image\" content=\"https:\/\/dmcsrb.com\/wp-content\/uploads\/2025\/12\/Sasa-Mujovic-foto-glavni-grad.webp\" \/>\n\t<meta property=\"og:image:width\" content=\"1158\" \/>\n\t<meta property=\"og:image:height\" content=\"796\" \/>\n\t<meta property=\"og:image:type\" content=\"image\/jpeg\" \/>\n<meta name=\"author\" content=\"dmcsrbija.com@gmail.com\" \/>\n<meta name=\"twitter:card\" content=\"summary_large_image\" \/>\n<meta name=\"twitter:label1\" content=\"Written by\" \/>\n\t<meta name=\"twitter:data1\" content=\"dmcsrbija.com@gmail.com\" \/>\n\t<meta name=\"twitter:label2\" content=\"Estimated reading time\" \/>\n\t<meta name=\"twitter:data2\" content=\"1 minute\" \/>\n<script type=\"application\/ld+json\" class=\"yoast-schema-graph\">{\"@context\":\"https:\/\/schema.org\",\"@graph\":[{\"@type\":\"Article\",\"@id\":\"https:\/\/dmcsrb.com\/podgorica\/mujovic-presjekao-suspenzija-i-disciplinski-postupak-protiv-dajkovica\/#article\",\"isPartOf\":{\"@id\":\"https:\/\/dmcsrb.com\/podgorica\/mujovic-presjekao-suspenzija-i-disciplinski-postupak-protiv-dajkovica\/\"},\"author\":{\"name\":\"dmcsrbija.com@gmail.com\",\"@id\":\"https:\/\/dmcsrb.com\/#\/schema\/person\/5c39170f12db1b8b457732d0b5c854e2\"},\"headline\":\"Mujovi\u0107 presjekao: Suspenzija i disciplinski postupak protiv Dajkovi\u0107a\",\"datePublished\":\"2026-01-12T12:46:01+00:00\",\"mainEntityOfPage\":{\"@id\":\"https:\/\/dmcsrb.com\/podgorica\/mujovic-presjekao-suspenzija-i-disciplinski-postupak-protiv-dajkovica\/\"},\"wordCount\":280,\"commentCount\":0,\"image\":{\"@id\":\"https:\/\/dmcsrb.com\/podgorica\/mujovic-presjekao-suspenzija-i-disciplinski-postupak-protiv-dajkovica\/#primaryimage\"},\"thumbnailUrl\":\"https:\/\/dmcsrb.com\/wp-content\/uploads\/2025\/12\/Sasa-Mujovic-foto-glavni-grad.webp\",\"keywords\":[\"Sa\u0161a Mujovi\u0107\",\"suspenzija\",\"Vladislav Dajkovi\u0107\"],\"articleSection\":[\"Podgorica\"],\"inLanguage\":\"en-GB\",\"potentialAction\":[{\"@type\":\"CommentAction\",\"name\":\"Comment\",\"target\":[\"https:\/\/dmcsrb.com\/podgorica\/mujovic-presjekao-suspenzija-i-disciplinski-postupak-protiv-dajkovica\/#respond\"]}]},{\"@type\":\"WebPage\",\"@id\":\"https:\/\/dmcsrb.com\/podgorica\/mujovic-presjekao-suspenzija-i-disciplinski-postupak-protiv-dajkovica\/\",\"url\":\"https:\/\/dmcsrb.com\/podgorica\/mujovic-presjekao-suspenzija-i-disciplinski-postupak-protiv-dajkovica\/\",\"name\":\"Mujovi\u0107 presjekao: Suspenzija i disciplinski postupak protiv Dajkovi\u0107a - dmcsrb.com\",\"isPartOf\":{\"@id\":\"https:\/\/dmcsrb.com\/#website\"},\"primaryImageOfPage\":{\"@id\":\"https:\/\/dmcsrb.com\/podgorica\/mujovic-presjekao-suspenzija-i-disciplinski-postupak-protiv-dajkovica\/#primaryimage\"},\"image\":{\"@id\":\"https:\/\/dmcsrb.com\/podgorica\/mujovic-presjekao-suspenzija-i-disciplinski-postupak-protiv-dajkovica\/#primaryimage\"},\"thumbnailUrl\":\"https:\/\/dmcsrb.com\/wp-content\/uploads\/2025\/12\/Sasa-Mujovic-foto-glavni-grad.webp\",\"datePublished\":\"2026-01-12T12:46:01+00:00\",\"author\":{\"@id\":\"https:\/\/dmcsrb.com\/#\/schema\/person\/5c39170f12db1b8b457732d0b5c854e2\"},\"breadcrumb\":{\"@id\":\"https:\/\/dmcsrb.com\/podgorica\/mujovic-presjekao-suspenzija-i-disciplinski-postupak-protiv-dajkovica\/#breadcrumb\"},\"inLanguage\":\"en-GB\",\"potentialAction\":[{\"@type\":\"ReadAction\",\"target\":[\"https:\/\/dmcsrb.com\/podgorica\/mujovic-presjekao-suspenzija-i-disciplinski-postupak-protiv-dajkovica\/\"]}]},{\"@type\":\"ImageObject\",\"inLanguage\":\"en-GB\",\"@id\":\"https:\/\/dmcsrb.com\/podgorica\/mujovic-presjekao-suspenzija-i-disciplinski-postupak-protiv-dajkovica\/#primaryimage\",\"url\":\"https:\/\/dmcsrb.com\/wp-content\/uploads\/2025\/12\/Sasa-Mujovic-foto-glavni-grad.webp\",\"contentUrl\":\"https:\/\/dmcsrb.com\/wp-content\/uploads\/2025\/12\/Sasa-Mujovic-foto-glavni-grad.webp\",\"width\":1158,\"height\":796,\"caption\":\"Foto: Glavni grad\"},{\"@type\":\"BreadcrumbList\",\"@id\":\"https:\/\/dmcsrb.com\/podgorica\/mujovic-presjekao-suspenzija-i-disciplinski-postupak-protiv-dajkovica\/#breadcrumb\",\"itemListElement\":[{\"@type\":\"ListItem\",\"position\":1,\"name\":\"Home\",\"item\":\"https:\/\/dmcsrb.com\/\"},{\"@type\":\"ListItem\",\"position\":2,\"name\":\"Mujovi\u0107 presjekao: Suspenzija i disciplinski postupak protiv Dajkovi\u0107a\"}]},{\"@type\":\"WebSite\",\"@id\":\"https:\/\/dmcsrb.com\/#website\",\"url\":\"https:\/\/dmcsrb.com\/\",\"name\":\"dmcsrb.com\",\"description\":\"\",\"potentialAction\":[{\"@type\":\"SearchAction\",\"target\":{\"@type\":\"EntryPoint\",\"urlTemplate\":\"https:\/\/dmcsrb.com\/?s={search_term_string}\"},\"query-input\":{\"@type\":\"PropertyValueSpecification\",\"valueRequired\":true,\"valueName\":\"search_term_string\"}}],\"inLanguage\":\"en-GB\"},{\"@type\":\"Person\",\"@id\":\"https:\/\/dmcsrb.com\/#\/schema\/person\/5c39170f12db1b8b457732d0b5c854e2\",\"name\":\"dmcsrbija.com@gmail.com\",\"image\":{\"@type\":\"ImageObject\",\"inLanguage\":\"en-GB\",\"@id\":\"https:\/\/dmcsrb.com\/#\/schema\/person\/image\/\",\"url\":\"https:\/\/secure.gravatar.com\/avatar\/68592660ad6347fad0fb587f8d5d8f1a7b44961362f56e4f2cd524feb87e9069?s=96&d=mm&r=g\",\"contentUrl\":\"https:\/\/secure.gravatar.com\/avatar\/68592660ad6347fad0fb587f8d5d8f1a7b44961362f56e4f2cd524feb87e9069?s=96&d=mm&r=g\",\"caption\":\"dmcsrbija.com@gmail.com\"},\"sameAs\":[\"https:\/\/dmcsrb.com\"],\"url\":\"https:\/\/dmcsrb.com\/en\/author\/dmcsrbija-comgmail-com\/\"}]}<\/script>\n<!-- \/ Yoast SEO plugin. -->","yoast_head_json":{"title":"Mujovi\u0107 presjekao: Suspenzija i disciplinski postupak protiv Dajkovi\u0107a - dmcsrb.com","robots":{"index":"index","follow":"follow","max-snippet":"max-snippet:-1","max-image-preview":"max-image-preview:large","max-video-preview":"max-video-preview:-1"},"canonical":"https:\/\/dmcsrb.com\/en\/podgorica\/mujovic-presjekao-suspenzija-i-disciplinski-postupak-protiv-dajkovica\/","og_locale":"en_GB","og_type":"article","og_title":"Mujovi\u0107 presjekao: Suspenzija i disciplinski postupak protiv Dajkovi\u0107a - dmcsrb.com","og_description":"\u201eGradona\u010delnik\u00a0 Podgorice prof. dr Sa\u0161a Mujovi\u0107 donio je Odluku o pokretanju disciplinskog postupka i Rje\u0161enje o suspenziji do okon\u010danja istog protiv Vladislava Dajkovi\u0107a, rukovodioca Slu\u017ebe za gra\u0111ane, zbog sumnje da je po\u010dinio te\u017eu povredu slu\u017ebene du\u017enosti, saop\u0161teno je iz Glavnog grada.","og_url":"https:\/\/dmcsrb.com\/en\/podgorica\/mujovic-presjekao-suspenzija-i-disciplinski-postupak-protiv-dajkovica\/","og_site_name":"dmcsrb.com","article_published_time":"2026-01-12T12:46:01+00:00","og_image":[{"width":1158,"height":796,"url":"https:\/\/dmcsrb.com\/wp-content\/uploads\/2025\/12\/Sasa-Mujovic-foto-glavni-grad.webp","type":"image\/jpeg"}],"author":"dmcsrbija.com@gmail.com","twitter_card":"summary_large_image","twitter_misc":{"Written by":"dmcsrbija.com@gmail.com","Estimated reading time":"1 minute"},"schema":{"@context":"https:\/\/schema.org","@graph":[{"@type":"Article","@id":"https:\/\/dmcsrb.com\/podgorica\/mujovic-presjekao-suspenzija-i-disciplinski-postupak-protiv-dajkovica\/#article","isPartOf":{"@id":"https:\/\/dmcsrb.com\/podgorica\/mujovic-presjekao-suspenzija-i-disciplinski-postupak-protiv-dajkovica\/"},"author":{"name":"dmcsrbija.com@gmail.com","@id":"https:\/\/dmcsrb.com\/#\/schema\/person\/5c39170f12db1b8b457732d0b5c854e2"},"headline":"Mujovi\u0107 presjekao: Suspenzija i disciplinski postupak protiv Dajkovi\u0107a","datePublished":"2026-01-12T12:46:01+00:00","mainEntityOfPage":{"@id":"https:\/\/dmcsrb.com\/podgorica\/mujovic-presjekao-suspenzija-i-disciplinski-postupak-protiv-dajkovica\/"},"wordCount":280,"commentCount":0,"image":{"@id":"https:\/\/dmcsrb.com\/podgorica\/mujovic-presjekao-suspenzija-i-disciplinski-postupak-protiv-dajkovica\/#primaryimage"},"thumbnailUrl":"https:\/\/dmcsrb.com\/wp-content\/uploads\/2025\/12\/Sasa-Mujovic-foto-glavni-grad.webp","keywords":["Sa\u0161a Mujovi\u0107","suspenzija","Vladislav Dajkovi\u0107"],"articleSection":["Podgorica"],"inLanguage":"en-GB","potentialAction":[{"@type":"CommentAction","name":"Comment","target":["https:\/\/dmcsrb.com\/podgorica\/mujovic-presjekao-suspenzija-i-disciplinski-postupak-protiv-dajkovica\/#respond"]}]},{"@type":"WebPage","@id":"https:\/\/dmcsrb.com\/podgorica\/mujovic-presjekao-suspenzija-i-disciplinski-postupak-protiv-dajkovica\/","url":"https:\/\/dmcsrb.com\/podgorica\/mujovic-presjekao-suspenzija-i-disciplinski-postupak-protiv-dajkovica\/","name":"Mujovi\u0107 presjekao: Suspenzija i disciplinski postupak protiv Dajkovi\u0107a - dmcsrb.com","isPartOf":{"@id":"https:\/\/dmcsrb.com\/#website"},"primaryImageOfPage":{"@id":"https:\/\/dmcsrb.com\/podgorica\/mujovic-presjekao-suspenzija-i-disciplinski-postupak-protiv-dajkovica\/#primaryimage"},"image":{"@id":"https:\/\/dmcsrb.com\/podgorica\/mujovic-presjekao-suspenzija-i-disciplinski-postupak-protiv-dajkovica\/#primaryimage"},"thumbnailUrl":"https:\/\/dmcsrb.com\/wp-content\/uploads\/2025\/12\/Sasa-Mujovic-foto-glavni-grad.webp","datePublished":"2026-01-12T12:46:01+00:00","author":{"@id":"https:\/\/dmcsrb.com\/#\/schema\/person\/5c39170f12db1b8b457732d0b5c854e2"},"breadcrumb":{"@id":"https:\/\/dmcsrb.com\/podgorica\/mujovic-presjekao-suspenzija-i-disciplinski-postupak-protiv-dajkovica\/#breadcrumb"},"inLanguage":"en-GB","potentialAction":[{"@type":"ReadAction","target":["https:\/\/dmcsrb.com\/podgorica\/mujovic-presjekao-suspenzija-i-disciplinski-postupak-protiv-dajkovica\/"]}]},{"@type":"ImageObject","inLanguage":"en-GB","@id":"https:\/\/dmcsrb.com\/podgorica\/mujovic-presjekao-suspenzija-i-disciplinski-postupak-protiv-dajkovica\/#primaryimage","url":"https:\/\/dmcsrb.com\/wp-content\/uploads\/2025\/12\/Sasa-Mujovic-foto-glavni-grad.webp","contentUrl":"https:\/\/dmcsrb.com\/wp-content\/uploads\/2025\/12\/Sasa-Mujovic-foto-glavni-grad.webp","width":1158,"height":796,"caption":"Foto: Glavni grad"},{"@type":"BreadcrumbList","@id":"https:\/\/dmcsrb.com\/podgorica\/mujovic-presjekao-suspenzija-i-disciplinski-postupak-protiv-dajkovica\/#breadcrumb","itemListElement":[{"@type":"ListItem","position":1,"name":"Home","item":"https:\/\/dmcsrb.com\/"},{"@type":"ListItem","position":2,"name":"Mujovi\u0107 presjekao: Suspenzija i disciplinski postupak protiv Dajkovi\u0107a"}]},{"@type":"WebSite","@id":"https:\/\/dmcsrb.com\/#website","url":"https:\/\/dmcsrb.com\/","name":"dmcsrb.com","description":"","potentialAction":[{"@type":"SearchAction","target":{"@type":"EntryPoint","urlTemplate":"https:\/\/dmcsrb.com\/?s={search_term_string}"},"query-input":{"@type":"PropertyValueSpecification","valueRequired":true,"valueName":"search_term_string"}}],"inLanguage":"en-GB"},{"@type":"Person","@id":"https:\/\/dmcsrb.com\/#\/schema\/person\/5c39170f12db1b8b457732d0b5c854e2","name":"dmcsrbija.com@gmail.com","image":{"@type":"ImageObject","inLanguage":"en-GB","@id":"https:\/\/dmcsrb.com\/#\/schema\/person\/image\/","url":"https:\/\/secure.gravatar.com\/avatar\/68592660ad6347fad0fb587f8d5d8f1a7b44961362f56e4f2cd524feb87e9069?s=96&d=mm&r=g","contentUrl":"https:\/\/secure.gravatar.com\/avatar\/68592660ad6347fad0fb587f8d5d8f1a7b44961362f56e4f2cd524feb87e9069?s=96&d=mm&r=g","caption":"dmcsrbija.com@gmail.com"},"sameAs":["https:\/\/dmcsrb.com"],"url":"https:\/\/dmcsrb.com\/en\/author\/dmcsrbija-comgmail-com\/"}]}},"_links":{"self":[{"href":"https:\/\/dmcsrb.com\/en\/wp-json\/wp\/v2\/posts\/907789","targetHints":{"allow":["GET"]}}],"collection":[{"href":"https:\/\/dmcsrb.com\/en\/wp-json\/wp\/v2\/posts"}],"about":[{"href":"https:\/\/dmcsrb.com\/en\/wp-json\/wp\/v2\/types\/post"}],"author":[{"embeddable":true,"href":"https:\/\/dmcsrb.com\/en\/wp-json\/wp\/v2\/users\/1"}],"replies":[{"embeddable":true,"href":"https:\/\/dmcsrb.com\/en\/wp-json\/wp\/v2\/comments?post=907789"}],"version-history":[{"count":0,"href":"https:\/\/dmcsrb.com\/en\/wp-json\/wp\/v2\/posts\/907789\/revisions"}],"wp:featuredmedia":[{"embeddable":true,"href":"https:\/\/dmcsrb.com\/en\/wp-json\/wp\/v2\/media\/893485"}],"wp:attachment":[{"href":"https:\/\/dmcsrb.com\/en\/wp-json\/wp\/v2\/media?parent=907789"}],"wp:term":[{"taxonomy":"category","embeddable":true,"href":"https:\/\/dmcsrb.com\/en\/wp-json\/wp\/v2\/categories?post=907789"},{"taxonomy":"post_tag","embeddable":true,"href":"https:\/\/dmcsrb.com\/en\/wp-json\/wp\/v2\/tags?post=907789"},{"taxonomy":"naslovna","embeddable":true,"href":"https:\/\/dmcsrb.com\/en\/wp-json\/wp\/v2\/naslovna?post=907789"}],"curies":[{"name":"wp","href":"https:\/\/api.w.org\/{rel}","templated":true}]}}