{"id":907572,"date":"2026-01-11T22:44:27","date_gmt":"2026-01-11T21:44:27","guid":{"rendered":"https:\/\/gradski.me\/?p=907572"},"modified":"2026-01-11T22:44:27","modified_gmt":"2026-01-11T21:44:27","slug":"potvrdjeno-tvpg-rendzer-spasio-djecaka-iz-kanala-mareze-kod-ribnjaka","status":"publish","type":"post","link":"https:\/\/dmcsrb.com\/en\/drustvo\/potvrdjeno-tvpg-rendzer-spasio-djecaka-iz-kanala-mareze-kod-ribnjaka\/","title":{"rendered":"Potvr\u0111eno TVPG: Rend\u017eer spasio dje\u010daka iz kanala Mareze kod ribnjaka"},"content":{"rendered":"<p>Tokom redovne patrole, \u010diji je cilj bio upozoravanje okupljenih pecaro\u0161a na zabranu ribolova, jedan od rend\u017eera je oko 13 \u010dasova primijetio dje\u010daka u kanalu Mareze, u blizini ribnjaka. <\/p>\n\n\n\n<p>Prema rije\u010dima o\u010devidaca, dje\u010dak je prethodno ostavio jaknu na bankini i sko\u010dio u vodu, nakon \u010dega je po\u010deo da se davi.<\/p>\n\n\n\n<p>Dje\u010dak se u mutnoj i brzoj vodi dr\u017eao za travu, dok je dubina kanala na tom mjestu ne\u0161to manja od dva metra. Zahvaljuju\u0107i brzoj i prisebnoj reakciji rend\u017eera, dje\u010dak je izvu\u010den iz vode i spa\u0161en.<\/p>\n\n\n\n<p>Na lice mjesta kasnije je stigla i policija, koja je preuzela dalje postupanje. O\u010devici su potvrdili ove informacije, a vi\u0161e detalja o ovom doga\u0111aju o\u010dekuje se tokom sjutra\u0161njeg dana.<\/p>\n\n\n\n<p><\/p>","protected":false},"excerpt":{"rendered":"<p>Na za\u0161ti\u0107enom podru\u010dju Parka prirode \u201eRijeka Zeta\u201c danas je sprije\u010dena tragedija zahvaljuju\u0107i brzoj reakciji rend\u017eera Agencije za upravljanje za\u0161ti\u0107enim podru\u010djima Glavnog grada.<\/p>","protected":false},"author":1,"featured_media":907574,"comment_status":"open","ping_status":"open","sticky":false,"template":"","format":"standard","meta":{"_acf_changed":false,"footnotes":""},"categories":[2],"tags":[6356,6089,1124,1600,6357],"naslovna":[],"class_list":["post-907572","post","type-post","status-publish","format-standard","has-post-thumbnail","hentry","category-drustvo","tag-djecak","tag-kanal-mareza","tag-mareza","tag-rendzeri","tag-spasilac"],"acf":[],"yoast_head":"<!-- This site is optimized with the Yoast SEO plugin v27.4 - https:\/\/yoast.com\/product\/yoast-seo-wordpress\/ -->\n<title>Potvr\u0111eno TVPG: Rend\u017eer spasio dje\u010daka iz kanala Mareze kod ribnjaka - dmcsrb.com<\/title>\n<meta name=\"robots\" content=\"index, follow, max-snippet:-1, max-image-preview:large, max-video-preview:-1\" \/>\n<link rel=\"canonical\" href=\"https:\/\/dmcsrb.com\/en\/drustvo\/potvrdjeno-tvpg-rendzer-spasio-djecaka-iz-kanala-mareze-kod-ribnjaka\/\" \/>\n<meta property=\"og:locale\" content=\"en_GB\" \/>\n<meta property=\"og:type\" content=\"article\" \/>\n<meta property=\"og:title\" content=\"Potvr\u0111eno TVPG: Rend\u017eer spasio dje\u010daka iz kanala Mareze kod ribnjaka - dmcsrb.com\" \/>\n<meta property=\"og:description\" content=\"Na za\u0161ti\u0107enom podru\u010dju Parka prirode \u201eRijeka Zeta\u201c danas je sprije\u010dena tragedija zahvaljuju\u0107i brzoj reakciji rend\u017eera Agencije za upravljanje za\u0161ti\u0107enim podru\u010djima Glavnog grada.\" \/>\n<meta property=\"og:url\" content=\"https:\/\/dmcsrb.com\/en\/drustvo\/potvrdjeno-tvpg-rendzer-spasio-djecaka-iz-kanala-mareze-kod-ribnjaka\/\" \/>\n<meta property=\"og:site_name\" content=\"dmcsrb.com\" \/>\n<meta property=\"article:published_time\" content=\"2026-01-11T21:44:27+00:00\" \/>\n<meta property=\"og:image\" content=\"https:\/\/dmcsrb.com\/wp-content\/uploads\/2026\/01\/IMG-37b2d75a0c9515922dd98af589a6ae60-V.webp\" \/>\n\t<meta property=\"og:image:width\" content=\"1284\" \/>\n\t<meta property=\"og:image:height\" content=\"724\" \/>\n\t<meta property=\"og:image:type\" content=\"image\/jpeg\" \/>\n<meta name=\"author\" content=\"dmcsrbija.com@gmail.com\" \/>\n<meta name=\"twitter:card\" content=\"summary_large_image\" \/>\n<meta name=\"twitter:label1\" content=\"Written by\" \/>\n\t<meta name=\"twitter:data1\" content=\"dmcsrbija.com@gmail.com\" \/>\n\t<meta name=\"twitter:label2\" content=\"Estimated reading time\" \/>\n\t<meta name=\"twitter:data2\" content=\"1 minute\" \/>\n<script type=\"application\/ld+json\" class=\"yoast-schema-graph\">{\"@context\":\"https:\\\/\\\/schema.org\",\"@graph\":[{\"@type\":\"Article\",\"@id\":\"https:\\\/\\\/dmcsrb.com\\\/drustvo\\\/potvrdjeno-tvpg-rendzer-spasio-djecaka-iz-kanala-mareze-kod-ribnjaka\\\/#article\",\"isPartOf\":{\"@id\":\"https:\\\/\\\/dmcsrb.com\\\/drustvo\\\/potvrdjeno-tvpg-rendzer-spasio-djecaka-iz-kanala-mareze-kod-ribnjaka\\\/\"},\"author\":{\"name\":\"dmcsrbija.com@gmail.com\",\"@id\":\"https:\\\/\\\/dmcsrb.com\\\/#\\\/schema\\\/person\\\/5c39170f12db1b8b457732d0b5c854e2\"},\"headline\":\"Potvr\u0111eno TVPG: Rend\u017eer spasio dje\u010daka iz kanala Mareze kod ribnjaka\",\"datePublished\":\"2026-01-11T21:44:27+00:00\",\"mainEntityOfPage\":{\"@id\":\"https:\\\/\\\/dmcsrb.com\\\/drustvo\\\/potvrdjeno-tvpg-rendzer-spasio-djecaka-iz-kanala-mareze-kod-ribnjaka\\\/\"},\"wordCount\":146,\"commentCount\":0,\"image\":{\"@id\":\"https:\\\/\\\/dmcsrb.com\\\/drustvo\\\/potvrdjeno-tvpg-rendzer-spasio-djecaka-iz-kanala-mareze-kod-ribnjaka\\\/#primaryimage\"},\"thumbnailUrl\":\"https:\\\/\\\/dmcsrb.com\\\/wp-content\\\/uploads\\\/2026\\\/01\\\/IMG-37b2d75a0c9515922dd98af589a6ae60-V.webp\",\"keywords\":[\"dje\u010dak\",\"kanal mareza\",\"MAreza\",\"rend\u017eeri\",\"Spasilac\"],\"articleSection\":[\"Dru\u0161tvo\"],\"inLanguage\":\"en-GB\",\"potentialAction\":[{\"@type\":\"CommentAction\",\"name\":\"Comment\",\"target\":[\"https:\\\/\\\/dmcsrb.com\\\/drustvo\\\/potvrdjeno-tvpg-rendzer-spasio-djecaka-iz-kanala-mareze-kod-ribnjaka\\\/#respond\"]}]},{\"@type\":\"WebPage\",\"@id\":\"https:\\\/\\\/dmcsrb.com\\\/drustvo\\\/potvrdjeno-tvpg-rendzer-spasio-djecaka-iz-kanala-mareze-kod-ribnjaka\\\/\",\"url\":\"https:\\\/\\\/dmcsrb.com\\\/drustvo\\\/potvrdjeno-tvpg-rendzer-spasio-djecaka-iz-kanala-mareze-kod-ribnjaka\\\/\",\"name\":\"Potvr\u0111eno TVPG: Rend\u017eer spasio dje\u010daka iz kanala Mareze kod ribnjaka - dmcsrb.com\",\"isPartOf\":{\"@id\":\"https:\\\/\\\/dmcsrb.com\\\/#website\"},\"primaryImageOfPage\":{\"@id\":\"https:\\\/\\\/dmcsrb.com\\\/drustvo\\\/potvrdjeno-tvpg-rendzer-spasio-djecaka-iz-kanala-mareze-kod-ribnjaka\\\/#primaryimage\"},\"image\":{\"@id\":\"https:\\\/\\\/dmcsrb.com\\\/drustvo\\\/potvrdjeno-tvpg-rendzer-spasio-djecaka-iz-kanala-mareze-kod-ribnjaka\\\/#primaryimage\"},\"thumbnailUrl\":\"https:\\\/\\\/dmcsrb.com\\\/wp-content\\\/uploads\\\/2026\\\/01\\\/IMG-37b2d75a0c9515922dd98af589a6ae60-V.webp\",\"datePublished\":\"2026-01-11T21:44:27+00:00\",\"author\":{\"@id\":\"https:\\\/\\\/dmcsrb.com\\\/#\\\/schema\\\/person\\\/5c39170f12db1b8b457732d0b5c854e2\"},\"breadcrumb\":{\"@id\":\"https:\\\/\\\/dmcsrb.com\\\/drustvo\\\/potvrdjeno-tvpg-rendzer-spasio-djecaka-iz-kanala-mareze-kod-ribnjaka\\\/#breadcrumb\"},\"inLanguage\":\"en-GB\",\"potentialAction\":[{\"@type\":\"ReadAction\",\"target\":[\"https:\\\/\\\/dmcsrb.com\\\/drustvo\\\/potvrdjeno-tvpg-rendzer-spasio-djecaka-iz-kanala-mareze-kod-ribnjaka\\\/\"]}]},{\"@type\":\"ImageObject\",\"inLanguage\":\"en-GB\",\"@id\":\"https:\\\/\\\/dmcsrb.com\\\/drustvo\\\/potvrdjeno-tvpg-rendzer-spasio-djecaka-iz-kanala-mareze-kod-ribnjaka\\\/#primaryimage\",\"url\":\"https:\\\/\\\/dmcsrb.com\\\/wp-content\\\/uploads\\\/2026\\\/01\\\/IMG-37b2d75a0c9515922dd98af589a6ae60-V.webp\",\"contentUrl\":\"https:\\\/\\\/dmcsrb.com\\\/wp-content\\\/uploads\\\/2026\\\/01\\\/IMG-37b2d75a0c9515922dd98af589a6ae60-V.webp\",\"width\":1284,\"height\":724,\"caption\":\"Ilustracija\\\/Foto: RTV Podgorica\"},{\"@type\":\"BreadcrumbList\",\"@id\":\"https:\\\/\\\/dmcsrb.com\\\/drustvo\\\/potvrdjeno-tvpg-rendzer-spasio-djecaka-iz-kanala-mareze-kod-ribnjaka\\\/#breadcrumb\",\"itemListElement\":[{\"@type\":\"ListItem\",\"position\":1,\"name\":\"Home\",\"item\":\"https:\\\/\\\/dmcsrb.com\\\/\"},{\"@type\":\"ListItem\",\"position\":2,\"name\":\"Potvr\u0111eno TVPG: Rend\u017eer spasio dje\u010daka iz kanala Mareze kod ribnjaka\"}]},{\"@type\":\"WebSite\",\"@id\":\"https:\\\/\\\/dmcsrb.com\\\/#website\",\"url\":\"https:\\\/\\\/dmcsrb.com\\\/\",\"name\":\"dmcsrb.com\",\"description\":\"\",\"potentialAction\":[{\"@type\":\"SearchAction\",\"target\":{\"@type\":\"EntryPoint\",\"urlTemplate\":\"https:\\\/\\\/dmcsrb.com\\\/?s={search_term_string}\"},\"query-input\":{\"@type\":\"PropertyValueSpecification\",\"valueRequired\":true,\"valueName\":\"search_term_string\"}}],\"inLanguage\":\"en-GB\"},{\"@type\":\"Person\",\"@id\":\"https:\\\/\\\/dmcsrb.com\\\/#\\\/schema\\\/person\\\/5c39170f12db1b8b457732d0b5c854e2\",\"name\":\"dmcsrbija.com@gmail.com\",\"image\":{\"@type\":\"ImageObject\",\"inLanguage\":\"en-GB\",\"@id\":\"https:\\\/\\\/secure.gravatar.com\\\/avatar\\\/68592660ad6347fad0fb587f8d5d8f1a7b44961362f56e4f2cd524feb87e9069?s=96&d=mm&r=g\",\"url\":\"https:\\\/\\\/secure.gravatar.com\\\/avatar\\\/68592660ad6347fad0fb587f8d5d8f1a7b44961362f56e4f2cd524feb87e9069?s=96&d=mm&r=g\",\"contentUrl\":\"https:\\\/\\\/secure.gravatar.com\\\/avatar\\\/68592660ad6347fad0fb587f8d5d8f1a7b44961362f56e4f2cd524feb87e9069?s=96&d=mm&r=g\",\"caption\":\"dmcsrbija.com@gmail.com\"},\"sameAs\":[\"https:\\\/\\\/dmcsrb.com\"],\"url\":\"https:\\\/\\\/dmcsrb.com\\\/en\\\/author\\\/dmcsrbija-comgmail-com\\\/\"}]}<\/script>\n<!-- \/ Yoast SEO plugin. -->","yoast_head_json":{"title":"Potvr\u0111eno TVPG: Rend\u017eer spasio dje\u010daka iz kanala Mareze kod ribnjaka - dmcsrb.com","robots":{"index":"index","follow":"follow","max-snippet":"max-snippet:-1","max-image-preview":"max-image-preview:large","max-video-preview":"max-video-preview:-1"},"canonical":"https:\/\/dmcsrb.com\/en\/drustvo\/potvrdjeno-tvpg-rendzer-spasio-djecaka-iz-kanala-mareze-kod-ribnjaka\/","og_locale":"en_GB","og_type":"article","og_title":"Potvr\u0111eno TVPG: Rend\u017eer spasio dje\u010daka iz kanala Mareze kod ribnjaka - dmcsrb.com","og_description":"Na za\u0161ti\u0107enom podru\u010dju Parka prirode \u201eRijeka Zeta\u201c danas je sprije\u010dena tragedija zahvaljuju\u0107i brzoj reakciji rend\u017eera Agencije za upravljanje za\u0161ti\u0107enim podru\u010djima Glavnog grada.","og_url":"https:\/\/dmcsrb.com\/en\/drustvo\/potvrdjeno-tvpg-rendzer-spasio-djecaka-iz-kanala-mareze-kod-ribnjaka\/","og_site_name":"dmcsrb.com","article_published_time":"2026-01-11T21:44:27+00:00","og_image":[{"width":1284,"height":724,"url":"https:\/\/dmcsrb.com\/wp-content\/uploads\/2026\/01\/IMG-37b2d75a0c9515922dd98af589a6ae60-V.webp","type":"image\/jpeg"}],"author":"dmcsrbija.com@gmail.com","twitter_card":"summary_large_image","twitter_misc":{"Written by":"dmcsrbija.com@gmail.com","Estimated reading time":"1 minute"},"schema":{"@context":"https:\/\/schema.org","@graph":[{"@type":"Article","@id":"https:\/\/dmcsrb.com\/drustvo\/potvrdjeno-tvpg-rendzer-spasio-djecaka-iz-kanala-mareze-kod-ribnjaka\/#article","isPartOf":{"@id":"https:\/\/dmcsrb.com\/drustvo\/potvrdjeno-tvpg-rendzer-spasio-djecaka-iz-kanala-mareze-kod-ribnjaka\/"},"author":{"name":"dmcsrbija.com@gmail.com","@id":"https:\/\/dmcsrb.com\/#\/schema\/person\/5c39170f12db1b8b457732d0b5c854e2"},"headline":"Potvr\u0111eno TVPG: Rend\u017eer spasio dje\u010daka iz kanala Mareze kod ribnjaka","datePublished":"2026-01-11T21:44:27+00:00","mainEntityOfPage":{"@id":"https:\/\/dmcsrb.com\/drustvo\/potvrdjeno-tvpg-rendzer-spasio-djecaka-iz-kanala-mareze-kod-ribnjaka\/"},"wordCount":146,"commentCount":0,"image":{"@id":"https:\/\/dmcsrb.com\/drustvo\/potvrdjeno-tvpg-rendzer-spasio-djecaka-iz-kanala-mareze-kod-ribnjaka\/#primaryimage"},"thumbnailUrl":"https:\/\/dmcsrb.com\/wp-content\/uploads\/2026\/01\/IMG-37b2d75a0c9515922dd98af589a6ae60-V.webp","keywords":["dje\u010dak","kanal mareza","MAreza","rend\u017eeri","Spasilac"],"articleSection":["Dru\u0161tvo"],"inLanguage":"en-GB","potentialAction":[{"@type":"CommentAction","name":"Comment","target":["https:\/\/dmcsrb.com\/drustvo\/potvrdjeno-tvpg-rendzer-spasio-djecaka-iz-kanala-mareze-kod-ribnjaka\/#respond"]}]},{"@type":"WebPage","@id":"https:\/\/dmcsrb.com\/drustvo\/potvrdjeno-tvpg-rendzer-spasio-djecaka-iz-kanala-mareze-kod-ribnjaka\/","url":"https:\/\/dmcsrb.com\/drustvo\/potvrdjeno-tvpg-rendzer-spasio-djecaka-iz-kanala-mareze-kod-ribnjaka\/","name":"Potvr\u0111eno TVPG: Rend\u017eer spasio dje\u010daka iz kanala Mareze kod ribnjaka - dmcsrb.com","isPartOf":{"@id":"https:\/\/dmcsrb.com\/#website"},"primaryImageOfPage":{"@id":"https:\/\/dmcsrb.com\/drustvo\/potvrdjeno-tvpg-rendzer-spasio-djecaka-iz-kanala-mareze-kod-ribnjaka\/#primaryimage"},"image":{"@id":"https:\/\/dmcsrb.com\/drustvo\/potvrdjeno-tvpg-rendzer-spasio-djecaka-iz-kanala-mareze-kod-ribnjaka\/#primaryimage"},"thumbnailUrl":"https:\/\/dmcsrb.com\/wp-content\/uploads\/2026\/01\/IMG-37b2d75a0c9515922dd98af589a6ae60-V.webp","datePublished":"2026-01-11T21:44:27+00:00","author":{"@id":"https:\/\/dmcsrb.com\/#\/schema\/person\/5c39170f12db1b8b457732d0b5c854e2"},"breadcrumb":{"@id":"https:\/\/dmcsrb.com\/drustvo\/potvrdjeno-tvpg-rendzer-spasio-djecaka-iz-kanala-mareze-kod-ribnjaka\/#breadcrumb"},"inLanguage":"en-GB","potentialAction":[{"@type":"ReadAction","target":["https:\/\/dmcsrb.com\/drustvo\/potvrdjeno-tvpg-rendzer-spasio-djecaka-iz-kanala-mareze-kod-ribnjaka\/"]}]},{"@type":"ImageObject","inLanguage":"en-GB","@id":"https:\/\/dmcsrb.com\/drustvo\/potvrdjeno-tvpg-rendzer-spasio-djecaka-iz-kanala-mareze-kod-ribnjaka\/#primaryimage","url":"https:\/\/dmcsrb.com\/wp-content\/uploads\/2026\/01\/IMG-37b2d75a0c9515922dd98af589a6ae60-V.webp","contentUrl":"https:\/\/dmcsrb.com\/wp-content\/uploads\/2026\/01\/IMG-37b2d75a0c9515922dd98af589a6ae60-V.webp","width":1284,"height":724,"caption":"Ilustracija\/Foto: RTV Podgorica"},{"@type":"BreadcrumbList","@id":"https:\/\/dmcsrb.com\/drustvo\/potvrdjeno-tvpg-rendzer-spasio-djecaka-iz-kanala-mareze-kod-ribnjaka\/#breadcrumb","itemListElement":[{"@type":"ListItem","position":1,"name":"Home","item":"https:\/\/dmcsrb.com\/"},{"@type":"ListItem","position":2,"name":"Potvr\u0111eno TVPG: Rend\u017eer spasio dje\u010daka iz kanala Mareze kod ribnjaka"}]},{"@type":"WebSite","@id":"https:\/\/dmcsrb.com\/#website","url":"https:\/\/dmcsrb.com\/","name":"dmcsrb.com","description":"","potentialAction":[{"@type":"SearchAction","target":{"@type":"EntryPoint","urlTemplate":"https:\/\/dmcsrb.com\/?s={search_term_string}"},"query-input":{"@type":"PropertyValueSpecification","valueRequired":true,"valueName":"search_term_string"}}],"inLanguage":"en-GB"},{"@type":"Person","@id":"https:\/\/dmcsrb.com\/#\/schema\/person\/5c39170f12db1b8b457732d0b5c854e2","name":"dmcsrbija.com@gmail.com","image":{"@type":"ImageObject","inLanguage":"en-GB","@id":"https:\/\/secure.gravatar.com\/avatar\/68592660ad6347fad0fb587f8d5d8f1a7b44961362f56e4f2cd524feb87e9069?s=96&d=mm&r=g","url":"https:\/\/secure.gravatar.com\/avatar\/68592660ad6347fad0fb587f8d5d8f1a7b44961362f56e4f2cd524feb87e9069?s=96&d=mm&r=g","contentUrl":"https:\/\/secure.gravatar.com\/avatar\/68592660ad6347fad0fb587f8d5d8f1a7b44961362f56e4f2cd524feb87e9069?s=96&d=mm&r=g","caption":"dmcsrbija.com@gmail.com"},"sameAs":["https:\/\/dmcsrb.com"],"url":"https:\/\/dmcsrb.com\/en\/author\/dmcsrbija-comgmail-com\/"}]}},"_links":{"self":[{"href":"https:\/\/dmcsrb.com\/en\/wp-json\/wp\/v2\/posts\/907572","targetHints":{"allow":["GET"]}}],"collection":[{"href":"https:\/\/dmcsrb.com\/en\/wp-json\/wp\/v2\/posts"}],"about":[{"href":"https:\/\/dmcsrb.com\/en\/wp-json\/wp\/v2\/types\/post"}],"author":[{"embeddable":true,"href":"https:\/\/dmcsrb.com\/en\/wp-json\/wp\/v2\/users\/1"}],"replies":[{"embeddable":true,"href":"https:\/\/dmcsrb.com\/en\/wp-json\/wp\/v2\/comments?post=907572"}],"version-history":[{"count":0,"href":"https:\/\/dmcsrb.com\/en\/wp-json\/wp\/v2\/posts\/907572\/revisions"}],"wp:featuredmedia":[{"embeddable":true,"href":"https:\/\/dmcsrb.com\/en\/wp-json\/wp\/v2\/media\/907574"}],"wp:attachment":[{"href":"https:\/\/dmcsrb.com\/en\/wp-json\/wp\/v2\/media?parent=907572"}],"wp:term":[{"taxonomy":"category","embeddable":true,"href":"https:\/\/dmcsrb.com\/en\/wp-json\/wp\/v2\/categories?post=907572"},{"taxonomy":"post_tag","embeddable":true,"href":"https:\/\/dmcsrb.com\/en\/wp-json\/wp\/v2\/tags?post=907572"},{"taxonomy":"naslovna","embeddable":true,"href":"https:\/\/dmcsrb.com\/en\/wp-json\/wp\/v2\/naslovna?post=907572"}],"curies":[{"name":"wp","href":"https:\/\/api.w.org\/{rel}","templated":true}]}}