{"id":907480,"date":"2026-01-11T20:35:00","date_gmt":"2026-01-11T19:35:00","guid":{"rendered":"https:\/\/gradski.me\/?p=907480"},"modified":"2026-01-11T20:35:00","modified_gmt":"2026-01-11T19:35:00","slug":"vukicevic-ove-godine-iz-nase-zemlje-letjece-se-ka-vise-od-130-destinacija","status":"publish","type":"post","link":"https:\/\/dmcsrb.com\/en\/ekonomija\/vukicevic-ove-godine-iz-nase-zemlje-letjece-se-ka-vise-od-130-destinacija\/","title":{"rendered":"Vuki\u0107evi\u0107: Ove godine iz na\u0161e zemlje letje\u0107e se ka vi\u0161e od 130 destinacija"},"content":{"rendered":"<p><\/p>\n\n\n\n<p>&#8220;Izmijenili smo \u0161emu aviodostupnosti i to je dalo odre\u0111ene rezultate. Mo\u017eete da vidite da su Aerodromi Crne Gore poslovali izuzetno s ta\u010dke finansijskog dijela, ali prvi put u istoriji imali su preko 3 miliona putnika, \u0161to je zaista sjajan rezultat, ali ono \u0161to \u0107e sigurno obilje\u017eiti ovu godinu jeste to \u0161to \u0107e kompanija Wizz Air imati svoju bazu u Crnoj Gori. Mi smo u oktobru mjesecu potpisali memorandum o saradnji, tako da \u0107emo imati preko 70 linija iz Podgorice i preko 60 linija iz Tivta&#8221;, istakla je ona.<\/p>\n\n\n\n<p>Ima\u0107emo, kako navodi, direktnu liniju ka Antaliji, \u0161to je, vjeruje, jako interesantno za na\u0161e gra\u0111ane.&nbsp;<\/p>\n\n\n\n<p>&#8220;Vidjeli ste da je i British Airways otvorio liniju ka Tivtu. Ove linije koje su najavljene, dakle, one \u0107e postati cjelogodi\u0161nje linije i to da razjasnimo, po\u0161to je bilo i tu odre\u0111enih nedoumica, tako da \u0107e zasigurno uticati na \u010ditavu privredu i na turizam&#8221;, ka\u017ee ona.<\/p>","protected":false},"excerpt":{"rendered":"<p>Avio-dostupnost Crne Gore znatno je bolja u odnosu na ranije \u2013 u vazdu\u0161nom saobra\u0107aju uradilo se mnogo i nacionalna avio-kompanija posti\u017ee izuzetne rezultate. To je za TVCG kazala ministarka saobra\u0107aja Maja Vuki\u0107evi\u0107. Najavila je da \u0107e se ove godine iz na\u0161e zemlje letjeti ka vi\u0161e od 130 destinacija, \u0161to \u0107e umanjiti potrebu za aerodromima iz regiona.<\/p>","protected":false},"author":1,"featured_media":618065,"comment_status":"open","ping_status":"open","sticky":false,"template":"","format":"standard","meta":{"_acf_changed":false,"footnotes":""},"categories":[27],"tags":[1898,3081],"naslovna":[],"class_list":["post-907480","post","type-post","status-publish","format-standard","has-post-thumbnail","hentry","category-ekonomija","tag-maja-vukicevic","tag-ministarstvo-saobracaja"],"acf":[],"yoast_head":"<!-- This site is optimized with the Yoast SEO plugin v27.0 - https:\/\/yoast.com\/product\/yoast-seo-wordpress\/ -->\n<title>Vuki\u0107evi\u0107: Ove godine iz na\u0161e zemlje letje\u0107e se ka vi\u0161e od 130 destinacija - dmcsrb.com<\/title>\n<meta name=\"robots\" content=\"index, follow, max-snippet:-1, max-image-preview:large, max-video-preview:-1\" \/>\n<link rel=\"canonical\" href=\"https:\/\/dmcsrb.com\/en\/ekonomija\/vukicevic-ove-godine-iz-nase-zemlje-letjece-se-ka-vise-od-130-destinacija\/\" \/>\n<meta property=\"og:locale\" content=\"en_GB\" \/>\n<meta property=\"og:type\" content=\"article\" \/>\n<meta property=\"og:title\" content=\"Vuki\u0107evi\u0107: Ove godine iz na\u0161e zemlje letje\u0107e se ka vi\u0161e od 130 destinacija - dmcsrb.com\" \/>\n<meta property=\"og:description\" content=\"Avio-dostupnost Crne Gore znatno je bolja u odnosu na ranije \u2013 u vazdu\u0161nom saobra\u0107aju uradilo se mnogo i nacionalna avio-kompanija posti\u017ee izuzetne rezultate. To je za TVCG kazala ministarka saobra\u0107aja Maja Vuki\u0107evi\u0107. Najavila je da \u0107e se ove godine iz na\u0161e zemlje letjeti ka vi\u0161e od 130 destinacija, \u0161to \u0107e umanjiti potrebu za aerodromima iz regiona.\" \/>\n<meta property=\"og:url\" content=\"https:\/\/dmcsrb.com\/en\/ekonomija\/vukicevic-ove-godine-iz-nase-zemlje-letjece-se-ka-vise-od-130-destinacija\/\" \/>\n<meta property=\"og:site_name\" content=\"dmcsrb.com\" \/>\n<meta property=\"article:published_time\" content=\"2026-01-11T19:35:00+00:00\" \/>\n<meta property=\"og:image\" content=\"https:\/\/dmcsrb.com\/wp-content\/uploads\/2024\/09\/Maja-Vukicevic-foto-vlada-cg.jpg\" \/>\n\t<meta property=\"og:image:width\" content=\"1125\" \/>\n\t<meta property=\"og:image:height\" content=\"663\" \/>\n\t<meta property=\"og:image:type\" content=\"image\/jpeg\" \/>\n<meta name=\"author\" content=\"dmcsrbija.com@gmail.com\" \/>\n<meta name=\"twitter:card\" content=\"summary_large_image\" \/>\n<meta name=\"twitter:label1\" content=\"Written by\" \/>\n\t<meta name=\"twitter:data1\" content=\"dmcsrbija.com@gmail.com\" \/>\n\t<meta name=\"twitter:label2\" content=\"Estimated reading time\" \/>\n\t<meta name=\"twitter:data2\" content=\"1 minute\" \/>\n<script type=\"application\/ld+json\" class=\"yoast-schema-graph\">{\"@context\":\"https:\/\/schema.org\",\"@graph\":[{\"@type\":\"Article\",\"@id\":\"https:\/\/dmcsrb.com\/ekonomija\/vukicevic-ove-godine-iz-nase-zemlje-letjece-se-ka-vise-od-130-destinacija\/#article\",\"isPartOf\":{\"@id\":\"https:\/\/dmcsrb.com\/ekonomija\/vukicevic-ove-godine-iz-nase-zemlje-letjece-se-ka-vise-od-130-destinacija\/\"},\"author\":{\"name\":\"dmcsrbija.com@gmail.com\",\"@id\":\"https:\/\/dmcsrb.com\/#\/schema\/person\/5c39170f12db1b8b457732d0b5c854e2\"},\"headline\":\"Vuki\u0107evi\u0107: Ove godine iz na\u0161e zemlje letje\u0107e se ka vi\u0161e od 130 destinacija\",\"datePublished\":\"2026-01-11T19:35:00+00:00\",\"mainEntityOfPage\":{\"@id\":\"https:\/\/dmcsrb.com\/ekonomija\/vukicevic-ove-godine-iz-nase-zemlje-letjece-se-ka-vise-od-130-destinacija\/\"},\"wordCount\":174,\"commentCount\":0,\"image\":{\"@id\":\"https:\/\/dmcsrb.com\/ekonomija\/vukicevic-ove-godine-iz-nase-zemlje-letjece-se-ka-vise-od-130-destinacija\/#primaryimage\"},\"thumbnailUrl\":\"https:\/\/dmcsrb.com\/wp-content\/uploads\/2024\/09\/Maja-Vukicevic-foto-vlada-cg.jpg\",\"keywords\":[\"maja vuki\u0107evi\u0107\",\"Ministarstvo saobra\u0107aja\"],\"articleSection\":[\"Ekonomija\"],\"inLanguage\":\"en-GB\",\"potentialAction\":[{\"@type\":\"CommentAction\",\"name\":\"Comment\",\"target\":[\"https:\/\/dmcsrb.com\/ekonomija\/vukicevic-ove-godine-iz-nase-zemlje-letjece-se-ka-vise-od-130-destinacija\/#respond\"]}]},{\"@type\":\"WebPage\",\"@id\":\"https:\/\/dmcsrb.com\/ekonomija\/vukicevic-ove-godine-iz-nase-zemlje-letjece-se-ka-vise-od-130-destinacija\/\",\"url\":\"https:\/\/dmcsrb.com\/ekonomija\/vukicevic-ove-godine-iz-nase-zemlje-letjece-se-ka-vise-od-130-destinacija\/\",\"name\":\"Vuki\u0107evi\u0107: Ove godine iz na\u0161e zemlje letje\u0107e se ka vi\u0161e od 130 destinacija - dmcsrb.com\",\"isPartOf\":{\"@id\":\"https:\/\/dmcsrb.com\/#website\"},\"primaryImageOfPage\":{\"@id\":\"https:\/\/dmcsrb.com\/ekonomija\/vukicevic-ove-godine-iz-nase-zemlje-letjece-se-ka-vise-od-130-destinacija\/#primaryimage\"},\"image\":{\"@id\":\"https:\/\/dmcsrb.com\/ekonomija\/vukicevic-ove-godine-iz-nase-zemlje-letjece-se-ka-vise-od-130-destinacija\/#primaryimage\"},\"thumbnailUrl\":\"https:\/\/dmcsrb.com\/wp-content\/uploads\/2024\/09\/Maja-Vukicevic-foto-vlada-cg.jpg\",\"datePublished\":\"2026-01-11T19:35:00+00:00\",\"author\":{\"@id\":\"https:\/\/dmcsrb.com\/#\/schema\/person\/5c39170f12db1b8b457732d0b5c854e2\"},\"breadcrumb\":{\"@id\":\"https:\/\/dmcsrb.com\/ekonomija\/vukicevic-ove-godine-iz-nase-zemlje-letjece-se-ka-vise-od-130-destinacija\/#breadcrumb\"},\"inLanguage\":\"en-GB\",\"potentialAction\":[{\"@type\":\"ReadAction\",\"target\":[\"https:\/\/dmcsrb.com\/ekonomija\/vukicevic-ove-godine-iz-nase-zemlje-letjece-se-ka-vise-od-130-destinacija\/\"]}]},{\"@type\":\"ImageObject\",\"inLanguage\":\"en-GB\",\"@id\":\"https:\/\/dmcsrb.com\/ekonomija\/vukicevic-ove-godine-iz-nase-zemlje-letjece-se-ka-vise-od-130-destinacija\/#primaryimage\",\"url\":\"https:\/\/dmcsrb.com\/wp-content\/uploads\/2024\/09\/Maja-Vukicevic-foto-vlada-cg.jpg\",\"contentUrl\":\"https:\/\/dmcsrb.com\/wp-content\/uploads\/2024\/09\/Maja-Vukicevic-foto-vlada-cg.jpg\",\"width\":1125,\"height\":663,\"caption\":\"Foto: Vlada CG\"},{\"@type\":\"BreadcrumbList\",\"@id\":\"https:\/\/dmcsrb.com\/ekonomija\/vukicevic-ove-godine-iz-nase-zemlje-letjece-se-ka-vise-od-130-destinacija\/#breadcrumb\",\"itemListElement\":[{\"@type\":\"ListItem\",\"position\":1,\"name\":\"Home\",\"item\":\"https:\/\/dmcsrb.com\/\"},{\"@type\":\"ListItem\",\"position\":2,\"name\":\"Vuki\u0107evi\u0107: Ove godine iz na\u0161e zemlje letje\u0107e se ka vi\u0161e od 130 destinacija\"}]},{\"@type\":\"WebSite\",\"@id\":\"https:\/\/dmcsrb.com\/#website\",\"url\":\"https:\/\/dmcsrb.com\/\",\"name\":\"dmcsrb.com\",\"description\":\"\",\"potentialAction\":[{\"@type\":\"SearchAction\",\"target\":{\"@type\":\"EntryPoint\",\"urlTemplate\":\"https:\/\/dmcsrb.com\/?s={search_term_string}\"},\"query-input\":{\"@type\":\"PropertyValueSpecification\",\"valueRequired\":true,\"valueName\":\"search_term_string\"}}],\"inLanguage\":\"en-GB\"},{\"@type\":\"Person\",\"@id\":\"https:\/\/dmcsrb.com\/#\/schema\/person\/5c39170f12db1b8b457732d0b5c854e2\",\"name\":\"dmcsrbija.com@gmail.com\",\"image\":{\"@type\":\"ImageObject\",\"inLanguage\":\"en-GB\",\"@id\":\"https:\/\/dmcsrb.com\/#\/schema\/person\/image\/\",\"url\":\"https:\/\/secure.gravatar.com\/avatar\/68592660ad6347fad0fb587f8d5d8f1a7b44961362f56e4f2cd524feb87e9069?s=96&d=mm&r=g\",\"contentUrl\":\"https:\/\/secure.gravatar.com\/avatar\/68592660ad6347fad0fb587f8d5d8f1a7b44961362f56e4f2cd524feb87e9069?s=96&d=mm&r=g\",\"caption\":\"dmcsrbija.com@gmail.com\"},\"sameAs\":[\"https:\/\/dmcsrb.com\"],\"url\":\"https:\/\/dmcsrb.com\/en\/author\/dmcsrbija-comgmail-com\/\"}]}<\/script>\n<!-- \/ Yoast SEO plugin. -->","yoast_head_json":{"title":"Vuki\u0107evi\u0107: Ove godine iz na\u0161e zemlje letje\u0107e se ka vi\u0161e od 130 destinacija - dmcsrb.com","robots":{"index":"index","follow":"follow","max-snippet":"max-snippet:-1","max-image-preview":"max-image-preview:large","max-video-preview":"max-video-preview:-1"},"canonical":"https:\/\/dmcsrb.com\/en\/ekonomija\/vukicevic-ove-godine-iz-nase-zemlje-letjece-se-ka-vise-od-130-destinacija\/","og_locale":"en_GB","og_type":"article","og_title":"Vuki\u0107evi\u0107: Ove godine iz na\u0161e zemlje letje\u0107e se ka vi\u0161e od 130 destinacija - dmcsrb.com","og_description":"Avio-dostupnost Crne Gore znatno je bolja u odnosu na ranije \u2013 u vazdu\u0161nom saobra\u0107aju uradilo se mnogo i nacionalna avio-kompanija posti\u017ee izuzetne rezultate. To je za TVCG kazala ministarka saobra\u0107aja Maja Vuki\u0107evi\u0107. Najavila je da \u0107e se ove godine iz na\u0161e zemlje letjeti ka vi\u0161e od 130 destinacija, \u0161to \u0107e umanjiti potrebu za aerodromima iz regiona.","og_url":"https:\/\/dmcsrb.com\/en\/ekonomija\/vukicevic-ove-godine-iz-nase-zemlje-letjece-se-ka-vise-od-130-destinacija\/","og_site_name":"dmcsrb.com","article_published_time":"2026-01-11T19:35:00+00:00","og_image":[{"width":1125,"height":663,"url":"https:\/\/dmcsrb.com\/wp-content\/uploads\/2024\/09\/Maja-Vukicevic-foto-vlada-cg.jpg","type":"image\/jpeg"}],"author":"dmcsrbija.com@gmail.com","twitter_card":"summary_large_image","twitter_misc":{"Written by":"dmcsrbija.com@gmail.com","Estimated reading time":"1 minute"},"schema":{"@context":"https:\/\/schema.org","@graph":[{"@type":"Article","@id":"https:\/\/dmcsrb.com\/ekonomija\/vukicevic-ove-godine-iz-nase-zemlje-letjece-se-ka-vise-od-130-destinacija\/#article","isPartOf":{"@id":"https:\/\/dmcsrb.com\/ekonomija\/vukicevic-ove-godine-iz-nase-zemlje-letjece-se-ka-vise-od-130-destinacija\/"},"author":{"name":"dmcsrbija.com@gmail.com","@id":"https:\/\/dmcsrb.com\/#\/schema\/person\/5c39170f12db1b8b457732d0b5c854e2"},"headline":"Vuki\u0107evi\u0107: Ove godine iz na\u0161e zemlje letje\u0107e se ka vi\u0161e od 130 destinacija","datePublished":"2026-01-11T19:35:00+00:00","mainEntityOfPage":{"@id":"https:\/\/dmcsrb.com\/ekonomija\/vukicevic-ove-godine-iz-nase-zemlje-letjece-se-ka-vise-od-130-destinacija\/"},"wordCount":174,"commentCount":0,"image":{"@id":"https:\/\/dmcsrb.com\/ekonomija\/vukicevic-ove-godine-iz-nase-zemlje-letjece-se-ka-vise-od-130-destinacija\/#primaryimage"},"thumbnailUrl":"https:\/\/dmcsrb.com\/wp-content\/uploads\/2024\/09\/Maja-Vukicevic-foto-vlada-cg.jpg","keywords":["maja vuki\u0107evi\u0107","Ministarstvo saobra\u0107aja"],"articleSection":["Ekonomija"],"inLanguage":"en-GB","potentialAction":[{"@type":"CommentAction","name":"Comment","target":["https:\/\/dmcsrb.com\/ekonomija\/vukicevic-ove-godine-iz-nase-zemlje-letjece-se-ka-vise-od-130-destinacija\/#respond"]}]},{"@type":"WebPage","@id":"https:\/\/dmcsrb.com\/ekonomija\/vukicevic-ove-godine-iz-nase-zemlje-letjece-se-ka-vise-od-130-destinacija\/","url":"https:\/\/dmcsrb.com\/ekonomija\/vukicevic-ove-godine-iz-nase-zemlje-letjece-se-ka-vise-od-130-destinacija\/","name":"Vuki\u0107evi\u0107: Ove godine iz na\u0161e zemlje letje\u0107e se ka vi\u0161e od 130 destinacija - dmcsrb.com","isPartOf":{"@id":"https:\/\/dmcsrb.com\/#website"},"primaryImageOfPage":{"@id":"https:\/\/dmcsrb.com\/ekonomija\/vukicevic-ove-godine-iz-nase-zemlje-letjece-se-ka-vise-od-130-destinacija\/#primaryimage"},"image":{"@id":"https:\/\/dmcsrb.com\/ekonomija\/vukicevic-ove-godine-iz-nase-zemlje-letjece-se-ka-vise-od-130-destinacija\/#primaryimage"},"thumbnailUrl":"https:\/\/dmcsrb.com\/wp-content\/uploads\/2024\/09\/Maja-Vukicevic-foto-vlada-cg.jpg","datePublished":"2026-01-11T19:35:00+00:00","author":{"@id":"https:\/\/dmcsrb.com\/#\/schema\/person\/5c39170f12db1b8b457732d0b5c854e2"},"breadcrumb":{"@id":"https:\/\/dmcsrb.com\/ekonomija\/vukicevic-ove-godine-iz-nase-zemlje-letjece-se-ka-vise-od-130-destinacija\/#breadcrumb"},"inLanguage":"en-GB","potentialAction":[{"@type":"ReadAction","target":["https:\/\/dmcsrb.com\/ekonomija\/vukicevic-ove-godine-iz-nase-zemlje-letjece-se-ka-vise-od-130-destinacija\/"]}]},{"@type":"ImageObject","inLanguage":"en-GB","@id":"https:\/\/dmcsrb.com\/ekonomija\/vukicevic-ove-godine-iz-nase-zemlje-letjece-se-ka-vise-od-130-destinacija\/#primaryimage","url":"https:\/\/dmcsrb.com\/wp-content\/uploads\/2024\/09\/Maja-Vukicevic-foto-vlada-cg.jpg","contentUrl":"https:\/\/dmcsrb.com\/wp-content\/uploads\/2024\/09\/Maja-Vukicevic-foto-vlada-cg.jpg","width":1125,"height":663,"caption":"Foto: Vlada CG"},{"@type":"BreadcrumbList","@id":"https:\/\/dmcsrb.com\/ekonomija\/vukicevic-ove-godine-iz-nase-zemlje-letjece-se-ka-vise-od-130-destinacija\/#breadcrumb","itemListElement":[{"@type":"ListItem","position":1,"name":"Home","item":"https:\/\/dmcsrb.com\/"},{"@type":"ListItem","position":2,"name":"Vuki\u0107evi\u0107: Ove godine iz na\u0161e zemlje letje\u0107e se ka vi\u0161e od 130 destinacija"}]},{"@type":"WebSite","@id":"https:\/\/dmcsrb.com\/#website","url":"https:\/\/dmcsrb.com\/","name":"dmcsrb.com","description":"","potentialAction":[{"@type":"SearchAction","target":{"@type":"EntryPoint","urlTemplate":"https:\/\/dmcsrb.com\/?s={search_term_string}"},"query-input":{"@type":"PropertyValueSpecification","valueRequired":true,"valueName":"search_term_string"}}],"inLanguage":"en-GB"},{"@type":"Person","@id":"https:\/\/dmcsrb.com\/#\/schema\/person\/5c39170f12db1b8b457732d0b5c854e2","name":"dmcsrbija.com@gmail.com","image":{"@type":"ImageObject","inLanguage":"en-GB","@id":"https:\/\/dmcsrb.com\/#\/schema\/person\/image\/","url":"https:\/\/secure.gravatar.com\/avatar\/68592660ad6347fad0fb587f8d5d8f1a7b44961362f56e4f2cd524feb87e9069?s=96&d=mm&r=g","contentUrl":"https:\/\/secure.gravatar.com\/avatar\/68592660ad6347fad0fb587f8d5d8f1a7b44961362f56e4f2cd524feb87e9069?s=96&d=mm&r=g","caption":"dmcsrbija.com@gmail.com"},"sameAs":["https:\/\/dmcsrb.com"],"url":"https:\/\/dmcsrb.com\/en\/author\/dmcsrbija-comgmail-com\/"}]}},"_links":{"self":[{"href":"https:\/\/dmcsrb.com\/en\/wp-json\/wp\/v2\/posts\/907480","targetHints":{"allow":["GET"]}}],"collection":[{"href":"https:\/\/dmcsrb.com\/en\/wp-json\/wp\/v2\/posts"}],"about":[{"href":"https:\/\/dmcsrb.com\/en\/wp-json\/wp\/v2\/types\/post"}],"author":[{"embeddable":true,"href":"https:\/\/dmcsrb.com\/en\/wp-json\/wp\/v2\/users\/1"}],"replies":[{"embeddable":true,"href":"https:\/\/dmcsrb.com\/en\/wp-json\/wp\/v2\/comments?post=907480"}],"version-history":[{"count":0,"href":"https:\/\/dmcsrb.com\/en\/wp-json\/wp\/v2\/posts\/907480\/revisions"}],"wp:featuredmedia":[{"embeddable":true,"href":"https:\/\/dmcsrb.com\/en\/wp-json\/wp\/v2\/media\/618065"}],"wp:attachment":[{"href":"https:\/\/dmcsrb.com\/en\/wp-json\/wp\/v2\/media?parent=907480"}],"wp:term":[{"taxonomy":"category","embeddable":true,"href":"https:\/\/dmcsrb.com\/en\/wp-json\/wp\/v2\/categories?post=907480"},{"taxonomy":"post_tag","embeddable":true,"href":"https:\/\/dmcsrb.com\/en\/wp-json\/wp\/v2\/tags?post=907480"},{"taxonomy":"naslovna","embeddable":true,"href":"https:\/\/dmcsrb.com\/en\/wp-json\/wp\/v2\/naslovna?post=907480"}],"curies":[{"name":"wp","href":"https:\/\/api.w.org\/{rel}","templated":true}]}}