{"id":907449,"date":"2026-01-12T07:14:00","date_gmt":"2026-01-12T06:14:00","guid":{"rendered":"https:\/\/gradski.me\/?p=907449"},"modified":"2026-01-12T07:14:00","modified_gmt":"2026-01-12T06:14:00","slug":"u-crnoj-gori-prosjecno-dva-razvoda-dnevno","status":"publish","type":"post","link":"https:\/\/dmcsrb.com\/en\/drustvo\/u-crnoj-gori-prosjecno-dva-razvoda-dnevno\/","title":{"rendered":"(VIDEO) U Crnoj Gori prosje\u010dno dva razvoda dnevno"},"content":{"rendered":"<p><\/p>\n\n\n\n<p>U 2024. registrovano je ukupno 853 razvoda, \u0161to je bio najve\u0107i broj u posljednjih nekoliko godina. Podaci Monstata za prvih 10 mjeseci 2025. godine pokazuju da je razvedeno 536 bra\u010dnih zajednica. Stru\u010dnjaci za porodi\u010dne odnose i advokati koji se bave brakorazvodnim postupcima tvrde da je prema njihovim saznanjima i iskustvu sa klijentima, trend rasta nastavljen i u 2025. godini, te da su razvodi u posljednje vrijeme dobili razmjere epidemije.<\/p>\n\n\n\n<p>&#8220;Svakako mogu re\u0107i, u odnosu na broj predmeta u kojima je kancelarija zastupala, tu govorim o preko 20 predmeta. To su predmeti koji su inicirani u ovoj godini, \u0161to je zna\u010dajan broj. Ono \u0161to se meni \u010dini u svemu tome, da u ovoj godini mo\u017eda imamo ve\u0107i broj sporazumnih razvoda braka, u odnosu na neki prethodni period. Postupak razvoda se inicira na dva na\u010dina ili tu\u017ebom jednog od supru\u017enika ili predlogom za sporazumni razvod braka koji podnose supru\u017enici zajedni\u010dki na na\u010din \u0161to reguli\u0161u sva pitanja koja su bitna za regulisanje tih porodi\u010dno-imovinskih odnosa&#8221;, kazala je advokatica <strong>Tamara Dabovi\u0107<\/strong>.<\/p>\n\n\n\n<figure class=\"wp-block-image size-large\"><img decoding=\"async\" src=\"https:\/\/dmcsrb.com\/wp-content\/uploads\/2026\/01\/Advokatica-Tamara-Dabovic-foto-rtv-pg-1024x592.jpg\" alt=\"\" class=\"wp-image-907472\"\/><figcaption class=\"wp-element-caption\"><strong><em>Dabovi\u0107\/Foto: RTV PG<\/em><\/strong><\/figcaption><\/figure>\n\n\n\n<p>Isti\u010de da je jedan od od naj\u010de\u0161\u0107ih razloga za raskid braka nedostatak komunikacije izme\u0111u supru\u017enika.<\/p>\n\n\n\n<p>Dabovi\u0107 navodi da je komunikacija osnov svakog zdravog odnosa i dvosmjerna ulica.<\/p>\n\n\n\n<p>&#8220;Negdje mi se \u010dini da naj\u010de\u0161\u0107e ne postoji mogu\u0107nost da se na adekvatan na\u010din iskomunicira \u017eelja i potreba, odnosno jednostavno da supru\u017enici na adekvatan na\u010din iznesu ono \u0161to smatraju da je problemati\u010dno i da se na kraju krajeva ne samo ka\u017ee to \u0161to je potrebno re\u0107i ve\u0107 i da se s druge strane \u010duje onaj ko je sa druge strane&#8221;, istakla je Dabovi\u0107.<\/p>\n\n\n\n<p>Sli\u010dan stav imaju stru\u010dnjaci iz oblasti socijalne za\u0161tite, koji dodaju da upravo problem u komunikaciji \u010desto dovode do drugotrajnih konflikata a na kraju i do raskida braka.<\/p>\n\n\n\n<p>&#8220;Razvodi braka su u posljenje vrijeme dobili razmjere epidemije. Naj\u010de\u0161\u0107i uzroci razvoda braka su neslaganje me\u0111u partnerima, nedovoljno komunikacije me\u0111u partnerima, idealizacija koju nam donosi modernizacija, savremeni mediji i doba digitalizacije. To nam mijenja odnos bliskosti me\u0111u partnerima, u stvari do\u017eivljaja odnosa bliskosti, ljubavi, komunikacije, a to se umnogome promijenilo pa i dolazi do prevara. Bilje\u017eimo veliki broj razvoda, a od 1990. godine je trostruko pove\u0107an broj razvedenih brakova. Najve\u0107i broj razvedenih brakova je ba\u0161 u Podgorici. U protekloj 2024. taj broj je bio 853, \u0161to je za nas kao dru\u0161tvo alarmantno&#8221;, kazala je socijalni radnik <strong>Milena Lazovi\u0107<\/strong>.<\/p>\n\n\n\n<figure class=\"wp-block-image size-large\"><img decoding=\"async\" src=\"https:\/\/dmcsrb.com\/wp-content\/uploads\/2026\/01\/Milena-Lazovic-socijalna-radnica-foto-rtv-pg-1024x617.jpg\" alt=\"\" class=\"wp-image-907477\"\/><figcaption class=\"wp-element-caption\"><strong><em>Lazovi\u0107\/Foto: RTV PG<\/em><\/strong><\/figcaption><\/figure>\n\n\n\n<p>Isti\u010de da im se obi\u010dno javi jedan od partnera koji smatra da postoji problem u komunikaciji, ili zbog nedostatka prisutnosti, ne u fizi\u010dkom, ve\u0107 emotivnom smislu.<\/p>\n\n\n\n<p>&#8220;Obi\u010dno jedan bra\u010dni partner veliki dio vremena provodi na mobilnom telefonu koriste\u0107i dru\u0161tvene mre\u017ee, \u0161to naru\u0161ava kvalitet provedenog vremena zajedno. I uti\u010de naravno na cijelu porodicu. Tako\u0111e, bitno je pomenuti da su razli\u010diti vaspitni stilovi u odgajanju djece uti\u010de na kvalitet odnosa izme\u0111u bra\u010dnih partnera&#8221;, kazala je Lazovi\u0107.<\/p>\n\n\n\n<p>Strucnjaci imaju nekoliko prakti\u010dnih savjeta za one koji se suo\u010davaju sa izazovima u braku.<\/p>\n\n\n\n<p>&#8220;Da ne bi do\u0161lo do problema bitno je komunicirati kad problem nastane, kako bi se problem rije\u0161io. Negdje mi se \u010dini da je to kod nas neka nacionalna disciplina, to stavljanje sve pod tepih, ali ne dozvolite da taj problem nadraste va\u0161 odnos i poku\u0161avajte dok postoji mogu\u0107nost t komunikacije i da ka\u017eete \u0161to mislite i da na kraju krajeva i da \u010dujete \u0161to misli supru\u017enik. Tako da mislim da je to najbolji savjet&#8221;, kazala je Dabovi\u0107.<\/p>\n\n\n\n<p>Socijalni radnik Milena Lazovi\u0107 poru\u010duje da svaki razvedeni brak treba da shvatimo kao poraz dru\u0161tva.<\/p>\n\n\n\n<p>&#8220;Prije nego do\u0111e do razvoda braka moramo kao zajednica da preduzmemo korake da sa\u010duvamo porodicu kao najbitniju jedinku. Moramo obezbijediti ekonomsku sigurnost jedne porodice jer je ona ta koja umnogome uti\u010de na razvod braka. Zatim je to savjetodavni rad. Znaci bra\u010dni partneri kad osjete da postoje problem u braku bi trebalo da se jave stru\u010dnim licima da im pomognu u rje\u0161avanju tih problema&#8221;, kazala je Lazovi\u0107.<\/p>\n\n\n\n<p>Stru\u010dnjaci upozoravaju da brak ne puca naglo, ve\u0107 se tiho raspada tamo gdje nestanu razgovor, razumijevanje i emotivna prisutnost. Poruka je jasna \u2013 dok god postoji volja za iskrenu komunikaciju i spremnost da se pomo\u0107 potra\u017ei na vrijeme, brak ima \u0161ansu da se sa\u010duva, a porodica ostane mjesto sigurnosti i podr\u0161ke.<\/p>\n\n\n\n<figure class=\"wp-block-embed is-type-video is-provider-youtube wp-block-embed-youtube wp-embed-aspect-16-9 wp-has-aspect-ratio\"><div class=\"wp-block-embed__wrapper\">\n<iframe loading=\"lazy\" title=\"U Crnoj Gori prosje\u010dno dva razvoda dnevno\" width=\"500\" height=\"281\" src=\"https:\/\/www.youtube.com\/embed\/u6MtkmRQHmU?feature=oembed\" frameborder=\"0\" allow=\"accelerometer; autoplay; clipboard-write; encrypted-media; gyroscope; picture-in-picture; web-share\" referrerpolicy=\"strict-origin-when-cross-origin\" allowfullscreen><\/iframe>\n<\/div><\/figure>","protected":false},"excerpt":{"rendered":"<p>Iako zvani\u010dna statistika o broju razvoda za 2025. godinu nije kompletirana, advokati i stru\u010dnjaci za socijalnu za\u0161titu u izjavama za Teleziviju Porgorica upozoravaju da je pucanje bra\u010dnih zajednica u\u010destala pojava. Statisti\u010dki gledano u prosjeku dnevno se u Crnoj Gori razvedu dva braka.<\/p>","protected":false},"author":1,"featured_media":649440,"comment_status":"open","ping_status":"open","sticky":false,"template":"","format":"standard","meta":{"_acf_changed":false,"footnotes":""},"categories":[2],"tags":[6343,6351,6352,6353],"naslovna":[5434],"class_list":["post-907449","post","type-post","status-publish","format-standard","has-post-thumbnail","hentry","category-drustvo","tag-brakovi","tag-milena-lazovic","tag-razvodi","tag-tamara-dabovic"],"acf":[],"yoast_head":"<!-- This site is optimized with the Yoast SEO plugin v27.4 - https:\/\/yoast.com\/product\/yoast-seo-wordpress\/ -->\n<title>(VIDEO) U Crnoj Gori prosje\u010dno dva razvoda dnevno - dmcsrb.com<\/title>\n<meta name=\"robots\" content=\"index, follow, max-snippet:-1, max-image-preview:large, max-video-preview:-1\" \/>\n<link rel=\"canonical\" href=\"https:\/\/dmcsrb.com\/en\/drustvo\/u-crnoj-gori-prosjecno-dva-razvoda-dnevno\/\" \/>\n<meta property=\"og:locale\" content=\"en_GB\" \/>\n<meta property=\"og:type\" content=\"article\" \/>\n<meta property=\"og:title\" content=\"(VIDEO) U Crnoj Gori prosje\u010dno dva razvoda dnevno - dmcsrb.com\" \/>\n<meta property=\"og:description\" content=\"Iako zvani\u010dna statistika o broju razvoda za 2025. godinu nije kompletirana, advokati i stru\u010dnjaci za socijalnu za\u0161titu u izjavama za Teleziviju Porgorica upozoravaju da je pucanje bra\u010dnih zajednica u\u010destala pojava. Statisti\u010dki gledano u prosjeku dnevno se u Crnoj Gori razvedu dva braka.\" \/>\n<meta property=\"og:url\" content=\"https:\/\/dmcsrb.com\/en\/drustvo\/u-crnoj-gori-prosjecno-dva-razvoda-dnevno\/\" \/>\n<meta property=\"og:site_name\" content=\"dmcsrb.com\" \/>\n<meta property=\"article:published_time\" content=\"2026-01-12T06:14:00+00:00\" \/>\n<meta property=\"og:image\" content=\"https:\/\/dmcsrb.com\/wp-content\/uploads\/2024\/11\/razvodi.webp\" \/>\n\t<meta property=\"og:image:width\" content=\"1280\" \/>\n\t<meta property=\"og:image:height\" content=\"853\" \/>\n\t<meta property=\"og:image:type\" content=\"image\/jpeg\" \/>\n<meta name=\"author\" content=\"dmcsrbija.com@gmail.com\" \/>\n<meta name=\"twitter:card\" content=\"summary_large_image\" \/>\n<meta name=\"twitter:label1\" content=\"Written by\" \/>\n\t<meta name=\"twitter:data1\" content=\"dmcsrbija.com@gmail.com\" \/>\n\t<meta name=\"twitter:label2\" content=\"Estimated reading time\" \/>\n\t<meta name=\"twitter:data2\" content=\"4 minutes\" \/>\n<script type=\"application\/ld+json\" class=\"yoast-schema-graph\">{\"@context\":\"https:\\\/\\\/schema.org\",\"@graph\":[{\"@type\":\"Article\",\"@id\":\"https:\\\/\\\/dmcsrb.com\\\/drustvo\\\/u-crnoj-gori-prosjecno-dva-razvoda-dnevno\\\/#article\",\"isPartOf\":{\"@id\":\"https:\\\/\\\/dmcsrb.com\\\/drustvo\\\/u-crnoj-gori-prosjecno-dva-razvoda-dnevno\\\/\"},\"author\":{\"name\":\"dmcsrbija.com@gmail.com\",\"@id\":\"https:\\\/\\\/dmcsrb.com\\\/#\\\/schema\\\/person\\\/5c39170f12db1b8b457732d0b5c854e2\"},\"headline\":\"(VIDEO) U Crnoj Gori prosje\u010dno dva razvoda dnevno\",\"datePublished\":\"2026-01-12T06:14:00+00:00\",\"mainEntityOfPage\":{\"@id\":\"https:\\\/\\\/dmcsrb.com\\\/drustvo\\\/u-crnoj-gori-prosjecno-dva-razvoda-dnevno\\\/\"},\"wordCount\":771,\"commentCount\":0,\"image\":{\"@id\":\"https:\\\/\\\/dmcsrb.com\\\/drustvo\\\/u-crnoj-gori-prosjecno-dva-razvoda-dnevno\\\/#primaryimage\"},\"thumbnailUrl\":\"https:\\\/\\\/dmcsrb.com\\\/wp-content\\\/uploads\\\/2024\\\/11\\\/razvodi.webp\",\"keywords\":[\"brakovi\",\"Milena Lazovi\u0107\",\"razvodi\",\"Tamara Dabovi\u0107\"],\"articleSection\":[\"Dru\u0161tvo\"],\"inLanguage\":\"en-GB\",\"potentialAction\":[{\"@type\":\"CommentAction\",\"name\":\"Comment\",\"target\":[\"https:\\\/\\\/dmcsrb.com\\\/drustvo\\\/u-crnoj-gori-prosjecno-dva-razvoda-dnevno\\\/#respond\"]}]},{\"@type\":\"WebPage\",\"@id\":\"https:\\\/\\\/dmcsrb.com\\\/drustvo\\\/u-crnoj-gori-prosjecno-dva-razvoda-dnevno\\\/\",\"url\":\"https:\\\/\\\/dmcsrb.com\\\/drustvo\\\/u-crnoj-gori-prosjecno-dva-razvoda-dnevno\\\/\",\"name\":\"(VIDEO) U Crnoj Gori prosje\u010dno dva razvoda dnevno - dmcsrb.com\",\"isPartOf\":{\"@id\":\"https:\\\/\\\/dmcsrb.com\\\/#website\"},\"primaryImageOfPage\":{\"@id\":\"https:\\\/\\\/dmcsrb.com\\\/drustvo\\\/u-crnoj-gori-prosjecno-dva-razvoda-dnevno\\\/#primaryimage\"},\"image\":{\"@id\":\"https:\\\/\\\/dmcsrb.com\\\/drustvo\\\/u-crnoj-gori-prosjecno-dva-razvoda-dnevno\\\/#primaryimage\"},\"thumbnailUrl\":\"https:\\\/\\\/dmcsrb.com\\\/wp-content\\\/uploads\\\/2024\\\/11\\\/razvodi.webp\",\"datePublished\":\"2026-01-12T06:14:00+00:00\",\"author\":{\"@id\":\"https:\\\/\\\/dmcsrb.com\\\/#\\\/schema\\\/person\\\/5c39170f12db1b8b457732d0b5c854e2\"},\"breadcrumb\":{\"@id\":\"https:\\\/\\\/dmcsrb.com\\\/drustvo\\\/u-crnoj-gori-prosjecno-dva-razvoda-dnevno\\\/#breadcrumb\"},\"inLanguage\":\"en-GB\",\"potentialAction\":[{\"@type\":\"ReadAction\",\"target\":[\"https:\\\/\\\/dmcsrb.com\\\/drustvo\\\/u-crnoj-gori-prosjecno-dva-razvoda-dnevno\\\/\"]}]},{\"@type\":\"ImageObject\",\"inLanguage\":\"en-GB\",\"@id\":\"https:\\\/\\\/dmcsrb.com\\\/drustvo\\\/u-crnoj-gori-prosjecno-dva-razvoda-dnevno\\\/#primaryimage\",\"url\":\"https:\\\/\\\/dmcsrb.com\\\/wp-content\\\/uploads\\\/2024\\\/11\\\/razvodi.webp\",\"contentUrl\":\"https:\\\/\\\/dmcsrb.com\\\/wp-content\\\/uploads\\\/2024\\\/11\\\/razvodi.webp\",\"width\":1280,\"height\":853,\"caption\":\"foto: Pixabay\"},{\"@type\":\"BreadcrumbList\",\"@id\":\"https:\\\/\\\/dmcsrb.com\\\/drustvo\\\/u-crnoj-gori-prosjecno-dva-razvoda-dnevno\\\/#breadcrumb\",\"itemListElement\":[{\"@type\":\"ListItem\",\"position\":1,\"name\":\"Home\",\"item\":\"https:\\\/\\\/dmcsrb.com\\\/\"},{\"@type\":\"ListItem\",\"position\":2,\"name\":\"(VIDEO) U Crnoj Gori prosje\u010dno dva razvoda dnevno\"}]},{\"@type\":\"WebSite\",\"@id\":\"https:\\\/\\\/dmcsrb.com\\\/#website\",\"url\":\"https:\\\/\\\/dmcsrb.com\\\/\",\"name\":\"dmcsrb.com\",\"description\":\"\",\"potentialAction\":[{\"@type\":\"SearchAction\",\"target\":{\"@type\":\"EntryPoint\",\"urlTemplate\":\"https:\\\/\\\/dmcsrb.com\\\/?s={search_term_string}\"},\"query-input\":{\"@type\":\"PropertyValueSpecification\",\"valueRequired\":true,\"valueName\":\"search_term_string\"}}],\"inLanguage\":\"en-GB\"},{\"@type\":\"Person\",\"@id\":\"https:\\\/\\\/dmcsrb.com\\\/#\\\/schema\\\/person\\\/5c39170f12db1b8b457732d0b5c854e2\",\"name\":\"dmcsrbija.com@gmail.com\",\"image\":{\"@type\":\"ImageObject\",\"inLanguage\":\"en-GB\",\"@id\":\"https:\\\/\\\/secure.gravatar.com\\\/avatar\\\/68592660ad6347fad0fb587f8d5d8f1a7b44961362f56e4f2cd524feb87e9069?s=96&d=mm&r=g\",\"url\":\"https:\\\/\\\/secure.gravatar.com\\\/avatar\\\/68592660ad6347fad0fb587f8d5d8f1a7b44961362f56e4f2cd524feb87e9069?s=96&d=mm&r=g\",\"contentUrl\":\"https:\\\/\\\/secure.gravatar.com\\\/avatar\\\/68592660ad6347fad0fb587f8d5d8f1a7b44961362f56e4f2cd524feb87e9069?s=96&d=mm&r=g\",\"caption\":\"dmcsrbija.com@gmail.com\"},\"sameAs\":[\"https:\\\/\\\/dmcsrb.com\"],\"url\":\"https:\\\/\\\/dmcsrb.com\\\/en\\\/author\\\/dmcsrbija-comgmail-com\\\/\"}]}<\/script>\n<!-- \/ Yoast SEO plugin. -->","yoast_head_json":{"title":"(VIDEO) U Crnoj Gori prosje\u010dno dva razvoda dnevno - dmcsrb.com","robots":{"index":"index","follow":"follow","max-snippet":"max-snippet:-1","max-image-preview":"max-image-preview:large","max-video-preview":"max-video-preview:-1"},"canonical":"https:\/\/dmcsrb.com\/en\/drustvo\/u-crnoj-gori-prosjecno-dva-razvoda-dnevno\/","og_locale":"en_GB","og_type":"article","og_title":"(VIDEO) U Crnoj Gori prosje\u010dno dva razvoda dnevno - dmcsrb.com","og_description":"Iako zvani\u010dna statistika o broju razvoda za 2025. godinu nije kompletirana, advokati i stru\u010dnjaci za socijalnu za\u0161titu u izjavama za Teleziviju Porgorica upozoravaju da je pucanje bra\u010dnih zajednica u\u010destala pojava. Statisti\u010dki gledano u prosjeku dnevno se u Crnoj Gori razvedu dva braka.","og_url":"https:\/\/dmcsrb.com\/en\/drustvo\/u-crnoj-gori-prosjecno-dva-razvoda-dnevno\/","og_site_name":"dmcsrb.com","article_published_time":"2026-01-12T06:14:00+00:00","og_image":[{"width":1280,"height":853,"url":"https:\/\/dmcsrb.com\/wp-content\/uploads\/2024\/11\/razvodi.webp","type":"image\/jpeg"}],"author":"dmcsrbija.com@gmail.com","twitter_card":"summary_large_image","twitter_misc":{"Written by":"dmcsrbija.com@gmail.com","Estimated reading time":"4 minutes"},"schema":{"@context":"https:\/\/schema.org","@graph":[{"@type":"Article","@id":"https:\/\/dmcsrb.com\/drustvo\/u-crnoj-gori-prosjecno-dva-razvoda-dnevno\/#article","isPartOf":{"@id":"https:\/\/dmcsrb.com\/drustvo\/u-crnoj-gori-prosjecno-dva-razvoda-dnevno\/"},"author":{"name":"dmcsrbija.com@gmail.com","@id":"https:\/\/dmcsrb.com\/#\/schema\/person\/5c39170f12db1b8b457732d0b5c854e2"},"headline":"(VIDEO) U Crnoj Gori prosje\u010dno dva razvoda dnevno","datePublished":"2026-01-12T06:14:00+00:00","mainEntityOfPage":{"@id":"https:\/\/dmcsrb.com\/drustvo\/u-crnoj-gori-prosjecno-dva-razvoda-dnevno\/"},"wordCount":771,"commentCount":0,"image":{"@id":"https:\/\/dmcsrb.com\/drustvo\/u-crnoj-gori-prosjecno-dva-razvoda-dnevno\/#primaryimage"},"thumbnailUrl":"https:\/\/dmcsrb.com\/wp-content\/uploads\/2024\/11\/razvodi.webp","keywords":["brakovi","Milena Lazovi\u0107","razvodi","Tamara Dabovi\u0107"],"articleSection":["Dru\u0161tvo"],"inLanguage":"en-GB","potentialAction":[{"@type":"CommentAction","name":"Comment","target":["https:\/\/dmcsrb.com\/drustvo\/u-crnoj-gori-prosjecno-dva-razvoda-dnevno\/#respond"]}]},{"@type":"WebPage","@id":"https:\/\/dmcsrb.com\/drustvo\/u-crnoj-gori-prosjecno-dva-razvoda-dnevno\/","url":"https:\/\/dmcsrb.com\/drustvo\/u-crnoj-gori-prosjecno-dva-razvoda-dnevno\/","name":"(VIDEO) U Crnoj Gori prosje\u010dno dva razvoda dnevno - dmcsrb.com","isPartOf":{"@id":"https:\/\/dmcsrb.com\/#website"},"primaryImageOfPage":{"@id":"https:\/\/dmcsrb.com\/drustvo\/u-crnoj-gori-prosjecno-dva-razvoda-dnevno\/#primaryimage"},"image":{"@id":"https:\/\/dmcsrb.com\/drustvo\/u-crnoj-gori-prosjecno-dva-razvoda-dnevno\/#primaryimage"},"thumbnailUrl":"https:\/\/dmcsrb.com\/wp-content\/uploads\/2024\/11\/razvodi.webp","datePublished":"2026-01-12T06:14:00+00:00","author":{"@id":"https:\/\/dmcsrb.com\/#\/schema\/person\/5c39170f12db1b8b457732d0b5c854e2"},"breadcrumb":{"@id":"https:\/\/dmcsrb.com\/drustvo\/u-crnoj-gori-prosjecno-dva-razvoda-dnevno\/#breadcrumb"},"inLanguage":"en-GB","potentialAction":[{"@type":"ReadAction","target":["https:\/\/dmcsrb.com\/drustvo\/u-crnoj-gori-prosjecno-dva-razvoda-dnevno\/"]}]},{"@type":"ImageObject","inLanguage":"en-GB","@id":"https:\/\/dmcsrb.com\/drustvo\/u-crnoj-gori-prosjecno-dva-razvoda-dnevno\/#primaryimage","url":"https:\/\/dmcsrb.com\/wp-content\/uploads\/2024\/11\/razvodi.webp","contentUrl":"https:\/\/dmcsrb.com\/wp-content\/uploads\/2024\/11\/razvodi.webp","width":1280,"height":853,"caption":"foto: Pixabay"},{"@type":"BreadcrumbList","@id":"https:\/\/dmcsrb.com\/drustvo\/u-crnoj-gori-prosjecno-dva-razvoda-dnevno\/#breadcrumb","itemListElement":[{"@type":"ListItem","position":1,"name":"Home","item":"https:\/\/dmcsrb.com\/"},{"@type":"ListItem","position":2,"name":"(VIDEO) U Crnoj Gori prosje\u010dno dva razvoda dnevno"}]},{"@type":"WebSite","@id":"https:\/\/dmcsrb.com\/#website","url":"https:\/\/dmcsrb.com\/","name":"dmcsrb.com","description":"","potentialAction":[{"@type":"SearchAction","target":{"@type":"EntryPoint","urlTemplate":"https:\/\/dmcsrb.com\/?s={search_term_string}"},"query-input":{"@type":"PropertyValueSpecification","valueRequired":true,"valueName":"search_term_string"}}],"inLanguage":"en-GB"},{"@type":"Person","@id":"https:\/\/dmcsrb.com\/#\/schema\/person\/5c39170f12db1b8b457732d0b5c854e2","name":"dmcsrbija.com@gmail.com","image":{"@type":"ImageObject","inLanguage":"en-GB","@id":"https:\/\/secure.gravatar.com\/avatar\/68592660ad6347fad0fb587f8d5d8f1a7b44961362f56e4f2cd524feb87e9069?s=96&d=mm&r=g","url":"https:\/\/secure.gravatar.com\/avatar\/68592660ad6347fad0fb587f8d5d8f1a7b44961362f56e4f2cd524feb87e9069?s=96&d=mm&r=g","contentUrl":"https:\/\/secure.gravatar.com\/avatar\/68592660ad6347fad0fb587f8d5d8f1a7b44961362f56e4f2cd524feb87e9069?s=96&d=mm&r=g","caption":"dmcsrbija.com@gmail.com"},"sameAs":["https:\/\/dmcsrb.com"],"url":"https:\/\/dmcsrb.com\/en\/author\/dmcsrbija-comgmail-com\/"}]}},"_links":{"self":[{"href":"https:\/\/dmcsrb.com\/en\/wp-json\/wp\/v2\/posts\/907449","targetHints":{"allow":["GET"]}}],"collection":[{"href":"https:\/\/dmcsrb.com\/en\/wp-json\/wp\/v2\/posts"}],"about":[{"href":"https:\/\/dmcsrb.com\/en\/wp-json\/wp\/v2\/types\/post"}],"author":[{"embeddable":true,"href":"https:\/\/dmcsrb.com\/en\/wp-json\/wp\/v2\/users\/1"}],"replies":[{"embeddable":true,"href":"https:\/\/dmcsrb.com\/en\/wp-json\/wp\/v2\/comments?post=907449"}],"version-history":[{"count":0,"href":"https:\/\/dmcsrb.com\/en\/wp-json\/wp\/v2\/posts\/907449\/revisions"}],"wp:featuredmedia":[{"embeddable":true,"href":"https:\/\/dmcsrb.com\/en\/wp-json\/wp\/v2\/media\/649440"}],"wp:attachment":[{"href":"https:\/\/dmcsrb.com\/en\/wp-json\/wp\/v2\/media?parent=907449"}],"wp:term":[{"taxonomy":"category","embeddable":true,"href":"https:\/\/dmcsrb.com\/en\/wp-json\/wp\/v2\/categories?post=907449"},{"taxonomy":"post_tag","embeddable":true,"href":"https:\/\/dmcsrb.com\/en\/wp-json\/wp\/v2\/tags?post=907449"},{"taxonomy":"naslovna","embeddable":true,"href":"https:\/\/dmcsrb.com\/en\/wp-json\/wp\/v2\/naslovna?post=907449"}],"curies":[{"name":"wp","href":"https:\/\/api.w.org\/{rel}","templated":true}]}}