{"id":907304,"date":"2026-01-11T18:00:00","date_gmt":"2026-01-11T17:00:00","guid":{"rendered":"https:\/\/gradski.me\/?p=907304"},"modified":"2026-01-11T18:00:00","modified_gmt":"2026-01-11T17:00:00","slug":"dolar-drugu-sedmicu-zaredom-jaca-u-odnosu-na-euro-i-jen","status":"publish","type":"post","link":"https:\/\/dmcsrb.com\/en\/svijet\/dolar-drugu-sedmicu-zaredom-jaca-u-odnosu-na-euro-i-jen\/","title":{"rendered":"Dolar drugu sedmicu zaredom ja\u010da u odnosu na euro i jen"},"content":{"rendered":"<p><\/p>\n\n\n\n<p>Dolarov indeks, koji pokazuje vrijednost ameri\u010dke prema \u0161est najva\u017enijih svjetskih valuta, porastao je ove sedmice 0,7 odsto na 99,14 bodova.<\/p>\n\n\n\n<p>Pritom je dolar prema euru oja\u010dao 0,7 odsto, pa je kurs eura skliznuo na 1,1640 USD.<\/p>\n\n\n\n<p>Ameri\u010dka valuta je oja\u010dala i u odnosu na japansku, 0,7 odsto, pa je cijena dolara dostigla 157,90 JPY.<\/p>\n\n\n\n<p>Nakon \u0161to je pro\u0161le godine pao 9,4 odsto, na po\u010detku ove godine dolarov indeks je porastao.<\/p>\n\n\n\n<p>U prvoj sedmici nove godine nije bilo puno vijesti, a ulaga\u010di su najvi\u0161e pa\u017enje posvetili izvje\u0161taju o zapo\u0161ljavanju.<\/p>\n\n\n\n<p>U SAD-u je u decembru broj zaposlenih porastao 50 hiljada, manje nego u prethodnom mjesecu i manje nego \u0161to se o\u010dekivalo. Ipak, stopa nezaposlenosti pala je s 4,5 na 4,4 odsto, \u0161to pokazuje da situacija na tr\u017ei\u0161tu rada nije tako lo\u0161a.<\/p>\n\n\n\n<p>Zbog toga ti podaci nisu zna\u010dajnije utjecali na o\u010dekivanja u vezi kamatnih stopa ameri\u010dke centralne banke.<\/p>\n\n\n\n<p>Procjene na tr\u017ei\u0161tu pokazuju da postoji vi\u0161e od 90 odsto \u0161ansi da \u0107e Fed u januaru ostaviti kamatne stope nepromijenjene, nakon \u0161to ih je na tri posljednje sjednice smanjio po 0,25 procentnih bodova.<\/p>\n\n\n\n<p>Nedavno objavljeni zapisnik sa sjednice \u010delnika Feda pokazao je da je ve\u0107ina njih podr\u017eala smanjenje kamata u decembru, ali da ima velikih razlika u mi\u0161ljenju o rizicima po privredu.<\/p>\n\n\n\n<p>I dok dio zvani\u010dnika Feda smatra da treba nastaviti sa smanjenjem kamata zbog slabosti tr\u017ei\u0161ta rada, drugi tvrde da ih treba neko vrijeme zadr\u017eati na postoje\u0107im nivoima, jer se inflacija i dalje kre\u0107e znatno iznad ciljanih nivoa Fed od oko dva odsto.<\/p>\n\n\n\n<p>Prema nedavno objavljenim procjenama Feda, zvani\u010dnici centralne banke u ovoj godini u prosjeku o\u010dekuju jedno smanjenje kamata, dok se na tr\u017ei\u0161tu procjenjuje da \u0107e kamate biti srezane u dva navrata po 0,25 procentnih bodova.<\/p>","protected":false},"excerpt":{"rendered":"<p>Na svjetskim valutnim tr\u017ei\u0161tima dolar je ove sedmice oja\u010dao u odnosu na korpu valuta, nakon o\u0161trog pada pro\u0161le godine.<\/p>","protected":false},"author":1,"featured_media":384616,"comment_status":"open","ping_status":"open","sticky":false,"template":"","format":"standard","meta":{"_acf_changed":false,"footnotes":""},"categories":[144],"tags":[3951,1563,6335,6336],"naslovna":[],"class_list":["post-907304","post","type-post","status-publish","format-standard","has-post-thumbnail","hentry","category-svijet","tag-dolar","tag-euro","tag-jen","tag-valutna-trzista"],"acf":[],"yoast_head":"<!-- This site is optimized with the Yoast SEO plugin v27.4 - https:\/\/yoast.com\/product\/yoast-seo-wordpress\/ -->\n<title>Dolar drugu sedmicu zaredom ja\u010da u odnosu na euro i jen - dmcsrb.com<\/title>\n<meta name=\"robots\" content=\"index, follow, max-snippet:-1, max-image-preview:large, max-video-preview:-1\" \/>\n<link rel=\"canonical\" href=\"https:\/\/dmcsrb.com\/en\/svijet\/dolar-drugu-sedmicu-zaredom-jaca-u-odnosu-na-euro-i-jen\/\" \/>\n<meta property=\"og:locale\" content=\"en_GB\" \/>\n<meta property=\"og:type\" content=\"article\" \/>\n<meta property=\"og:title\" content=\"Dolar drugu sedmicu zaredom ja\u010da u odnosu na euro i jen - dmcsrb.com\" \/>\n<meta property=\"og:description\" content=\"Na svjetskim valutnim tr\u017ei\u0161tima dolar je ove sedmice oja\u010dao u odnosu na korpu valuta, nakon o\u0161trog pada pro\u0161le godine.\" \/>\n<meta property=\"og:url\" content=\"https:\/\/dmcsrb.com\/en\/svijet\/dolar-drugu-sedmicu-zaredom-jaca-u-odnosu-na-euro-i-jen\/\" \/>\n<meta property=\"og:site_name\" content=\"dmcsrb.com\" \/>\n<meta property=\"article:published_time\" content=\"2026-01-11T17:00:00+00:00\" \/>\n<meta property=\"og:image\" content=\"https:\/\/dmcsrb.com\/wp-content\/uploads\/2023\/04\/dolar.webp\" \/>\n\t<meta property=\"og:image:width\" content=\"481\" \/>\n\t<meta property=\"og:image:height\" content=\"340\" \/>\n\t<meta property=\"og:image:type\" content=\"image\/jpeg\" \/>\n<meta name=\"author\" content=\"dmcsrbija.com@gmail.com\" \/>\n<meta name=\"twitter:card\" content=\"summary_large_image\" \/>\n<meta name=\"twitter:label1\" content=\"Written by\" \/>\n\t<meta name=\"twitter:data1\" content=\"dmcsrbija.com@gmail.com\" \/>\n\t<meta name=\"twitter:label2\" content=\"Estimated reading time\" \/>\n\t<meta name=\"twitter:data2\" content=\"2 minutes\" \/>\n<script type=\"application\/ld+json\" class=\"yoast-schema-graph\">{\"@context\":\"https:\\\/\\\/schema.org\",\"@graph\":[{\"@type\":\"Article\",\"@id\":\"https:\\\/\\\/dmcsrb.com\\\/svijet\\\/dolar-drugu-sedmicu-zaredom-jaca-u-odnosu-na-euro-i-jen\\\/#article\",\"isPartOf\":{\"@id\":\"https:\\\/\\\/dmcsrb.com\\\/svijet\\\/dolar-drugu-sedmicu-zaredom-jaca-u-odnosu-na-euro-i-jen\\\/\"},\"author\":{\"name\":\"dmcsrbija.com@gmail.com\",\"@id\":\"https:\\\/\\\/dmcsrb.com\\\/#\\\/schema\\\/person\\\/5c39170f12db1b8b457732d0b5c854e2\"},\"headline\":\"Dolar drugu sedmicu zaredom ja\u010da u odnosu na euro i jen\",\"datePublished\":\"2026-01-11T17:00:00+00:00\",\"mainEntityOfPage\":{\"@id\":\"https:\\\/\\\/dmcsrb.com\\\/svijet\\\/dolar-drugu-sedmicu-zaredom-jaca-u-odnosu-na-euro-i-jen\\\/\"},\"wordCount\":317,\"commentCount\":0,\"image\":{\"@id\":\"https:\\\/\\\/dmcsrb.com\\\/svijet\\\/dolar-drugu-sedmicu-zaredom-jaca-u-odnosu-na-euro-i-jen\\\/#primaryimage\"},\"thumbnailUrl\":\"https:\\\/\\\/dmcsrb.com\\\/wp-content\\\/uploads\\\/2023\\\/04\\\/dolar.webp\",\"keywords\":[\"dolar\",\"Euro\",\"jen\",\"Valutna tr\u017ei\u0161ta\"],\"articleSection\":[\"Svijet\"],\"inLanguage\":\"en-GB\",\"potentialAction\":[{\"@type\":\"CommentAction\",\"name\":\"Comment\",\"target\":[\"https:\\\/\\\/dmcsrb.com\\\/svijet\\\/dolar-drugu-sedmicu-zaredom-jaca-u-odnosu-na-euro-i-jen\\\/#respond\"]}]},{\"@type\":\"WebPage\",\"@id\":\"https:\\\/\\\/dmcsrb.com\\\/svijet\\\/dolar-drugu-sedmicu-zaredom-jaca-u-odnosu-na-euro-i-jen\\\/\",\"url\":\"https:\\\/\\\/dmcsrb.com\\\/svijet\\\/dolar-drugu-sedmicu-zaredom-jaca-u-odnosu-na-euro-i-jen\\\/\",\"name\":\"Dolar drugu sedmicu zaredom ja\u010da u odnosu na euro i jen - dmcsrb.com\",\"isPartOf\":{\"@id\":\"https:\\\/\\\/dmcsrb.com\\\/#website\"},\"primaryImageOfPage\":{\"@id\":\"https:\\\/\\\/dmcsrb.com\\\/svijet\\\/dolar-drugu-sedmicu-zaredom-jaca-u-odnosu-na-euro-i-jen\\\/#primaryimage\"},\"image\":{\"@id\":\"https:\\\/\\\/dmcsrb.com\\\/svijet\\\/dolar-drugu-sedmicu-zaredom-jaca-u-odnosu-na-euro-i-jen\\\/#primaryimage\"},\"thumbnailUrl\":\"https:\\\/\\\/dmcsrb.com\\\/wp-content\\\/uploads\\\/2023\\\/04\\\/dolar.webp\",\"datePublished\":\"2026-01-11T17:00:00+00:00\",\"author\":{\"@id\":\"https:\\\/\\\/dmcsrb.com\\\/#\\\/schema\\\/person\\\/5c39170f12db1b8b457732d0b5c854e2\"},\"breadcrumb\":{\"@id\":\"https:\\\/\\\/dmcsrb.com\\\/svijet\\\/dolar-drugu-sedmicu-zaredom-jaca-u-odnosu-na-euro-i-jen\\\/#breadcrumb\"},\"inLanguage\":\"en-GB\",\"potentialAction\":[{\"@type\":\"ReadAction\",\"target\":[\"https:\\\/\\\/dmcsrb.com\\\/svijet\\\/dolar-drugu-sedmicu-zaredom-jaca-u-odnosu-na-euro-i-jen\\\/\"]}]},{\"@type\":\"ImageObject\",\"inLanguage\":\"en-GB\",\"@id\":\"https:\\\/\\\/dmcsrb.com\\\/svijet\\\/dolar-drugu-sedmicu-zaredom-jaca-u-odnosu-na-euro-i-jen\\\/#primaryimage\",\"url\":\"https:\\\/\\\/dmcsrb.com\\\/wp-content\\\/uploads\\\/2023\\\/04\\\/dolar.webp\",\"contentUrl\":\"https:\\\/\\\/dmcsrb.com\\\/wp-content\\\/uploads\\\/2023\\\/04\\\/dolar.webp\",\"width\":481,\"height\":340,\"caption\":\"Foto: Pixabay, Ilustracija\"},{\"@type\":\"BreadcrumbList\",\"@id\":\"https:\\\/\\\/dmcsrb.com\\\/svijet\\\/dolar-drugu-sedmicu-zaredom-jaca-u-odnosu-na-euro-i-jen\\\/#breadcrumb\",\"itemListElement\":[{\"@type\":\"ListItem\",\"position\":1,\"name\":\"Home\",\"item\":\"https:\\\/\\\/dmcsrb.com\\\/\"},{\"@type\":\"ListItem\",\"position\":2,\"name\":\"Dolar drugu sedmicu zaredom ja\u010da u odnosu na euro i jen\"}]},{\"@type\":\"WebSite\",\"@id\":\"https:\\\/\\\/dmcsrb.com\\\/#website\",\"url\":\"https:\\\/\\\/dmcsrb.com\\\/\",\"name\":\"dmcsrb.com\",\"description\":\"\",\"potentialAction\":[{\"@type\":\"SearchAction\",\"target\":{\"@type\":\"EntryPoint\",\"urlTemplate\":\"https:\\\/\\\/dmcsrb.com\\\/?s={search_term_string}\"},\"query-input\":{\"@type\":\"PropertyValueSpecification\",\"valueRequired\":true,\"valueName\":\"search_term_string\"}}],\"inLanguage\":\"en-GB\"},{\"@type\":\"Person\",\"@id\":\"https:\\\/\\\/dmcsrb.com\\\/#\\\/schema\\\/person\\\/5c39170f12db1b8b457732d0b5c854e2\",\"name\":\"dmcsrbija.com@gmail.com\",\"image\":{\"@type\":\"ImageObject\",\"inLanguage\":\"en-GB\",\"@id\":\"https:\\\/\\\/secure.gravatar.com\\\/avatar\\\/68592660ad6347fad0fb587f8d5d8f1a7b44961362f56e4f2cd524feb87e9069?s=96&d=mm&r=g\",\"url\":\"https:\\\/\\\/secure.gravatar.com\\\/avatar\\\/68592660ad6347fad0fb587f8d5d8f1a7b44961362f56e4f2cd524feb87e9069?s=96&d=mm&r=g\",\"contentUrl\":\"https:\\\/\\\/secure.gravatar.com\\\/avatar\\\/68592660ad6347fad0fb587f8d5d8f1a7b44961362f56e4f2cd524feb87e9069?s=96&d=mm&r=g\",\"caption\":\"dmcsrbija.com@gmail.com\"},\"sameAs\":[\"https:\\\/\\\/dmcsrb.com\"],\"url\":\"https:\\\/\\\/dmcsrb.com\\\/en\\\/author\\\/dmcsrbija-comgmail-com\\\/\"}]}<\/script>\n<!-- \/ Yoast SEO plugin. -->","yoast_head_json":{"title":"Dolar drugu sedmicu zaredom ja\u010da u odnosu na euro i jen - dmcsrb.com","robots":{"index":"index","follow":"follow","max-snippet":"max-snippet:-1","max-image-preview":"max-image-preview:large","max-video-preview":"max-video-preview:-1"},"canonical":"https:\/\/dmcsrb.com\/en\/svijet\/dolar-drugu-sedmicu-zaredom-jaca-u-odnosu-na-euro-i-jen\/","og_locale":"en_GB","og_type":"article","og_title":"Dolar drugu sedmicu zaredom ja\u010da u odnosu na euro i jen - dmcsrb.com","og_description":"Na svjetskim valutnim tr\u017ei\u0161tima dolar je ove sedmice oja\u010dao u odnosu na korpu valuta, nakon o\u0161trog pada pro\u0161le godine.","og_url":"https:\/\/dmcsrb.com\/en\/svijet\/dolar-drugu-sedmicu-zaredom-jaca-u-odnosu-na-euro-i-jen\/","og_site_name":"dmcsrb.com","article_published_time":"2026-01-11T17:00:00+00:00","og_image":[{"width":481,"height":340,"url":"https:\/\/dmcsrb.com\/wp-content\/uploads\/2023\/04\/dolar.webp","type":"image\/jpeg"}],"author":"dmcsrbija.com@gmail.com","twitter_card":"summary_large_image","twitter_misc":{"Written by":"dmcsrbija.com@gmail.com","Estimated reading time":"2 minutes"},"schema":{"@context":"https:\/\/schema.org","@graph":[{"@type":"Article","@id":"https:\/\/dmcsrb.com\/svijet\/dolar-drugu-sedmicu-zaredom-jaca-u-odnosu-na-euro-i-jen\/#article","isPartOf":{"@id":"https:\/\/dmcsrb.com\/svijet\/dolar-drugu-sedmicu-zaredom-jaca-u-odnosu-na-euro-i-jen\/"},"author":{"name":"dmcsrbija.com@gmail.com","@id":"https:\/\/dmcsrb.com\/#\/schema\/person\/5c39170f12db1b8b457732d0b5c854e2"},"headline":"Dolar drugu sedmicu zaredom ja\u010da u odnosu na euro i jen","datePublished":"2026-01-11T17:00:00+00:00","mainEntityOfPage":{"@id":"https:\/\/dmcsrb.com\/svijet\/dolar-drugu-sedmicu-zaredom-jaca-u-odnosu-na-euro-i-jen\/"},"wordCount":317,"commentCount":0,"image":{"@id":"https:\/\/dmcsrb.com\/svijet\/dolar-drugu-sedmicu-zaredom-jaca-u-odnosu-na-euro-i-jen\/#primaryimage"},"thumbnailUrl":"https:\/\/dmcsrb.com\/wp-content\/uploads\/2023\/04\/dolar.webp","keywords":["dolar","Euro","jen","Valutna tr\u017ei\u0161ta"],"articleSection":["Svijet"],"inLanguage":"en-GB","potentialAction":[{"@type":"CommentAction","name":"Comment","target":["https:\/\/dmcsrb.com\/svijet\/dolar-drugu-sedmicu-zaredom-jaca-u-odnosu-na-euro-i-jen\/#respond"]}]},{"@type":"WebPage","@id":"https:\/\/dmcsrb.com\/svijet\/dolar-drugu-sedmicu-zaredom-jaca-u-odnosu-na-euro-i-jen\/","url":"https:\/\/dmcsrb.com\/svijet\/dolar-drugu-sedmicu-zaredom-jaca-u-odnosu-na-euro-i-jen\/","name":"Dolar drugu sedmicu zaredom ja\u010da u odnosu na euro i jen - dmcsrb.com","isPartOf":{"@id":"https:\/\/dmcsrb.com\/#website"},"primaryImageOfPage":{"@id":"https:\/\/dmcsrb.com\/svijet\/dolar-drugu-sedmicu-zaredom-jaca-u-odnosu-na-euro-i-jen\/#primaryimage"},"image":{"@id":"https:\/\/dmcsrb.com\/svijet\/dolar-drugu-sedmicu-zaredom-jaca-u-odnosu-na-euro-i-jen\/#primaryimage"},"thumbnailUrl":"https:\/\/dmcsrb.com\/wp-content\/uploads\/2023\/04\/dolar.webp","datePublished":"2026-01-11T17:00:00+00:00","author":{"@id":"https:\/\/dmcsrb.com\/#\/schema\/person\/5c39170f12db1b8b457732d0b5c854e2"},"breadcrumb":{"@id":"https:\/\/dmcsrb.com\/svijet\/dolar-drugu-sedmicu-zaredom-jaca-u-odnosu-na-euro-i-jen\/#breadcrumb"},"inLanguage":"en-GB","potentialAction":[{"@type":"ReadAction","target":["https:\/\/dmcsrb.com\/svijet\/dolar-drugu-sedmicu-zaredom-jaca-u-odnosu-na-euro-i-jen\/"]}]},{"@type":"ImageObject","inLanguage":"en-GB","@id":"https:\/\/dmcsrb.com\/svijet\/dolar-drugu-sedmicu-zaredom-jaca-u-odnosu-na-euro-i-jen\/#primaryimage","url":"https:\/\/dmcsrb.com\/wp-content\/uploads\/2023\/04\/dolar.webp","contentUrl":"https:\/\/dmcsrb.com\/wp-content\/uploads\/2023\/04\/dolar.webp","width":481,"height":340,"caption":"Foto: Pixabay, Ilustracija"},{"@type":"BreadcrumbList","@id":"https:\/\/dmcsrb.com\/svijet\/dolar-drugu-sedmicu-zaredom-jaca-u-odnosu-na-euro-i-jen\/#breadcrumb","itemListElement":[{"@type":"ListItem","position":1,"name":"Home","item":"https:\/\/dmcsrb.com\/"},{"@type":"ListItem","position":2,"name":"Dolar drugu sedmicu zaredom ja\u010da u odnosu na euro i jen"}]},{"@type":"WebSite","@id":"https:\/\/dmcsrb.com\/#website","url":"https:\/\/dmcsrb.com\/","name":"dmcsrb.com","description":"","potentialAction":[{"@type":"SearchAction","target":{"@type":"EntryPoint","urlTemplate":"https:\/\/dmcsrb.com\/?s={search_term_string}"},"query-input":{"@type":"PropertyValueSpecification","valueRequired":true,"valueName":"search_term_string"}}],"inLanguage":"en-GB"},{"@type":"Person","@id":"https:\/\/dmcsrb.com\/#\/schema\/person\/5c39170f12db1b8b457732d0b5c854e2","name":"dmcsrbija.com@gmail.com","image":{"@type":"ImageObject","inLanguage":"en-GB","@id":"https:\/\/secure.gravatar.com\/avatar\/68592660ad6347fad0fb587f8d5d8f1a7b44961362f56e4f2cd524feb87e9069?s=96&d=mm&r=g","url":"https:\/\/secure.gravatar.com\/avatar\/68592660ad6347fad0fb587f8d5d8f1a7b44961362f56e4f2cd524feb87e9069?s=96&d=mm&r=g","contentUrl":"https:\/\/secure.gravatar.com\/avatar\/68592660ad6347fad0fb587f8d5d8f1a7b44961362f56e4f2cd524feb87e9069?s=96&d=mm&r=g","caption":"dmcsrbija.com@gmail.com"},"sameAs":["https:\/\/dmcsrb.com"],"url":"https:\/\/dmcsrb.com\/en\/author\/dmcsrbija-comgmail-com\/"}]}},"_links":{"self":[{"href":"https:\/\/dmcsrb.com\/en\/wp-json\/wp\/v2\/posts\/907304","targetHints":{"allow":["GET"]}}],"collection":[{"href":"https:\/\/dmcsrb.com\/en\/wp-json\/wp\/v2\/posts"}],"about":[{"href":"https:\/\/dmcsrb.com\/en\/wp-json\/wp\/v2\/types\/post"}],"author":[{"embeddable":true,"href":"https:\/\/dmcsrb.com\/en\/wp-json\/wp\/v2\/users\/1"}],"replies":[{"embeddable":true,"href":"https:\/\/dmcsrb.com\/en\/wp-json\/wp\/v2\/comments?post=907304"}],"version-history":[{"count":0,"href":"https:\/\/dmcsrb.com\/en\/wp-json\/wp\/v2\/posts\/907304\/revisions"}],"wp:featuredmedia":[{"embeddable":true,"href":"https:\/\/dmcsrb.com\/en\/wp-json\/wp\/v2\/media\/384616"}],"wp:attachment":[{"href":"https:\/\/dmcsrb.com\/en\/wp-json\/wp\/v2\/media?parent=907304"}],"wp:term":[{"taxonomy":"category","embeddable":true,"href":"https:\/\/dmcsrb.com\/en\/wp-json\/wp\/v2\/categories?post=907304"},{"taxonomy":"post_tag","embeddable":true,"href":"https:\/\/dmcsrb.com\/en\/wp-json\/wp\/v2\/tags?post=907304"},{"taxonomy":"naslovna","embeddable":true,"href":"https:\/\/dmcsrb.com\/en\/wp-json\/wp\/v2\/naslovna?post=907304"}],"curies":[{"name":"wp","href":"https:\/\/api.w.org\/{rel}","templated":true}]}}