{"id":907300,"date":"2026-01-11T16:44:00","date_gmt":"2026-01-11T15:44:00","guid":{"rendered":"https:\/\/gradski.me\/?p=907300"},"modified":"2026-01-11T16:44:00","modified_gmt":"2026-01-11T15:44:00","slug":"bura-i-mraz-u-hrvatskoj-temperatura-niza-od-13","status":"publish","type":"post","link":"https:\/\/dmcsrb.com\/en\/region\/bura-i-mraz-u-hrvatskoj-temperatura-niza-od-13\/","title":{"rendered":"Bura i mraz u Hrvatskoj, temperatura ni\u017ea od -13"},"content":{"rendered":"<p><\/p>\n\n\n\n<p>U Hrvatskoj je jutros najni\u017ea temperatura od minus 13,9 stepeni zabilje\u017eena u selu \u0160trigovi na sjeveru zemlje, prenio je HRT.<\/p>\n\n\n\n<p>Za kninski, rije\u010dki, splitski i dubrova\u010dki region, kao i zapadnu obalu Istre, Kvarner i Kvarneri\u0107, Severnu i Ju\u017enu Dalmaciju izdato je \u017euto upozorenje zbog jake bure i tramontane.<\/p>\n\n\n\n<p>Za podru\u010dje Velebitskog kanala i Srednje Dalmacije izdato je narand\u017easto upozorenje koje se odnosi na jaku i olujnu buru, o\u010dekuju se udari vjetra od 65 do 150 kilometara na sat.<\/p>\n\n\n\n<p><strong>Odlo\u017eena nastava<\/strong><\/p>\n\n\n\n<p>Hrvatsko ministarstvo nauke i obrazovanja odobrilo je zahtjev \u0160ibensko-kninske \u017eupanije da nastava, zbog nepovoljnih vremenskih uslova, u drugom polugodi\u0161tu za u\u010denike osnovnih \u0161kola na podru\u010dju Knina umjesto 12. januara po\u010dne 14. januara.<\/p>\n\n\n\n<p>U Vrgorcu u Splitsko-dalmatinskoj \u017eupaniji od 3. do 9. januara palo je vi\u0161e od 200 milimetara ki\u0161e po metru kvadratnom, \u0161to je znatno iznad uobi\u010dajenih koli\u010dina padavina za ovaj period godine.<\/p>\n\n\n\n<p>Obilne padavine izazvale su poplave na zasadima vinove loze.<\/p>","protected":false},"excerpt":{"rendered":"<p>Na podru\u010dju Hrvatske zbog jake i olujne bure za srednju Dalmaciju i Velebitski kanal na snazi je danas, 11. januara, narand\u017easti meteoalarm, a upozorenje zbog opasnosti od poledice izdato je za zagreba\u010dki, karlova\u010dki, osje\u010dki, kninski i gospi\u0107ki region.<\/p>","protected":false},"author":1,"featured_media":502122,"comment_status":"open","ping_status":"open","sticky":false,"template":"","format":"standard","meta":{"_acf_changed":false,"footnotes":""},"categories":[103],"tags":[6332,806,6333,4492],"naslovna":[],"class_list":["post-907300","post","type-post","status-publish","format-standard","has-post-thumbnail","hentry","category-region","tag-bura","tag-hrvatska","tag-mraz","tag-nevrijeme"],"acf":[],"yoast_head":"<!-- This site is optimized with the Yoast SEO plugin v27.4 - https:\/\/yoast.com\/product\/yoast-seo-wordpress\/ -->\n<title>Bura i mraz u Hrvatskoj, temperatura ni\u017ea od -13 - dmcsrb.com<\/title>\n<meta name=\"robots\" content=\"index, follow, max-snippet:-1, max-image-preview:large, max-video-preview:-1\" \/>\n<link rel=\"canonical\" href=\"https:\/\/dmcsrb.com\/en\/region\/bura-i-mraz-u-hrvatskoj-temperatura-niza-od-13\/\" \/>\n<meta property=\"og:locale\" content=\"en_GB\" \/>\n<meta property=\"og:type\" content=\"article\" \/>\n<meta property=\"og:title\" content=\"Bura i mraz u Hrvatskoj, temperatura ni\u017ea od -13 - dmcsrb.com\" \/>\n<meta property=\"og:description\" content=\"Na podru\u010dju Hrvatske zbog jake i olujne bure za srednju Dalmaciju i Velebitski kanal na snazi je danas, 11. januara, narand\u017easti meteoalarm, a upozorenje zbog opasnosti od poledice izdato je za zagreba\u010dki, karlova\u010dki, osje\u010dki, kninski i gospi\u0107ki region.\" \/>\n<meta property=\"og:url\" content=\"https:\/\/dmcsrb.com\/en\/region\/bura-i-mraz-u-hrvatskoj-temperatura-niza-od-13\/\" \/>\n<meta property=\"og:site_name\" content=\"dmcsrb.com\" \/>\n<meta property=\"article:published_time\" content=\"2026-01-11T15:44:00+00:00\" \/>\n<meta property=\"og:image\" content=\"https:\/\/dmcsrb.com\/wp-content\/uploads\/2024\/03\/Snijeg-put-foto-pixabay.webp\" \/>\n\t<meta property=\"og:image:width\" content=\"717\" \/>\n\t<meta property=\"og:image:height\" content=\"441\" \/>\n\t<meta property=\"og:image:type\" content=\"image\/jpeg\" \/>\n<meta name=\"author\" content=\"dmcsrbija.com@gmail.com\" \/>\n<meta name=\"twitter:card\" content=\"summary_large_image\" \/>\n<meta name=\"twitter:label1\" content=\"Written by\" \/>\n\t<meta name=\"twitter:data1\" content=\"dmcsrbija.com@gmail.com\" \/>\n\t<meta name=\"twitter:label2\" content=\"Estimated reading time\" \/>\n\t<meta name=\"twitter:data2\" content=\"1 minute\" \/>\n<script type=\"application\/ld+json\" class=\"yoast-schema-graph\">{\"@context\":\"https:\\\/\\\/schema.org\",\"@graph\":[{\"@type\":\"Article\",\"@id\":\"https:\\\/\\\/dmcsrb.com\\\/region\\\/bura-i-mraz-u-hrvatskoj-temperatura-niza-od-13\\\/#article\",\"isPartOf\":{\"@id\":\"https:\\\/\\\/dmcsrb.com\\\/region\\\/bura-i-mraz-u-hrvatskoj-temperatura-niza-od-13\\\/\"},\"author\":{\"name\":\"dmcsrbija.com@gmail.com\",\"@id\":\"https:\\\/\\\/dmcsrb.com\\\/#\\\/schema\\\/person\\\/5c39170f12db1b8b457732d0b5c854e2\"},\"headline\":\"Bura i mraz u Hrvatskoj, temperatura ni\u017ea od -13\",\"datePublished\":\"2026-01-11T15:44:00+00:00\",\"mainEntityOfPage\":{\"@id\":\"https:\\\/\\\/dmcsrb.com\\\/region\\\/bura-i-mraz-u-hrvatskoj-temperatura-niza-od-13\\\/\"},\"wordCount\":171,\"commentCount\":0,\"image\":{\"@id\":\"https:\\\/\\\/dmcsrb.com\\\/region\\\/bura-i-mraz-u-hrvatskoj-temperatura-niza-od-13\\\/#primaryimage\"},\"thumbnailUrl\":\"https:\\\/\\\/dmcsrb.com\\\/wp-content\\\/uploads\\\/2024\\\/03\\\/Snijeg-put-foto-pixabay.webp\",\"keywords\":[\"bura\",\"Hrvatska\",\"mraz\",\"nevrijeme\"],\"articleSection\":[\"Region\"],\"inLanguage\":\"en-GB\",\"potentialAction\":[{\"@type\":\"CommentAction\",\"name\":\"Comment\",\"target\":[\"https:\\\/\\\/dmcsrb.com\\\/region\\\/bura-i-mraz-u-hrvatskoj-temperatura-niza-od-13\\\/#respond\"]}]},{\"@type\":\"WebPage\",\"@id\":\"https:\\\/\\\/dmcsrb.com\\\/region\\\/bura-i-mraz-u-hrvatskoj-temperatura-niza-od-13\\\/\",\"url\":\"https:\\\/\\\/dmcsrb.com\\\/region\\\/bura-i-mraz-u-hrvatskoj-temperatura-niza-od-13\\\/\",\"name\":\"Bura i mraz u Hrvatskoj, temperatura ni\u017ea od -13 - dmcsrb.com\",\"isPartOf\":{\"@id\":\"https:\\\/\\\/dmcsrb.com\\\/#website\"},\"primaryImageOfPage\":{\"@id\":\"https:\\\/\\\/dmcsrb.com\\\/region\\\/bura-i-mraz-u-hrvatskoj-temperatura-niza-od-13\\\/#primaryimage\"},\"image\":{\"@id\":\"https:\\\/\\\/dmcsrb.com\\\/region\\\/bura-i-mraz-u-hrvatskoj-temperatura-niza-od-13\\\/#primaryimage\"},\"thumbnailUrl\":\"https:\\\/\\\/dmcsrb.com\\\/wp-content\\\/uploads\\\/2024\\\/03\\\/Snijeg-put-foto-pixabay.webp\",\"datePublished\":\"2026-01-11T15:44:00+00:00\",\"author\":{\"@id\":\"https:\\\/\\\/dmcsrb.com\\\/#\\\/schema\\\/person\\\/5c39170f12db1b8b457732d0b5c854e2\"},\"breadcrumb\":{\"@id\":\"https:\\\/\\\/dmcsrb.com\\\/region\\\/bura-i-mraz-u-hrvatskoj-temperatura-niza-od-13\\\/#breadcrumb\"},\"inLanguage\":\"en-GB\",\"potentialAction\":[{\"@type\":\"ReadAction\",\"target\":[\"https:\\\/\\\/dmcsrb.com\\\/region\\\/bura-i-mraz-u-hrvatskoj-temperatura-niza-od-13\\\/\"]}]},{\"@type\":\"ImageObject\",\"inLanguage\":\"en-GB\",\"@id\":\"https:\\\/\\\/dmcsrb.com\\\/region\\\/bura-i-mraz-u-hrvatskoj-temperatura-niza-od-13\\\/#primaryimage\",\"url\":\"https:\\\/\\\/dmcsrb.com\\\/wp-content\\\/uploads\\\/2024\\\/03\\\/Snijeg-put-foto-pixabay.webp\",\"contentUrl\":\"https:\\\/\\\/dmcsrb.com\\\/wp-content\\\/uploads\\\/2024\\\/03\\\/Snijeg-put-foto-pixabay.webp\",\"width\":717,\"height\":441,\"caption\":\"Foto: Pixabay, Ilustracija\"},{\"@type\":\"BreadcrumbList\",\"@id\":\"https:\\\/\\\/dmcsrb.com\\\/region\\\/bura-i-mraz-u-hrvatskoj-temperatura-niza-od-13\\\/#breadcrumb\",\"itemListElement\":[{\"@type\":\"ListItem\",\"position\":1,\"name\":\"Home\",\"item\":\"https:\\\/\\\/dmcsrb.com\\\/\"},{\"@type\":\"ListItem\",\"position\":2,\"name\":\"Bura i mraz u Hrvatskoj, temperatura ni\u017ea od -13\"}]},{\"@type\":\"WebSite\",\"@id\":\"https:\\\/\\\/dmcsrb.com\\\/#website\",\"url\":\"https:\\\/\\\/dmcsrb.com\\\/\",\"name\":\"dmcsrb.com\",\"description\":\"\",\"potentialAction\":[{\"@type\":\"SearchAction\",\"target\":{\"@type\":\"EntryPoint\",\"urlTemplate\":\"https:\\\/\\\/dmcsrb.com\\\/?s={search_term_string}\"},\"query-input\":{\"@type\":\"PropertyValueSpecification\",\"valueRequired\":true,\"valueName\":\"search_term_string\"}}],\"inLanguage\":\"en-GB\"},{\"@type\":\"Person\",\"@id\":\"https:\\\/\\\/dmcsrb.com\\\/#\\\/schema\\\/person\\\/5c39170f12db1b8b457732d0b5c854e2\",\"name\":\"dmcsrbija.com@gmail.com\",\"image\":{\"@type\":\"ImageObject\",\"inLanguage\":\"en-GB\",\"@id\":\"https:\\\/\\\/secure.gravatar.com\\\/avatar\\\/68592660ad6347fad0fb587f8d5d8f1a7b44961362f56e4f2cd524feb87e9069?s=96&d=mm&r=g\",\"url\":\"https:\\\/\\\/secure.gravatar.com\\\/avatar\\\/68592660ad6347fad0fb587f8d5d8f1a7b44961362f56e4f2cd524feb87e9069?s=96&d=mm&r=g\",\"contentUrl\":\"https:\\\/\\\/secure.gravatar.com\\\/avatar\\\/68592660ad6347fad0fb587f8d5d8f1a7b44961362f56e4f2cd524feb87e9069?s=96&d=mm&r=g\",\"caption\":\"dmcsrbija.com@gmail.com\"},\"sameAs\":[\"https:\\\/\\\/dmcsrb.com\"],\"url\":\"https:\\\/\\\/dmcsrb.com\\\/en\\\/author\\\/dmcsrbija-comgmail-com\\\/\"}]}<\/script>\n<!-- \/ Yoast SEO plugin. -->","yoast_head_json":{"title":"Bura i mraz u Hrvatskoj, temperatura ni\u017ea od -13 - dmcsrb.com","robots":{"index":"index","follow":"follow","max-snippet":"max-snippet:-1","max-image-preview":"max-image-preview:large","max-video-preview":"max-video-preview:-1"},"canonical":"https:\/\/dmcsrb.com\/en\/region\/bura-i-mraz-u-hrvatskoj-temperatura-niza-od-13\/","og_locale":"en_GB","og_type":"article","og_title":"Bura i mraz u Hrvatskoj, temperatura ni\u017ea od -13 - dmcsrb.com","og_description":"Na podru\u010dju Hrvatske zbog jake i olujne bure za srednju Dalmaciju i Velebitski kanal na snazi je danas, 11. januara, narand\u017easti meteoalarm, a upozorenje zbog opasnosti od poledice izdato je za zagreba\u010dki, karlova\u010dki, osje\u010dki, kninski i gospi\u0107ki region.","og_url":"https:\/\/dmcsrb.com\/en\/region\/bura-i-mraz-u-hrvatskoj-temperatura-niza-od-13\/","og_site_name":"dmcsrb.com","article_published_time":"2026-01-11T15:44:00+00:00","og_image":[{"width":717,"height":441,"url":"https:\/\/dmcsrb.com\/wp-content\/uploads\/2024\/03\/Snijeg-put-foto-pixabay.webp","type":"image\/jpeg"}],"author":"dmcsrbija.com@gmail.com","twitter_card":"summary_large_image","twitter_misc":{"Written by":"dmcsrbija.com@gmail.com","Estimated reading time":"1 minute"},"schema":{"@context":"https:\/\/schema.org","@graph":[{"@type":"Article","@id":"https:\/\/dmcsrb.com\/region\/bura-i-mraz-u-hrvatskoj-temperatura-niza-od-13\/#article","isPartOf":{"@id":"https:\/\/dmcsrb.com\/region\/bura-i-mraz-u-hrvatskoj-temperatura-niza-od-13\/"},"author":{"name":"dmcsrbija.com@gmail.com","@id":"https:\/\/dmcsrb.com\/#\/schema\/person\/5c39170f12db1b8b457732d0b5c854e2"},"headline":"Bura i mraz u Hrvatskoj, temperatura ni\u017ea od -13","datePublished":"2026-01-11T15:44:00+00:00","mainEntityOfPage":{"@id":"https:\/\/dmcsrb.com\/region\/bura-i-mraz-u-hrvatskoj-temperatura-niza-od-13\/"},"wordCount":171,"commentCount":0,"image":{"@id":"https:\/\/dmcsrb.com\/region\/bura-i-mraz-u-hrvatskoj-temperatura-niza-od-13\/#primaryimage"},"thumbnailUrl":"https:\/\/dmcsrb.com\/wp-content\/uploads\/2024\/03\/Snijeg-put-foto-pixabay.webp","keywords":["bura","Hrvatska","mraz","nevrijeme"],"articleSection":["Region"],"inLanguage":"en-GB","potentialAction":[{"@type":"CommentAction","name":"Comment","target":["https:\/\/dmcsrb.com\/region\/bura-i-mraz-u-hrvatskoj-temperatura-niza-od-13\/#respond"]}]},{"@type":"WebPage","@id":"https:\/\/dmcsrb.com\/region\/bura-i-mraz-u-hrvatskoj-temperatura-niza-od-13\/","url":"https:\/\/dmcsrb.com\/region\/bura-i-mraz-u-hrvatskoj-temperatura-niza-od-13\/","name":"Bura i mraz u Hrvatskoj, temperatura ni\u017ea od -13 - dmcsrb.com","isPartOf":{"@id":"https:\/\/dmcsrb.com\/#website"},"primaryImageOfPage":{"@id":"https:\/\/dmcsrb.com\/region\/bura-i-mraz-u-hrvatskoj-temperatura-niza-od-13\/#primaryimage"},"image":{"@id":"https:\/\/dmcsrb.com\/region\/bura-i-mraz-u-hrvatskoj-temperatura-niza-od-13\/#primaryimage"},"thumbnailUrl":"https:\/\/dmcsrb.com\/wp-content\/uploads\/2024\/03\/Snijeg-put-foto-pixabay.webp","datePublished":"2026-01-11T15:44:00+00:00","author":{"@id":"https:\/\/dmcsrb.com\/#\/schema\/person\/5c39170f12db1b8b457732d0b5c854e2"},"breadcrumb":{"@id":"https:\/\/dmcsrb.com\/region\/bura-i-mraz-u-hrvatskoj-temperatura-niza-od-13\/#breadcrumb"},"inLanguage":"en-GB","potentialAction":[{"@type":"ReadAction","target":["https:\/\/dmcsrb.com\/region\/bura-i-mraz-u-hrvatskoj-temperatura-niza-od-13\/"]}]},{"@type":"ImageObject","inLanguage":"en-GB","@id":"https:\/\/dmcsrb.com\/region\/bura-i-mraz-u-hrvatskoj-temperatura-niza-od-13\/#primaryimage","url":"https:\/\/dmcsrb.com\/wp-content\/uploads\/2024\/03\/Snijeg-put-foto-pixabay.webp","contentUrl":"https:\/\/dmcsrb.com\/wp-content\/uploads\/2024\/03\/Snijeg-put-foto-pixabay.webp","width":717,"height":441,"caption":"Foto: Pixabay, Ilustracija"},{"@type":"BreadcrumbList","@id":"https:\/\/dmcsrb.com\/region\/bura-i-mraz-u-hrvatskoj-temperatura-niza-od-13\/#breadcrumb","itemListElement":[{"@type":"ListItem","position":1,"name":"Home","item":"https:\/\/dmcsrb.com\/"},{"@type":"ListItem","position":2,"name":"Bura i mraz u Hrvatskoj, temperatura ni\u017ea od -13"}]},{"@type":"WebSite","@id":"https:\/\/dmcsrb.com\/#website","url":"https:\/\/dmcsrb.com\/","name":"dmcsrb.com","description":"","potentialAction":[{"@type":"SearchAction","target":{"@type":"EntryPoint","urlTemplate":"https:\/\/dmcsrb.com\/?s={search_term_string}"},"query-input":{"@type":"PropertyValueSpecification","valueRequired":true,"valueName":"search_term_string"}}],"inLanguage":"en-GB"},{"@type":"Person","@id":"https:\/\/dmcsrb.com\/#\/schema\/person\/5c39170f12db1b8b457732d0b5c854e2","name":"dmcsrbija.com@gmail.com","image":{"@type":"ImageObject","inLanguage":"en-GB","@id":"https:\/\/secure.gravatar.com\/avatar\/68592660ad6347fad0fb587f8d5d8f1a7b44961362f56e4f2cd524feb87e9069?s=96&d=mm&r=g","url":"https:\/\/secure.gravatar.com\/avatar\/68592660ad6347fad0fb587f8d5d8f1a7b44961362f56e4f2cd524feb87e9069?s=96&d=mm&r=g","contentUrl":"https:\/\/secure.gravatar.com\/avatar\/68592660ad6347fad0fb587f8d5d8f1a7b44961362f56e4f2cd524feb87e9069?s=96&d=mm&r=g","caption":"dmcsrbija.com@gmail.com"},"sameAs":["https:\/\/dmcsrb.com"],"url":"https:\/\/dmcsrb.com\/en\/author\/dmcsrbija-comgmail-com\/"}]}},"_links":{"self":[{"href":"https:\/\/dmcsrb.com\/en\/wp-json\/wp\/v2\/posts\/907300","targetHints":{"allow":["GET"]}}],"collection":[{"href":"https:\/\/dmcsrb.com\/en\/wp-json\/wp\/v2\/posts"}],"about":[{"href":"https:\/\/dmcsrb.com\/en\/wp-json\/wp\/v2\/types\/post"}],"author":[{"embeddable":true,"href":"https:\/\/dmcsrb.com\/en\/wp-json\/wp\/v2\/users\/1"}],"replies":[{"embeddable":true,"href":"https:\/\/dmcsrb.com\/en\/wp-json\/wp\/v2\/comments?post=907300"}],"version-history":[{"count":0,"href":"https:\/\/dmcsrb.com\/en\/wp-json\/wp\/v2\/posts\/907300\/revisions"}],"wp:featuredmedia":[{"embeddable":true,"href":"https:\/\/dmcsrb.com\/en\/wp-json\/wp\/v2\/media\/502122"}],"wp:attachment":[{"href":"https:\/\/dmcsrb.com\/en\/wp-json\/wp\/v2\/media?parent=907300"}],"wp:term":[{"taxonomy":"category","embeddable":true,"href":"https:\/\/dmcsrb.com\/en\/wp-json\/wp\/v2\/categories?post=907300"},{"taxonomy":"post_tag","embeddable":true,"href":"https:\/\/dmcsrb.com\/en\/wp-json\/wp\/v2\/tags?post=907300"},{"taxonomy":"naslovna","embeddable":true,"href":"https:\/\/dmcsrb.com\/en\/wp-json\/wp\/v2\/naslovna?post=907300"}],"curies":[{"name":"wp","href":"https:\/\/api.w.org\/{rel}","templated":true}]}}