{"id":907286,"date":"2026-01-11T18:14:00","date_gmt":"2026-01-11T17:14:00","guid":{"rendered":"https:\/\/gradski.me\/?p=907286"},"modified":"2026-01-11T18:14:00","modified_gmt":"2026-01-11T17:14:00","slug":"kurdske-snage-napustile-alep-nakon-postizanja-primirja","status":"publish","type":"post","link":"https:\/\/dmcsrb.com\/en\/svijet\/kurdske-snage-napustile-alep-nakon-postizanja-primirja\/","title":{"rendered":"Kurdske snage napustile Alep nakon postizanja primirja"},"content":{"rendered":"<p><\/p>\n\n\n\n<p>\u010celnik Kurdom predvo\u0111enih Sirijskih demokratskih snaga (SDF), Mazloum Abdi, izjavio je da je uz me\u0111unarodno posredovanje postignut dogovor kojim je osigurana sigurna evakuacija \u201emu\u010denika, ranjenika, zarobljenih civila i boraca\u201d iz grada.<\/p>\n\n\n\n<p>Prema izvje\u0161tajim lokalnih medija, autobusi koji su prevozili posljednje pripadnike kurdskih SDF-a vi\u0111eni su kako napu\u0161taju ve\u0107inski kurdsku \u010detvrt Sheikh Maqsoud.<\/p>\n\n\n\n<p>Najnoviji sukobi u Alepu zapo\u010deli su ranije ove sedmice, nakon \u0161to su pregovori o integraciji Kurda u novu sirijsku vladu zapeli u &#8220;slijepoj ulicu&#8221;, pi\u0161e N1.<\/p>\n\n\n\n<p>U najnovijem talasu nasilja poginulo je najmanje 12 osoba, a desetine hiljada civila bili su prisiljeni napustiti svoje domove i pobje\u0107i iz \u010detvrti Sheikh Maqsoud i Ashrafieh.<\/p>\n\n\n\n<p>Sirijska vojska granatirala je to podru\u010dje u srijedu poslijepodne, nakon \u0161to je \u010detvrti proglasila \u201ezatvorenim vojnim zonama\u201d, kao odgovor na, kako tvrdi, napade naoru\u017eanih grupa u tom podru\u010dju.<\/p>\n\n\n\n<p>Prekid vatre progla\u0161en je ranije ove sedmuce ali su kurdske snage odbile napustiti posljednje upori\u0161te u Sheikh Maqsoudu prema tada\u0161njem dogovoru.<\/p>","protected":false},"excerpt":{"rendered":"<p>Posljednji kurdski borci povukli su se iz sirijskog grada Alepa, nakon \u0161to je rano jutros objavljen sporazum o prekidu vatre.<\/p>","protected":false},"author":1,"featured_media":503383,"comment_status":"open","ping_status":"open","sticky":false,"template":"","format":"standard","meta":{"_acf_changed":false,"footnotes":""},"categories":[144],"tags":[6339,6340,544],"naslovna":[],"class_list":["post-907286","post","type-post","status-publish","format-standard","has-post-thumbnail","hentry","category-svijet","tag-alep","tag-kurdi","tag-sirija"],"acf":[],"yoast_head":"<!-- This site is optimized with the Yoast SEO plugin v27.4 - https:\/\/yoast.com\/product\/yoast-seo-wordpress\/ -->\n<title>Kurdske snage napustile Alep nakon postizanja primirja - dmcsrb.com<\/title>\n<meta name=\"robots\" content=\"index, follow, max-snippet:-1, max-image-preview:large, max-video-preview:-1\" \/>\n<link rel=\"canonical\" href=\"https:\/\/dmcsrb.com\/en\/svijet\/kurdske-snage-napustile-alep-nakon-postizanja-primirja\/\" \/>\n<meta property=\"og:locale\" content=\"en_GB\" \/>\n<meta property=\"og:type\" content=\"article\" \/>\n<meta property=\"og:title\" content=\"Kurdske snage napustile Alep nakon postizanja primirja - dmcsrb.com\" \/>\n<meta property=\"og:description\" content=\"Posljednji kurdski borci povukli su se iz sirijskog grada Alepa, nakon \u0161to je rano jutros objavljen sporazum o prekidu vatre.\" \/>\n<meta property=\"og:url\" content=\"https:\/\/dmcsrb.com\/en\/svijet\/kurdske-snage-napustile-alep-nakon-postizanja-primirja\/\" \/>\n<meta property=\"og:site_name\" content=\"dmcsrb.com\" \/>\n<meta property=\"article:published_time\" content=\"2026-01-11T17:14:00+00:00\" \/>\n<meta property=\"og:image\" content=\"https:\/\/dmcsrb.com\/wp-content\/uploads\/2024\/03\/Sirija-rat-foto-AP-Sergei-Grits.webp\" \/>\n\t<meta property=\"og:image:width\" content=\"1232\" \/>\n\t<meta property=\"og:image:height\" content=\"818\" \/>\n\t<meta property=\"og:image:type\" content=\"image\/jpeg\" \/>\n<meta name=\"author\" content=\"dmcsrbija.com@gmail.com\" \/>\n<meta name=\"twitter:card\" content=\"summary_large_image\" \/>\n<meta name=\"twitter:label1\" content=\"Written by\" \/>\n\t<meta name=\"twitter:data1\" content=\"dmcsrbija.com@gmail.com\" \/>\n\t<meta name=\"twitter:label2\" content=\"Estimated reading time\" \/>\n\t<meta name=\"twitter:data2\" content=\"1 minute\" \/>\n<script type=\"application\/ld+json\" class=\"yoast-schema-graph\">{\"@context\":\"https:\\\/\\\/schema.org\",\"@graph\":[{\"@type\":\"Article\",\"@id\":\"https:\\\/\\\/dmcsrb.com\\\/svijet\\\/kurdske-snage-napustile-alep-nakon-postizanja-primirja\\\/#article\",\"isPartOf\":{\"@id\":\"https:\\\/\\\/dmcsrb.com\\\/svijet\\\/kurdske-snage-napustile-alep-nakon-postizanja-primirja\\\/\"},\"author\":{\"name\":\"dmcsrbija.com@gmail.com\",\"@id\":\"https:\\\/\\\/dmcsrb.com\\\/#\\\/schema\\\/person\\\/5c39170f12db1b8b457732d0b5c854e2\"},\"headline\":\"Kurdske snage napustile Alep nakon postizanja primirja\",\"datePublished\":\"2026-01-11T17:14:00+00:00\",\"mainEntityOfPage\":{\"@id\":\"https:\\\/\\\/dmcsrb.com\\\/svijet\\\/kurdske-snage-napustile-alep-nakon-postizanja-primirja\\\/\"},\"wordCount\":176,\"commentCount\":0,\"image\":{\"@id\":\"https:\\\/\\\/dmcsrb.com\\\/svijet\\\/kurdske-snage-napustile-alep-nakon-postizanja-primirja\\\/#primaryimage\"},\"thumbnailUrl\":\"https:\\\/\\\/dmcsrb.com\\\/wp-content\\\/uploads\\\/2024\\\/03\\\/Sirija-rat-foto-AP-Sergei-Grits.webp\",\"keywords\":[\"Alep\",\"kurdi\",\"Sirija\"],\"articleSection\":[\"Svijet\"],\"inLanguage\":\"en-GB\",\"potentialAction\":[{\"@type\":\"CommentAction\",\"name\":\"Comment\",\"target\":[\"https:\\\/\\\/dmcsrb.com\\\/svijet\\\/kurdske-snage-napustile-alep-nakon-postizanja-primirja\\\/#respond\"]}]},{\"@type\":\"WebPage\",\"@id\":\"https:\\\/\\\/dmcsrb.com\\\/svijet\\\/kurdske-snage-napustile-alep-nakon-postizanja-primirja\\\/\",\"url\":\"https:\\\/\\\/dmcsrb.com\\\/svijet\\\/kurdske-snage-napustile-alep-nakon-postizanja-primirja\\\/\",\"name\":\"Kurdske snage napustile Alep nakon postizanja primirja - dmcsrb.com\",\"isPartOf\":{\"@id\":\"https:\\\/\\\/dmcsrb.com\\\/#website\"},\"primaryImageOfPage\":{\"@id\":\"https:\\\/\\\/dmcsrb.com\\\/svijet\\\/kurdske-snage-napustile-alep-nakon-postizanja-primirja\\\/#primaryimage\"},\"image\":{\"@id\":\"https:\\\/\\\/dmcsrb.com\\\/svijet\\\/kurdske-snage-napustile-alep-nakon-postizanja-primirja\\\/#primaryimage\"},\"thumbnailUrl\":\"https:\\\/\\\/dmcsrb.com\\\/wp-content\\\/uploads\\\/2024\\\/03\\\/Sirija-rat-foto-AP-Sergei-Grits.webp\",\"datePublished\":\"2026-01-11T17:14:00+00:00\",\"author\":{\"@id\":\"https:\\\/\\\/dmcsrb.com\\\/#\\\/schema\\\/person\\\/5c39170f12db1b8b457732d0b5c854e2\"},\"breadcrumb\":{\"@id\":\"https:\\\/\\\/dmcsrb.com\\\/svijet\\\/kurdske-snage-napustile-alep-nakon-postizanja-primirja\\\/#breadcrumb\"},\"inLanguage\":\"en-GB\",\"potentialAction\":[{\"@type\":\"ReadAction\",\"target\":[\"https:\\\/\\\/dmcsrb.com\\\/svijet\\\/kurdske-snage-napustile-alep-nakon-postizanja-primirja\\\/\"]}]},{\"@type\":\"ImageObject\",\"inLanguage\":\"en-GB\",\"@id\":\"https:\\\/\\\/dmcsrb.com\\\/svijet\\\/kurdske-snage-napustile-alep-nakon-postizanja-primirja\\\/#primaryimage\",\"url\":\"https:\\\/\\\/dmcsrb.com\\\/wp-content\\\/uploads\\\/2024\\\/03\\\/Sirija-rat-foto-AP-Sergei-Grits.webp\",\"contentUrl\":\"https:\\\/\\\/dmcsrb.com\\\/wp-content\\\/uploads\\\/2024\\\/03\\\/Sirija-rat-foto-AP-Sergei-Grits.webp\",\"width\":1232,\"height\":818,\"caption\":\"Foto: AP, arhiva\"},{\"@type\":\"BreadcrumbList\",\"@id\":\"https:\\\/\\\/dmcsrb.com\\\/svijet\\\/kurdske-snage-napustile-alep-nakon-postizanja-primirja\\\/#breadcrumb\",\"itemListElement\":[{\"@type\":\"ListItem\",\"position\":1,\"name\":\"Home\",\"item\":\"https:\\\/\\\/dmcsrb.com\\\/\"},{\"@type\":\"ListItem\",\"position\":2,\"name\":\"Kurdske snage napustile Alep nakon postizanja primirja\"}]},{\"@type\":\"WebSite\",\"@id\":\"https:\\\/\\\/dmcsrb.com\\\/#website\",\"url\":\"https:\\\/\\\/dmcsrb.com\\\/\",\"name\":\"dmcsrb.com\",\"description\":\"\",\"potentialAction\":[{\"@type\":\"SearchAction\",\"target\":{\"@type\":\"EntryPoint\",\"urlTemplate\":\"https:\\\/\\\/dmcsrb.com\\\/?s={search_term_string}\"},\"query-input\":{\"@type\":\"PropertyValueSpecification\",\"valueRequired\":true,\"valueName\":\"search_term_string\"}}],\"inLanguage\":\"en-GB\"},{\"@type\":\"Person\",\"@id\":\"https:\\\/\\\/dmcsrb.com\\\/#\\\/schema\\\/person\\\/5c39170f12db1b8b457732d0b5c854e2\",\"name\":\"dmcsrbija.com@gmail.com\",\"image\":{\"@type\":\"ImageObject\",\"inLanguage\":\"en-GB\",\"@id\":\"https:\\\/\\\/secure.gravatar.com\\\/avatar\\\/68592660ad6347fad0fb587f8d5d8f1a7b44961362f56e4f2cd524feb87e9069?s=96&d=mm&r=g\",\"url\":\"https:\\\/\\\/secure.gravatar.com\\\/avatar\\\/68592660ad6347fad0fb587f8d5d8f1a7b44961362f56e4f2cd524feb87e9069?s=96&d=mm&r=g\",\"contentUrl\":\"https:\\\/\\\/secure.gravatar.com\\\/avatar\\\/68592660ad6347fad0fb587f8d5d8f1a7b44961362f56e4f2cd524feb87e9069?s=96&d=mm&r=g\",\"caption\":\"dmcsrbija.com@gmail.com\"},\"sameAs\":[\"https:\\\/\\\/dmcsrb.com\"],\"url\":\"https:\\\/\\\/dmcsrb.com\\\/en\\\/author\\\/dmcsrbija-comgmail-com\\\/\"}]}<\/script>\n<!-- \/ Yoast SEO plugin. -->","yoast_head_json":{"title":"Kurdske snage napustile Alep nakon postizanja primirja - dmcsrb.com","robots":{"index":"index","follow":"follow","max-snippet":"max-snippet:-1","max-image-preview":"max-image-preview:large","max-video-preview":"max-video-preview:-1"},"canonical":"https:\/\/dmcsrb.com\/en\/svijet\/kurdske-snage-napustile-alep-nakon-postizanja-primirja\/","og_locale":"en_GB","og_type":"article","og_title":"Kurdske snage napustile Alep nakon postizanja primirja - dmcsrb.com","og_description":"Posljednji kurdski borci povukli su se iz sirijskog grada Alepa, nakon \u0161to je rano jutros objavljen sporazum o prekidu vatre.","og_url":"https:\/\/dmcsrb.com\/en\/svijet\/kurdske-snage-napustile-alep-nakon-postizanja-primirja\/","og_site_name":"dmcsrb.com","article_published_time":"2026-01-11T17:14:00+00:00","og_image":[{"width":1232,"height":818,"url":"https:\/\/dmcsrb.com\/wp-content\/uploads\/2024\/03\/Sirija-rat-foto-AP-Sergei-Grits.webp","type":"image\/jpeg"}],"author":"dmcsrbija.com@gmail.com","twitter_card":"summary_large_image","twitter_misc":{"Written by":"dmcsrbija.com@gmail.com","Estimated reading time":"1 minute"},"schema":{"@context":"https:\/\/schema.org","@graph":[{"@type":"Article","@id":"https:\/\/dmcsrb.com\/svijet\/kurdske-snage-napustile-alep-nakon-postizanja-primirja\/#article","isPartOf":{"@id":"https:\/\/dmcsrb.com\/svijet\/kurdske-snage-napustile-alep-nakon-postizanja-primirja\/"},"author":{"name":"dmcsrbija.com@gmail.com","@id":"https:\/\/dmcsrb.com\/#\/schema\/person\/5c39170f12db1b8b457732d0b5c854e2"},"headline":"Kurdske snage napustile Alep nakon postizanja primirja","datePublished":"2026-01-11T17:14:00+00:00","mainEntityOfPage":{"@id":"https:\/\/dmcsrb.com\/svijet\/kurdske-snage-napustile-alep-nakon-postizanja-primirja\/"},"wordCount":176,"commentCount":0,"image":{"@id":"https:\/\/dmcsrb.com\/svijet\/kurdske-snage-napustile-alep-nakon-postizanja-primirja\/#primaryimage"},"thumbnailUrl":"https:\/\/dmcsrb.com\/wp-content\/uploads\/2024\/03\/Sirija-rat-foto-AP-Sergei-Grits.webp","keywords":["Alep","kurdi","Sirija"],"articleSection":["Svijet"],"inLanguage":"en-GB","potentialAction":[{"@type":"CommentAction","name":"Comment","target":["https:\/\/dmcsrb.com\/svijet\/kurdske-snage-napustile-alep-nakon-postizanja-primirja\/#respond"]}]},{"@type":"WebPage","@id":"https:\/\/dmcsrb.com\/svijet\/kurdske-snage-napustile-alep-nakon-postizanja-primirja\/","url":"https:\/\/dmcsrb.com\/svijet\/kurdske-snage-napustile-alep-nakon-postizanja-primirja\/","name":"Kurdske snage napustile Alep nakon postizanja primirja - dmcsrb.com","isPartOf":{"@id":"https:\/\/dmcsrb.com\/#website"},"primaryImageOfPage":{"@id":"https:\/\/dmcsrb.com\/svijet\/kurdske-snage-napustile-alep-nakon-postizanja-primirja\/#primaryimage"},"image":{"@id":"https:\/\/dmcsrb.com\/svijet\/kurdske-snage-napustile-alep-nakon-postizanja-primirja\/#primaryimage"},"thumbnailUrl":"https:\/\/dmcsrb.com\/wp-content\/uploads\/2024\/03\/Sirija-rat-foto-AP-Sergei-Grits.webp","datePublished":"2026-01-11T17:14:00+00:00","author":{"@id":"https:\/\/dmcsrb.com\/#\/schema\/person\/5c39170f12db1b8b457732d0b5c854e2"},"breadcrumb":{"@id":"https:\/\/dmcsrb.com\/svijet\/kurdske-snage-napustile-alep-nakon-postizanja-primirja\/#breadcrumb"},"inLanguage":"en-GB","potentialAction":[{"@type":"ReadAction","target":["https:\/\/dmcsrb.com\/svijet\/kurdske-snage-napustile-alep-nakon-postizanja-primirja\/"]}]},{"@type":"ImageObject","inLanguage":"en-GB","@id":"https:\/\/dmcsrb.com\/svijet\/kurdske-snage-napustile-alep-nakon-postizanja-primirja\/#primaryimage","url":"https:\/\/dmcsrb.com\/wp-content\/uploads\/2024\/03\/Sirija-rat-foto-AP-Sergei-Grits.webp","contentUrl":"https:\/\/dmcsrb.com\/wp-content\/uploads\/2024\/03\/Sirija-rat-foto-AP-Sergei-Grits.webp","width":1232,"height":818,"caption":"Foto: AP, arhiva"},{"@type":"BreadcrumbList","@id":"https:\/\/dmcsrb.com\/svijet\/kurdske-snage-napustile-alep-nakon-postizanja-primirja\/#breadcrumb","itemListElement":[{"@type":"ListItem","position":1,"name":"Home","item":"https:\/\/dmcsrb.com\/"},{"@type":"ListItem","position":2,"name":"Kurdske snage napustile Alep nakon postizanja primirja"}]},{"@type":"WebSite","@id":"https:\/\/dmcsrb.com\/#website","url":"https:\/\/dmcsrb.com\/","name":"dmcsrb.com","description":"","potentialAction":[{"@type":"SearchAction","target":{"@type":"EntryPoint","urlTemplate":"https:\/\/dmcsrb.com\/?s={search_term_string}"},"query-input":{"@type":"PropertyValueSpecification","valueRequired":true,"valueName":"search_term_string"}}],"inLanguage":"en-GB"},{"@type":"Person","@id":"https:\/\/dmcsrb.com\/#\/schema\/person\/5c39170f12db1b8b457732d0b5c854e2","name":"dmcsrbija.com@gmail.com","image":{"@type":"ImageObject","inLanguage":"en-GB","@id":"https:\/\/secure.gravatar.com\/avatar\/68592660ad6347fad0fb587f8d5d8f1a7b44961362f56e4f2cd524feb87e9069?s=96&d=mm&r=g","url":"https:\/\/secure.gravatar.com\/avatar\/68592660ad6347fad0fb587f8d5d8f1a7b44961362f56e4f2cd524feb87e9069?s=96&d=mm&r=g","contentUrl":"https:\/\/secure.gravatar.com\/avatar\/68592660ad6347fad0fb587f8d5d8f1a7b44961362f56e4f2cd524feb87e9069?s=96&d=mm&r=g","caption":"dmcsrbija.com@gmail.com"},"sameAs":["https:\/\/dmcsrb.com"],"url":"https:\/\/dmcsrb.com\/en\/author\/dmcsrbija-comgmail-com\/"}]}},"_links":{"self":[{"href":"https:\/\/dmcsrb.com\/en\/wp-json\/wp\/v2\/posts\/907286","targetHints":{"allow":["GET"]}}],"collection":[{"href":"https:\/\/dmcsrb.com\/en\/wp-json\/wp\/v2\/posts"}],"about":[{"href":"https:\/\/dmcsrb.com\/en\/wp-json\/wp\/v2\/types\/post"}],"author":[{"embeddable":true,"href":"https:\/\/dmcsrb.com\/en\/wp-json\/wp\/v2\/users\/1"}],"replies":[{"embeddable":true,"href":"https:\/\/dmcsrb.com\/en\/wp-json\/wp\/v2\/comments?post=907286"}],"version-history":[{"count":0,"href":"https:\/\/dmcsrb.com\/en\/wp-json\/wp\/v2\/posts\/907286\/revisions"}],"wp:featuredmedia":[{"embeddable":true,"href":"https:\/\/dmcsrb.com\/en\/wp-json\/wp\/v2\/media\/503383"}],"wp:attachment":[{"href":"https:\/\/dmcsrb.com\/en\/wp-json\/wp\/v2\/media?parent=907286"}],"wp:term":[{"taxonomy":"category","embeddable":true,"href":"https:\/\/dmcsrb.com\/en\/wp-json\/wp\/v2\/categories?post=907286"},{"taxonomy":"post_tag","embeddable":true,"href":"https:\/\/dmcsrb.com\/en\/wp-json\/wp\/v2\/tags?post=907286"},{"taxonomy":"naslovna","embeddable":true,"href":"https:\/\/dmcsrb.com\/en\/wp-json\/wp\/v2\/naslovna?post=907286"}],"curies":[{"name":"wp","href":"https:\/\/api.w.org\/{rel}","templated":true}]}}