{"id":907206,"date":"2026-01-11T12:38:00","date_gmt":"2026-01-11T11:38:00","guid":{"rendered":"https:\/\/gradski.me\/?p=907206"},"modified":"2026-01-11T12:38:00","modified_gmt":"2026-01-11T11:38:00","slug":"njemacki-lanac-supermarketa-pred-stecajem","status":"publish","type":"post","link":"https:\/\/dmcsrb.com\/en\/svijet\/njemacki-lanac-supermarketa-pred-stecajem\/","title":{"rendered":"Njema\u010dki lanac supermarketa pred ste\u010dajem"},"content":{"rendered":"<p>Prema zvani\u010dnim informacijama, supermarket Feneberg podnio je Op\u0161tinskom sudu u Kemptenu zahtjev za takozvani \u201cza\u0161titni postupak\u201d, prenosi Capital.ba.<\/p>\n\n\n\n<p>\u201cCilj je da se kompanija ekonomski reorganizuje na odr\u017eiv na\u010din uz nastavak redovnog poslovanja\u201d, kazali su iz Feneberg Lebensmittela, \u010dlana Edeka grupe.<\/p>\n\n\n\n<p>Feneberg upravlja sa vi\u0161e od 70 prodajnih mjesta u ju\u017enoj Njema\u010dkoj i austrijskom Klejnvalsertalu, uglavnom u regionima Algaja i Bodenz. Kompanija zapo\u0161ljava oko tri hiljade radnika i ostvaruje godi\u0161nji prihod od preko 500 miliona eura.<\/p>\n\n\n\n<p>Za\u0161titni postupak u njema\u010dkom ste\u010dajnom pravu omogu\u0107ava preduze\u0107ima koja se suo\u010davaju sa finansijskim problemima, ali jo\u0161 nijesu insolventna, da sprovedu sanaciju. Porodica Feneberg je u upravu uklju\u010dila Stephana Leibolda, koji je ranije ve\u0107 radio na rje\u0161avanju problema u jednoj od Fenebergovih firmi.<\/p>\n\n\n\n<p>\u201cU posljednjim godinama u Fenebergu je pokrenuto mnogo inicijativa, ali nijesu sve dosljedno sprovedene do kraja\u201d, rekao je Leibold.<\/p>\n\n\n\n<p>Stru\u010dnjaci advokatske firme Grub Brugger iz \u0160tutgarta tako\u0111e u\u010destvuju u sanaciji, koja bi trebalo da se zavr\u0161i tokom ove godine.<\/p>","protected":false},"excerpt":{"rendered":"<p>Porodi\u010dna firma Feberbeg Lebensmittel na\u0161la se u finansijskim pote\u0161ko\u0107ama, pa bi stru\u010dnjaci trebalo da pomognu u spasavanju lanca sa vi\u0161e od 70 prodavnica.<\/p>","protected":false},"author":1,"featured_media":494035,"comment_status":"open","ping_status":"open","sticky":false,"template":"","format":"standard","meta":{"_acf_changed":false,"footnotes":""},"categories":[144],"tags":[58,6303,6304],"naslovna":[],"class_list":["post-907206","post","type-post","status-publish","format-standard","has-post-thumbnail","hentry","category-svijet","tag-njemacka","tag-stecaj","tag-supermarket"],"acf":[],"yoast_head":"<!-- This site is optimized with the Yoast SEO plugin v27.4 - https:\/\/yoast.com\/product\/yoast-seo-wordpress\/ -->\n<title>Njema\u010dki lanac supermarketa pred ste\u010dajem - dmcsrb.com<\/title>\n<meta name=\"robots\" content=\"index, follow, max-snippet:-1, max-image-preview:large, max-video-preview:-1\" \/>\n<link rel=\"canonical\" href=\"https:\/\/dmcsrb.com\/en\/svijet\/njemacki-lanac-supermarketa-pred-stecajem\/\" \/>\n<meta property=\"og:locale\" content=\"en_GB\" \/>\n<meta property=\"og:type\" content=\"article\" \/>\n<meta property=\"og:title\" content=\"Njema\u010dki lanac supermarketa pred ste\u010dajem - dmcsrb.com\" \/>\n<meta property=\"og:description\" content=\"Porodi\u010dna firma Feberbeg Lebensmittel na\u0161la se u finansijskim pote\u0161ko\u0107ama, pa bi stru\u010dnjaci trebalo da pomognu u spasavanju lanca sa vi\u0161e od 70 prodavnica.\" \/>\n<meta property=\"og:url\" content=\"https:\/\/dmcsrb.com\/en\/svijet\/njemacki-lanac-supermarketa-pred-stecajem\/\" \/>\n<meta property=\"og:site_name\" content=\"dmcsrb.com\" \/>\n<meta property=\"article:published_time\" content=\"2026-01-11T11:38:00+00:00\" \/>\n<meta property=\"og:image\" content=\"https:\/\/dmcsrb.com\/wp-content\/uploads\/2024\/02\/prodavnica-market-foto-pixabay.webp\" \/>\n\t<meta property=\"og:image:width\" content=\"918\" \/>\n\t<meta property=\"og:image:height\" content=\"528\" \/>\n\t<meta property=\"og:image:type\" content=\"image\/jpeg\" \/>\n<meta name=\"author\" content=\"dmcsrbija.com@gmail.com\" \/>\n<meta name=\"twitter:card\" content=\"summary_large_image\" \/>\n<meta name=\"twitter:label1\" content=\"Written by\" \/>\n\t<meta name=\"twitter:data1\" content=\"dmcsrbija.com@gmail.com\" \/>\n\t<meta name=\"twitter:label2\" content=\"Estimated reading time\" \/>\n\t<meta name=\"twitter:data2\" content=\"1 minute\" \/>\n<script type=\"application\/ld+json\" class=\"yoast-schema-graph\">{\"@context\":\"https:\\\/\\\/schema.org\",\"@graph\":[{\"@type\":\"Article\",\"@id\":\"https:\\\/\\\/dmcsrb.com\\\/svijet\\\/njemacki-lanac-supermarketa-pred-stecajem\\\/#article\",\"isPartOf\":{\"@id\":\"https:\\\/\\\/dmcsrb.com\\\/svijet\\\/njemacki-lanac-supermarketa-pred-stecajem\\\/\"},\"author\":{\"name\":\"dmcsrbija.com@gmail.com\",\"@id\":\"https:\\\/\\\/dmcsrb.com\\\/#\\\/schema\\\/person\\\/5c39170f12db1b8b457732d0b5c854e2\"},\"headline\":\"Njema\u010dki lanac supermarketa pred ste\u010dajem\",\"datePublished\":\"2026-01-11T11:38:00+00:00\",\"mainEntityOfPage\":{\"@id\":\"https:\\\/\\\/dmcsrb.com\\\/svijet\\\/njemacki-lanac-supermarketa-pred-stecajem\\\/\"},\"wordCount\":184,\"commentCount\":0,\"image\":{\"@id\":\"https:\\\/\\\/dmcsrb.com\\\/svijet\\\/njemacki-lanac-supermarketa-pred-stecajem\\\/#primaryimage\"},\"thumbnailUrl\":\"https:\\\/\\\/dmcsrb.com\\\/wp-content\\\/uploads\\\/2024\\\/02\\\/prodavnica-market-foto-pixabay.webp\",\"keywords\":[\"Njema\u010dka\",\"Ste\u010daj\",\"Supermarket\"],\"articleSection\":[\"Svijet\"],\"inLanguage\":\"en-GB\",\"potentialAction\":[{\"@type\":\"CommentAction\",\"name\":\"Comment\",\"target\":[\"https:\\\/\\\/dmcsrb.com\\\/svijet\\\/njemacki-lanac-supermarketa-pred-stecajem\\\/#respond\"]}]},{\"@type\":\"WebPage\",\"@id\":\"https:\\\/\\\/dmcsrb.com\\\/svijet\\\/njemacki-lanac-supermarketa-pred-stecajem\\\/\",\"url\":\"https:\\\/\\\/dmcsrb.com\\\/svijet\\\/njemacki-lanac-supermarketa-pred-stecajem\\\/\",\"name\":\"Njema\u010dki lanac supermarketa pred ste\u010dajem - dmcsrb.com\",\"isPartOf\":{\"@id\":\"https:\\\/\\\/dmcsrb.com\\\/#website\"},\"primaryImageOfPage\":{\"@id\":\"https:\\\/\\\/dmcsrb.com\\\/svijet\\\/njemacki-lanac-supermarketa-pred-stecajem\\\/#primaryimage\"},\"image\":{\"@id\":\"https:\\\/\\\/dmcsrb.com\\\/svijet\\\/njemacki-lanac-supermarketa-pred-stecajem\\\/#primaryimage\"},\"thumbnailUrl\":\"https:\\\/\\\/dmcsrb.com\\\/wp-content\\\/uploads\\\/2024\\\/02\\\/prodavnica-market-foto-pixabay.webp\",\"datePublished\":\"2026-01-11T11:38:00+00:00\",\"author\":{\"@id\":\"https:\\\/\\\/dmcsrb.com\\\/#\\\/schema\\\/person\\\/5c39170f12db1b8b457732d0b5c854e2\"},\"breadcrumb\":{\"@id\":\"https:\\\/\\\/dmcsrb.com\\\/svijet\\\/njemacki-lanac-supermarketa-pred-stecajem\\\/#breadcrumb\"},\"inLanguage\":\"en-GB\",\"potentialAction\":[{\"@type\":\"ReadAction\",\"target\":[\"https:\\\/\\\/dmcsrb.com\\\/svijet\\\/njemacki-lanac-supermarketa-pred-stecajem\\\/\"]}]},{\"@type\":\"ImageObject\",\"inLanguage\":\"en-GB\",\"@id\":\"https:\\\/\\\/dmcsrb.com\\\/svijet\\\/njemacki-lanac-supermarketa-pred-stecajem\\\/#primaryimage\",\"url\":\"https:\\\/\\\/dmcsrb.com\\\/wp-content\\\/uploads\\\/2024\\\/02\\\/prodavnica-market-foto-pixabay.webp\",\"contentUrl\":\"https:\\\/\\\/dmcsrb.com\\\/wp-content\\\/uploads\\\/2024\\\/02\\\/prodavnica-market-foto-pixabay.webp\",\"width\":918,\"height\":528,\"caption\":\"Foto: Pixabay, Ilustracija\"},{\"@type\":\"BreadcrumbList\",\"@id\":\"https:\\\/\\\/dmcsrb.com\\\/svijet\\\/njemacki-lanac-supermarketa-pred-stecajem\\\/#breadcrumb\",\"itemListElement\":[{\"@type\":\"ListItem\",\"position\":1,\"name\":\"Home\",\"item\":\"https:\\\/\\\/dmcsrb.com\\\/\"},{\"@type\":\"ListItem\",\"position\":2,\"name\":\"Njema\u010dki lanac supermarketa pred ste\u010dajem\"}]},{\"@type\":\"WebSite\",\"@id\":\"https:\\\/\\\/dmcsrb.com\\\/#website\",\"url\":\"https:\\\/\\\/dmcsrb.com\\\/\",\"name\":\"dmcsrb.com\",\"description\":\"\",\"potentialAction\":[{\"@type\":\"SearchAction\",\"target\":{\"@type\":\"EntryPoint\",\"urlTemplate\":\"https:\\\/\\\/dmcsrb.com\\\/?s={search_term_string}\"},\"query-input\":{\"@type\":\"PropertyValueSpecification\",\"valueRequired\":true,\"valueName\":\"search_term_string\"}}],\"inLanguage\":\"en-GB\"},{\"@type\":\"Person\",\"@id\":\"https:\\\/\\\/dmcsrb.com\\\/#\\\/schema\\\/person\\\/5c39170f12db1b8b457732d0b5c854e2\",\"name\":\"dmcsrbija.com@gmail.com\",\"image\":{\"@type\":\"ImageObject\",\"inLanguage\":\"en-GB\",\"@id\":\"https:\\\/\\\/secure.gravatar.com\\\/avatar\\\/68592660ad6347fad0fb587f8d5d8f1a7b44961362f56e4f2cd524feb87e9069?s=96&d=mm&r=g\",\"url\":\"https:\\\/\\\/secure.gravatar.com\\\/avatar\\\/68592660ad6347fad0fb587f8d5d8f1a7b44961362f56e4f2cd524feb87e9069?s=96&d=mm&r=g\",\"contentUrl\":\"https:\\\/\\\/secure.gravatar.com\\\/avatar\\\/68592660ad6347fad0fb587f8d5d8f1a7b44961362f56e4f2cd524feb87e9069?s=96&d=mm&r=g\",\"caption\":\"dmcsrbija.com@gmail.com\"},\"sameAs\":[\"https:\\\/\\\/dmcsrb.com\"],\"url\":\"https:\\\/\\\/dmcsrb.com\\\/en\\\/author\\\/dmcsrbija-comgmail-com\\\/\"}]}<\/script>\n<!-- \/ Yoast SEO plugin. -->","yoast_head_json":{"title":"Njema\u010dki lanac supermarketa pred ste\u010dajem - dmcsrb.com","robots":{"index":"index","follow":"follow","max-snippet":"max-snippet:-1","max-image-preview":"max-image-preview:large","max-video-preview":"max-video-preview:-1"},"canonical":"https:\/\/dmcsrb.com\/en\/svijet\/njemacki-lanac-supermarketa-pred-stecajem\/","og_locale":"en_GB","og_type":"article","og_title":"Njema\u010dki lanac supermarketa pred ste\u010dajem - dmcsrb.com","og_description":"Porodi\u010dna firma Feberbeg Lebensmittel na\u0161la se u finansijskim pote\u0161ko\u0107ama, pa bi stru\u010dnjaci trebalo da pomognu u spasavanju lanca sa vi\u0161e od 70 prodavnica.","og_url":"https:\/\/dmcsrb.com\/en\/svijet\/njemacki-lanac-supermarketa-pred-stecajem\/","og_site_name":"dmcsrb.com","article_published_time":"2026-01-11T11:38:00+00:00","og_image":[{"width":918,"height":528,"url":"https:\/\/dmcsrb.com\/wp-content\/uploads\/2024\/02\/prodavnica-market-foto-pixabay.webp","type":"image\/jpeg"}],"author":"dmcsrbija.com@gmail.com","twitter_card":"summary_large_image","twitter_misc":{"Written by":"dmcsrbija.com@gmail.com","Estimated reading time":"1 minute"},"schema":{"@context":"https:\/\/schema.org","@graph":[{"@type":"Article","@id":"https:\/\/dmcsrb.com\/svijet\/njemacki-lanac-supermarketa-pred-stecajem\/#article","isPartOf":{"@id":"https:\/\/dmcsrb.com\/svijet\/njemacki-lanac-supermarketa-pred-stecajem\/"},"author":{"name":"dmcsrbija.com@gmail.com","@id":"https:\/\/dmcsrb.com\/#\/schema\/person\/5c39170f12db1b8b457732d0b5c854e2"},"headline":"Njema\u010dki lanac supermarketa pred ste\u010dajem","datePublished":"2026-01-11T11:38:00+00:00","mainEntityOfPage":{"@id":"https:\/\/dmcsrb.com\/svijet\/njemacki-lanac-supermarketa-pred-stecajem\/"},"wordCount":184,"commentCount":0,"image":{"@id":"https:\/\/dmcsrb.com\/svijet\/njemacki-lanac-supermarketa-pred-stecajem\/#primaryimage"},"thumbnailUrl":"https:\/\/dmcsrb.com\/wp-content\/uploads\/2024\/02\/prodavnica-market-foto-pixabay.webp","keywords":["Njema\u010dka","Ste\u010daj","Supermarket"],"articleSection":["Svijet"],"inLanguage":"en-GB","potentialAction":[{"@type":"CommentAction","name":"Comment","target":["https:\/\/dmcsrb.com\/svijet\/njemacki-lanac-supermarketa-pred-stecajem\/#respond"]}]},{"@type":"WebPage","@id":"https:\/\/dmcsrb.com\/svijet\/njemacki-lanac-supermarketa-pred-stecajem\/","url":"https:\/\/dmcsrb.com\/svijet\/njemacki-lanac-supermarketa-pred-stecajem\/","name":"Njema\u010dki lanac supermarketa pred ste\u010dajem - dmcsrb.com","isPartOf":{"@id":"https:\/\/dmcsrb.com\/#website"},"primaryImageOfPage":{"@id":"https:\/\/dmcsrb.com\/svijet\/njemacki-lanac-supermarketa-pred-stecajem\/#primaryimage"},"image":{"@id":"https:\/\/dmcsrb.com\/svijet\/njemacki-lanac-supermarketa-pred-stecajem\/#primaryimage"},"thumbnailUrl":"https:\/\/dmcsrb.com\/wp-content\/uploads\/2024\/02\/prodavnica-market-foto-pixabay.webp","datePublished":"2026-01-11T11:38:00+00:00","author":{"@id":"https:\/\/dmcsrb.com\/#\/schema\/person\/5c39170f12db1b8b457732d0b5c854e2"},"breadcrumb":{"@id":"https:\/\/dmcsrb.com\/svijet\/njemacki-lanac-supermarketa-pred-stecajem\/#breadcrumb"},"inLanguage":"en-GB","potentialAction":[{"@type":"ReadAction","target":["https:\/\/dmcsrb.com\/svijet\/njemacki-lanac-supermarketa-pred-stecajem\/"]}]},{"@type":"ImageObject","inLanguage":"en-GB","@id":"https:\/\/dmcsrb.com\/svijet\/njemacki-lanac-supermarketa-pred-stecajem\/#primaryimage","url":"https:\/\/dmcsrb.com\/wp-content\/uploads\/2024\/02\/prodavnica-market-foto-pixabay.webp","contentUrl":"https:\/\/dmcsrb.com\/wp-content\/uploads\/2024\/02\/prodavnica-market-foto-pixabay.webp","width":918,"height":528,"caption":"Foto: Pixabay, Ilustracija"},{"@type":"BreadcrumbList","@id":"https:\/\/dmcsrb.com\/svijet\/njemacki-lanac-supermarketa-pred-stecajem\/#breadcrumb","itemListElement":[{"@type":"ListItem","position":1,"name":"Home","item":"https:\/\/dmcsrb.com\/"},{"@type":"ListItem","position":2,"name":"Njema\u010dki lanac supermarketa pred ste\u010dajem"}]},{"@type":"WebSite","@id":"https:\/\/dmcsrb.com\/#website","url":"https:\/\/dmcsrb.com\/","name":"dmcsrb.com","description":"","potentialAction":[{"@type":"SearchAction","target":{"@type":"EntryPoint","urlTemplate":"https:\/\/dmcsrb.com\/?s={search_term_string}"},"query-input":{"@type":"PropertyValueSpecification","valueRequired":true,"valueName":"search_term_string"}}],"inLanguage":"en-GB"},{"@type":"Person","@id":"https:\/\/dmcsrb.com\/#\/schema\/person\/5c39170f12db1b8b457732d0b5c854e2","name":"dmcsrbija.com@gmail.com","image":{"@type":"ImageObject","inLanguage":"en-GB","@id":"https:\/\/secure.gravatar.com\/avatar\/68592660ad6347fad0fb587f8d5d8f1a7b44961362f56e4f2cd524feb87e9069?s=96&d=mm&r=g","url":"https:\/\/secure.gravatar.com\/avatar\/68592660ad6347fad0fb587f8d5d8f1a7b44961362f56e4f2cd524feb87e9069?s=96&d=mm&r=g","contentUrl":"https:\/\/secure.gravatar.com\/avatar\/68592660ad6347fad0fb587f8d5d8f1a7b44961362f56e4f2cd524feb87e9069?s=96&d=mm&r=g","caption":"dmcsrbija.com@gmail.com"},"sameAs":["https:\/\/dmcsrb.com"],"url":"https:\/\/dmcsrb.com\/en\/author\/dmcsrbija-comgmail-com\/"}]}},"_links":{"self":[{"href":"https:\/\/dmcsrb.com\/en\/wp-json\/wp\/v2\/posts\/907206","targetHints":{"allow":["GET"]}}],"collection":[{"href":"https:\/\/dmcsrb.com\/en\/wp-json\/wp\/v2\/posts"}],"about":[{"href":"https:\/\/dmcsrb.com\/en\/wp-json\/wp\/v2\/types\/post"}],"author":[{"embeddable":true,"href":"https:\/\/dmcsrb.com\/en\/wp-json\/wp\/v2\/users\/1"}],"replies":[{"embeddable":true,"href":"https:\/\/dmcsrb.com\/en\/wp-json\/wp\/v2\/comments?post=907206"}],"version-history":[{"count":0,"href":"https:\/\/dmcsrb.com\/en\/wp-json\/wp\/v2\/posts\/907206\/revisions"}],"wp:featuredmedia":[{"embeddable":true,"href":"https:\/\/dmcsrb.com\/en\/wp-json\/wp\/v2\/media\/494035"}],"wp:attachment":[{"href":"https:\/\/dmcsrb.com\/en\/wp-json\/wp\/v2\/media?parent=907206"}],"wp:term":[{"taxonomy":"category","embeddable":true,"href":"https:\/\/dmcsrb.com\/en\/wp-json\/wp\/v2\/categories?post=907206"},{"taxonomy":"post_tag","embeddable":true,"href":"https:\/\/dmcsrb.com\/en\/wp-json\/wp\/v2\/tags?post=907206"},{"taxonomy":"naslovna","embeddable":true,"href":"https:\/\/dmcsrb.com\/en\/wp-json\/wp\/v2\/naslovna?post=907206"}],"curies":[{"name":"wp","href":"https:\/\/api.w.org\/{rel}","templated":true}]}}