{"id":906780,"date":"2026-01-11T07:15:00","date_gmt":"2026-01-11T06:15:00","guid":{"rendered":"https:\/\/gradski.me\/?p=906780"},"modified":"2026-01-11T07:15:00","modified_gmt":"2026-01-11T06:15:00","slug":"buducnost-u-zadru-lijeci-evropske-rane","status":"publish","type":"post","link":"https:\/\/dmcsrb.com\/en\/sport\/buducnost-u-zadru-lijeci-evropske-rane\/","title":{"rendered":"Budu\u0107nost u Zadru lije\u010di evropske rane"},"content":{"rendered":"<p>&#8220;Plavi&#8221; su drugi na tabeli sa skorom 9-2, dok je Zadar \u0161esti sa u\u010dinkom 4-8. <\/p>\n\n\n\n<p>Trener Podgori\u010dana, Andrej \u017dakelj, o\u010dekuje reakciju nakon poraza od Panioniosa.<\/p>\n\n\n\n<p>\u201ePrva stvar je da poka\u017eemo reakciju. Mislim da svi znamo kako treba da se pona\u0161amo u utakmici. Zadar igra dobru ko\u0161arku, sa mnogo kontakta i igre u niskom postu. Bez \u010dvrstine, agresivnosti i kontakta ne mo\u017ee se igrati protiv njih, ali ni protiv bilo koga. Moramo da se fokusiramo na svoju igru, a ne na igru protivnika, i da budemo mnogo bolji nego u prethodnoj utakmici\u201c, rekao je \u017dakelj.<\/p>\n\n\n\n<p>Budu\u0107nost je dobila prvi me\u010d ove sezone u Podgorici (98:87).<\/p>\n\n\n\n<p>\u201eZadar je veoma iskusna i sna\u017ena ekipa, te o\u010dekujemo da igraju veoma \u010dvrsto. Moramo da odgovorimo istom mjerom i da budemo jo\u0161 \u010dvr\u0161\u0107i od njih. Tako\u0111e, va\u017eno je da igramo brzo, jer imaju dosta iskusnih, starijih igra\u010da. Mislim da \u0107e to biti dva klju\u010dna faktora za pobjedu. Od njih o\u010dekujem sporiju i strpljivu igru, kroz postavljene napade, uz \u010dvrstinu i igru u niskom postu. Sigurno \u0107emo se dobro pripremiti za takav stil igre\u201c, kazao je plejmejker Oleksander Kovlijar.<\/p>\n\n\n\n<p>Strateg Zadra, Danijel Jusup o\u010dekuje te\u017eak me\u010d, te isti\u010de da protivnik ima individualce koji mogu rije\u0161iti utakmicu.<\/p>\n\n\n\n<p>&#8220;Budu\u0107nost je sjajna ekipa koja je izuzetno \u0161uterski kvalitetna, imaju mnogo igra\u010da, individualaca koji svojim kvalitetom mogu rije\u0161iti utakmicu. Sem toga su jako dobro vo\u0111eni, tvrdi, znaju kako treba pobije\u0111ivati. \u010ceka nas ba\u0161 te\u017eak posao. Pozivam navija\u010de da do\u0111u, da nas pobodre da poku\u0161amo napraviti \u0161to bolji rezultat&#8221;, kazao je Jusup. <\/p>\n\n\n\n<p>&#8220;Plavi&#8221; su slavili na prethodna \u010detiri gostovanja u Zadru. <\/p>\n\n\n\n<p>&#8220;Budu\u0107nost je Evrokupu ekipa koju ne treba puno predstavljati, imaju kvalitet na svim pozicijama. Mi igramo na doma\u0107em terenu, moramo u\u0107i maksimalno energi\u010dno od po\u010detka utakmice i tra\u017eiti svoje \u0161anse. Pozivam navija\u010de da nas podr\u017ee&#8221;, poru\u010dio je Toni Torbarina.<\/p>\n\n\n\n<p>Utakmica u dvorani &#8220;Kre\u0161imir \u0106osi\u0107&#8221; po\u010dinje u 17 sati i 30 minuta.<\/p>","protected":false},"excerpt":{"rendered":"<p>Ko\u0161arka\u0161i Budu\u0107nost Volija gostuju danas ekipi Zadra u okviru 14. kola grupe B ABA lige.<\/p>","protected":false},"author":1,"featured_media":862668,"comment_status":"open","ping_status":"open","sticky":false,"template":"","format":"standard","meta":{"_acf_changed":false,"footnotes":""},"categories":[148],"tags":[519,1032,1964],"naslovna":[],"class_list":["post-906780","post","type-post","status-publish","format-standard","has-post-thumbnail","hentry","category-sport","tag-aba-liga","tag-kk-buducnost-voli","tag-kk-zadar"],"acf":[],"yoast_head":"<!-- This site is optimized with the Yoast SEO plugin v27.0 - https:\/\/yoast.com\/product\/yoast-seo-wordpress\/ -->\n<title>Budu\u0107nost u Zadru lije\u010di evropske rane - dmcsrb.com<\/title>\n<meta name=\"robots\" content=\"index, follow, max-snippet:-1, max-image-preview:large, max-video-preview:-1\" \/>\n<link rel=\"canonical\" href=\"https:\/\/dmcsrb.com\/en\/sport\/buducnost-u-zadru-lijeci-evropske-rane\/\" \/>\n<meta property=\"og:locale\" content=\"en_GB\" \/>\n<meta property=\"og:type\" content=\"article\" \/>\n<meta property=\"og:title\" content=\"Budu\u0107nost u Zadru lije\u010di evropske rane - dmcsrb.com\" \/>\n<meta property=\"og:description\" content=\"Ko\u0161arka\u0161i Budu\u0107nost Volija gostuju danas ekipi Zadra u okviru 14. kola grupe B ABA lige.\" \/>\n<meta property=\"og:url\" content=\"https:\/\/dmcsrb.com\/en\/sport\/buducnost-u-zadru-lijeci-evropske-rane\/\" \/>\n<meta property=\"og:site_name\" content=\"dmcsrb.com\" \/>\n<meta property=\"article:published_time\" content=\"2026-01-11T06:15:00+00:00\" \/>\n<meta property=\"og:image\" content=\"https:\/\/dmcsrb.com\/wp-content\/uploads\/2025\/11\/Buducnost-Zadar-Buducnost-Voli-Filip-Roganovic.webp\" \/>\n\t<meta property=\"og:image:width\" content=\"740\" \/>\n\t<meta property=\"og:image:height\" content=\"505\" \/>\n\t<meta property=\"og:image:type\" content=\"image\/jpeg\" \/>\n<meta name=\"author\" content=\"dmcsrbija.com@gmail.com\" \/>\n<meta name=\"twitter:card\" content=\"summary_large_image\" \/>\n<meta name=\"twitter:label1\" content=\"Written by\" \/>\n\t<meta name=\"twitter:data1\" content=\"dmcsrbija.com@gmail.com\" \/>\n\t<meta name=\"twitter:label2\" content=\"Estimated reading time\" \/>\n\t<meta name=\"twitter:data2\" content=\"2 minutes\" \/>\n<script type=\"application\/ld+json\" class=\"yoast-schema-graph\">{\"@context\":\"https:\/\/schema.org\",\"@graph\":[{\"@type\":\"Article\",\"@id\":\"https:\/\/dmcsrb.com\/sport\/buducnost-u-zadru-lijeci-evropske-rane\/#article\",\"isPartOf\":{\"@id\":\"https:\/\/dmcsrb.com\/sport\/buducnost-u-zadru-lijeci-evropske-rane\/\"},\"author\":{\"name\":\"dmcsrbija.com@gmail.com\",\"@id\":\"https:\/\/dmcsrb.com\/#\/schema\/person\/5c39170f12db1b8b457732d0b5c854e2\"},\"headline\":\"Budu\u0107nost u Zadru lije\u010di evropske rane\",\"datePublished\":\"2026-01-11T06:15:00+00:00\",\"mainEntityOfPage\":{\"@id\":\"https:\/\/dmcsrb.com\/sport\/buducnost-u-zadru-lijeci-evropske-rane\/\"},\"wordCount\":355,\"commentCount\":0,\"image\":{\"@id\":\"https:\/\/dmcsrb.com\/sport\/buducnost-u-zadru-lijeci-evropske-rane\/#primaryimage\"},\"thumbnailUrl\":\"https:\/\/dmcsrb.com\/wp-content\/uploads\/2025\/11\/Buducnost-Zadar-Buducnost-Voli-Filip-Roganovic.webp\",\"keywords\":[\"ABA liga\",\"KK Budu\u0107nost Voli\",\"KK Zadar\"],\"articleSection\":[\"Sport\"],\"inLanguage\":\"en-GB\",\"potentialAction\":[{\"@type\":\"CommentAction\",\"name\":\"Comment\",\"target\":[\"https:\/\/dmcsrb.com\/sport\/buducnost-u-zadru-lijeci-evropske-rane\/#respond\"]}]},{\"@type\":\"WebPage\",\"@id\":\"https:\/\/dmcsrb.com\/sport\/buducnost-u-zadru-lijeci-evropske-rane\/\",\"url\":\"https:\/\/dmcsrb.com\/sport\/buducnost-u-zadru-lijeci-evropske-rane\/\",\"name\":\"Budu\u0107nost u Zadru lije\u010di evropske rane - dmcsrb.com\",\"isPartOf\":{\"@id\":\"https:\/\/dmcsrb.com\/#website\"},\"primaryImageOfPage\":{\"@id\":\"https:\/\/dmcsrb.com\/sport\/buducnost-u-zadru-lijeci-evropske-rane\/#primaryimage\"},\"image\":{\"@id\":\"https:\/\/dmcsrb.com\/sport\/buducnost-u-zadru-lijeci-evropske-rane\/#primaryimage\"},\"thumbnailUrl\":\"https:\/\/dmcsrb.com\/wp-content\/uploads\/2025\/11\/Buducnost-Zadar-Buducnost-Voli-Filip-Roganovic.webp\",\"datePublished\":\"2026-01-11T06:15:00+00:00\",\"author\":{\"@id\":\"https:\/\/dmcsrb.com\/#\/schema\/person\/5c39170f12db1b8b457732d0b5c854e2\"},\"breadcrumb\":{\"@id\":\"https:\/\/dmcsrb.com\/sport\/buducnost-u-zadru-lijeci-evropske-rane\/#breadcrumb\"},\"inLanguage\":\"en-GB\",\"potentialAction\":[{\"@type\":\"ReadAction\",\"target\":[\"https:\/\/dmcsrb.com\/sport\/buducnost-u-zadru-lijeci-evropske-rane\/\"]}]},{\"@type\":\"ImageObject\",\"inLanguage\":\"en-GB\",\"@id\":\"https:\/\/dmcsrb.com\/sport\/buducnost-u-zadru-lijeci-evropske-rane\/#primaryimage\",\"url\":\"https:\/\/dmcsrb.com\/wp-content\/uploads\/2025\/11\/Buducnost-Zadar-Buducnost-Voli-Filip-Roganovic.webp\",\"contentUrl\":\"https:\/\/dmcsrb.com\/wp-content\/uploads\/2025\/11\/Buducnost-Zadar-Buducnost-Voli-Filip-Roganovic.webp\",\"width\":740,\"height\":505,\"caption\":\"Foto: Budu\u0107nost Voli\/Filip Roganovi\u0107\"},{\"@type\":\"BreadcrumbList\",\"@id\":\"https:\/\/dmcsrb.com\/sport\/buducnost-u-zadru-lijeci-evropske-rane\/#breadcrumb\",\"itemListElement\":[{\"@type\":\"ListItem\",\"position\":1,\"name\":\"Home\",\"item\":\"https:\/\/dmcsrb.com\/\"},{\"@type\":\"ListItem\",\"position\":2,\"name\":\"Budu\u0107nost u Zadru lije\u010di evropske rane\"}]},{\"@type\":\"WebSite\",\"@id\":\"https:\/\/dmcsrb.com\/#website\",\"url\":\"https:\/\/dmcsrb.com\/\",\"name\":\"dmcsrb.com\",\"description\":\"\",\"potentialAction\":[{\"@type\":\"SearchAction\",\"target\":{\"@type\":\"EntryPoint\",\"urlTemplate\":\"https:\/\/dmcsrb.com\/?s={search_term_string}\"},\"query-input\":{\"@type\":\"PropertyValueSpecification\",\"valueRequired\":true,\"valueName\":\"search_term_string\"}}],\"inLanguage\":\"en-GB\"},{\"@type\":\"Person\",\"@id\":\"https:\/\/dmcsrb.com\/#\/schema\/person\/5c39170f12db1b8b457732d0b5c854e2\",\"name\":\"dmcsrbija.com@gmail.com\",\"image\":{\"@type\":\"ImageObject\",\"inLanguage\":\"en-GB\",\"@id\":\"https:\/\/dmcsrb.com\/#\/schema\/person\/image\/\",\"url\":\"https:\/\/secure.gravatar.com\/avatar\/68592660ad6347fad0fb587f8d5d8f1a7b44961362f56e4f2cd524feb87e9069?s=96&d=mm&r=g\",\"contentUrl\":\"https:\/\/secure.gravatar.com\/avatar\/68592660ad6347fad0fb587f8d5d8f1a7b44961362f56e4f2cd524feb87e9069?s=96&d=mm&r=g\",\"caption\":\"dmcsrbija.com@gmail.com\"},\"sameAs\":[\"https:\/\/dmcsrb.com\"],\"url\":\"https:\/\/dmcsrb.com\/en\/author\/dmcsrbija-comgmail-com\/\"}]}<\/script>\n<!-- \/ Yoast SEO plugin. -->","yoast_head_json":{"title":"Budu\u0107nost u Zadru lije\u010di evropske rane - dmcsrb.com","robots":{"index":"index","follow":"follow","max-snippet":"max-snippet:-1","max-image-preview":"max-image-preview:large","max-video-preview":"max-video-preview:-1"},"canonical":"https:\/\/dmcsrb.com\/en\/sport\/buducnost-u-zadru-lijeci-evropske-rane\/","og_locale":"en_GB","og_type":"article","og_title":"Budu\u0107nost u Zadru lije\u010di evropske rane - dmcsrb.com","og_description":"Ko\u0161arka\u0161i Budu\u0107nost Volija gostuju danas ekipi Zadra u okviru 14. kola grupe B ABA lige.","og_url":"https:\/\/dmcsrb.com\/en\/sport\/buducnost-u-zadru-lijeci-evropske-rane\/","og_site_name":"dmcsrb.com","article_published_time":"2026-01-11T06:15:00+00:00","og_image":[{"width":740,"height":505,"url":"https:\/\/dmcsrb.com\/wp-content\/uploads\/2025\/11\/Buducnost-Zadar-Buducnost-Voli-Filip-Roganovic.webp","type":"image\/jpeg"}],"author":"dmcsrbija.com@gmail.com","twitter_card":"summary_large_image","twitter_misc":{"Written by":"dmcsrbija.com@gmail.com","Estimated reading time":"2 minutes"},"schema":{"@context":"https:\/\/schema.org","@graph":[{"@type":"Article","@id":"https:\/\/dmcsrb.com\/sport\/buducnost-u-zadru-lijeci-evropske-rane\/#article","isPartOf":{"@id":"https:\/\/dmcsrb.com\/sport\/buducnost-u-zadru-lijeci-evropske-rane\/"},"author":{"name":"dmcsrbija.com@gmail.com","@id":"https:\/\/dmcsrb.com\/#\/schema\/person\/5c39170f12db1b8b457732d0b5c854e2"},"headline":"Budu\u0107nost u Zadru lije\u010di evropske rane","datePublished":"2026-01-11T06:15:00+00:00","mainEntityOfPage":{"@id":"https:\/\/dmcsrb.com\/sport\/buducnost-u-zadru-lijeci-evropske-rane\/"},"wordCount":355,"commentCount":0,"image":{"@id":"https:\/\/dmcsrb.com\/sport\/buducnost-u-zadru-lijeci-evropske-rane\/#primaryimage"},"thumbnailUrl":"https:\/\/dmcsrb.com\/wp-content\/uploads\/2025\/11\/Buducnost-Zadar-Buducnost-Voli-Filip-Roganovic.webp","keywords":["ABA liga","KK Budu\u0107nost Voli","KK Zadar"],"articleSection":["Sport"],"inLanguage":"en-GB","potentialAction":[{"@type":"CommentAction","name":"Comment","target":["https:\/\/dmcsrb.com\/sport\/buducnost-u-zadru-lijeci-evropske-rane\/#respond"]}]},{"@type":"WebPage","@id":"https:\/\/dmcsrb.com\/sport\/buducnost-u-zadru-lijeci-evropske-rane\/","url":"https:\/\/dmcsrb.com\/sport\/buducnost-u-zadru-lijeci-evropske-rane\/","name":"Budu\u0107nost u Zadru lije\u010di evropske rane - dmcsrb.com","isPartOf":{"@id":"https:\/\/dmcsrb.com\/#website"},"primaryImageOfPage":{"@id":"https:\/\/dmcsrb.com\/sport\/buducnost-u-zadru-lijeci-evropske-rane\/#primaryimage"},"image":{"@id":"https:\/\/dmcsrb.com\/sport\/buducnost-u-zadru-lijeci-evropske-rane\/#primaryimage"},"thumbnailUrl":"https:\/\/dmcsrb.com\/wp-content\/uploads\/2025\/11\/Buducnost-Zadar-Buducnost-Voli-Filip-Roganovic.webp","datePublished":"2026-01-11T06:15:00+00:00","author":{"@id":"https:\/\/dmcsrb.com\/#\/schema\/person\/5c39170f12db1b8b457732d0b5c854e2"},"breadcrumb":{"@id":"https:\/\/dmcsrb.com\/sport\/buducnost-u-zadru-lijeci-evropske-rane\/#breadcrumb"},"inLanguage":"en-GB","potentialAction":[{"@type":"ReadAction","target":["https:\/\/dmcsrb.com\/sport\/buducnost-u-zadru-lijeci-evropske-rane\/"]}]},{"@type":"ImageObject","inLanguage":"en-GB","@id":"https:\/\/dmcsrb.com\/sport\/buducnost-u-zadru-lijeci-evropske-rane\/#primaryimage","url":"https:\/\/dmcsrb.com\/wp-content\/uploads\/2025\/11\/Buducnost-Zadar-Buducnost-Voli-Filip-Roganovic.webp","contentUrl":"https:\/\/dmcsrb.com\/wp-content\/uploads\/2025\/11\/Buducnost-Zadar-Buducnost-Voli-Filip-Roganovic.webp","width":740,"height":505,"caption":"Foto: Budu\u0107nost Voli\/Filip Roganovi\u0107"},{"@type":"BreadcrumbList","@id":"https:\/\/dmcsrb.com\/sport\/buducnost-u-zadru-lijeci-evropske-rane\/#breadcrumb","itemListElement":[{"@type":"ListItem","position":1,"name":"Home","item":"https:\/\/dmcsrb.com\/"},{"@type":"ListItem","position":2,"name":"Budu\u0107nost u Zadru lije\u010di evropske rane"}]},{"@type":"WebSite","@id":"https:\/\/dmcsrb.com\/#website","url":"https:\/\/dmcsrb.com\/","name":"dmcsrb.com","description":"","potentialAction":[{"@type":"SearchAction","target":{"@type":"EntryPoint","urlTemplate":"https:\/\/dmcsrb.com\/?s={search_term_string}"},"query-input":{"@type":"PropertyValueSpecification","valueRequired":true,"valueName":"search_term_string"}}],"inLanguage":"en-GB"},{"@type":"Person","@id":"https:\/\/dmcsrb.com\/#\/schema\/person\/5c39170f12db1b8b457732d0b5c854e2","name":"dmcsrbija.com@gmail.com","image":{"@type":"ImageObject","inLanguage":"en-GB","@id":"https:\/\/dmcsrb.com\/#\/schema\/person\/image\/","url":"https:\/\/secure.gravatar.com\/avatar\/68592660ad6347fad0fb587f8d5d8f1a7b44961362f56e4f2cd524feb87e9069?s=96&d=mm&r=g","contentUrl":"https:\/\/secure.gravatar.com\/avatar\/68592660ad6347fad0fb587f8d5d8f1a7b44961362f56e4f2cd524feb87e9069?s=96&d=mm&r=g","caption":"dmcsrbija.com@gmail.com"},"sameAs":["https:\/\/dmcsrb.com"],"url":"https:\/\/dmcsrb.com\/en\/author\/dmcsrbija-comgmail-com\/"}]}},"_links":{"self":[{"href":"https:\/\/dmcsrb.com\/en\/wp-json\/wp\/v2\/posts\/906780","targetHints":{"allow":["GET"]}}],"collection":[{"href":"https:\/\/dmcsrb.com\/en\/wp-json\/wp\/v2\/posts"}],"about":[{"href":"https:\/\/dmcsrb.com\/en\/wp-json\/wp\/v2\/types\/post"}],"author":[{"embeddable":true,"href":"https:\/\/dmcsrb.com\/en\/wp-json\/wp\/v2\/users\/1"}],"replies":[{"embeddable":true,"href":"https:\/\/dmcsrb.com\/en\/wp-json\/wp\/v2\/comments?post=906780"}],"version-history":[{"count":0,"href":"https:\/\/dmcsrb.com\/en\/wp-json\/wp\/v2\/posts\/906780\/revisions"}],"wp:featuredmedia":[{"embeddable":true,"href":"https:\/\/dmcsrb.com\/en\/wp-json\/wp\/v2\/media\/862668"}],"wp:attachment":[{"href":"https:\/\/dmcsrb.com\/en\/wp-json\/wp\/v2\/media?parent=906780"}],"wp:term":[{"taxonomy":"category","embeddable":true,"href":"https:\/\/dmcsrb.com\/en\/wp-json\/wp\/v2\/categories?post=906780"},{"taxonomy":"post_tag","embeddable":true,"href":"https:\/\/dmcsrb.com\/en\/wp-json\/wp\/v2\/tags?post=906780"},{"taxonomy":"naslovna","embeddable":true,"href":"https:\/\/dmcsrb.com\/en\/wp-json\/wp\/v2\/naslovna?post=906780"}],"curies":[{"name":"wp","href":"https:\/\/api.w.org\/{rel}","templated":true}]}}