{"id":906731,"date":"2026-01-10T15:21:00","date_gmt":"2026-01-10T14:21:00","guid":{"rendered":"https:\/\/gradski.me\/?p=906731"},"modified":"2026-01-10T15:21:00","modified_gmt":"2026-01-10T14:21:00","slug":"zpcg-srbija-voz-pustio-u-saobracaj-neispravan-vagon-bez-grijanja-na-relaciji-beograd-bar","status":"publish","type":"post","link":"https:\/\/dmcsrb.com\/en\/drustvo\/zpcg-srbija-voz-pustio-u-saobracaj-neispravan-vagon-bez-grijanja-na-relaciji-beograd-bar\/","title":{"rendered":"\u017dPCG: Srbija Voz pustio u saobra\u0107aj neispravan vagon bez grijanja na relaciji Beograd &#8211; Bar"},"content":{"rendered":"<p><\/p>\n\n\n\n<p><\/p>\n\n\n\n<p>Iz ove kompanije navode da oni nemaju ingerencije da isklju\u010de vagon iz saobra\u0107aja dok se on nalazi na teritoriji  Srbije.<\/p>\n\n\n\n<p>&#8220;U skladu sa va\u017ee\u0107im me\u0111unarodnim \u017eeljezni\u010dkim sporazumima i propisima, odgovornost za tehni\u010dku ispravnost i osnovno odr\u017eavanje vagona snosi njegov vlasnik, dok se kontrola i eksploatacija u saobra\u0107aju vr\u0161e prema pravilima dr\u017eave na \u010dijoj se teritoriji vagon saobra\u0107a.Dok se vagon nalazi na teritoriji Republike Srbije, nadle\u017enost nad njegovim uklju\u010divanjem ili isklju\u010divanjem iz saobra\u0107aja imaju isklju\u010divo \u017eeljezni\u010dki organi Republike Srbije, Srbija Voz i Infrastruktura \u017eeleznice Srbije&#8221;, kazali su iz \u017dPCG.<\/p>\n\n\n\n<p>Tek po dolasku voza u stanicu odredi\u0161ta u Baru, nadle\u017eni organi Crne Gore, kako isti\u010du, mogu preduzeti mjere u skladu sa doma\u0107im propisima.<\/p>\n\n\n\n<p>&#8220;Posebno isti\u010demo da ovo nije prvi slu\u010daj u kojem se u saobra\u0107aj pu\u0161taju tehni\u010dki neispravni vagoni, te da su nadle\u017eni crnogorski subjekti vi\u0161e puta upozoravali na ovakvu praksu i tra\u017eili striktno po\u0161tovanje bezbjednosnih i tehni\u010dkih standarda. Smatramo neprihvatljivim da se odgovornost za ovakve propuste poku\u0161ava prebaciti na crnogorsku stranu, naro\u010dito imaju\u0107i u vidu da u konkretnom slu\u010daju nije ni zatra\u017een zvani\u010dan stav nadle\u017enih organa prije objavljivanja informacija u medijima&#8221;, saop\u0161tili su iz \u017dPCG.<\/p>\n\n\n\n<p><\/p>","protected":false},"excerpt":{"rendered":"<p>Povodom incidenta u kojem je u saobra\u0107aj pu\u0161ten vagon bez ispravnog sistema grijanja, obavje\u0161tavamo javnost da je neispravan vagon u saobra\u0107aj pustila kompanija Srbija Voz, koja je nadle\u017ena za ispravnost vagona kad je polazna ta\u010dka Beograd, saop\u0161teno je iz \u017deljezni\u010dkog prevoza Crne Gore.<\/p>","protected":false},"author":1,"featured_media":861817,"comment_status":"open","ping_status":"open","sticky":false,"template":"","format":"standard","meta":{"_acf_changed":false,"footnotes":""},"categories":[2],"tags":[6229,3820],"naslovna":[],"class_list":["post-906731","post","type-post","status-publish","format-standard","has-post-thumbnail","hentry","category-drustvo","tag-srbija-voz","tag-zpcg"],"acf":[],"yoast_head":"<!-- This site is optimized with the Yoast SEO plugin v27.0 - https:\/\/yoast.com\/product\/yoast-seo-wordpress\/ -->\n<title>\u017dPCG: Srbija Voz pustio u saobra\u0107aj neispravan vagon bez grijanja na relaciji Beograd - Bar - dmcsrb.com<\/title>\n<meta name=\"robots\" content=\"index, follow, max-snippet:-1, max-image-preview:large, max-video-preview:-1\" \/>\n<link rel=\"canonical\" href=\"https:\/\/dmcsrb.com\/en\/drustvo\/zpcg-srbija-voz-pustio-u-saobracaj-neispravan-vagon-bez-grijanja-na-relaciji-beograd-bar\/\" \/>\n<meta property=\"og:locale\" content=\"en_GB\" \/>\n<meta property=\"og:type\" content=\"article\" \/>\n<meta property=\"og:title\" content=\"\u017dPCG: Srbija Voz pustio u saobra\u0107aj neispravan vagon bez grijanja na relaciji Beograd - Bar - dmcsrb.com\" \/>\n<meta property=\"og:description\" content=\"Povodom incidenta u kojem je u saobra\u0107aj pu\u0161ten vagon bez ispravnog sistema grijanja, obavje\u0161tavamo javnost da je neispravan vagon u saobra\u0107aj pustila kompanija Srbija Voz, koja je nadle\u017ena za ispravnost vagona kad je polazna ta\u010dka Beograd, saop\u0161teno je iz \u017deljezni\u010dkog prevoza Crne Gore.\" \/>\n<meta property=\"og:url\" content=\"https:\/\/dmcsrb.com\/en\/drustvo\/zpcg-srbija-voz-pustio-u-saobracaj-neispravan-vagon-bez-grijanja-na-relaciji-beograd-bar\/\" \/>\n<meta property=\"og:site_name\" content=\"dmcsrb.com\" \/>\n<meta property=\"article:published_time\" content=\"2026-01-10T14:21:00+00:00\" \/>\n<meta property=\"og:image\" content=\"https:\/\/dmcsrb.com\/wp-content\/uploads\/2025\/10\/20251021_152634-scaled-1.webp\" \/>\n\t<meta property=\"og:image:width\" content=\"2560\" \/>\n\t<meta property=\"og:image:height\" content=\"1441\" \/>\n\t<meta property=\"og:image:type\" content=\"image\/jpeg\" \/>\n<meta name=\"author\" content=\"dmcsrbija.com@gmail.com\" \/>\n<meta name=\"twitter:card\" content=\"summary_large_image\" \/>\n<meta name=\"twitter:label1\" content=\"Written by\" \/>\n\t<meta name=\"twitter:data1\" content=\"dmcsrbija.com@gmail.com\" \/>\n\t<meta name=\"twitter:label2\" content=\"Estimated reading time\" \/>\n\t<meta name=\"twitter:data2\" content=\"1 minute\" \/>\n<script type=\"application\/ld+json\" class=\"yoast-schema-graph\">{\"@context\":\"https:\/\/schema.org\",\"@graph\":[{\"@type\":\"Article\",\"@id\":\"https:\/\/dmcsrb.com\/drustvo\/zpcg-srbija-voz-pustio-u-saobracaj-neispravan-vagon-bez-grijanja-na-relaciji-beograd-bar\/#article\",\"isPartOf\":{\"@id\":\"https:\/\/dmcsrb.com\/drustvo\/zpcg-srbija-voz-pustio-u-saobracaj-neispravan-vagon-bez-grijanja-na-relaciji-beograd-bar\/\"},\"author\":{\"name\":\"dmcsrbija.com@gmail.com\",\"@id\":\"https:\/\/dmcsrb.com\/#\/schema\/person\/5c39170f12db1b8b457732d0b5c854e2\"},\"headline\":\"\u017dPCG: Srbija Voz pustio u saobra\u0107aj neispravan vagon bez grijanja na relaciji Beograd &#8211; Bar\",\"datePublished\":\"2026-01-10T14:21:00+00:00\",\"mainEntityOfPage\":{\"@id\":\"https:\/\/dmcsrb.com\/drustvo\/zpcg-srbija-voz-pustio-u-saobracaj-neispravan-vagon-bez-grijanja-na-relaciji-beograd-bar\/\"},\"wordCount\":241,\"commentCount\":0,\"image\":{\"@id\":\"https:\/\/dmcsrb.com\/drustvo\/zpcg-srbija-voz-pustio-u-saobracaj-neispravan-vagon-bez-grijanja-na-relaciji-beograd-bar\/#primaryimage\"},\"thumbnailUrl\":\"https:\/\/dmcsrb.com\/wp-content\/uploads\/2025\/10\/20251021_152634-scaled-1.webp\",\"keywords\":[\"Srbija voz\",\"\u017dPCG\"],\"articleSection\":[\"Dru\u0161tvo\"],\"inLanguage\":\"en-GB\",\"potentialAction\":[{\"@type\":\"CommentAction\",\"name\":\"Comment\",\"target\":[\"https:\/\/dmcsrb.com\/drustvo\/zpcg-srbija-voz-pustio-u-saobracaj-neispravan-vagon-bez-grijanja-na-relaciji-beograd-bar\/#respond\"]}]},{\"@type\":\"WebPage\",\"@id\":\"https:\/\/dmcsrb.com\/drustvo\/zpcg-srbija-voz-pustio-u-saobracaj-neispravan-vagon-bez-grijanja-na-relaciji-beograd-bar\/\",\"url\":\"https:\/\/dmcsrb.com\/drustvo\/zpcg-srbija-voz-pustio-u-saobracaj-neispravan-vagon-bez-grijanja-na-relaciji-beograd-bar\/\",\"name\":\"\u017dPCG: Srbija Voz pustio u saobra\u0107aj neispravan vagon bez grijanja na relaciji Beograd - Bar - dmcsrb.com\",\"isPartOf\":{\"@id\":\"https:\/\/dmcsrb.com\/#website\"},\"primaryImageOfPage\":{\"@id\":\"https:\/\/dmcsrb.com\/drustvo\/zpcg-srbija-voz-pustio-u-saobracaj-neispravan-vagon-bez-grijanja-na-relaciji-beograd-bar\/#primaryimage\"},\"image\":{\"@id\":\"https:\/\/dmcsrb.com\/drustvo\/zpcg-srbija-voz-pustio-u-saobracaj-neispravan-vagon-bez-grijanja-na-relaciji-beograd-bar\/#primaryimage\"},\"thumbnailUrl\":\"https:\/\/dmcsrb.com\/wp-content\/uploads\/2025\/10\/20251021_152634-scaled-1.webp\",\"datePublished\":\"2026-01-10T14:21:00+00:00\",\"author\":{\"@id\":\"https:\/\/dmcsrb.com\/#\/schema\/person\/5c39170f12db1b8b457732d0b5c854e2\"},\"breadcrumb\":{\"@id\":\"https:\/\/dmcsrb.com\/drustvo\/zpcg-srbija-voz-pustio-u-saobracaj-neispravan-vagon-bez-grijanja-na-relaciji-beograd-bar\/#breadcrumb\"},\"inLanguage\":\"en-GB\",\"potentialAction\":[{\"@type\":\"ReadAction\",\"target\":[\"https:\/\/dmcsrb.com\/drustvo\/zpcg-srbija-voz-pustio-u-saobracaj-neispravan-vagon-bez-grijanja-na-relaciji-beograd-bar\/\"]}]},{\"@type\":\"ImageObject\",\"inLanguage\":\"en-GB\",\"@id\":\"https:\/\/dmcsrb.com\/drustvo\/zpcg-srbija-voz-pustio-u-saobracaj-neispravan-vagon-bez-grijanja-na-relaciji-beograd-bar\/#primaryimage\",\"url\":\"https:\/\/dmcsrb.com\/wp-content\/uploads\/2025\/10\/20251021_152634-scaled-1.webp\",\"contentUrl\":\"https:\/\/dmcsrb.com\/wp-content\/uploads\/2025\/10\/20251021_152634-scaled-1.webp\",\"width\":2560,\"height\":1441,\"caption\":\"Foto: Gradski.me\"},{\"@type\":\"BreadcrumbList\",\"@id\":\"https:\/\/dmcsrb.com\/drustvo\/zpcg-srbija-voz-pustio-u-saobracaj-neispravan-vagon-bez-grijanja-na-relaciji-beograd-bar\/#breadcrumb\",\"itemListElement\":[{\"@type\":\"ListItem\",\"position\":1,\"name\":\"Home\",\"item\":\"https:\/\/dmcsrb.com\/\"},{\"@type\":\"ListItem\",\"position\":2,\"name\":\"\u017dPCG: Srbija Voz pustio u saobra\u0107aj neispravan vagon bez grijanja na relaciji Beograd &#8211; Bar\"}]},{\"@type\":\"WebSite\",\"@id\":\"https:\/\/dmcsrb.com\/#website\",\"url\":\"https:\/\/dmcsrb.com\/\",\"name\":\"dmcsrb.com\",\"description\":\"\",\"potentialAction\":[{\"@type\":\"SearchAction\",\"target\":{\"@type\":\"EntryPoint\",\"urlTemplate\":\"https:\/\/dmcsrb.com\/?s={search_term_string}\"},\"query-input\":{\"@type\":\"PropertyValueSpecification\",\"valueRequired\":true,\"valueName\":\"search_term_string\"}}],\"inLanguage\":\"en-GB\"},{\"@type\":\"Person\",\"@id\":\"https:\/\/dmcsrb.com\/#\/schema\/person\/5c39170f12db1b8b457732d0b5c854e2\",\"name\":\"dmcsrbija.com@gmail.com\",\"image\":{\"@type\":\"ImageObject\",\"inLanguage\":\"en-GB\",\"@id\":\"https:\/\/dmcsrb.com\/#\/schema\/person\/image\/\",\"url\":\"https:\/\/secure.gravatar.com\/avatar\/68592660ad6347fad0fb587f8d5d8f1a7b44961362f56e4f2cd524feb87e9069?s=96&d=mm&r=g\",\"contentUrl\":\"https:\/\/secure.gravatar.com\/avatar\/68592660ad6347fad0fb587f8d5d8f1a7b44961362f56e4f2cd524feb87e9069?s=96&d=mm&r=g\",\"caption\":\"dmcsrbija.com@gmail.com\"},\"sameAs\":[\"https:\/\/dmcsrb.com\"],\"url\":\"https:\/\/dmcsrb.com\/en\/author\/dmcsrbija-comgmail-com\/\"}]}<\/script>\n<!-- \/ Yoast SEO plugin. -->","yoast_head_json":{"title":"\u017dPCG: Srbija Voz pustio u saobra\u0107aj neispravan vagon bez grijanja na relaciji Beograd - Bar - dmcsrb.com","robots":{"index":"index","follow":"follow","max-snippet":"max-snippet:-1","max-image-preview":"max-image-preview:large","max-video-preview":"max-video-preview:-1"},"canonical":"https:\/\/dmcsrb.com\/en\/drustvo\/zpcg-srbija-voz-pustio-u-saobracaj-neispravan-vagon-bez-grijanja-na-relaciji-beograd-bar\/","og_locale":"en_GB","og_type":"article","og_title":"\u017dPCG: Srbija Voz pustio u saobra\u0107aj neispravan vagon bez grijanja na relaciji Beograd - Bar - dmcsrb.com","og_description":"Povodom incidenta u kojem je u saobra\u0107aj pu\u0161ten vagon bez ispravnog sistema grijanja, obavje\u0161tavamo javnost da je neispravan vagon u saobra\u0107aj pustila kompanija Srbija Voz, koja je nadle\u017ena za ispravnost vagona kad je polazna ta\u010dka Beograd, saop\u0161teno je iz \u017deljezni\u010dkog prevoza Crne Gore.","og_url":"https:\/\/dmcsrb.com\/en\/drustvo\/zpcg-srbija-voz-pustio-u-saobracaj-neispravan-vagon-bez-grijanja-na-relaciji-beograd-bar\/","og_site_name":"dmcsrb.com","article_published_time":"2026-01-10T14:21:00+00:00","og_image":[{"width":2560,"height":1441,"url":"https:\/\/dmcsrb.com\/wp-content\/uploads\/2025\/10\/20251021_152634-scaled-1.webp","type":"image\/jpeg"}],"author":"dmcsrbija.com@gmail.com","twitter_card":"summary_large_image","twitter_misc":{"Written by":"dmcsrbija.com@gmail.com","Estimated reading time":"1 minute"},"schema":{"@context":"https:\/\/schema.org","@graph":[{"@type":"Article","@id":"https:\/\/dmcsrb.com\/drustvo\/zpcg-srbija-voz-pustio-u-saobracaj-neispravan-vagon-bez-grijanja-na-relaciji-beograd-bar\/#article","isPartOf":{"@id":"https:\/\/dmcsrb.com\/drustvo\/zpcg-srbija-voz-pustio-u-saobracaj-neispravan-vagon-bez-grijanja-na-relaciji-beograd-bar\/"},"author":{"name":"dmcsrbija.com@gmail.com","@id":"https:\/\/dmcsrb.com\/#\/schema\/person\/5c39170f12db1b8b457732d0b5c854e2"},"headline":"\u017dPCG: Srbija Voz pustio u saobra\u0107aj neispravan vagon bez grijanja na relaciji Beograd &#8211; Bar","datePublished":"2026-01-10T14:21:00+00:00","mainEntityOfPage":{"@id":"https:\/\/dmcsrb.com\/drustvo\/zpcg-srbija-voz-pustio-u-saobracaj-neispravan-vagon-bez-grijanja-na-relaciji-beograd-bar\/"},"wordCount":241,"commentCount":0,"image":{"@id":"https:\/\/dmcsrb.com\/drustvo\/zpcg-srbija-voz-pustio-u-saobracaj-neispravan-vagon-bez-grijanja-na-relaciji-beograd-bar\/#primaryimage"},"thumbnailUrl":"https:\/\/dmcsrb.com\/wp-content\/uploads\/2025\/10\/20251021_152634-scaled-1.webp","keywords":["Srbija voz","\u017dPCG"],"articleSection":["Dru\u0161tvo"],"inLanguage":"en-GB","potentialAction":[{"@type":"CommentAction","name":"Comment","target":["https:\/\/dmcsrb.com\/drustvo\/zpcg-srbija-voz-pustio-u-saobracaj-neispravan-vagon-bez-grijanja-na-relaciji-beograd-bar\/#respond"]}]},{"@type":"WebPage","@id":"https:\/\/dmcsrb.com\/drustvo\/zpcg-srbija-voz-pustio-u-saobracaj-neispravan-vagon-bez-grijanja-na-relaciji-beograd-bar\/","url":"https:\/\/dmcsrb.com\/drustvo\/zpcg-srbija-voz-pustio-u-saobracaj-neispravan-vagon-bez-grijanja-na-relaciji-beograd-bar\/","name":"\u017dPCG: Srbija Voz pustio u saobra\u0107aj neispravan vagon bez grijanja na relaciji Beograd - Bar - dmcsrb.com","isPartOf":{"@id":"https:\/\/dmcsrb.com\/#website"},"primaryImageOfPage":{"@id":"https:\/\/dmcsrb.com\/drustvo\/zpcg-srbija-voz-pustio-u-saobracaj-neispravan-vagon-bez-grijanja-na-relaciji-beograd-bar\/#primaryimage"},"image":{"@id":"https:\/\/dmcsrb.com\/drustvo\/zpcg-srbija-voz-pustio-u-saobracaj-neispravan-vagon-bez-grijanja-na-relaciji-beograd-bar\/#primaryimage"},"thumbnailUrl":"https:\/\/dmcsrb.com\/wp-content\/uploads\/2025\/10\/20251021_152634-scaled-1.webp","datePublished":"2026-01-10T14:21:00+00:00","author":{"@id":"https:\/\/dmcsrb.com\/#\/schema\/person\/5c39170f12db1b8b457732d0b5c854e2"},"breadcrumb":{"@id":"https:\/\/dmcsrb.com\/drustvo\/zpcg-srbija-voz-pustio-u-saobracaj-neispravan-vagon-bez-grijanja-na-relaciji-beograd-bar\/#breadcrumb"},"inLanguage":"en-GB","potentialAction":[{"@type":"ReadAction","target":["https:\/\/dmcsrb.com\/drustvo\/zpcg-srbija-voz-pustio-u-saobracaj-neispravan-vagon-bez-grijanja-na-relaciji-beograd-bar\/"]}]},{"@type":"ImageObject","inLanguage":"en-GB","@id":"https:\/\/dmcsrb.com\/drustvo\/zpcg-srbija-voz-pustio-u-saobracaj-neispravan-vagon-bez-grijanja-na-relaciji-beograd-bar\/#primaryimage","url":"https:\/\/dmcsrb.com\/wp-content\/uploads\/2025\/10\/20251021_152634-scaled-1.webp","contentUrl":"https:\/\/dmcsrb.com\/wp-content\/uploads\/2025\/10\/20251021_152634-scaled-1.webp","width":2560,"height":1441,"caption":"Foto: Gradski.me"},{"@type":"BreadcrumbList","@id":"https:\/\/dmcsrb.com\/drustvo\/zpcg-srbija-voz-pustio-u-saobracaj-neispravan-vagon-bez-grijanja-na-relaciji-beograd-bar\/#breadcrumb","itemListElement":[{"@type":"ListItem","position":1,"name":"Home","item":"https:\/\/dmcsrb.com\/"},{"@type":"ListItem","position":2,"name":"\u017dPCG: Srbija Voz pustio u saobra\u0107aj neispravan vagon bez grijanja na relaciji Beograd &#8211; Bar"}]},{"@type":"WebSite","@id":"https:\/\/dmcsrb.com\/#website","url":"https:\/\/dmcsrb.com\/","name":"dmcsrb.com","description":"","potentialAction":[{"@type":"SearchAction","target":{"@type":"EntryPoint","urlTemplate":"https:\/\/dmcsrb.com\/?s={search_term_string}"},"query-input":{"@type":"PropertyValueSpecification","valueRequired":true,"valueName":"search_term_string"}}],"inLanguage":"en-GB"},{"@type":"Person","@id":"https:\/\/dmcsrb.com\/#\/schema\/person\/5c39170f12db1b8b457732d0b5c854e2","name":"dmcsrbija.com@gmail.com","image":{"@type":"ImageObject","inLanguage":"en-GB","@id":"https:\/\/dmcsrb.com\/#\/schema\/person\/image\/","url":"https:\/\/secure.gravatar.com\/avatar\/68592660ad6347fad0fb587f8d5d8f1a7b44961362f56e4f2cd524feb87e9069?s=96&d=mm&r=g","contentUrl":"https:\/\/secure.gravatar.com\/avatar\/68592660ad6347fad0fb587f8d5d8f1a7b44961362f56e4f2cd524feb87e9069?s=96&d=mm&r=g","caption":"dmcsrbija.com@gmail.com"},"sameAs":["https:\/\/dmcsrb.com"],"url":"https:\/\/dmcsrb.com\/en\/author\/dmcsrbija-comgmail-com\/"}]}},"_links":{"self":[{"href":"https:\/\/dmcsrb.com\/en\/wp-json\/wp\/v2\/posts\/906731","targetHints":{"allow":["GET"]}}],"collection":[{"href":"https:\/\/dmcsrb.com\/en\/wp-json\/wp\/v2\/posts"}],"about":[{"href":"https:\/\/dmcsrb.com\/en\/wp-json\/wp\/v2\/types\/post"}],"author":[{"embeddable":true,"href":"https:\/\/dmcsrb.com\/en\/wp-json\/wp\/v2\/users\/1"}],"replies":[{"embeddable":true,"href":"https:\/\/dmcsrb.com\/en\/wp-json\/wp\/v2\/comments?post=906731"}],"version-history":[{"count":0,"href":"https:\/\/dmcsrb.com\/en\/wp-json\/wp\/v2\/posts\/906731\/revisions"}],"wp:featuredmedia":[{"embeddable":true,"href":"https:\/\/dmcsrb.com\/en\/wp-json\/wp\/v2\/media\/861817"}],"wp:attachment":[{"href":"https:\/\/dmcsrb.com\/en\/wp-json\/wp\/v2\/media?parent=906731"}],"wp:term":[{"taxonomy":"category","embeddable":true,"href":"https:\/\/dmcsrb.com\/en\/wp-json\/wp\/v2\/categories?post=906731"},{"taxonomy":"post_tag","embeddable":true,"href":"https:\/\/dmcsrb.com\/en\/wp-json\/wp\/v2\/tags?post=906731"},{"taxonomy":"naslovna","embeddable":true,"href":"https:\/\/dmcsrb.com\/en\/wp-json\/wp\/v2\/naslovna?post=906731"}],"curies":[{"name":"wp","href":"https:\/\/api.w.org\/{rel}","templated":true}]}}