{"id":906727,"date":"2026-01-10T15:15:00","date_gmt":"2026-01-10T14:15:00","guid":{"rendered":"https:\/\/gradski.me\/?p=906727"},"modified":"2026-01-10T15:15:00","modified_gmt":"2026-01-10T14:15:00","slug":"kavaja-odabrao-za-skolu-fudbala-fscg","status":"publish","type":"post","link":"https:\/\/dmcsrb.com\/en\/sport\/kavaja-odabrao-za-skolu-fudbala-fscg\/","title":{"rendered":"Kavaja odabrao za &#8220;\u0160kolu fudbala FSCG&#8221;"},"content":{"rendered":"<p>Ove godine dio ,,\u0160kole fudbala FSCG\u201c bi\u0107e igra\u010di ro\u0111eni 2010. i mla\u0111i,&nbsp; a selektor Radovan Kavaja na prve pripreme pozvao je 30 igra\u010da &#8211; golmani:&nbsp;<strong>Simon So\u0161i\u0107, Vasilije Petrovi\u0107 Njego\u0161<\/strong>&nbsp;(Budu\u0107nost),&nbsp;<strong>Damjan Jankovi\u0107<\/strong>&nbsp;(Stari Aerodrom),&nbsp;<strong>Lazar Brajovi\u0107<\/strong>&nbsp;(Petrovac); odbrana:&nbsp;<strong>Pavle Jovovi\u0107, Radovan Radunovi\u0107, Uro\u0161 Jo\u0161anovi\u0107, Nemanja Ni\u0161avi\u0107, Luka Ku\u010d, Petar Marseni\u0107, David Ivanovi\u0107<\/strong>&nbsp;(Budu\u0107nost),&nbsp;<strong>Pavle Radusinovi\u0107, Damjan Be\u0161ovi\u0107<\/strong>&nbsp;(Stari Aerodrom),&nbsp;<strong>Amar Suljevi\u0107<\/strong>&nbsp;(Jedinstvo Franca); vezni red:&nbsp;<strong>Uro\u0161 Samard\u017ei\u0107, Milo\u0161 Lakovi\u0107, Nikola Mila\u010di\u0107<\/strong>&nbsp;(Budu\u0107nost),&nbsp;<strong>Lazar Grbovi\u0107<\/strong>&nbsp;(Sutjeska),&nbsp;<strong>Matija Velji\u0107<\/strong>&nbsp;(Berane),&nbsp;<strong>Alden Bajramovi\u0107, Jovan Petrovi\u0107<\/strong>&nbsp;(Stari Aerodrom),&nbsp;<strong>Andrija Pavi\u0107evi\u0107, Stefan Pejovi\u0107<\/strong>&nbsp;(Mladost Lob.bet),&nbsp;<strong>Nemanja Kljajevi\u0107<\/strong>&nbsp;(Grbalj),&nbsp;<strong>Lazar Bulatovi\u0107<\/strong>&nbsp;(Partizan, Srbija); napad:&nbsp;<strong>Aleksa Cau\u0161evi\u0107<\/strong>&nbsp;(Budu\u0107nost),&nbsp;<strong>Slavko Konatar<\/strong>&nbsp;(Stari Aerodrom),&nbsp;<strong>Matija Bjeleti\u0107<\/strong>&nbsp;(Sutjeska),&nbsp;<strong>Nikola Vukoje<\/strong>&nbsp;(Grbalj),&nbsp;<strong>Luka Vu\u0161urovi\u0107<\/strong>&nbsp;(Crvena zvezda, Srbija).<\/p>\n\n\n\n<p>Kandidati za kadetsku reprezentaciju Crne Gore trenira\u0107e u Podgorici do 26. januara.Kroz ,,\u0160kolu fudbala FSCG\u201c sa igra\u010dima \u0107e se raditi na unaprje\u0111enju njihovih tehni\u010dkih, takti\u010dkih i fizi\u010dkih karakteristika. Kao i prethodne generacije ,,\u0160kole fudbala FSCG\u201c, u nastavku klupske sezone igra\u010di \u0107e se okupljati tri do \u010detiri puta sedmi\u010dno i nakon toga vra\u0107ati u svoje klubove da igraju utakmice.&nbsp;<\/p>","protected":false},"excerpt":{"rendered":"<p>Nova generacija projekta ,,\u0160kola fudbala FSCG\u201c od 12. januara kre\u0107e sa pripremama.<\/p>","protected":false},"author":1,"featured_media":710695,"comment_status":"open","ping_status":"open","sticky":false,"template":"","format":"standard","meta":{"_acf_changed":false,"footnotes":""},"categories":[148],"tags":[6227,6228],"naslovna":[],"class_list":["post-906727","post","type-post","status-publish","format-standard","has-post-thumbnail","hentry","category-sport","tag-radovan-kavaja","tag-skola-fudbala-fscg"],"acf":[],"yoast_head":"<!-- This site is optimized with the Yoast SEO plugin v27.4 - https:\/\/yoast.com\/product\/yoast-seo-wordpress\/ -->\n<title>Kavaja odabrao za &quot;\u0160kolu fudbala FSCG&quot; - dmcsrb.com<\/title>\n<meta name=\"robots\" content=\"index, follow, max-snippet:-1, max-image-preview:large, max-video-preview:-1\" \/>\n<link rel=\"canonical\" href=\"https:\/\/dmcsrb.com\/en\/sport\/kavaja-odabrao-za-skolu-fudbala-fscg\/\" \/>\n<meta property=\"og:locale\" content=\"en_GB\" \/>\n<meta property=\"og:type\" content=\"article\" \/>\n<meta property=\"og:title\" content=\"Kavaja odabrao za &quot;\u0160kolu fudbala FSCG&quot; - dmcsrb.com\" \/>\n<meta property=\"og:description\" content=\"Nova generacija projekta ,,\u0160kola fudbala FSCG\u201c od 12. januara kre\u0107e sa pripremama.\" \/>\n<meta property=\"og:url\" content=\"https:\/\/dmcsrb.com\/en\/sport\/kavaja-odabrao-za-skolu-fudbala-fscg\/\" \/>\n<meta property=\"og:site_name\" content=\"dmcsrb.com\" \/>\n<meta property=\"article:published_time\" content=\"2026-01-10T14:15:00+00:00\" \/>\n<meta property=\"og:image\" content=\"https:\/\/dmcsrb.com\/wp-content\/uploads\/2025\/03\/Kavaja-FSCG.webp\" \/>\n\t<meta property=\"og:image:width\" content=\"1050\" \/>\n\t<meta property=\"og:image:height\" content=\"624\" \/>\n\t<meta property=\"og:image:type\" content=\"image\/jpeg\" \/>\n<meta name=\"author\" content=\"dmcsrbija.com@gmail.com\" \/>\n<meta name=\"twitter:card\" content=\"summary_large_image\" \/>\n<meta name=\"twitter:label1\" content=\"Written by\" \/>\n\t<meta name=\"twitter:data1\" content=\"dmcsrbija.com@gmail.com\" \/>\n\t<meta name=\"twitter:label2\" content=\"Estimated reading time\" \/>\n\t<meta name=\"twitter:data2\" content=\"1 minute\" \/>\n<script type=\"application\/ld+json\" class=\"yoast-schema-graph\">{\"@context\":\"https:\\\/\\\/schema.org\",\"@graph\":[{\"@type\":\"Article\",\"@id\":\"https:\\\/\\\/dmcsrb.com\\\/sport\\\/kavaja-odabrao-za-skolu-fudbala-fscg\\\/#article\",\"isPartOf\":{\"@id\":\"https:\\\/\\\/dmcsrb.com\\\/sport\\\/kavaja-odabrao-za-skolu-fudbala-fscg\\\/\"},\"author\":{\"name\":\"dmcsrbija.com@gmail.com\",\"@id\":\"https:\\\/\\\/dmcsrb.com\\\/#\\\/schema\\\/person\\\/5c39170f12db1b8b457732d0b5c854e2\"},\"headline\":\"Kavaja odabrao za &#8220;\u0160kolu fudbala FSCG&#8221;\",\"datePublished\":\"2026-01-10T14:15:00+00:00\",\"mainEntityOfPage\":{\"@id\":\"https:\\\/\\\/dmcsrb.com\\\/sport\\\/kavaja-odabrao-za-skolu-fudbala-fscg\\\/\"},\"wordCount\":245,\"commentCount\":0,\"image\":{\"@id\":\"https:\\\/\\\/dmcsrb.com\\\/sport\\\/kavaja-odabrao-za-skolu-fudbala-fscg\\\/#primaryimage\"},\"thumbnailUrl\":\"https:\\\/\\\/dmcsrb.com\\\/wp-content\\\/uploads\\\/2025\\\/03\\\/Kavaja-FSCG.webp\",\"keywords\":[\"Radovan Kavaja\",\"\u0160kola fudbala FSCG\"],\"articleSection\":[\"Sport\"],\"inLanguage\":\"en-GB\",\"potentialAction\":[{\"@type\":\"CommentAction\",\"name\":\"Comment\",\"target\":[\"https:\\\/\\\/dmcsrb.com\\\/sport\\\/kavaja-odabrao-za-skolu-fudbala-fscg\\\/#respond\"]}]},{\"@type\":\"WebPage\",\"@id\":\"https:\\\/\\\/dmcsrb.com\\\/sport\\\/kavaja-odabrao-za-skolu-fudbala-fscg\\\/\",\"url\":\"https:\\\/\\\/dmcsrb.com\\\/sport\\\/kavaja-odabrao-za-skolu-fudbala-fscg\\\/\",\"name\":\"Kavaja odabrao za \\\"\u0160kolu fudbala FSCG\\\" - dmcsrb.com\",\"isPartOf\":{\"@id\":\"https:\\\/\\\/dmcsrb.com\\\/#website\"},\"primaryImageOfPage\":{\"@id\":\"https:\\\/\\\/dmcsrb.com\\\/sport\\\/kavaja-odabrao-za-skolu-fudbala-fscg\\\/#primaryimage\"},\"image\":{\"@id\":\"https:\\\/\\\/dmcsrb.com\\\/sport\\\/kavaja-odabrao-za-skolu-fudbala-fscg\\\/#primaryimage\"},\"thumbnailUrl\":\"https:\\\/\\\/dmcsrb.com\\\/wp-content\\\/uploads\\\/2025\\\/03\\\/Kavaja-FSCG.webp\",\"datePublished\":\"2026-01-10T14:15:00+00:00\",\"author\":{\"@id\":\"https:\\\/\\\/dmcsrb.com\\\/#\\\/schema\\\/person\\\/5c39170f12db1b8b457732d0b5c854e2\"},\"breadcrumb\":{\"@id\":\"https:\\\/\\\/dmcsrb.com\\\/sport\\\/kavaja-odabrao-za-skolu-fudbala-fscg\\\/#breadcrumb\"},\"inLanguage\":\"en-GB\",\"potentialAction\":[{\"@type\":\"ReadAction\",\"target\":[\"https:\\\/\\\/dmcsrb.com\\\/sport\\\/kavaja-odabrao-za-skolu-fudbala-fscg\\\/\"]}]},{\"@type\":\"ImageObject\",\"inLanguage\":\"en-GB\",\"@id\":\"https:\\\/\\\/dmcsrb.com\\\/sport\\\/kavaja-odabrao-za-skolu-fudbala-fscg\\\/#primaryimage\",\"url\":\"https:\\\/\\\/dmcsrb.com\\\/wp-content\\\/uploads\\\/2025\\\/03\\\/Kavaja-FSCG.webp\",\"contentUrl\":\"https:\\\/\\\/dmcsrb.com\\\/wp-content\\\/uploads\\\/2025\\\/03\\\/Kavaja-FSCG.webp\",\"width\":1050,\"height\":624,\"caption\":\"Foto: FSCG\"},{\"@type\":\"BreadcrumbList\",\"@id\":\"https:\\\/\\\/dmcsrb.com\\\/sport\\\/kavaja-odabrao-za-skolu-fudbala-fscg\\\/#breadcrumb\",\"itemListElement\":[{\"@type\":\"ListItem\",\"position\":1,\"name\":\"Home\",\"item\":\"https:\\\/\\\/dmcsrb.com\\\/\"},{\"@type\":\"ListItem\",\"position\":2,\"name\":\"Kavaja odabrao za &#8220;\u0160kolu fudbala FSCG&#8221;\"}]},{\"@type\":\"WebSite\",\"@id\":\"https:\\\/\\\/dmcsrb.com\\\/#website\",\"url\":\"https:\\\/\\\/dmcsrb.com\\\/\",\"name\":\"dmcsrb.com\",\"description\":\"\",\"potentialAction\":[{\"@type\":\"SearchAction\",\"target\":{\"@type\":\"EntryPoint\",\"urlTemplate\":\"https:\\\/\\\/dmcsrb.com\\\/?s={search_term_string}\"},\"query-input\":{\"@type\":\"PropertyValueSpecification\",\"valueRequired\":true,\"valueName\":\"search_term_string\"}}],\"inLanguage\":\"en-GB\"},{\"@type\":\"Person\",\"@id\":\"https:\\\/\\\/dmcsrb.com\\\/#\\\/schema\\\/person\\\/5c39170f12db1b8b457732d0b5c854e2\",\"name\":\"dmcsrbija.com@gmail.com\",\"image\":{\"@type\":\"ImageObject\",\"inLanguage\":\"en-GB\",\"@id\":\"https:\\\/\\\/secure.gravatar.com\\\/avatar\\\/68592660ad6347fad0fb587f8d5d8f1a7b44961362f56e4f2cd524feb87e9069?s=96&d=mm&r=g\",\"url\":\"https:\\\/\\\/secure.gravatar.com\\\/avatar\\\/68592660ad6347fad0fb587f8d5d8f1a7b44961362f56e4f2cd524feb87e9069?s=96&d=mm&r=g\",\"contentUrl\":\"https:\\\/\\\/secure.gravatar.com\\\/avatar\\\/68592660ad6347fad0fb587f8d5d8f1a7b44961362f56e4f2cd524feb87e9069?s=96&d=mm&r=g\",\"caption\":\"dmcsrbija.com@gmail.com\"},\"sameAs\":[\"https:\\\/\\\/dmcsrb.com\"],\"url\":\"https:\\\/\\\/dmcsrb.com\\\/en\\\/author\\\/dmcsrbija-comgmail-com\\\/\"}]}<\/script>\n<!-- \/ Yoast SEO plugin. -->","yoast_head_json":{"title":"Kavaja odabrao za \"\u0160kolu fudbala FSCG\" - dmcsrb.com","robots":{"index":"index","follow":"follow","max-snippet":"max-snippet:-1","max-image-preview":"max-image-preview:large","max-video-preview":"max-video-preview:-1"},"canonical":"https:\/\/dmcsrb.com\/en\/sport\/kavaja-odabrao-za-skolu-fudbala-fscg\/","og_locale":"en_GB","og_type":"article","og_title":"Kavaja odabrao za \"\u0160kolu fudbala FSCG\" - dmcsrb.com","og_description":"Nova generacija projekta ,,\u0160kola fudbala FSCG\u201c od 12. januara kre\u0107e sa pripremama.","og_url":"https:\/\/dmcsrb.com\/en\/sport\/kavaja-odabrao-za-skolu-fudbala-fscg\/","og_site_name":"dmcsrb.com","article_published_time":"2026-01-10T14:15:00+00:00","og_image":[{"width":1050,"height":624,"url":"https:\/\/dmcsrb.com\/wp-content\/uploads\/2025\/03\/Kavaja-FSCG.webp","type":"image\/jpeg"}],"author":"dmcsrbija.com@gmail.com","twitter_card":"summary_large_image","twitter_misc":{"Written by":"dmcsrbija.com@gmail.com","Estimated reading time":"1 minute"},"schema":{"@context":"https:\/\/schema.org","@graph":[{"@type":"Article","@id":"https:\/\/dmcsrb.com\/sport\/kavaja-odabrao-za-skolu-fudbala-fscg\/#article","isPartOf":{"@id":"https:\/\/dmcsrb.com\/sport\/kavaja-odabrao-za-skolu-fudbala-fscg\/"},"author":{"name":"dmcsrbija.com@gmail.com","@id":"https:\/\/dmcsrb.com\/#\/schema\/person\/5c39170f12db1b8b457732d0b5c854e2"},"headline":"Kavaja odabrao za &#8220;\u0160kolu fudbala FSCG&#8221;","datePublished":"2026-01-10T14:15:00+00:00","mainEntityOfPage":{"@id":"https:\/\/dmcsrb.com\/sport\/kavaja-odabrao-za-skolu-fudbala-fscg\/"},"wordCount":245,"commentCount":0,"image":{"@id":"https:\/\/dmcsrb.com\/sport\/kavaja-odabrao-za-skolu-fudbala-fscg\/#primaryimage"},"thumbnailUrl":"https:\/\/dmcsrb.com\/wp-content\/uploads\/2025\/03\/Kavaja-FSCG.webp","keywords":["Radovan Kavaja","\u0160kola fudbala FSCG"],"articleSection":["Sport"],"inLanguage":"en-GB","potentialAction":[{"@type":"CommentAction","name":"Comment","target":["https:\/\/dmcsrb.com\/sport\/kavaja-odabrao-za-skolu-fudbala-fscg\/#respond"]}]},{"@type":"WebPage","@id":"https:\/\/dmcsrb.com\/sport\/kavaja-odabrao-za-skolu-fudbala-fscg\/","url":"https:\/\/dmcsrb.com\/sport\/kavaja-odabrao-za-skolu-fudbala-fscg\/","name":"Kavaja odabrao za \"\u0160kolu fudbala FSCG\" - dmcsrb.com","isPartOf":{"@id":"https:\/\/dmcsrb.com\/#website"},"primaryImageOfPage":{"@id":"https:\/\/dmcsrb.com\/sport\/kavaja-odabrao-za-skolu-fudbala-fscg\/#primaryimage"},"image":{"@id":"https:\/\/dmcsrb.com\/sport\/kavaja-odabrao-za-skolu-fudbala-fscg\/#primaryimage"},"thumbnailUrl":"https:\/\/dmcsrb.com\/wp-content\/uploads\/2025\/03\/Kavaja-FSCG.webp","datePublished":"2026-01-10T14:15:00+00:00","author":{"@id":"https:\/\/dmcsrb.com\/#\/schema\/person\/5c39170f12db1b8b457732d0b5c854e2"},"breadcrumb":{"@id":"https:\/\/dmcsrb.com\/sport\/kavaja-odabrao-za-skolu-fudbala-fscg\/#breadcrumb"},"inLanguage":"en-GB","potentialAction":[{"@type":"ReadAction","target":["https:\/\/dmcsrb.com\/sport\/kavaja-odabrao-za-skolu-fudbala-fscg\/"]}]},{"@type":"ImageObject","inLanguage":"en-GB","@id":"https:\/\/dmcsrb.com\/sport\/kavaja-odabrao-za-skolu-fudbala-fscg\/#primaryimage","url":"https:\/\/dmcsrb.com\/wp-content\/uploads\/2025\/03\/Kavaja-FSCG.webp","contentUrl":"https:\/\/dmcsrb.com\/wp-content\/uploads\/2025\/03\/Kavaja-FSCG.webp","width":1050,"height":624,"caption":"Foto: FSCG"},{"@type":"BreadcrumbList","@id":"https:\/\/dmcsrb.com\/sport\/kavaja-odabrao-za-skolu-fudbala-fscg\/#breadcrumb","itemListElement":[{"@type":"ListItem","position":1,"name":"Home","item":"https:\/\/dmcsrb.com\/"},{"@type":"ListItem","position":2,"name":"Kavaja odabrao za &#8220;\u0160kolu fudbala FSCG&#8221;"}]},{"@type":"WebSite","@id":"https:\/\/dmcsrb.com\/#website","url":"https:\/\/dmcsrb.com\/","name":"dmcsrb.com","description":"","potentialAction":[{"@type":"SearchAction","target":{"@type":"EntryPoint","urlTemplate":"https:\/\/dmcsrb.com\/?s={search_term_string}"},"query-input":{"@type":"PropertyValueSpecification","valueRequired":true,"valueName":"search_term_string"}}],"inLanguage":"en-GB"},{"@type":"Person","@id":"https:\/\/dmcsrb.com\/#\/schema\/person\/5c39170f12db1b8b457732d0b5c854e2","name":"dmcsrbija.com@gmail.com","image":{"@type":"ImageObject","inLanguage":"en-GB","@id":"https:\/\/secure.gravatar.com\/avatar\/68592660ad6347fad0fb587f8d5d8f1a7b44961362f56e4f2cd524feb87e9069?s=96&d=mm&r=g","url":"https:\/\/secure.gravatar.com\/avatar\/68592660ad6347fad0fb587f8d5d8f1a7b44961362f56e4f2cd524feb87e9069?s=96&d=mm&r=g","contentUrl":"https:\/\/secure.gravatar.com\/avatar\/68592660ad6347fad0fb587f8d5d8f1a7b44961362f56e4f2cd524feb87e9069?s=96&d=mm&r=g","caption":"dmcsrbija.com@gmail.com"},"sameAs":["https:\/\/dmcsrb.com"],"url":"https:\/\/dmcsrb.com\/en\/author\/dmcsrbija-comgmail-com\/"}]}},"_links":{"self":[{"href":"https:\/\/dmcsrb.com\/en\/wp-json\/wp\/v2\/posts\/906727","targetHints":{"allow":["GET"]}}],"collection":[{"href":"https:\/\/dmcsrb.com\/en\/wp-json\/wp\/v2\/posts"}],"about":[{"href":"https:\/\/dmcsrb.com\/en\/wp-json\/wp\/v2\/types\/post"}],"author":[{"embeddable":true,"href":"https:\/\/dmcsrb.com\/en\/wp-json\/wp\/v2\/users\/1"}],"replies":[{"embeddable":true,"href":"https:\/\/dmcsrb.com\/en\/wp-json\/wp\/v2\/comments?post=906727"}],"version-history":[{"count":0,"href":"https:\/\/dmcsrb.com\/en\/wp-json\/wp\/v2\/posts\/906727\/revisions"}],"wp:featuredmedia":[{"embeddable":true,"href":"https:\/\/dmcsrb.com\/en\/wp-json\/wp\/v2\/media\/710695"}],"wp:attachment":[{"href":"https:\/\/dmcsrb.com\/en\/wp-json\/wp\/v2\/media?parent=906727"}],"wp:term":[{"taxonomy":"category","embeddable":true,"href":"https:\/\/dmcsrb.com\/en\/wp-json\/wp\/v2\/categories?post=906727"},{"taxonomy":"post_tag","embeddable":true,"href":"https:\/\/dmcsrb.com\/en\/wp-json\/wp\/v2\/tags?post=906727"},{"taxonomy":"naslovna","embeddable":true,"href":"https:\/\/dmcsrb.com\/en\/wp-json\/wp\/v2\/naslovna?post=906727"}],"curies":[{"name":"wp","href":"https:\/\/api.w.org\/{rel}","templated":true}]}}