{"id":906688,"date":"2026-01-10T13:18:00","date_gmt":"2026-01-10T12:18:00","guid":{"rendered":"https:\/\/gradski.me\/?p=906688"},"modified":"2026-01-10T13:18:00","modified_gmt":"2026-01-10T12:18:00","slug":"knezevic-da-sam-se-na-svom-putu-svaki-put-zaustavljao-kada-su-iz-mraka-zalajali-i-zaurlali-nikad-ne-bih-stigao-do-cilja","status":"publish","type":"post","link":"https:\/\/dmcsrb.com\/en\/politika\/knezevic-da-sam-se-na-svom-putu-svaki-put-zaustavljao-kada-su-iz-mraka-zalajali-i-zaurlali-nikad-ne-bih-stigao-do-cilja\/","title":{"rendered":"Kne\u017eevi\u0107: Da sam se na svom putu svaki put zaustavljao kada su iz mraka zalajali i zaurlali nikad ne bih stigao do cilja"},"content":{"rendered":"<p><\/p>\n\n\n\n<p>Kne\u017eevi\u0107 je dodao da su se, prema njegovim rije\u010dima, prije pojave interneta takvi ljudi izbacivali iz kafana \u010dim bi progovorili, kako ne bi uznemiravali goste, dok danas svoje stavove iznose na Fejsbuku i Instagramu, jer im je, kako je naveo, ulaz u apoteke zabranjen. Time je, kako se ocjenjuje, odgovorio kriti\u010darima na dru\u0161tvenim mre\u017eama.<\/p>","protected":false},"excerpt":{"rendered":"<p>Lider Demokratske narodne partije (DNP) Milan Kne\u017eevi\u0107 poru\u010dio je da se na svom politi\u010dkom putu ne obazire na kritike koje dolaze \u201eiz mraka\u201c. U objavi na Instagramu, uz pjesmu Frenka Sinatre \u201eMy Way\u201c, naveo je da nikada ne bi stigao do cilja kada bi se zaustavljao svaki put kada bi, kako je rekao, \u201ed\u017eukele, hijene ili \u0161akali\u201c zalajali, zavijali ili zaurlali.<\/p>","protected":false},"author":1,"featured_media":887270,"comment_status":"open","ping_status":"open","sticky":false,"template":"","format":"standard","meta":{"_acf_changed":false,"footnotes":""},"categories":[12],"tags":[4002,6206,273,5359,6207,6208],"naslovna":[],"class_list":["post-906688","post","type-post","status-publish","format-standard","has-post-thumbnail","hentry","category-politika","tag-cilj","tag-lajanje-iz-mraka","tag-milan-knezevic","tag-put","tag-urlanje","tag-zaustavljanje"],"acf":[],"yoast_head":"<!-- This site is optimized with the Yoast SEO plugin v27.4 - https:\/\/yoast.com\/product\/yoast-seo-wordpress\/ -->\n<title>Kne\u017eevi\u0107: Da sam se na svom putu svaki put zaustavljao kada su iz mraka zalajali i zaurlali nikad ne bih stigao do cilja - dmcsrb.com<\/title>\n<meta name=\"robots\" content=\"index, follow, max-snippet:-1, max-image-preview:large, max-video-preview:-1\" \/>\n<link rel=\"canonical\" href=\"https:\/\/dmcsrb.com\/en\/politika\/knezevic-da-sam-se-na-svom-putu-svaki-put-zaustavljao-kada-su-iz-mraka-zalajali-i-zaurlali-nikad-ne-bih-stigao-do-cilja\/\" \/>\n<meta property=\"og:locale\" content=\"en_GB\" \/>\n<meta property=\"og:type\" content=\"article\" \/>\n<meta property=\"og:title\" content=\"Kne\u017eevi\u0107: Da sam se na svom putu svaki put zaustavljao kada su iz mraka zalajali i zaurlali nikad ne bih stigao do cilja - dmcsrb.com\" \/>\n<meta property=\"og:description\" content=\"Lider Demokratske narodne partije (DNP) Milan Kne\u017eevi\u0107 poru\u010dio je da se na svom politi\u010dkom putu ne obazire na kritike koje dolaze \u201eiz mraka\u201c. U objavi na Instagramu, uz pjesmu Frenka Sinatre \u201eMy Way\u201c, naveo je da nikada ne bi stigao do cilja kada bi se zaustavljao svaki put kada bi, kako je rekao, \u201ed\u017eukele, hijene ili \u0161akali\u201c zalajali, zavijali ili zaurlali.\" \/>\n<meta property=\"og:url\" content=\"https:\/\/dmcsrb.com\/en\/politika\/knezevic-da-sam-se-na-svom-putu-svaki-put-zaustavljao-kada-su-iz-mraka-zalajali-i-zaurlali-nikad-ne-bih-stigao-do-cilja\/\" \/>\n<meta property=\"og:site_name\" content=\"dmcsrb.com\" \/>\n<meta property=\"article:published_time\" content=\"2026-01-10T12:18:00+00:00\" \/>\n<meta property=\"og:image\" content=\"https:\/\/dmcsrb.com\/wp-content\/uploads\/2025\/12\/Milan_Knezevic_749x900.jpg\" \/>\n\t<meta property=\"og:image:width\" content=\"900\" \/>\n\t<meta property=\"og:image:height\" content=\"749\" \/>\n\t<meta property=\"og:image:type\" content=\"image\/jpeg\" \/>\n<meta name=\"author\" content=\"dmcsrbija.com@gmail.com\" \/>\n<meta name=\"twitter:card\" content=\"summary_large_image\" \/>\n<meta name=\"twitter:label1\" content=\"Written by\" \/>\n\t<meta name=\"twitter:data1\" content=\"dmcsrbija.com@gmail.com\" \/>\n<script type=\"application\/ld+json\" class=\"yoast-schema-graph\">{\"@context\":\"https:\\\/\\\/schema.org\",\"@graph\":[{\"@type\":\"Article\",\"@id\":\"https:\\\/\\\/dmcsrb.com\\\/politika\\\/knezevic-da-sam-se-na-svom-putu-svaki-put-zaustavljao-kada-su-iz-mraka-zalajali-i-zaurlali-nikad-ne-bih-stigao-do-cilja\\\/#article\",\"isPartOf\":{\"@id\":\"https:\\\/\\\/dmcsrb.com\\\/politika\\\/knezevic-da-sam-se-na-svom-putu-svaki-put-zaustavljao-kada-su-iz-mraka-zalajali-i-zaurlali-nikad-ne-bih-stigao-do-cilja\\\/\"},\"author\":{\"name\":\"dmcsrbija.com@gmail.com\",\"@id\":\"https:\\\/\\\/dmcsrb.com\\\/#\\\/schema\\\/person\\\/5c39170f12db1b8b457732d0b5c854e2\"},\"headline\":\"Kne\u017eevi\u0107: Da sam se na svom putu svaki put zaustavljao kada su iz mraka zalajali i zaurlali nikad ne bih stigao do cilja\",\"datePublished\":\"2026-01-10T12:18:00+00:00\",\"mainEntityOfPage\":{\"@id\":\"https:\\\/\\\/dmcsrb.com\\\/politika\\\/knezevic-da-sam-se-na-svom-putu-svaki-put-zaustavljao-kada-su-iz-mraka-zalajali-i-zaurlali-nikad-ne-bih-stigao-do-cilja\\\/\"},\"wordCount\":83,\"commentCount\":0,\"image\":{\"@id\":\"https:\\\/\\\/dmcsrb.com\\\/politika\\\/knezevic-da-sam-se-na-svom-putu-svaki-put-zaustavljao-kada-su-iz-mraka-zalajali-i-zaurlali-nikad-ne-bih-stigao-do-cilja\\\/#primaryimage\"},\"thumbnailUrl\":\"https:\\\/\\\/dmcsrb.com\\\/wp-content\\\/uploads\\\/2025\\\/12\\\/Milan_Knezevic_749x900.jpg\",\"keywords\":[\"cilj\",\"Lajanje iz mraka\",\"milan kne\u017eevi\u0107\",\"put\",\"Urlanje\",\"Zaustavljanje\"],\"articleSection\":[\"Politika\"],\"inLanguage\":\"en-GB\",\"potentialAction\":[{\"@type\":\"CommentAction\",\"name\":\"Comment\",\"target\":[\"https:\\\/\\\/dmcsrb.com\\\/politika\\\/knezevic-da-sam-se-na-svom-putu-svaki-put-zaustavljao-kada-su-iz-mraka-zalajali-i-zaurlali-nikad-ne-bih-stigao-do-cilja\\\/#respond\"]}]},{\"@type\":\"WebPage\",\"@id\":\"https:\\\/\\\/dmcsrb.com\\\/politika\\\/knezevic-da-sam-se-na-svom-putu-svaki-put-zaustavljao-kada-su-iz-mraka-zalajali-i-zaurlali-nikad-ne-bih-stigao-do-cilja\\\/\",\"url\":\"https:\\\/\\\/dmcsrb.com\\\/politika\\\/knezevic-da-sam-se-na-svom-putu-svaki-put-zaustavljao-kada-su-iz-mraka-zalajali-i-zaurlali-nikad-ne-bih-stigao-do-cilja\\\/\",\"name\":\"Kne\u017eevi\u0107: Da sam se na svom putu svaki put zaustavljao kada su iz mraka zalajali i zaurlali nikad ne bih stigao do cilja - dmcsrb.com\",\"isPartOf\":{\"@id\":\"https:\\\/\\\/dmcsrb.com\\\/#website\"},\"primaryImageOfPage\":{\"@id\":\"https:\\\/\\\/dmcsrb.com\\\/politika\\\/knezevic-da-sam-se-na-svom-putu-svaki-put-zaustavljao-kada-su-iz-mraka-zalajali-i-zaurlali-nikad-ne-bih-stigao-do-cilja\\\/#primaryimage\"},\"image\":{\"@id\":\"https:\\\/\\\/dmcsrb.com\\\/politika\\\/knezevic-da-sam-se-na-svom-putu-svaki-put-zaustavljao-kada-su-iz-mraka-zalajali-i-zaurlali-nikad-ne-bih-stigao-do-cilja\\\/#primaryimage\"},\"thumbnailUrl\":\"https:\\\/\\\/dmcsrb.com\\\/wp-content\\\/uploads\\\/2025\\\/12\\\/Milan_Knezevic_749x900.jpg\",\"datePublished\":\"2026-01-10T12:18:00+00:00\",\"author\":{\"@id\":\"https:\\\/\\\/dmcsrb.com\\\/#\\\/schema\\\/person\\\/5c39170f12db1b8b457732d0b5c854e2\"},\"breadcrumb\":{\"@id\":\"https:\\\/\\\/dmcsrb.com\\\/politika\\\/knezevic-da-sam-se-na-svom-putu-svaki-put-zaustavljao-kada-su-iz-mraka-zalajali-i-zaurlali-nikad-ne-bih-stigao-do-cilja\\\/#breadcrumb\"},\"inLanguage\":\"en-GB\",\"potentialAction\":[{\"@type\":\"ReadAction\",\"target\":[\"https:\\\/\\\/dmcsrb.com\\\/politika\\\/knezevic-da-sam-se-na-svom-putu-svaki-put-zaustavljao-kada-su-iz-mraka-zalajali-i-zaurlali-nikad-ne-bih-stigao-do-cilja\\\/\"]}]},{\"@type\":\"ImageObject\",\"inLanguage\":\"en-GB\",\"@id\":\"https:\\\/\\\/dmcsrb.com\\\/politika\\\/knezevic-da-sam-se-na-svom-putu-svaki-put-zaustavljao-kada-su-iz-mraka-zalajali-i-zaurlali-nikad-ne-bih-stigao-do-cilja\\\/#primaryimage\",\"url\":\"https:\\\/\\\/dmcsrb.com\\\/wp-content\\\/uploads\\\/2025\\\/12\\\/Milan_Knezevic_749x900.jpg\",\"contentUrl\":\"https:\\\/\\\/dmcsrb.com\\\/wp-content\\\/uploads\\\/2025\\\/12\\\/Milan_Knezevic_749x900.jpg\",\"width\":900,\"height\":749,\"caption\":\"Foto: DNP\"},{\"@type\":\"BreadcrumbList\",\"@id\":\"https:\\\/\\\/dmcsrb.com\\\/politika\\\/knezevic-da-sam-se-na-svom-putu-svaki-put-zaustavljao-kada-su-iz-mraka-zalajali-i-zaurlali-nikad-ne-bih-stigao-do-cilja\\\/#breadcrumb\",\"itemListElement\":[{\"@type\":\"ListItem\",\"position\":1,\"name\":\"Home\",\"item\":\"https:\\\/\\\/dmcsrb.com\\\/\"},{\"@type\":\"ListItem\",\"position\":2,\"name\":\"Kne\u017eevi\u0107: Da sam se na svom putu svaki put zaustavljao kada su iz mraka zalajali i zaurlali nikad ne bih stigao do cilja\"}]},{\"@type\":\"WebSite\",\"@id\":\"https:\\\/\\\/dmcsrb.com\\\/#website\",\"url\":\"https:\\\/\\\/dmcsrb.com\\\/\",\"name\":\"dmcsrb.com\",\"description\":\"\",\"potentialAction\":[{\"@type\":\"SearchAction\",\"target\":{\"@type\":\"EntryPoint\",\"urlTemplate\":\"https:\\\/\\\/dmcsrb.com\\\/?s={search_term_string}\"},\"query-input\":{\"@type\":\"PropertyValueSpecification\",\"valueRequired\":true,\"valueName\":\"search_term_string\"}}],\"inLanguage\":\"en-GB\"},{\"@type\":\"Person\",\"@id\":\"https:\\\/\\\/dmcsrb.com\\\/#\\\/schema\\\/person\\\/5c39170f12db1b8b457732d0b5c854e2\",\"name\":\"dmcsrbija.com@gmail.com\",\"image\":{\"@type\":\"ImageObject\",\"inLanguage\":\"en-GB\",\"@id\":\"https:\\\/\\\/secure.gravatar.com\\\/avatar\\\/68592660ad6347fad0fb587f8d5d8f1a7b44961362f56e4f2cd524feb87e9069?s=96&d=mm&r=g\",\"url\":\"https:\\\/\\\/secure.gravatar.com\\\/avatar\\\/68592660ad6347fad0fb587f8d5d8f1a7b44961362f56e4f2cd524feb87e9069?s=96&d=mm&r=g\",\"contentUrl\":\"https:\\\/\\\/secure.gravatar.com\\\/avatar\\\/68592660ad6347fad0fb587f8d5d8f1a7b44961362f56e4f2cd524feb87e9069?s=96&d=mm&r=g\",\"caption\":\"dmcsrbija.com@gmail.com\"},\"sameAs\":[\"https:\\\/\\\/dmcsrb.com\"],\"url\":\"https:\\\/\\\/dmcsrb.com\\\/en\\\/author\\\/dmcsrbija-comgmail-com\\\/\"}]}<\/script>\n<!-- \/ Yoast SEO plugin. -->","yoast_head_json":{"title":"Kne\u017eevi\u0107: Da sam se na svom putu svaki put zaustavljao kada su iz mraka zalajali i zaurlali nikad ne bih stigao do cilja - dmcsrb.com","robots":{"index":"index","follow":"follow","max-snippet":"max-snippet:-1","max-image-preview":"max-image-preview:large","max-video-preview":"max-video-preview:-1"},"canonical":"https:\/\/dmcsrb.com\/en\/politika\/knezevic-da-sam-se-na-svom-putu-svaki-put-zaustavljao-kada-su-iz-mraka-zalajali-i-zaurlali-nikad-ne-bih-stigao-do-cilja\/","og_locale":"en_GB","og_type":"article","og_title":"Kne\u017eevi\u0107: Da sam se na svom putu svaki put zaustavljao kada su iz mraka zalajali i zaurlali nikad ne bih stigao do cilja - dmcsrb.com","og_description":"Lider Demokratske narodne partije (DNP) Milan Kne\u017eevi\u0107 poru\u010dio je da se na svom politi\u010dkom putu ne obazire na kritike koje dolaze \u201eiz mraka\u201c. U objavi na Instagramu, uz pjesmu Frenka Sinatre \u201eMy Way\u201c, naveo je da nikada ne bi stigao do cilja kada bi se zaustavljao svaki put kada bi, kako je rekao, \u201ed\u017eukele, hijene ili \u0161akali\u201c zalajali, zavijali ili zaurlali.","og_url":"https:\/\/dmcsrb.com\/en\/politika\/knezevic-da-sam-se-na-svom-putu-svaki-put-zaustavljao-kada-su-iz-mraka-zalajali-i-zaurlali-nikad-ne-bih-stigao-do-cilja\/","og_site_name":"dmcsrb.com","article_published_time":"2026-01-10T12:18:00+00:00","og_image":[{"width":900,"height":749,"url":"https:\/\/dmcsrb.com\/wp-content\/uploads\/2025\/12\/Milan_Knezevic_749x900.jpg","type":"image\/jpeg"}],"author":"dmcsrbija.com@gmail.com","twitter_card":"summary_large_image","twitter_misc":{"Written by":"dmcsrbija.com@gmail.com"},"schema":{"@context":"https:\/\/schema.org","@graph":[{"@type":"Article","@id":"https:\/\/dmcsrb.com\/politika\/knezevic-da-sam-se-na-svom-putu-svaki-put-zaustavljao-kada-su-iz-mraka-zalajali-i-zaurlali-nikad-ne-bih-stigao-do-cilja\/#article","isPartOf":{"@id":"https:\/\/dmcsrb.com\/politika\/knezevic-da-sam-se-na-svom-putu-svaki-put-zaustavljao-kada-su-iz-mraka-zalajali-i-zaurlali-nikad-ne-bih-stigao-do-cilja\/"},"author":{"name":"dmcsrbija.com@gmail.com","@id":"https:\/\/dmcsrb.com\/#\/schema\/person\/5c39170f12db1b8b457732d0b5c854e2"},"headline":"Kne\u017eevi\u0107: Da sam se na svom putu svaki put zaustavljao kada su iz mraka zalajali i zaurlali nikad ne bih stigao do cilja","datePublished":"2026-01-10T12:18:00+00:00","mainEntityOfPage":{"@id":"https:\/\/dmcsrb.com\/politika\/knezevic-da-sam-se-na-svom-putu-svaki-put-zaustavljao-kada-su-iz-mraka-zalajali-i-zaurlali-nikad-ne-bih-stigao-do-cilja\/"},"wordCount":83,"commentCount":0,"image":{"@id":"https:\/\/dmcsrb.com\/politika\/knezevic-da-sam-se-na-svom-putu-svaki-put-zaustavljao-kada-su-iz-mraka-zalajali-i-zaurlali-nikad-ne-bih-stigao-do-cilja\/#primaryimage"},"thumbnailUrl":"https:\/\/dmcsrb.com\/wp-content\/uploads\/2025\/12\/Milan_Knezevic_749x900.jpg","keywords":["cilj","Lajanje iz mraka","milan kne\u017eevi\u0107","put","Urlanje","Zaustavljanje"],"articleSection":["Politika"],"inLanguage":"en-GB","potentialAction":[{"@type":"CommentAction","name":"Comment","target":["https:\/\/dmcsrb.com\/politika\/knezevic-da-sam-se-na-svom-putu-svaki-put-zaustavljao-kada-su-iz-mraka-zalajali-i-zaurlali-nikad-ne-bih-stigao-do-cilja\/#respond"]}]},{"@type":"WebPage","@id":"https:\/\/dmcsrb.com\/politika\/knezevic-da-sam-se-na-svom-putu-svaki-put-zaustavljao-kada-su-iz-mraka-zalajali-i-zaurlali-nikad-ne-bih-stigao-do-cilja\/","url":"https:\/\/dmcsrb.com\/politika\/knezevic-da-sam-se-na-svom-putu-svaki-put-zaustavljao-kada-su-iz-mraka-zalajali-i-zaurlali-nikad-ne-bih-stigao-do-cilja\/","name":"Kne\u017eevi\u0107: Da sam se na svom putu svaki put zaustavljao kada su iz mraka zalajali i zaurlali nikad ne bih stigao do cilja - dmcsrb.com","isPartOf":{"@id":"https:\/\/dmcsrb.com\/#website"},"primaryImageOfPage":{"@id":"https:\/\/dmcsrb.com\/politika\/knezevic-da-sam-se-na-svom-putu-svaki-put-zaustavljao-kada-su-iz-mraka-zalajali-i-zaurlali-nikad-ne-bih-stigao-do-cilja\/#primaryimage"},"image":{"@id":"https:\/\/dmcsrb.com\/politika\/knezevic-da-sam-se-na-svom-putu-svaki-put-zaustavljao-kada-su-iz-mraka-zalajali-i-zaurlali-nikad-ne-bih-stigao-do-cilja\/#primaryimage"},"thumbnailUrl":"https:\/\/dmcsrb.com\/wp-content\/uploads\/2025\/12\/Milan_Knezevic_749x900.jpg","datePublished":"2026-01-10T12:18:00+00:00","author":{"@id":"https:\/\/dmcsrb.com\/#\/schema\/person\/5c39170f12db1b8b457732d0b5c854e2"},"breadcrumb":{"@id":"https:\/\/dmcsrb.com\/politika\/knezevic-da-sam-se-na-svom-putu-svaki-put-zaustavljao-kada-su-iz-mraka-zalajali-i-zaurlali-nikad-ne-bih-stigao-do-cilja\/#breadcrumb"},"inLanguage":"en-GB","potentialAction":[{"@type":"ReadAction","target":["https:\/\/dmcsrb.com\/politika\/knezevic-da-sam-se-na-svom-putu-svaki-put-zaustavljao-kada-su-iz-mraka-zalajali-i-zaurlali-nikad-ne-bih-stigao-do-cilja\/"]}]},{"@type":"ImageObject","inLanguage":"en-GB","@id":"https:\/\/dmcsrb.com\/politika\/knezevic-da-sam-se-na-svom-putu-svaki-put-zaustavljao-kada-su-iz-mraka-zalajali-i-zaurlali-nikad-ne-bih-stigao-do-cilja\/#primaryimage","url":"https:\/\/dmcsrb.com\/wp-content\/uploads\/2025\/12\/Milan_Knezevic_749x900.jpg","contentUrl":"https:\/\/dmcsrb.com\/wp-content\/uploads\/2025\/12\/Milan_Knezevic_749x900.jpg","width":900,"height":749,"caption":"Foto: DNP"},{"@type":"BreadcrumbList","@id":"https:\/\/dmcsrb.com\/politika\/knezevic-da-sam-se-na-svom-putu-svaki-put-zaustavljao-kada-su-iz-mraka-zalajali-i-zaurlali-nikad-ne-bih-stigao-do-cilja\/#breadcrumb","itemListElement":[{"@type":"ListItem","position":1,"name":"Home","item":"https:\/\/dmcsrb.com\/"},{"@type":"ListItem","position":2,"name":"Kne\u017eevi\u0107: Da sam se na svom putu svaki put zaustavljao kada su iz mraka zalajali i zaurlali nikad ne bih stigao do cilja"}]},{"@type":"WebSite","@id":"https:\/\/dmcsrb.com\/#website","url":"https:\/\/dmcsrb.com\/","name":"dmcsrb.com","description":"","potentialAction":[{"@type":"SearchAction","target":{"@type":"EntryPoint","urlTemplate":"https:\/\/dmcsrb.com\/?s={search_term_string}"},"query-input":{"@type":"PropertyValueSpecification","valueRequired":true,"valueName":"search_term_string"}}],"inLanguage":"en-GB"},{"@type":"Person","@id":"https:\/\/dmcsrb.com\/#\/schema\/person\/5c39170f12db1b8b457732d0b5c854e2","name":"dmcsrbija.com@gmail.com","image":{"@type":"ImageObject","inLanguage":"en-GB","@id":"https:\/\/secure.gravatar.com\/avatar\/68592660ad6347fad0fb587f8d5d8f1a7b44961362f56e4f2cd524feb87e9069?s=96&d=mm&r=g","url":"https:\/\/secure.gravatar.com\/avatar\/68592660ad6347fad0fb587f8d5d8f1a7b44961362f56e4f2cd524feb87e9069?s=96&d=mm&r=g","contentUrl":"https:\/\/secure.gravatar.com\/avatar\/68592660ad6347fad0fb587f8d5d8f1a7b44961362f56e4f2cd524feb87e9069?s=96&d=mm&r=g","caption":"dmcsrbija.com@gmail.com"},"sameAs":["https:\/\/dmcsrb.com"],"url":"https:\/\/dmcsrb.com\/en\/author\/dmcsrbija-comgmail-com\/"}]}},"_links":{"self":[{"href":"https:\/\/dmcsrb.com\/en\/wp-json\/wp\/v2\/posts\/906688","targetHints":{"allow":["GET"]}}],"collection":[{"href":"https:\/\/dmcsrb.com\/en\/wp-json\/wp\/v2\/posts"}],"about":[{"href":"https:\/\/dmcsrb.com\/en\/wp-json\/wp\/v2\/types\/post"}],"author":[{"embeddable":true,"href":"https:\/\/dmcsrb.com\/en\/wp-json\/wp\/v2\/users\/1"}],"replies":[{"embeddable":true,"href":"https:\/\/dmcsrb.com\/en\/wp-json\/wp\/v2\/comments?post=906688"}],"version-history":[{"count":0,"href":"https:\/\/dmcsrb.com\/en\/wp-json\/wp\/v2\/posts\/906688\/revisions"}],"wp:featuredmedia":[{"embeddable":true,"href":"https:\/\/dmcsrb.com\/en\/wp-json\/wp\/v2\/media\/887270"}],"wp:attachment":[{"href":"https:\/\/dmcsrb.com\/en\/wp-json\/wp\/v2\/media?parent=906688"}],"wp:term":[{"taxonomy":"category","embeddable":true,"href":"https:\/\/dmcsrb.com\/en\/wp-json\/wp\/v2\/categories?post=906688"},{"taxonomy":"post_tag","embeddable":true,"href":"https:\/\/dmcsrb.com\/en\/wp-json\/wp\/v2\/tags?post=906688"},{"taxonomy":"naslovna","embeddable":true,"href":"https:\/\/dmcsrb.com\/en\/wp-json\/wp\/v2\/naslovna?post=906688"}],"curies":[{"name":"wp","href":"https:\/\/api.w.org\/{rel}","templated":true}]}}