{"id":906564,"date":"2026-01-09T21:44:00","date_gmt":"2026-01-09T20:44:00","guid":{"rendered":"https:\/\/gradski.me\/?p=906564"},"modified":"2026-01-09T21:44:00","modified_gmt":"2026-01-09T20:44:00","slug":"dva-teretna-broda-u-oblasti-odese-pogodjena-ruskim-dronovima","status":"publish","type":"post","link":"https:\/\/dmcsrb.com\/en\/svijet\/dva-teretna-broda-u-oblasti-odese-pogodjena-ruskim-dronovima\/","title":{"rendered":"Dva teretna broda u oblasti Odese pogo\u0111ena ruskim dronovima"},"content":{"rendered":"<p><a href=\"https:\/\/www.facebook.com\/share.php?u=https:\/\/rts.rs\/lat\/vesti\/ratu-u-ukrajini\/5863336\/moskva-nijedan-pvo-sistem-ne-moze-presretnuti-oresnik-grosi-apelovao-na-prekid-vatre-u-blizini-nuklearke-zaporozje.html?sid=608457\"><\/a><a href=\"https:\/\/twitter.com\/share\"><\/a><a href=\"https:\/\/www.linkedin.com\/shareArticle?mini=true&amp;url=https:\/\/rts.rs\/lat\/vesti\/ratu-u-ukrajini\/5863336\/moskva-nijedan-pvo-sistem-ne-moze-presretnuti-oresnik-grosi-apelovao-na-prekid-vatre-u-blizini-nuklearke-zaporozje.html?sid=608457&amp;title=&amp;source=rts.rs\"><\/a><\/p>\n\n\n\n<p>Kako navodi&nbsp;<em>Rojters<\/em>, Moskva je poja\u010dala napade na ukrajinske &#8220;pomorske izvozne arterije\u201c u poslednja dva meseca kao odmazdu za napade na tankere &#8220;flote u senci\u201c kojma se izvozi ruska nafta.<\/p>\n\n\n\n<p>Zamenik premijera Ukrajine Oleksij Kuleba rekao je u saop\u0161tenju da je jedan brod plovio du\u017e ukrajinskog pomorskog izvoznog koridora kako bi preuzeo tovar \u017eitarica u luci \u010cernomorsk i da je bio pod zastavom Sent Kitsa i Nevisa.<\/p>\n\n\n\n<p>Drugi, blizu luke Odesa, bio je pod zastavom Komorskih ostrva i prevozio je soju.<\/p>\n\n\n\n<p>&#8220;Ovo je jo\u0161 jedan pokazatelj da Rusija namjerno cilja civilne objekte, me\u0111unarodni brodski prevoz i logistiku hrane\u201c, napisao je Kuleba.<\/p>\n\n\n\n<p>Objavio je slike koje prikazuju brodove sa imenima &#8220;Ladona&#8221; i &#8220;Vael K&#8221; na svojim trupovima.<\/p>\n\n\n\n<p>Ukrajinske lu\u010dke vlasti su rekle su&nbsp;<em>Rojtersu<\/em>&nbsp;da se broj ruskih napada na luke u oblasti Odese u 2025. skoro utrostru\u010dio u odnosu na 2024. godinu \u2013 na 96.<\/p>","protected":false},"excerpt":{"rendered":"<p>Ruske snage napale su dronovima dva teretna broda pod stranom zastavom u ju\u017enom regionu Odese, ubiv\u0161i jednog i raniv\u0161i drugog sirijskog dr\u017eavljanina, saop\u0161tili su ukrajinski zvani\u010dnici.<\/p>","protected":false},"author":1,"featured_media":401948,"comment_status":"open","ping_status":"open","sticky":false,"template":"","format":"standard","meta":{"_acf_changed":false,"footnotes":""},"categories":[144],"tags":[1580,2793,5198,1399,651,234],"naslovna":[],"class_list":["post-906564","post","type-post","status-publish","format-standard","has-post-thumbnail","hentry","category-svijet","tag-brod","tag-dron","tag-odesa","tag-rat","tag-rusija","tag-ukrajina"],"acf":[],"yoast_head":"<!-- This site is optimized with the Yoast SEO plugin v27.0 - https:\/\/yoast.com\/product\/yoast-seo-wordpress\/ -->\n<title>Dva teretna broda u oblasti Odese pogo\u0111ena ruskim dronovima - dmcsrb.com<\/title>\n<meta name=\"robots\" content=\"index, follow, max-snippet:-1, max-image-preview:large, max-video-preview:-1\" \/>\n<link rel=\"canonical\" href=\"https:\/\/dmcsrb.com\/en\/svijet\/dva-teretna-broda-u-oblasti-odese-pogodjena-ruskim-dronovima\/\" \/>\n<meta property=\"og:locale\" content=\"en_GB\" \/>\n<meta property=\"og:type\" content=\"article\" \/>\n<meta property=\"og:title\" content=\"Dva teretna broda u oblasti Odese pogo\u0111ena ruskim dronovima - dmcsrb.com\" \/>\n<meta property=\"og:description\" content=\"Ruske snage napale su dronovima dva teretna broda pod stranom zastavom u ju\u017enom regionu Odese, ubiv\u0161i jednog i raniv\u0161i drugog sirijskog dr\u017eavljanina, saop\u0161tili su ukrajinski zvani\u010dnici.\" \/>\n<meta property=\"og:url\" content=\"https:\/\/dmcsrb.com\/en\/svijet\/dva-teretna-broda-u-oblasti-odese-pogodjena-ruskim-dronovima\/\" \/>\n<meta property=\"og:site_name\" content=\"dmcsrb.com\" \/>\n<meta property=\"article:published_time\" content=\"2026-01-09T20:44:00+00:00\" \/>\n<meta property=\"og:image\" content=\"https:\/\/dmcsrb.com\/wp-content\/uploads\/2023\/05\/rusija-ukrajina-shutterstock.jpg\" \/>\n\t<meta property=\"og:image:width\" content=\"1000\" \/>\n\t<meta property=\"og:image:height\" content=\"560\" \/>\n\t<meta property=\"og:image:type\" content=\"image\/jpeg\" \/>\n<meta name=\"author\" content=\"dmcsrbija.com@gmail.com\" \/>\n<meta name=\"twitter:card\" content=\"summary_large_image\" \/>\n<meta name=\"twitter:label1\" content=\"Written by\" \/>\n\t<meta name=\"twitter:data1\" content=\"dmcsrbija.com@gmail.com\" \/>\n\t<meta name=\"twitter:label2\" content=\"Estimated reading time\" \/>\n\t<meta name=\"twitter:data2\" content=\"1 minute\" \/>\n<script type=\"application\/ld+json\" class=\"yoast-schema-graph\">{\"@context\":\"https:\/\/schema.org\",\"@graph\":[{\"@type\":\"Article\",\"@id\":\"https:\/\/dmcsrb.com\/svijet\/dva-teretna-broda-u-oblasti-odese-pogodjena-ruskim-dronovima\/#article\",\"isPartOf\":{\"@id\":\"https:\/\/dmcsrb.com\/svijet\/dva-teretna-broda-u-oblasti-odese-pogodjena-ruskim-dronovima\/\"},\"author\":{\"name\":\"dmcsrbija.com@gmail.com\",\"@id\":\"https:\/\/dmcsrb.com\/#\/schema\/person\/5c39170f12db1b8b457732d0b5c854e2\"},\"headline\":\"Dva teretna broda u oblasti Odese pogo\u0111ena ruskim dronovima\",\"datePublished\":\"2026-01-09T20:44:00+00:00\",\"mainEntityOfPage\":{\"@id\":\"https:\/\/dmcsrb.com\/svijet\/dva-teretna-broda-u-oblasti-odese-pogodjena-ruskim-dronovima\/\"},\"wordCount\":159,\"commentCount\":0,\"image\":{\"@id\":\"https:\/\/dmcsrb.com\/svijet\/dva-teretna-broda-u-oblasti-odese-pogodjena-ruskim-dronovima\/#primaryimage\"},\"thumbnailUrl\":\"https:\/\/dmcsrb.com\/wp-content\/uploads\/2023\/05\/rusija-ukrajina-shutterstock.jpg\",\"keywords\":[\"brod\",\"dron\",\"Odesa\",\"rat\",\"Rusija\",\"Ukrajina\"],\"articleSection\":[\"Svijet\"],\"inLanguage\":\"en-GB\",\"potentialAction\":[{\"@type\":\"CommentAction\",\"name\":\"Comment\",\"target\":[\"https:\/\/dmcsrb.com\/svijet\/dva-teretna-broda-u-oblasti-odese-pogodjena-ruskim-dronovima\/#respond\"]}]},{\"@type\":\"WebPage\",\"@id\":\"https:\/\/dmcsrb.com\/svijet\/dva-teretna-broda-u-oblasti-odese-pogodjena-ruskim-dronovima\/\",\"url\":\"https:\/\/dmcsrb.com\/svijet\/dva-teretna-broda-u-oblasti-odese-pogodjena-ruskim-dronovima\/\",\"name\":\"Dva teretna broda u oblasti Odese pogo\u0111ena ruskim dronovima - dmcsrb.com\",\"isPartOf\":{\"@id\":\"https:\/\/dmcsrb.com\/#website\"},\"primaryImageOfPage\":{\"@id\":\"https:\/\/dmcsrb.com\/svijet\/dva-teretna-broda-u-oblasti-odese-pogodjena-ruskim-dronovima\/#primaryimage\"},\"image\":{\"@id\":\"https:\/\/dmcsrb.com\/svijet\/dva-teretna-broda-u-oblasti-odese-pogodjena-ruskim-dronovima\/#primaryimage\"},\"thumbnailUrl\":\"https:\/\/dmcsrb.com\/wp-content\/uploads\/2023\/05\/rusija-ukrajina-shutterstock.jpg\",\"datePublished\":\"2026-01-09T20:44:00+00:00\",\"author\":{\"@id\":\"https:\/\/dmcsrb.com\/#\/schema\/person\/5c39170f12db1b8b457732d0b5c854e2\"},\"breadcrumb\":{\"@id\":\"https:\/\/dmcsrb.com\/svijet\/dva-teretna-broda-u-oblasti-odese-pogodjena-ruskim-dronovima\/#breadcrumb\"},\"inLanguage\":\"en-GB\",\"potentialAction\":[{\"@type\":\"ReadAction\",\"target\":[\"https:\/\/dmcsrb.com\/svijet\/dva-teretna-broda-u-oblasti-odese-pogodjena-ruskim-dronovima\/\"]}]},{\"@type\":\"ImageObject\",\"inLanguage\":\"en-GB\",\"@id\":\"https:\/\/dmcsrb.com\/svijet\/dva-teretna-broda-u-oblasti-odese-pogodjena-ruskim-dronovima\/#primaryimage\",\"url\":\"https:\/\/dmcsrb.com\/wp-content\/uploads\/2023\/05\/rusija-ukrajina-shutterstock.jpg\",\"contentUrl\":\"https:\/\/dmcsrb.com\/wp-content\/uploads\/2023\/05\/rusija-ukrajina-shutterstock.jpg\",\"width\":1000,\"height\":560,\"caption\":\"Foto: Shutterstock\"},{\"@type\":\"BreadcrumbList\",\"@id\":\"https:\/\/dmcsrb.com\/svijet\/dva-teretna-broda-u-oblasti-odese-pogodjena-ruskim-dronovima\/#breadcrumb\",\"itemListElement\":[{\"@type\":\"ListItem\",\"position\":1,\"name\":\"Home\",\"item\":\"https:\/\/dmcsrb.com\/\"},{\"@type\":\"ListItem\",\"position\":2,\"name\":\"Dva teretna broda u oblasti Odese pogo\u0111ena ruskim dronovima\"}]},{\"@type\":\"WebSite\",\"@id\":\"https:\/\/dmcsrb.com\/#website\",\"url\":\"https:\/\/dmcsrb.com\/\",\"name\":\"dmcsrb.com\",\"description\":\"\",\"potentialAction\":[{\"@type\":\"SearchAction\",\"target\":{\"@type\":\"EntryPoint\",\"urlTemplate\":\"https:\/\/dmcsrb.com\/?s={search_term_string}\"},\"query-input\":{\"@type\":\"PropertyValueSpecification\",\"valueRequired\":true,\"valueName\":\"search_term_string\"}}],\"inLanguage\":\"en-GB\"},{\"@type\":\"Person\",\"@id\":\"https:\/\/dmcsrb.com\/#\/schema\/person\/5c39170f12db1b8b457732d0b5c854e2\",\"name\":\"dmcsrbija.com@gmail.com\",\"image\":{\"@type\":\"ImageObject\",\"inLanguage\":\"en-GB\",\"@id\":\"https:\/\/dmcsrb.com\/#\/schema\/person\/image\/\",\"url\":\"https:\/\/secure.gravatar.com\/avatar\/68592660ad6347fad0fb587f8d5d8f1a7b44961362f56e4f2cd524feb87e9069?s=96&d=mm&r=g\",\"contentUrl\":\"https:\/\/secure.gravatar.com\/avatar\/68592660ad6347fad0fb587f8d5d8f1a7b44961362f56e4f2cd524feb87e9069?s=96&d=mm&r=g\",\"caption\":\"dmcsrbija.com@gmail.com\"},\"sameAs\":[\"https:\/\/dmcsrb.com\"],\"url\":\"https:\/\/dmcsrb.com\/en\/author\/dmcsrbija-comgmail-com\/\"}]}<\/script>\n<!-- \/ Yoast SEO plugin. -->","yoast_head_json":{"title":"Dva teretna broda u oblasti Odese pogo\u0111ena ruskim dronovima - dmcsrb.com","robots":{"index":"index","follow":"follow","max-snippet":"max-snippet:-1","max-image-preview":"max-image-preview:large","max-video-preview":"max-video-preview:-1"},"canonical":"https:\/\/dmcsrb.com\/en\/svijet\/dva-teretna-broda-u-oblasti-odese-pogodjena-ruskim-dronovima\/","og_locale":"en_GB","og_type":"article","og_title":"Dva teretna broda u oblasti Odese pogo\u0111ena ruskim dronovima - dmcsrb.com","og_description":"Ruske snage napale su dronovima dva teretna broda pod stranom zastavom u ju\u017enom regionu Odese, ubiv\u0161i jednog i raniv\u0161i drugog sirijskog dr\u017eavljanina, saop\u0161tili su ukrajinski zvani\u010dnici.","og_url":"https:\/\/dmcsrb.com\/en\/svijet\/dva-teretna-broda-u-oblasti-odese-pogodjena-ruskim-dronovima\/","og_site_name":"dmcsrb.com","article_published_time":"2026-01-09T20:44:00+00:00","og_image":[{"width":1000,"height":560,"url":"https:\/\/dmcsrb.com\/wp-content\/uploads\/2023\/05\/rusija-ukrajina-shutterstock.jpg","type":"image\/jpeg"}],"author":"dmcsrbija.com@gmail.com","twitter_card":"summary_large_image","twitter_misc":{"Written by":"dmcsrbija.com@gmail.com","Estimated reading time":"1 minute"},"schema":{"@context":"https:\/\/schema.org","@graph":[{"@type":"Article","@id":"https:\/\/dmcsrb.com\/svijet\/dva-teretna-broda-u-oblasti-odese-pogodjena-ruskim-dronovima\/#article","isPartOf":{"@id":"https:\/\/dmcsrb.com\/svijet\/dva-teretna-broda-u-oblasti-odese-pogodjena-ruskim-dronovima\/"},"author":{"name":"dmcsrbija.com@gmail.com","@id":"https:\/\/dmcsrb.com\/#\/schema\/person\/5c39170f12db1b8b457732d0b5c854e2"},"headline":"Dva teretna broda u oblasti Odese pogo\u0111ena ruskim dronovima","datePublished":"2026-01-09T20:44:00+00:00","mainEntityOfPage":{"@id":"https:\/\/dmcsrb.com\/svijet\/dva-teretna-broda-u-oblasti-odese-pogodjena-ruskim-dronovima\/"},"wordCount":159,"commentCount":0,"image":{"@id":"https:\/\/dmcsrb.com\/svijet\/dva-teretna-broda-u-oblasti-odese-pogodjena-ruskim-dronovima\/#primaryimage"},"thumbnailUrl":"https:\/\/dmcsrb.com\/wp-content\/uploads\/2023\/05\/rusija-ukrajina-shutterstock.jpg","keywords":["brod","dron","Odesa","rat","Rusija","Ukrajina"],"articleSection":["Svijet"],"inLanguage":"en-GB","potentialAction":[{"@type":"CommentAction","name":"Comment","target":["https:\/\/dmcsrb.com\/svijet\/dva-teretna-broda-u-oblasti-odese-pogodjena-ruskim-dronovima\/#respond"]}]},{"@type":"WebPage","@id":"https:\/\/dmcsrb.com\/svijet\/dva-teretna-broda-u-oblasti-odese-pogodjena-ruskim-dronovima\/","url":"https:\/\/dmcsrb.com\/svijet\/dva-teretna-broda-u-oblasti-odese-pogodjena-ruskim-dronovima\/","name":"Dva teretna broda u oblasti Odese pogo\u0111ena ruskim dronovima - dmcsrb.com","isPartOf":{"@id":"https:\/\/dmcsrb.com\/#website"},"primaryImageOfPage":{"@id":"https:\/\/dmcsrb.com\/svijet\/dva-teretna-broda-u-oblasti-odese-pogodjena-ruskim-dronovima\/#primaryimage"},"image":{"@id":"https:\/\/dmcsrb.com\/svijet\/dva-teretna-broda-u-oblasti-odese-pogodjena-ruskim-dronovima\/#primaryimage"},"thumbnailUrl":"https:\/\/dmcsrb.com\/wp-content\/uploads\/2023\/05\/rusija-ukrajina-shutterstock.jpg","datePublished":"2026-01-09T20:44:00+00:00","author":{"@id":"https:\/\/dmcsrb.com\/#\/schema\/person\/5c39170f12db1b8b457732d0b5c854e2"},"breadcrumb":{"@id":"https:\/\/dmcsrb.com\/svijet\/dva-teretna-broda-u-oblasti-odese-pogodjena-ruskim-dronovima\/#breadcrumb"},"inLanguage":"en-GB","potentialAction":[{"@type":"ReadAction","target":["https:\/\/dmcsrb.com\/svijet\/dva-teretna-broda-u-oblasti-odese-pogodjena-ruskim-dronovima\/"]}]},{"@type":"ImageObject","inLanguage":"en-GB","@id":"https:\/\/dmcsrb.com\/svijet\/dva-teretna-broda-u-oblasti-odese-pogodjena-ruskim-dronovima\/#primaryimage","url":"https:\/\/dmcsrb.com\/wp-content\/uploads\/2023\/05\/rusija-ukrajina-shutterstock.jpg","contentUrl":"https:\/\/dmcsrb.com\/wp-content\/uploads\/2023\/05\/rusija-ukrajina-shutterstock.jpg","width":1000,"height":560,"caption":"Foto: Shutterstock"},{"@type":"BreadcrumbList","@id":"https:\/\/dmcsrb.com\/svijet\/dva-teretna-broda-u-oblasti-odese-pogodjena-ruskim-dronovima\/#breadcrumb","itemListElement":[{"@type":"ListItem","position":1,"name":"Home","item":"https:\/\/dmcsrb.com\/"},{"@type":"ListItem","position":2,"name":"Dva teretna broda u oblasti Odese pogo\u0111ena ruskim dronovima"}]},{"@type":"WebSite","@id":"https:\/\/dmcsrb.com\/#website","url":"https:\/\/dmcsrb.com\/","name":"dmcsrb.com","description":"","potentialAction":[{"@type":"SearchAction","target":{"@type":"EntryPoint","urlTemplate":"https:\/\/dmcsrb.com\/?s={search_term_string}"},"query-input":{"@type":"PropertyValueSpecification","valueRequired":true,"valueName":"search_term_string"}}],"inLanguage":"en-GB"},{"@type":"Person","@id":"https:\/\/dmcsrb.com\/#\/schema\/person\/5c39170f12db1b8b457732d0b5c854e2","name":"dmcsrbija.com@gmail.com","image":{"@type":"ImageObject","inLanguage":"en-GB","@id":"https:\/\/dmcsrb.com\/#\/schema\/person\/image\/","url":"https:\/\/secure.gravatar.com\/avatar\/68592660ad6347fad0fb587f8d5d8f1a7b44961362f56e4f2cd524feb87e9069?s=96&d=mm&r=g","contentUrl":"https:\/\/secure.gravatar.com\/avatar\/68592660ad6347fad0fb587f8d5d8f1a7b44961362f56e4f2cd524feb87e9069?s=96&d=mm&r=g","caption":"dmcsrbija.com@gmail.com"},"sameAs":["https:\/\/dmcsrb.com"],"url":"https:\/\/dmcsrb.com\/en\/author\/dmcsrbija-comgmail-com\/"}]}},"_links":{"self":[{"href":"https:\/\/dmcsrb.com\/en\/wp-json\/wp\/v2\/posts\/906564","targetHints":{"allow":["GET"]}}],"collection":[{"href":"https:\/\/dmcsrb.com\/en\/wp-json\/wp\/v2\/posts"}],"about":[{"href":"https:\/\/dmcsrb.com\/en\/wp-json\/wp\/v2\/types\/post"}],"author":[{"embeddable":true,"href":"https:\/\/dmcsrb.com\/en\/wp-json\/wp\/v2\/users\/1"}],"replies":[{"embeddable":true,"href":"https:\/\/dmcsrb.com\/en\/wp-json\/wp\/v2\/comments?post=906564"}],"version-history":[{"count":0,"href":"https:\/\/dmcsrb.com\/en\/wp-json\/wp\/v2\/posts\/906564\/revisions"}],"wp:featuredmedia":[{"embeddable":true,"href":"https:\/\/dmcsrb.com\/en\/wp-json\/wp\/v2\/media\/401948"}],"wp:attachment":[{"href":"https:\/\/dmcsrb.com\/en\/wp-json\/wp\/v2\/media?parent=906564"}],"wp:term":[{"taxonomy":"category","embeddable":true,"href":"https:\/\/dmcsrb.com\/en\/wp-json\/wp\/v2\/categories?post=906564"},{"taxonomy":"post_tag","embeddable":true,"href":"https:\/\/dmcsrb.com\/en\/wp-json\/wp\/v2\/tags?post=906564"},{"taxonomy":"naslovna","embeddable":true,"href":"https:\/\/dmcsrb.com\/en\/wp-json\/wp\/v2\/naslovna?post=906564"}],"curies":[{"name":"wp","href":"https:\/\/api.w.org\/{rel}","templated":true}]}}