{"id":906553,"date":"2026-01-09T22:40:00","date_gmt":"2026-01-09T21:40:00","guid":{"rendered":"https:\/\/gradski.me\/?p=906553"},"modified":"2026-01-09T22:40:00","modified_gmt":"2026-01-09T21:40:00","slug":"na-granicnim-prelazima-u-novom-tokom-praznika-manji-promet-nego-prethodne-godine","status":"publish","type":"post","link":"https:\/\/dmcsrb.com\/en\/drustvo\/na-granicnim-prelazima-u-novom-tokom-praznika-manji-promet-nego-prethodne-godine\/","title":{"rendered":"Na grani\u010dnim prelazima u Novom tokom praznika manji promet nego prethodne godine"},"content":{"rendered":"<p>Na\u010delnik stanice Grani\u010dne policije Herceg Novi Dejan Jankovi\u0107 kazao je da je u ovom periodu kontrolisano 181 939 putnika i 60 038 vozila, a najprometniji je bio Grani\u010dni prelaz Debeli brijeg.<\/p>\n\n\n\n<p>-Na grani\u010dnom prelazu Debeli brijeg kontrolisali smo 111 454 putnika, \u0161to je za oko 23 % manje u odnosu na isti period pro\u0161le godine. Ovi podaci govore da je nastavljen trend iz prethodne turisti\u010dke sezone, kada je dio tranzita putnika iz zemalja Evropske unije, koji tradicionalno provode praznike u zemljama regiona, preusmjeren na neke druge grani\u010dne prelaze. To je doprinijelo i smanjenju gu\u017evi i nije bilo vi\u0161e\u010dasovnih zadr\u017eavanja kao prethodne godina. Najve\u0107i broj putnika oko 10 000 zabilje\u017eeno je na ulazu u Crnu Goru 21. decembra 2025 godine, kazao je Jankovi\u0107.<\/p>\n\n\n\n<p>Na zajedni\u010dkom prelazu Sitnica \u2013 Zupci zabilje\u017een je pad od oko 17 % u odnosu na pro\u0161lu godinu<\/p>\n\n\n\n<p>-U novogodi\u0161njoj no\u0107i 31. decembra na ulazu u Crnu Goru kontrolisano je oko 3600 putnika. Tokom Praznika mimoze o\u010dekujemo ve\u0107i promet na ovom grani\u010dnom prelazu. Pove\u0107a\u0107emo broj slu\u017ebenika, kao \u0161to je bilo i tokom novogodi\u0161njih praznika, kazao je Jankovi\u0107.<\/p>","protected":false},"excerpt":{"rendered":"<p>U periodu od 20. decembra do 5. januara zabilje\u017een je oko 20 % manji promet nego pro\u0161le godine.<\/p>","protected":false},"author":1,"featured_media":906557,"comment_status":"open","ping_status":"open","sticky":false,"template":"","format":"standard","meta":{"_acf_changed":false,"footnotes":""},"categories":[2],"tags":[6143,341,6144],"naslovna":[],"class_list":["post-906553","post","type-post","status-publish","format-standard","has-post-thumbnail","hentry","category-drustvo","tag-dejan-jankovic","tag-gp-debeli-brijeg","tag-sitnica-zupci"],"acf":[],"yoast_head":"<!-- This site is optimized with the Yoast SEO plugin v27.4 - https:\/\/yoast.com\/product\/yoast-seo-wordpress\/ -->\n<title>Na grani\u010dnim prelazima u Novom tokom praznika manji promet nego prethodne godine - dmcsrb.com<\/title>\n<meta name=\"robots\" content=\"index, follow, max-snippet:-1, max-image-preview:large, max-video-preview:-1\" \/>\n<link rel=\"canonical\" href=\"https:\/\/dmcsrb.com\/en\/drustvo\/na-granicnim-prelazima-u-novom-tokom-praznika-manji-promet-nego-prethodne-godine\/\" \/>\n<meta property=\"og:locale\" content=\"en_GB\" \/>\n<meta property=\"og:type\" content=\"article\" \/>\n<meta property=\"og:title\" content=\"Na grani\u010dnim prelazima u Novom tokom praznika manji promet nego prethodne godine - dmcsrb.com\" \/>\n<meta property=\"og:description\" content=\"U periodu od 20. decembra do 5. januara zabilje\u017een je oko 20 % manji promet nego pro\u0161le godine.\" \/>\n<meta property=\"og:url\" content=\"https:\/\/dmcsrb.com\/en\/drustvo\/na-granicnim-prelazima-u-novom-tokom-praznika-manji-promet-nego-prethodne-godine\/\" \/>\n<meta property=\"og:site_name\" content=\"dmcsrb.com\" \/>\n<meta property=\"article:published_time\" content=\"2026-01-09T21:40:00+00:00\" \/>\n<meta property=\"og:image\" content=\"https:\/\/dmcsrb.com\/wp-content\/uploads\/2026\/01\/Debeli-brijeg.webp\" \/>\n\t<meta property=\"og:image:width\" content=\"801\" \/>\n\t<meta property=\"og:image:height\" content=\"499\" \/>\n\t<meta property=\"og:image:type\" content=\"image\/jpeg\" \/>\n<meta name=\"author\" content=\"dmcsrbija.com@gmail.com\" \/>\n<meta name=\"twitter:card\" content=\"summary_large_image\" \/>\n<meta name=\"twitter:label1\" content=\"Written by\" \/>\n\t<meta name=\"twitter:data1\" content=\"dmcsrbija.com@gmail.com\" \/>\n\t<meta name=\"twitter:label2\" content=\"Estimated reading time\" \/>\n\t<meta name=\"twitter:data2\" content=\"1 minute\" \/>\n<script type=\"application\/ld+json\" class=\"yoast-schema-graph\">{\"@context\":\"https:\\\/\\\/schema.org\",\"@graph\":[{\"@type\":\"Article\",\"@id\":\"https:\\\/\\\/dmcsrb.com\\\/drustvo\\\/na-granicnim-prelazima-u-novom-tokom-praznika-manji-promet-nego-prethodne-godine\\\/#article\",\"isPartOf\":{\"@id\":\"https:\\\/\\\/dmcsrb.com\\\/drustvo\\\/na-granicnim-prelazima-u-novom-tokom-praznika-manji-promet-nego-prethodne-godine\\\/\"},\"author\":{\"name\":\"dmcsrbija.com@gmail.com\",\"@id\":\"https:\\\/\\\/dmcsrb.com\\\/#\\\/schema\\\/person\\\/5c39170f12db1b8b457732d0b5c854e2\"},\"headline\":\"Na grani\u010dnim prelazima u Novom tokom praznika manji promet nego prethodne godine\",\"datePublished\":\"2026-01-09T21:40:00+00:00\",\"mainEntityOfPage\":{\"@id\":\"https:\\\/\\\/dmcsrb.com\\\/drustvo\\\/na-granicnim-prelazima-u-novom-tokom-praznika-manji-promet-nego-prethodne-godine\\\/\"},\"wordCount\":200,\"commentCount\":0,\"image\":{\"@id\":\"https:\\\/\\\/dmcsrb.com\\\/drustvo\\\/na-granicnim-prelazima-u-novom-tokom-praznika-manji-promet-nego-prethodne-godine\\\/#primaryimage\"},\"thumbnailUrl\":\"https:\\\/\\\/dmcsrb.com\\\/wp-content\\\/uploads\\\/2026\\\/01\\\/Debeli-brijeg.webp\",\"keywords\":[\"Dejan Jankovi\u0107\",\"GP Debeli Brijeg\",\"Sitnica-Zupci\"],\"articleSection\":[\"Dru\u0161tvo\"],\"inLanguage\":\"en-GB\",\"potentialAction\":[{\"@type\":\"CommentAction\",\"name\":\"Comment\",\"target\":[\"https:\\\/\\\/dmcsrb.com\\\/drustvo\\\/na-granicnim-prelazima-u-novom-tokom-praznika-manji-promet-nego-prethodne-godine\\\/#respond\"]}]},{\"@type\":\"WebPage\",\"@id\":\"https:\\\/\\\/dmcsrb.com\\\/drustvo\\\/na-granicnim-prelazima-u-novom-tokom-praznika-manji-promet-nego-prethodne-godine\\\/\",\"url\":\"https:\\\/\\\/dmcsrb.com\\\/drustvo\\\/na-granicnim-prelazima-u-novom-tokom-praznika-manji-promet-nego-prethodne-godine\\\/\",\"name\":\"Na grani\u010dnim prelazima u Novom tokom praznika manji promet nego prethodne godine - dmcsrb.com\",\"isPartOf\":{\"@id\":\"https:\\\/\\\/dmcsrb.com\\\/#website\"},\"primaryImageOfPage\":{\"@id\":\"https:\\\/\\\/dmcsrb.com\\\/drustvo\\\/na-granicnim-prelazima-u-novom-tokom-praznika-manji-promet-nego-prethodne-godine\\\/#primaryimage\"},\"image\":{\"@id\":\"https:\\\/\\\/dmcsrb.com\\\/drustvo\\\/na-granicnim-prelazima-u-novom-tokom-praznika-manji-promet-nego-prethodne-godine\\\/#primaryimage\"},\"thumbnailUrl\":\"https:\\\/\\\/dmcsrb.com\\\/wp-content\\\/uploads\\\/2026\\\/01\\\/Debeli-brijeg.webp\",\"datePublished\":\"2026-01-09T21:40:00+00:00\",\"author\":{\"@id\":\"https:\\\/\\\/dmcsrb.com\\\/#\\\/schema\\\/person\\\/5c39170f12db1b8b457732d0b5c854e2\"},\"breadcrumb\":{\"@id\":\"https:\\\/\\\/dmcsrb.com\\\/drustvo\\\/na-granicnim-prelazima-u-novom-tokom-praznika-manji-promet-nego-prethodne-godine\\\/#breadcrumb\"},\"inLanguage\":\"en-GB\",\"potentialAction\":[{\"@type\":\"ReadAction\",\"target\":[\"https:\\\/\\\/dmcsrb.com\\\/drustvo\\\/na-granicnim-prelazima-u-novom-tokom-praznika-manji-promet-nego-prethodne-godine\\\/\"]}]},{\"@type\":\"ImageObject\",\"inLanguage\":\"en-GB\",\"@id\":\"https:\\\/\\\/dmcsrb.com\\\/drustvo\\\/na-granicnim-prelazima-u-novom-tokom-praznika-manji-promet-nego-prethodne-godine\\\/#primaryimage\",\"url\":\"https:\\\/\\\/dmcsrb.com\\\/wp-content\\\/uploads\\\/2026\\\/01\\\/Debeli-brijeg.webp\",\"contentUrl\":\"https:\\\/\\\/dmcsrb.com\\\/wp-content\\\/uploads\\\/2026\\\/01\\\/Debeli-brijeg.webp\",\"width\":801,\"height\":499,\"caption\":\"Foto: RTHN\"},{\"@type\":\"BreadcrumbList\",\"@id\":\"https:\\\/\\\/dmcsrb.com\\\/drustvo\\\/na-granicnim-prelazima-u-novom-tokom-praznika-manji-promet-nego-prethodne-godine\\\/#breadcrumb\",\"itemListElement\":[{\"@type\":\"ListItem\",\"position\":1,\"name\":\"Home\",\"item\":\"https:\\\/\\\/dmcsrb.com\\\/\"},{\"@type\":\"ListItem\",\"position\":2,\"name\":\"Na grani\u010dnim prelazima u Novom tokom praznika manji promet nego prethodne godine\"}]},{\"@type\":\"WebSite\",\"@id\":\"https:\\\/\\\/dmcsrb.com\\\/#website\",\"url\":\"https:\\\/\\\/dmcsrb.com\\\/\",\"name\":\"dmcsrb.com\",\"description\":\"\",\"potentialAction\":[{\"@type\":\"SearchAction\",\"target\":{\"@type\":\"EntryPoint\",\"urlTemplate\":\"https:\\\/\\\/dmcsrb.com\\\/?s={search_term_string}\"},\"query-input\":{\"@type\":\"PropertyValueSpecification\",\"valueRequired\":true,\"valueName\":\"search_term_string\"}}],\"inLanguage\":\"en-GB\"},{\"@type\":\"Person\",\"@id\":\"https:\\\/\\\/dmcsrb.com\\\/#\\\/schema\\\/person\\\/5c39170f12db1b8b457732d0b5c854e2\",\"name\":\"dmcsrbija.com@gmail.com\",\"image\":{\"@type\":\"ImageObject\",\"inLanguage\":\"en-GB\",\"@id\":\"https:\\\/\\\/secure.gravatar.com\\\/avatar\\\/68592660ad6347fad0fb587f8d5d8f1a7b44961362f56e4f2cd524feb87e9069?s=96&d=mm&r=g\",\"url\":\"https:\\\/\\\/secure.gravatar.com\\\/avatar\\\/68592660ad6347fad0fb587f8d5d8f1a7b44961362f56e4f2cd524feb87e9069?s=96&d=mm&r=g\",\"contentUrl\":\"https:\\\/\\\/secure.gravatar.com\\\/avatar\\\/68592660ad6347fad0fb587f8d5d8f1a7b44961362f56e4f2cd524feb87e9069?s=96&d=mm&r=g\",\"caption\":\"dmcsrbija.com@gmail.com\"},\"sameAs\":[\"https:\\\/\\\/dmcsrb.com\"],\"url\":\"https:\\\/\\\/dmcsrb.com\\\/en\\\/author\\\/dmcsrbija-comgmail-com\\\/\"}]}<\/script>\n<!-- \/ Yoast SEO plugin. -->","yoast_head_json":{"title":"Na grani\u010dnim prelazima u Novom tokom praznika manji promet nego prethodne godine - dmcsrb.com","robots":{"index":"index","follow":"follow","max-snippet":"max-snippet:-1","max-image-preview":"max-image-preview:large","max-video-preview":"max-video-preview:-1"},"canonical":"https:\/\/dmcsrb.com\/en\/drustvo\/na-granicnim-prelazima-u-novom-tokom-praznika-manji-promet-nego-prethodne-godine\/","og_locale":"en_GB","og_type":"article","og_title":"Na grani\u010dnim prelazima u Novom tokom praznika manji promet nego prethodne godine - dmcsrb.com","og_description":"U periodu od 20. decembra do 5. januara zabilje\u017een je oko 20 % manji promet nego pro\u0161le godine.","og_url":"https:\/\/dmcsrb.com\/en\/drustvo\/na-granicnim-prelazima-u-novom-tokom-praznika-manji-promet-nego-prethodne-godine\/","og_site_name":"dmcsrb.com","article_published_time":"2026-01-09T21:40:00+00:00","og_image":[{"width":801,"height":499,"url":"https:\/\/dmcsrb.com\/wp-content\/uploads\/2026\/01\/Debeli-brijeg.webp","type":"image\/jpeg"}],"author":"dmcsrbija.com@gmail.com","twitter_card":"summary_large_image","twitter_misc":{"Written by":"dmcsrbija.com@gmail.com","Estimated reading time":"1 minute"},"schema":{"@context":"https:\/\/schema.org","@graph":[{"@type":"Article","@id":"https:\/\/dmcsrb.com\/drustvo\/na-granicnim-prelazima-u-novom-tokom-praznika-manji-promet-nego-prethodne-godine\/#article","isPartOf":{"@id":"https:\/\/dmcsrb.com\/drustvo\/na-granicnim-prelazima-u-novom-tokom-praznika-manji-promet-nego-prethodne-godine\/"},"author":{"name":"dmcsrbija.com@gmail.com","@id":"https:\/\/dmcsrb.com\/#\/schema\/person\/5c39170f12db1b8b457732d0b5c854e2"},"headline":"Na grani\u010dnim prelazima u Novom tokom praznika manji promet nego prethodne godine","datePublished":"2026-01-09T21:40:00+00:00","mainEntityOfPage":{"@id":"https:\/\/dmcsrb.com\/drustvo\/na-granicnim-prelazima-u-novom-tokom-praznika-manji-promet-nego-prethodne-godine\/"},"wordCount":200,"commentCount":0,"image":{"@id":"https:\/\/dmcsrb.com\/drustvo\/na-granicnim-prelazima-u-novom-tokom-praznika-manji-promet-nego-prethodne-godine\/#primaryimage"},"thumbnailUrl":"https:\/\/dmcsrb.com\/wp-content\/uploads\/2026\/01\/Debeli-brijeg.webp","keywords":["Dejan Jankovi\u0107","GP Debeli Brijeg","Sitnica-Zupci"],"articleSection":["Dru\u0161tvo"],"inLanguage":"en-GB","potentialAction":[{"@type":"CommentAction","name":"Comment","target":["https:\/\/dmcsrb.com\/drustvo\/na-granicnim-prelazima-u-novom-tokom-praznika-manji-promet-nego-prethodne-godine\/#respond"]}]},{"@type":"WebPage","@id":"https:\/\/dmcsrb.com\/drustvo\/na-granicnim-prelazima-u-novom-tokom-praznika-manji-promet-nego-prethodne-godine\/","url":"https:\/\/dmcsrb.com\/drustvo\/na-granicnim-prelazima-u-novom-tokom-praznika-manji-promet-nego-prethodne-godine\/","name":"Na grani\u010dnim prelazima u Novom tokom praznika manji promet nego prethodne godine - dmcsrb.com","isPartOf":{"@id":"https:\/\/dmcsrb.com\/#website"},"primaryImageOfPage":{"@id":"https:\/\/dmcsrb.com\/drustvo\/na-granicnim-prelazima-u-novom-tokom-praznika-manji-promet-nego-prethodne-godine\/#primaryimage"},"image":{"@id":"https:\/\/dmcsrb.com\/drustvo\/na-granicnim-prelazima-u-novom-tokom-praznika-manji-promet-nego-prethodne-godine\/#primaryimage"},"thumbnailUrl":"https:\/\/dmcsrb.com\/wp-content\/uploads\/2026\/01\/Debeli-brijeg.webp","datePublished":"2026-01-09T21:40:00+00:00","author":{"@id":"https:\/\/dmcsrb.com\/#\/schema\/person\/5c39170f12db1b8b457732d0b5c854e2"},"breadcrumb":{"@id":"https:\/\/dmcsrb.com\/drustvo\/na-granicnim-prelazima-u-novom-tokom-praznika-manji-promet-nego-prethodne-godine\/#breadcrumb"},"inLanguage":"en-GB","potentialAction":[{"@type":"ReadAction","target":["https:\/\/dmcsrb.com\/drustvo\/na-granicnim-prelazima-u-novom-tokom-praznika-manji-promet-nego-prethodne-godine\/"]}]},{"@type":"ImageObject","inLanguage":"en-GB","@id":"https:\/\/dmcsrb.com\/drustvo\/na-granicnim-prelazima-u-novom-tokom-praznika-manji-promet-nego-prethodne-godine\/#primaryimage","url":"https:\/\/dmcsrb.com\/wp-content\/uploads\/2026\/01\/Debeli-brijeg.webp","contentUrl":"https:\/\/dmcsrb.com\/wp-content\/uploads\/2026\/01\/Debeli-brijeg.webp","width":801,"height":499,"caption":"Foto: RTHN"},{"@type":"BreadcrumbList","@id":"https:\/\/dmcsrb.com\/drustvo\/na-granicnim-prelazima-u-novom-tokom-praznika-manji-promet-nego-prethodne-godine\/#breadcrumb","itemListElement":[{"@type":"ListItem","position":1,"name":"Home","item":"https:\/\/dmcsrb.com\/"},{"@type":"ListItem","position":2,"name":"Na grani\u010dnim prelazima u Novom tokom praznika manji promet nego prethodne godine"}]},{"@type":"WebSite","@id":"https:\/\/dmcsrb.com\/#website","url":"https:\/\/dmcsrb.com\/","name":"dmcsrb.com","description":"","potentialAction":[{"@type":"SearchAction","target":{"@type":"EntryPoint","urlTemplate":"https:\/\/dmcsrb.com\/?s={search_term_string}"},"query-input":{"@type":"PropertyValueSpecification","valueRequired":true,"valueName":"search_term_string"}}],"inLanguage":"en-GB"},{"@type":"Person","@id":"https:\/\/dmcsrb.com\/#\/schema\/person\/5c39170f12db1b8b457732d0b5c854e2","name":"dmcsrbija.com@gmail.com","image":{"@type":"ImageObject","inLanguage":"en-GB","@id":"https:\/\/secure.gravatar.com\/avatar\/68592660ad6347fad0fb587f8d5d8f1a7b44961362f56e4f2cd524feb87e9069?s=96&d=mm&r=g","url":"https:\/\/secure.gravatar.com\/avatar\/68592660ad6347fad0fb587f8d5d8f1a7b44961362f56e4f2cd524feb87e9069?s=96&d=mm&r=g","contentUrl":"https:\/\/secure.gravatar.com\/avatar\/68592660ad6347fad0fb587f8d5d8f1a7b44961362f56e4f2cd524feb87e9069?s=96&d=mm&r=g","caption":"dmcsrbija.com@gmail.com"},"sameAs":["https:\/\/dmcsrb.com"],"url":"https:\/\/dmcsrb.com\/en\/author\/dmcsrbija-comgmail-com\/"}]}},"_links":{"self":[{"href":"https:\/\/dmcsrb.com\/en\/wp-json\/wp\/v2\/posts\/906553","targetHints":{"allow":["GET"]}}],"collection":[{"href":"https:\/\/dmcsrb.com\/en\/wp-json\/wp\/v2\/posts"}],"about":[{"href":"https:\/\/dmcsrb.com\/en\/wp-json\/wp\/v2\/types\/post"}],"author":[{"embeddable":true,"href":"https:\/\/dmcsrb.com\/en\/wp-json\/wp\/v2\/users\/1"}],"replies":[{"embeddable":true,"href":"https:\/\/dmcsrb.com\/en\/wp-json\/wp\/v2\/comments?post=906553"}],"version-history":[{"count":0,"href":"https:\/\/dmcsrb.com\/en\/wp-json\/wp\/v2\/posts\/906553\/revisions"}],"wp:featuredmedia":[{"embeddable":true,"href":"https:\/\/dmcsrb.com\/en\/wp-json\/wp\/v2\/media\/906557"}],"wp:attachment":[{"href":"https:\/\/dmcsrb.com\/en\/wp-json\/wp\/v2\/media?parent=906553"}],"wp:term":[{"taxonomy":"category","embeddable":true,"href":"https:\/\/dmcsrb.com\/en\/wp-json\/wp\/v2\/categories?post=906553"},{"taxonomy":"post_tag","embeddable":true,"href":"https:\/\/dmcsrb.com\/en\/wp-json\/wp\/v2\/tags?post=906553"},{"taxonomy":"naslovna","embeddable":true,"href":"https:\/\/dmcsrb.com\/en\/wp-json\/wp\/v2\/naslovna?post=906553"}],"curies":[{"name":"wp","href":"https:\/\/api.w.org\/{rel}","templated":true}]}}