{"id":906242,"date":"2026-01-09T11:56:00","date_gmt":"2026-01-09T10:56:00","guid":{"rendered":"https:\/\/gradski.me\/?p=906242"},"modified":"2026-01-09T11:56:00","modified_gmt":"2026-01-09T10:56:00","slug":"damjanovic-evropski-savez-da-izabere-izmedju-principa-i-fotelja","status":"publish","type":"post","link":"https:\/\/dmcsrb.com\/en\/politika\/damjanovic-evropski-savez-da-izabere-izmedju-principa-i-fotelja\/","title":{"rendered":"Damjanovi\u0107: Evropski savez da izabere izme\u0111u principa i fotelja"},"content":{"rendered":"<p><\/p>\n\n\n\n<p>Njegovo saop\u0161tenje objavljujemo integralno.<\/p>\n\n\n\n<p>&#8221;Prethodnih dana nakon usvajanja budzeta op\u0161tine Budva svjedo\u010dimo negodovanju od strane Evropskog saveza, zbog \u010dinjenice da je jedna od stavki \u00a0izdvajanje \u00a0od milion eura za izgradnju pravoslavnog hrama.<\/p>\n\n\n\n<p>Prilikom usvajanja bud\u017eeta lokalni lider ovog saveza Petar Od\u017ei\u0107 nije bio ni protiv ni za, ve\u0107 je na veoma neshvatljiv na\u010din \u201chvale\u0107i prijedlog budzeta\u201d poku\u0161ao da obrazlo\u017ei svoju odluku koju ne bi razumio ni vi\u0161edecenijski gospodar Budve Svetozar Marovi\u0107.<\/p>\n\n\n\n<p>Javnost treba da zna&nbsp;da je predlaga\u010d bud\u017eeta sekretar za finasije iz redova Evropskog saveza, koji nije iskoristio mogu\u0107nost da ga kao svog kadra povu\u010de ako ve\u0107 nijesu saglasni sa dijelom prrijedloga budzeta.&nbsp;<\/p>\n\n\n\n<p>Za razliku od du\u0161ebri\u017enika iz redova Evropskog saveza sekretar Sekretarijata za finasije Slavko&nbsp;\u0110ukanovi\u0107 je patriota koji svoj odnos prena Crnoj Gori zarad fotelje nikad nije mijenjao, \u010dak ni u vremenu kad &nbsp;su Budvom upravljali sledbenici ideologije Draze Mihailovi\u0107a.<\/p>\n\n\n\n<p>Nakon usvajanja bud\u017eeta na zaprepa\u0161\u0107enje crnogorske javnosti&nbsp;&nbsp;prvi se ogla\u0161ava gradona\u010delnik Cetinja Bujo \u0110ura\u0161kovi\u0107 koji zahvaljuju\u0107i podr\u0161ci pro\u010detni\u010dkih partija obavlja ovu funkciju, optu\u017euju\u0107i &nbsp;DPS \u0161to \u0107e u Budvi biti izgraden pravoslavni hram.<\/p>\n\n\n\n<p>Posle \u0110ura\u0161kovi\u0107a uklju\u010duju se botovi, ili u narodu poznatiji kao \u201cpatriote na struju\u201d koji pokre\u0107u negativnu po meni i neljudsku kampanju protiv profesora Nikole Milovi\u0107a sa ciljem koji je samo njima znan.<\/p>\n\n\n\n<p>Nakon sve mediske halabuke i \u201c rata\u201d preko dru\u0161tvenih mre\u017ea name\u0107e se jedno pitanje \u0161ta \u0107e izabrati Evropski savez princip ili fotelju?<\/p>\n\n\n\n<p>Ako nakon svega re\u010denog ostanu dio budvanske vlasti njihov princip \u0107e se svesti na o\u010duvanje udobnih fotelja izradjenih od plastike sundjera i ko\u017ee.<\/p>\n\n\n\n<p>Nije se slu\u010dajno pred\u015bednik Nikola Jovanovi\u0107 prilikom obra\u0107anja odbornicima zahvalio DPS-u na ljudskoj podr\u0161ci, jer se i sam uvjerio da jedino sa ovim politi\u010dkim subjektom mo\u017ee sanirati \u0161tetu koju je gradu pri\u010dinila prethodna lokalna vlast.<\/p>\n\n\n\n<p>Ja sam uvjeren poznavaju\u0107i dobro dio ljudi iz Evropskog saveza da \u0107e se ipak odlu\u010diti za o\u010duvanje fotelja kao \u0161to to rade u Baru bez obzira na sva&nbsp;\u201cnezadovoljstva\u201d jer fotelja direktora komunalnog, turisti\u010dke organizacije i pred\u015bednika skup\u0161tine su ispred mr\u017enje koju gaje prema Du\u0161anu Rai\u010devi\u0107u i DPS-u.<\/p>\n\n\n\n<p>Imaju\u0107i u vidu da je Demokratska partija socijalista jedini sto\u017eer odbrane Crne Gore, ne vidim razlog za\u0161to ih Evropski savez napada, osim ako im ne zamjera \u0161to su odustali da ih \u0161lepaju na svojim listama u izbornim procesima.<\/p>\n\n\n\n<p>Vjerujen da je Nikola Jovanovi\u0107 shvatio da ne mo\u017ee voditi Budvu sa onima koji ispadaju u prvoj krivini puta koji ima za cilj da Budvu izvede iz ralja u koje je bila upala nakon promjene vlasti 2016.godine.&nbsp;<\/p>\n\n\n\n<p>Finalno, koalicija izme\u0111u liste Budva na\u0161 grad i DPS-a&nbsp;&nbsp;ru\u0161i mostove&nbsp;ekstremne politike. Godinama su Budvu koristili kao dokaz da \u201cgra\u0111anski koncept ne funkcioni\u0161e\u201d. Danas, kada Budva kre\u0107e naprijed, &nbsp;ima odgovoran bud\u017eet i razvoj, isti ti krugovi poku\u0161avaju da relativizuju rezultate.&nbsp;&nbsp;\u010cinjenice su neumoljive, Budva je nakon osam godina nestabilnosti dobila funkcionalnu lokalnuupravu.<\/p>\n\n\n\n<p>Ps gospodo iz Evropskog saveza u Budvi ubrzo dolazi vrijeme kada \u0107e se ispred zidina Starog grada umjesto Baje Malog Knind\u017ee pjevati crnogorske patriotske pjesme za \u010dije izvo\u0111enje od kad ste dio lokalne vlasti nijeste dali nikakav doprinos.&#8221;<\/p>","protected":false},"excerpt":{"rendered":"<p>Predsjednik Crnogorske kulturne mre\u017ee (CKM)\u00a0Aleksandar Damjanovi\u0107\u00a0komentarisao je usvajanje bud\u017eeta Op\u0161tine Budva.<\/p>","protected":false},"author":1,"featured_media":906243,"comment_status":"open","ping_status":"open","sticky":false,"template":"","format":"standard","meta":{"_acf_changed":false,"footnotes":""},"categories":[12],"tags":[947,1834,6066,6067],"naslovna":[],"class_list":["post-906242","post","type-post","status-publish","format-standard","has-post-thumbnail","hentry","category-politika","tag-aleksandar-damjanovic","tag-evropski-savez","tag-fotelje","tag-principi"],"acf":[],"yoast_head":"<!-- This site is optimized with the Yoast SEO plugin v27.4 - https:\/\/yoast.com\/product\/yoast-seo-wordpress\/ -->\n<title>Damjanovi\u0107: Evropski savez da izabere izme\u0111u principa i fotelja - dmcsrb.com<\/title>\n<meta name=\"robots\" content=\"index, follow, max-snippet:-1, max-image-preview:large, max-video-preview:-1\" \/>\n<link rel=\"canonical\" href=\"https:\/\/dmcsrb.com\/en\/politika\/damjanovic-evropski-savez-da-izabere-izmedju-principa-i-fotelja\/\" \/>\n<meta property=\"og:locale\" content=\"en_GB\" \/>\n<meta property=\"og:type\" content=\"article\" \/>\n<meta property=\"og:title\" content=\"Damjanovi\u0107: Evropski savez da izabere izme\u0111u principa i fotelja - dmcsrb.com\" \/>\n<meta property=\"og:description\" content=\"Predsjednik Crnogorske kulturne mre\u017ee (CKM)\u00a0Aleksandar Damjanovi\u0107\u00a0komentarisao je usvajanje bud\u017eeta Op\u0161tine Budva.\" \/>\n<meta property=\"og:url\" content=\"https:\/\/dmcsrb.com\/en\/politika\/damjanovic-evropski-savez-da-izabere-izmedju-principa-i-fotelja\/\" \/>\n<meta property=\"og:site_name\" content=\"dmcsrb.com\" \/>\n<meta property=\"article:published_time\" content=\"2026-01-09T10:56:00+00:00\" \/>\n<meta property=\"og:image\" content=\"https:\/\/dmcsrb.com\/wp-content\/uploads\/2026\/01\/IMG_6502.jpeg\" \/>\n\t<meta property=\"og:image:width\" content=\"1500\" \/>\n\t<meta property=\"og:image:height\" content=\"1000\" \/>\n\t<meta property=\"og:image:type\" content=\"image\/jpeg\" \/>\n<meta name=\"author\" content=\"dmcsrbija.com@gmail.com\" \/>\n<meta name=\"twitter:card\" content=\"summary_large_image\" \/>\n<meta name=\"twitter:label1\" content=\"Written by\" \/>\n\t<meta name=\"twitter:data1\" content=\"dmcsrbija.com@gmail.com\" \/>\n\t<meta name=\"twitter:label2\" content=\"Estimated reading time\" \/>\n\t<meta name=\"twitter:data2\" content=\"3 minutes\" \/>\n<script type=\"application\/ld+json\" class=\"yoast-schema-graph\">{\"@context\":\"https:\\\/\\\/schema.org\",\"@graph\":[{\"@type\":\"Article\",\"@id\":\"https:\\\/\\\/dmcsrb.com\\\/politika\\\/damjanovic-evropski-savez-da-izabere-izmedju-principa-i-fotelja\\\/#article\",\"isPartOf\":{\"@id\":\"https:\\\/\\\/dmcsrb.com\\\/politika\\\/damjanovic-evropski-savez-da-izabere-izmedju-principa-i-fotelja\\\/\"},\"author\":{\"name\":\"dmcsrbija.com@gmail.com\",\"@id\":\"https:\\\/\\\/dmcsrb.com\\\/#\\\/schema\\\/person\\\/5c39170f12db1b8b457732d0b5c854e2\"},\"headline\":\"Damjanovi\u0107: Evropski savez da izabere izme\u0111u principa i fotelja\",\"datePublished\":\"2026-01-09T10:56:00+00:00\",\"mainEntityOfPage\":{\"@id\":\"https:\\\/\\\/dmcsrb.com\\\/politika\\\/damjanovic-evropski-savez-da-izabere-izmedju-principa-i-fotelja\\\/\"},\"wordCount\":593,\"commentCount\":0,\"image\":{\"@id\":\"https:\\\/\\\/dmcsrb.com\\\/politika\\\/damjanovic-evropski-savez-da-izabere-izmedju-principa-i-fotelja\\\/#primaryimage\"},\"thumbnailUrl\":\"https:\\\/\\\/dmcsrb.com\\\/wp-content\\\/uploads\\\/2026\\\/01\\\/IMG_6502.jpeg\",\"keywords\":[\"Aleksandar Damjanovi\u0107\",\"Evropski savez\",\"fotelje\",\"principi\"],\"articleSection\":[\"Politika\"],\"inLanguage\":\"en-GB\",\"potentialAction\":[{\"@type\":\"CommentAction\",\"name\":\"Comment\",\"target\":[\"https:\\\/\\\/dmcsrb.com\\\/politika\\\/damjanovic-evropski-savez-da-izabere-izmedju-principa-i-fotelja\\\/#respond\"]}]},{\"@type\":\"WebPage\",\"@id\":\"https:\\\/\\\/dmcsrb.com\\\/politika\\\/damjanovic-evropski-savez-da-izabere-izmedju-principa-i-fotelja\\\/\",\"url\":\"https:\\\/\\\/dmcsrb.com\\\/politika\\\/damjanovic-evropski-savez-da-izabere-izmedju-principa-i-fotelja\\\/\",\"name\":\"Damjanovi\u0107: Evropski savez da izabere izme\u0111u principa i fotelja - dmcsrb.com\",\"isPartOf\":{\"@id\":\"https:\\\/\\\/dmcsrb.com\\\/#website\"},\"primaryImageOfPage\":{\"@id\":\"https:\\\/\\\/dmcsrb.com\\\/politika\\\/damjanovic-evropski-savez-da-izabere-izmedju-principa-i-fotelja\\\/#primaryimage\"},\"image\":{\"@id\":\"https:\\\/\\\/dmcsrb.com\\\/politika\\\/damjanovic-evropski-savez-da-izabere-izmedju-principa-i-fotelja\\\/#primaryimage\"},\"thumbnailUrl\":\"https:\\\/\\\/dmcsrb.com\\\/wp-content\\\/uploads\\\/2026\\\/01\\\/IMG_6502.jpeg\",\"datePublished\":\"2026-01-09T10:56:00+00:00\",\"author\":{\"@id\":\"https:\\\/\\\/dmcsrb.com\\\/#\\\/schema\\\/person\\\/5c39170f12db1b8b457732d0b5c854e2\"},\"breadcrumb\":{\"@id\":\"https:\\\/\\\/dmcsrb.com\\\/politika\\\/damjanovic-evropski-savez-da-izabere-izmedju-principa-i-fotelja\\\/#breadcrumb\"},\"inLanguage\":\"en-GB\",\"potentialAction\":[{\"@type\":\"ReadAction\",\"target\":[\"https:\\\/\\\/dmcsrb.com\\\/politika\\\/damjanovic-evropski-savez-da-izabere-izmedju-principa-i-fotelja\\\/\"]}]},{\"@type\":\"ImageObject\",\"inLanguage\":\"en-GB\",\"@id\":\"https:\\\/\\\/dmcsrb.com\\\/politika\\\/damjanovic-evropski-savez-da-izabere-izmedju-principa-i-fotelja\\\/#primaryimage\",\"url\":\"https:\\\/\\\/dmcsrb.com\\\/wp-content\\\/uploads\\\/2026\\\/01\\\/IMG_6502.jpeg\",\"contentUrl\":\"https:\\\/\\\/dmcsrb.com\\\/wp-content\\\/uploads\\\/2026\\\/01\\\/IMG_6502.jpeg\",\"width\":1500,\"height\":1000},{\"@type\":\"BreadcrumbList\",\"@id\":\"https:\\\/\\\/dmcsrb.com\\\/politika\\\/damjanovic-evropski-savez-da-izabere-izmedju-principa-i-fotelja\\\/#breadcrumb\",\"itemListElement\":[{\"@type\":\"ListItem\",\"position\":1,\"name\":\"Home\",\"item\":\"https:\\\/\\\/dmcsrb.com\\\/\"},{\"@type\":\"ListItem\",\"position\":2,\"name\":\"Damjanovi\u0107: Evropski savez da izabere izme\u0111u principa i fotelja\"}]},{\"@type\":\"WebSite\",\"@id\":\"https:\\\/\\\/dmcsrb.com\\\/#website\",\"url\":\"https:\\\/\\\/dmcsrb.com\\\/\",\"name\":\"dmcsrb.com\",\"description\":\"\",\"potentialAction\":[{\"@type\":\"SearchAction\",\"target\":{\"@type\":\"EntryPoint\",\"urlTemplate\":\"https:\\\/\\\/dmcsrb.com\\\/?s={search_term_string}\"},\"query-input\":{\"@type\":\"PropertyValueSpecification\",\"valueRequired\":true,\"valueName\":\"search_term_string\"}}],\"inLanguage\":\"en-GB\"},{\"@type\":\"Person\",\"@id\":\"https:\\\/\\\/dmcsrb.com\\\/#\\\/schema\\\/person\\\/5c39170f12db1b8b457732d0b5c854e2\",\"name\":\"dmcsrbija.com@gmail.com\",\"image\":{\"@type\":\"ImageObject\",\"inLanguage\":\"en-GB\",\"@id\":\"https:\\\/\\\/secure.gravatar.com\\\/avatar\\\/68592660ad6347fad0fb587f8d5d8f1a7b44961362f56e4f2cd524feb87e9069?s=96&d=mm&r=g\",\"url\":\"https:\\\/\\\/secure.gravatar.com\\\/avatar\\\/68592660ad6347fad0fb587f8d5d8f1a7b44961362f56e4f2cd524feb87e9069?s=96&d=mm&r=g\",\"contentUrl\":\"https:\\\/\\\/secure.gravatar.com\\\/avatar\\\/68592660ad6347fad0fb587f8d5d8f1a7b44961362f56e4f2cd524feb87e9069?s=96&d=mm&r=g\",\"caption\":\"dmcsrbija.com@gmail.com\"},\"sameAs\":[\"https:\\\/\\\/dmcsrb.com\"],\"url\":\"https:\\\/\\\/dmcsrb.com\\\/en\\\/author\\\/dmcsrbija-comgmail-com\\\/\"}]}<\/script>\n<!-- \/ Yoast SEO plugin. -->","yoast_head_json":{"title":"Damjanovi\u0107: Evropski savez da izabere izme\u0111u principa i fotelja - dmcsrb.com","robots":{"index":"index","follow":"follow","max-snippet":"max-snippet:-1","max-image-preview":"max-image-preview:large","max-video-preview":"max-video-preview:-1"},"canonical":"https:\/\/dmcsrb.com\/en\/politika\/damjanovic-evropski-savez-da-izabere-izmedju-principa-i-fotelja\/","og_locale":"en_GB","og_type":"article","og_title":"Damjanovi\u0107: Evropski savez da izabere izme\u0111u principa i fotelja - dmcsrb.com","og_description":"Predsjednik Crnogorske kulturne mre\u017ee (CKM)\u00a0Aleksandar Damjanovi\u0107\u00a0komentarisao je usvajanje bud\u017eeta Op\u0161tine Budva.","og_url":"https:\/\/dmcsrb.com\/en\/politika\/damjanovic-evropski-savez-da-izabere-izmedju-principa-i-fotelja\/","og_site_name":"dmcsrb.com","article_published_time":"2026-01-09T10:56:00+00:00","og_image":[{"width":1500,"height":1000,"url":"https:\/\/dmcsrb.com\/wp-content\/uploads\/2026\/01\/IMG_6502.jpeg","type":"image\/jpeg"}],"author":"dmcsrbija.com@gmail.com","twitter_card":"summary_large_image","twitter_misc":{"Written by":"dmcsrbija.com@gmail.com","Estimated reading time":"3 minutes"},"schema":{"@context":"https:\/\/schema.org","@graph":[{"@type":"Article","@id":"https:\/\/dmcsrb.com\/politika\/damjanovic-evropski-savez-da-izabere-izmedju-principa-i-fotelja\/#article","isPartOf":{"@id":"https:\/\/dmcsrb.com\/politika\/damjanovic-evropski-savez-da-izabere-izmedju-principa-i-fotelja\/"},"author":{"name":"dmcsrbija.com@gmail.com","@id":"https:\/\/dmcsrb.com\/#\/schema\/person\/5c39170f12db1b8b457732d0b5c854e2"},"headline":"Damjanovi\u0107: Evropski savez da izabere izme\u0111u principa i fotelja","datePublished":"2026-01-09T10:56:00+00:00","mainEntityOfPage":{"@id":"https:\/\/dmcsrb.com\/politika\/damjanovic-evropski-savez-da-izabere-izmedju-principa-i-fotelja\/"},"wordCount":593,"commentCount":0,"image":{"@id":"https:\/\/dmcsrb.com\/politika\/damjanovic-evropski-savez-da-izabere-izmedju-principa-i-fotelja\/#primaryimage"},"thumbnailUrl":"https:\/\/dmcsrb.com\/wp-content\/uploads\/2026\/01\/IMG_6502.jpeg","keywords":["Aleksandar Damjanovi\u0107","Evropski savez","fotelje","principi"],"articleSection":["Politika"],"inLanguage":"en-GB","potentialAction":[{"@type":"CommentAction","name":"Comment","target":["https:\/\/dmcsrb.com\/politika\/damjanovic-evropski-savez-da-izabere-izmedju-principa-i-fotelja\/#respond"]}]},{"@type":"WebPage","@id":"https:\/\/dmcsrb.com\/politika\/damjanovic-evropski-savez-da-izabere-izmedju-principa-i-fotelja\/","url":"https:\/\/dmcsrb.com\/politika\/damjanovic-evropski-savez-da-izabere-izmedju-principa-i-fotelja\/","name":"Damjanovi\u0107: Evropski savez da izabere izme\u0111u principa i fotelja - dmcsrb.com","isPartOf":{"@id":"https:\/\/dmcsrb.com\/#website"},"primaryImageOfPage":{"@id":"https:\/\/dmcsrb.com\/politika\/damjanovic-evropski-savez-da-izabere-izmedju-principa-i-fotelja\/#primaryimage"},"image":{"@id":"https:\/\/dmcsrb.com\/politika\/damjanovic-evropski-savez-da-izabere-izmedju-principa-i-fotelja\/#primaryimage"},"thumbnailUrl":"https:\/\/dmcsrb.com\/wp-content\/uploads\/2026\/01\/IMG_6502.jpeg","datePublished":"2026-01-09T10:56:00+00:00","author":{"@id":"https:\/\/dmcsrb.com\/#\/schema\/person\/5c39170f12db1b8b457732d0b5c854e2"},"breadcrumb":{"@id":"https:\/\/dmcsrb.com\/politika\/damjanovic-evropski-savez-da-izabere-izmedju-principa-i-fotelja\/#breadcrumb"},"inLanguage":"en-GB","potentialAction":[{"@type":"ReadAction","target":["https:\/\/dmcsrb.com\/politika\/damjanovic-evropski-savez-da-izabere-izmedju-principa-i-fotelja\/"]}]},{"@type":"ImageObject","inLanguage":"en-GB","@id":"https:\/\/dmcsrb.com\/politika\/damjanovic-evropski-savez-da-izabere-izmedju-principa-i-fotelja\/#primaryimage","url":"https:\/\/dmcsrb.com\/wp-content\/uploads\/2026\/01\/IMG_6502.jpeg","contentUrl":"https:\/\/dmcsrb.com\/wp-content\/uploads\/2026\/01\/IMG_6502.jpeg","width":1500,"height":1000},{"@type":"BreadcrumbList","@id":"https:\/\/dmcsrb.com\/politika\/damjanovic-evropski-savez-da-izabere-izmedju-principa-i-fotelja\/#breadcrumb","itemListElement":[{"@type":"ListItem","position":1,"name":"Home","item":"https:\/\/dmcsrb.com\/"},{"@type":"ListItem","position":2,"name":"Damjanovi\u0107: Evropski savez da izabere izme\u0111u principa i fotelja"}]},{"@type":"WebSite","@id":"https:\/\/dmcsrb.com\/#website","url":"https:\/\/dmcsrb.com\/","name":"dmcsrb.com","description":"","potentialAction":[{"@type":"SearchAction","target":{"@type":"EntryPoint","urlTemplate":"https:\/\/dmcsrb.com\/?s={search_term_string}"},"query-input":{"@type":"PropertyValueSpecification","valueRequired":true,"valueName":"search_term_string"}}],"inLanguage":"en-GB"},{"@type":"Person","@id":"https:\/\/dmcsrb.com\/#\/schema\/person\/5c39170f12db1b8b457732d0b5c854e2","name":"dmcsrbija.com@gmail.com","image":{"@type":"ImageObject","inLanguage":"en-GB","@id":"https:\/\/secure.gravatar.com\/avatar\/68592660ad6347fad0fb587f8d5d8f1a7b44961362f56e4f2cd524feb87e9069?s=96&d=mm&r=g","url":"https:\/\/secure.gravatar.com\/avatar\/68592660ad6347fad0fb587f8d5d8f1a7b44961362f56e4f2cd524feb87e9069?s=96&d=mm&r=g","contentUrl":"https:\/\/secure.gravatar.com\/avatar\/68592660ad6347fad0fb587f8d5d8f1a7b44961362f56e4f2cd524feb87e9069?s=96&d=mm&r=g","caption":"dmcsrbija.com@gmail.com"},"sameAs":["https:\/\/dmcsrb.com"],"url":"https:\/\/dmcsrb.com\/en\/author\/dmcsrbija-comgmail-com\/"}]}},"_links":{"self":[{"href":"https:\/\/dmcsrb.com\/en\/wp-json\/wp\/v2\/posts\/906242","targetHints":{"allow":["GET"]}}],"collection":[{"href":"https:\/\/dmcsrb.com\/en\/wp-json\/wp\/v2\/posts"}],"about":[{"href":"https:\/\/dmcsrb.com\/en\/wp-json\/wp\/v2\/types\/post"}],"author":[{"embeddable":true,"href":"https:\/\/dmcsrb.com\/en\/wp-json\/wp\/v2\/users\/1"}],"replies":[{"embeddable":true,"href":"https:\/\/dmcsrb.com\/en\/wp-json\/wp\/v2\/comments?post=906242"}],"version-history":[{"count":0,"href":"https:\/\/dmcsrb.com\/en\/wp-json\/wp\/v2\/posts\/906242\/revisions"}],"wp:featuredmedia":[{"embeddable":true,"href":"https:\/\/dmcsrb.com\/en\/wp-json\/wp\/v2\/media\/906243"}],"wp:attachment":[{"href":"https:\/\/dmcsrb.com\/en\/wp-json\/wp\/v2\/media?parent=906242"}],"wp:term":[{"taxonomy":"category","embeddable":true,"href":"https:\/\/dmcsrb.com\/en\/wp-json\/wp\/v2\/categories?post=906242"},{"taxonomy":"post_tag","embeddable":true,"href":"https:\/\/dmcsrb.com\/en\/wp-json\/wp\/v2\/tags?post=906242"},{"taxonomy":"naslovna","embeddable":true,"href":"https:\/\/dmcsrb.com\/en\/wp-json\/wp\/v2\/naslovna?post=906242"}],"curies":[{"name":"wp","href":"https:\/\/api.w.org\/{rel}","templated":true}]}}