{"id":906037,"date":"2026-01-08T15:41:17","date_gmt":"2026-01-08T14:41:17","guid":{"rendered":"https:\/\/gradski.me\/?p=906037"},"modified":"2026-01-08T15:41:17","modified_gmt":"2026-01-08T14:41:17","slug":"mandic-prvi-put-polazemo-vijenac-na-grob-ovog-velikana-vojske-kraljevine-crne-gore","status":"publish","type":"post","link":"https:\/\/dmcsrb.com\/en\/drustvo\/mandic-prvi-put-polazemo-vijenac-na-grob-ovog-velikana-vojske-kraljevine-crne-gore\/","title":{"rendered":"Mandi\u0107: Prvi put pola\u017eemo vijenac na grob velikana vojske Kraljevine Crne Gore"},"content":{"rendered":"<p>Tom prilikom, predsjednik je istakao da je veoma pozitivna poruka to \u0161to Vojska Crne Gore danas kona\u010dno odaje zaslu\u017eeno po\u0161tovanje velikanima nekada\u0161nje vojske Knja\u017eevine i Kraljevine Crne Gore kroz imena koja su u prethodnom periodu data kasarnama, i da mu \u010dini posebno zadovoljstvo \u0161to je na njegovu inicijativu Ministar odbrane donio odluku da se kasarna u Kola\u0161inu zove po brigadiru Milo\u0161u Dragi\u0161inom Medenici.<\/p>\n\n\n\n<p>Nakon obilaska, predsjednik Mandi\u0107 je polo\u017eio vijenac na grob komandanta slavne kola\u0161inske brigade Milo\u0161a Dragi\u0161inog Medenice u selu Blatina, pokraj Kola\u0161ina.<\/p>\n\n\n\n<p>Predsjednik Mandi\u0107 je ovom prilikom istakao da je ovo prvi put da visoki dr\u017eavni zvani\u010dnik zajedno sa na\u010delnikom general\u0161taba VCG pola\u017ee vijenac na grob ovog velikana vojske Kraljevine Crne Gore. On je dodao da je kola\u0161inska brigada, zajedno sa durmitorskom, prva u\u0161la na teritoriju Otomanske turske 8. oktobra 1912. godine i tim \u010dinom otpo\u010dela Prvi Balkanski rat oslobo\u0111enja. Dodao je da su ove dvije slavne brigade na \u010delu sa serdarom Jankom<\/p>\n\n\n\n<p>Vukoti\u0107em na Bo\u017ei\u0107 1916. godine postale simbol \u017ertve koja nadilazi vojnu pobjedu, simbol bratske ljubavi, vjere i odanosti.<\/p>\n\n\n\n<p>U predsjednikovoj pratnji bio je i v.d. \u0161tabni oficir \u2013 savjetnik Skup\u0161tine Crne Gore major Zoran Mijatovi\u0107, kao i potomak brigadira Milo\u0161a Dragi\u0161inog Medenice \u2013 Vlatko Medenica.<\/p>","protected":false},"excerpt":{"rendered":"<p>Predsjednik Skup\u0161tine Crne Gore Andrija Mandi\u0107 obi\u0161ao je danas kasarnu \u201eBrigadir Milo\u0161 Dragi\u0161in Medenica\u201c u Kola\u0161inu, gdje su ga do\u010dekali na\u010delnik General\u0161taba Vojske Crne Gore brigadni general Miodrag Vuksanovi\u0107, komandant kasarne poru\u010dnik Tomo Guti\u0107 i predsjednik Op\u0161tine Kola\u0161in Petko Baki\u0107.<\/p>","protected":false},"author":1,"featured_media":906042,"comment_status":"open","ping_status":"open","sticky":false,"template":"","format":"standard","meta":{"_acf_changed":false,"footnotes":""},"categories":[2],"tags":[812,289,4339,4882],"naslovna":[],"class_list":["post-906037","post","type-post","status-publish","format-standard","has-post-thumbnail","hentry","category-drustvo","tag-andrija-mandic","tag-kolasin-2","tag-miodrag-vuksanovic","tag-petko-bakic"],"acf":[],"yoast_head":"<!-- This site is optimized with the Yoast SEO plugin v27.4 - https:\/\/yoast.com\/product\/yoast-seo-wordpress\/ -->\n<title>Mandi\u0107: Prvi put pola\u017eemo vijenac na grob velikana vojske Kraljevine Crne Gore - dmcsrb.com<\/title>\n<meta name=\"robots\" content=\"index, follow, max-snippet:-1, max-image-preview:large, max-video-preview:-1\" \/>\n<link rel=\"canonical\" href=\"https:\/\/dmcsrb.com\/en\/drustvo\/mandic-prvi-put-polazemo-vijenac-na-grob-ovog-velikana-vojske-kraljevine-crne-gore\/\" \/>\n<meta property=\"og:locale\" content=\"en_GB\" \/>\n<meta property=\"og:type\" content=\"article\" \/>\n<meta property=\"og:title\" content=\"Mandi\u0107: Prvi put pola\u017eemo vijenac na grob velikana vojske Kraljevine Crne Gore - dmcsrb.com\" \/>\n<meta property=\"og:description\" content=\"Predsjednik Skup\u0161tine Crne Gore Andrija Mandi\u0107 obi\u0161ao je danas kasarnu \u201eBrigadir Milo\u0161 Dragi\u0161in Medenica\u201c u Kola\u0161inu, gdje su ga do\u010dekali na\u010delnik General\u0161taba Vojske Crne Gore brigadni general Miodrag Vuksanovi\u0107, komandant kasarne poru\u010dnik Tomo Guti\u0107 i predsjednik Op\u0161tine Kola\u0161in Petko Baki\u0107.\" \/>\n<meta property=\"og:url\" content=\"https:\/\/dmcsrb.com\/en\/drustvo\/mandic-prvi-put-polazemo-vijenac-na-grob-ovog-velikana-vojske-kraljevine-crne-gore\/\" \/>\n<meta property=\"og:site_name\" content=\"dmcsrb.com\" \/>\n<meta property=\"article:published_time\" content=\"2026-01-08T14:41:17+00:00\" \/>\n<meta property=\"og:image\" content=\"https:\/\/dmcsrb.com\/wp-content\/uploads\/2026\/01\/Mandic-u-Kolasinu.jpg\" \/>\n\t<meta property=\"og:image:width\" content=\"640\" \/>\n\t<meta property=\"og:image:height\" content=\"426\" \/>\n\t<meta property=\"og:image:type\" content=\"image\/jpeg\" \/>\n<meta name=\"author\" content=\"dmcsrbija.com@gmail.com\" \/>\n<meta name=\"twitter:card\" content=\"summary_large_image\" \/>\n<meta name=\"twitter:label1\" content=\"Written by\" \/>\n\t<meta name=\"twitter:data1\" content=\"dmcsrbija.com@gmail.com\" \/>\n\t<meta name=\"twitter:label2\" content=\"Estimated reading time\" \/>\n\t<meta name=\"twitter:data2\" content=\"1 minute\" \/>\n<script type=\"application\/ld+json\" class=\"yoast-schema-graph\">{\"@context\":\"https:\\\/\\\/schema.org\",\"@graph\":[{\"@type\":\"Article\",\"@id\":\"https:\\\/\\\/dmcsrb.com\\\/drustvo\\\/mandic-prvi-put-polazemo-vijenac-na-grob-ovog-velikana-vojske-kraljevine-crne-gore\\\/#article\",\"isPartOf\":{\"@id\":\"https:\\\/\\\/dmcsrb.com\\\/drustvo\\\/mandic-prvi-put-polazemo-vijenac-na-grob-ovog-velikana-vojske-kraljevine-crne-gore\\\/\"},\"author\":{\"name\":\"dmcsrbija.com@gmail.com\",\"@id\":\"https:\\\/\\\/dmcsrb.com\\\/#\\\/schema\\\/person\\\/5c39170f12db1b8b457732d0b5c854e2\"},\"headline\":\"Mandi\u0107: Prvi put pola\u017eemo vijenac na grob velikana vojske Kraljevine Crne Gore\",\"datePublished\":\"2026-01-08T14:41:17+00:00\",\"mainEntityOfPage\":{\"@id\":\"https:\\\/\\\/dmcsrb.com\\\/drustvo\\\/mandic-prvi-put-polazemo-vijenac-na-grob-ovog-velikana-vojske-kraljevine-crne-gore\\\/\"},\"wordCount\":236,\"commentCount\":0,\"image\":{\"@id\":\"https:\\\/\\\/dmcsrb.com\\\/drustvo\\\/mandic-prvi-put-polazemo-vijenac-na-grob-ovog-velikana-vojske-kraljevine-crne-gore\\\/#primaryimage\"},\"thumbnailUrl\":\"https:\\\/\\\/dmcsrb.com\\\/wp-content\\\/uploads\\\/2026\\\/01\\\/Mandic-u-Kolasinu.jpg\",\"keywords\":[\"andrija mandi\u0107\",\"kOLA\u0160IN\",\"Miodrag Vuksanovi\u0107\",\"Petko Baki\u0107\"],\"articleSection\":[\"Dru\u0161tvo\"],\"inLanguage\":\"en-GB\",\"potentialAction\":[{\"@type\":\"CommentAction\",\"name\":\"Comment\",\"target\":[\"https:\\\/\\\/dmcsrb.com\\\/drustvo\\\/mandic-prvi-put-polazemo-vijenac-na-grob-ovog-velikana-vojske-kraljevine-crne-gore\\\/#respond\"]}]},{\"@type\":\"WebPage\",\"@id\":\"https:\\\/\\\/dmcsrb.com\\\/drustvo\\\/mandic-prvi-put-polazemo-vijenac-na-grob-ovog-velikana-vojske-kraljevine-crne-gore\\\/\",\"url\":\"https:\\\/\\\/dmcsrb.com\\\/drustvo\\\/mandic-prvi-put-polazemo-vijenac-na-grob-ovog-velikana-vojske-kraljevine-crne-gore\\\/\",\"name\":\"Mandi\u0107: Prvi put pola\u017eemo vijenac na grob velikana vojske Kraljevine Crne Gore - dmcsrb.com\",\"isPartOf\":{\"@id\":\"https:\\\/\\\/dmcsrb.com\\\/#website\"},\"primaryImageOfPage\":{\"@id\":\"https:\\\/\\\/dmcsrb.com\\\/drustvo\\\/mandic-prvi-put-polazemo-vijenac-na-grob-ovog-velikana-vojske-kraljevine-crne-gore\\\/#primaryimage\"},\"image\":{\"@id\":\"https:\\\/\\\/dmcsrb.com\\\/drustvo\\\/mandic-prvi-put-polazemo-vijenac-na-grob-ovog-velikana-vojske-kraljevine-crne-gore\\\/#primaryimage\"},\"thumbnailUrl\":\"https:\\\/\\\/dmcsrb.com\\\/wp-content\\\/uploads\\\/2026\\\/01\\\/Mandic-u-Kolasinu.jpg\",\"datePublished\":\"2026-01-08T14:41:17+00:00\",\"author\":{\"@id\":\"https:\\\/\\\/dmcsrb.com\\\/#\\\/schema\\\/person\\\/5c39170f12db1b8b457732d0b5c854e2\"},\"breadcrumb\":{\"@id\":\"https:\\\/\\\/dmcsrb.com\\\/drustvo\\\/mandic-prvi-put-polazemo-vijenac-na-grob-ovog-velikana-vojske-kraljevine-crne-gore\\\/#breadcrumb\"},\"inLanguage\":\"en-GB\",\"potentialAction\":[{\"@type\":\"ReadAction\",\"target\":[\"https:\\\/\\\/dmcsrb.com\\\/drustvo\\\/mandic-prvi-put-polazemo-vijenac-na-grob-ovog-velikana-vojske-kraljevine-crne-gore\\\/\"]}]},{\"@type\":\"ImageObject\",\"inLanguage\":\"en-GB\",\"@id\":\"https:\\\/\\\/dmcsrb.com\\\/drustvo\\\/mandic-prvi-put-polazemo-vijenac-na-grob-ovog-velikana-vojske-kraljevine-crne-gore\\\/#primaryimage\",\"url\":\"https:\\\/\\\/dmcsrb.com\\\/wp-content\\\/uploads\\\/2026\\\/01\\\/Mandic-u-Kolasinu.jpg\",\"contentUrl\":\"https:\\\/\\\/dmcsrb.com\\\/wp-content\\\/uploads\\\/2026\\\/01\\\/Mandic-u-Kolasinu.jpg\",\"width\":640,\"height\":426,\"caption\":\"Foto: Skup\u0161tina Crne Gore\"},{\"@type\":\"BreadcrumbList\",\"@id\":\"https:\\\/\\\/dmcsrb.com\\\/drustvo\\\/mandic-prvi-put-polazemo-vijenac-na-grob-ovog-velikana-vojske-kraljevine-crne-gore\\\/#breadcrumb\",\"itemListElement\":[{\"@type\":\"ListItem\",\"position\":1,\"name\":\"Home\",\"item\":\"https:\\\/\\\/dmcsrb.com\\\/\"},{\"@type\":\"ListItem\",\"position\":2,\"name\":\"Mandi\u0107: Prvi put pola\u017eemo vijenac na grob velikana vojske Kraljevine Crne Gore\"}]},{\"@type\":\"WebSite\",\"@id\":\"https:\\\/\\\/dmcsrb.com\\\/#website\",\"url\":\"https:\\\/\\\/dmcsrb.com\\\/\",\"name\":\"dmcsrb.com\",\"description\":\"\",\"potentialAction\":[{\"@type\":\"SearchAction\",\"target\":{\"@type\":\"EntryPoint\",\"urlTemplate\":\"https:\\\/\\\/dmcsrb.com\\\/?s={search_term_string}\"},\"query-input\":{\"@type\":\"PropertyValueSpecification\",\"valueRequired\":true,\"valueName\":\"search_term_string\"}}],\"inLanguage\":\"en-GB\"},{\"@type\":\"Person\",\"@id\":\"https:\\\/\\\/dmcsrb.com\\\/#\\\/schema\\\/person\\\/5c39170f12db1b8b457732d0b5c854e2\",\"name\":\"dmcsrbija.com@gmail.com\",\"image\":{\"@type\":\"ImageObject\",\"inLanguage\":\"en-GB\",\"@id\":\"https:\\\/\\\/secure.gravatar.com\\\/avatar\\\/68592660ad6347fad0fb587f8d5d8f1a7b44961362f56e4f2cd524feb87e9069?s=96&d=mm&r=g\",\"url\":\"https:\\\/\\\/secure.gravatar.com\\\/avatar\\\/68592660ad6347fad0fb587f8d5d8f1a7b44961362f56e4f2cd524feb87e9069?s=96&d=mm&r=g\",\"contentUrl\":\"https:\\\/\\\/secure.gravatar.com\\\/avatar\\\/68592660ad6347fad0fb587f8d5d8f1a7b44961362f56e4f2cd524feb87e9069?s=96&d=mm&r=g\",\"caption\":\"dmcsrbija.com@gmail.com\"},\"sameAs\":[\"https:\\\/\\\/dmcsrb.com\"],\"url\":\"https:\\\/\\\/dmcsrb.com\\\/en\\\/author\\\/dmcsrbija-comgmail-com\\\/\"}]}<\/script>\n<!-- \/ Yoast SEO plugin. -->","yoast_head_json":{"title":"Mandi\u0107: Prvi put pola\u017eemo vijenac na grob velikana vojske Kraljevine Crne Gore - dmcsrb.com","robots":{"index":"index","follow":"follow","max-snippet":"max-snippet:-1","max-image-preview":"max-image-preview:large","max-video-preview":"max-video-preview:-1"},"canonical":"https:\/\/dmcsrb.com\/en\/drustvo\/mandic-prvi-put-polazemo-vijenac-na-grob-ovog-velikana-vojske-kraljevine-crne-gore\/","og_locale":"en_GB","og_type":"article","og_title":"Mandi\u0107: Prvi put pola\u017eemo vijenac na grob velikana vojske Kraljevine Crne Gore - dmcsrb.com","og_description":"Predsjednik Skup\u0161tine Crne Gore Andrija Mandi\u0107 obi\u0161ao je danas kasarnu \u201eBrigadir Milo\u0161 Dragi\u0161in Medenica\u201c u Kola\u0161inu, gdje su ga do\u010dekali na\u010delnik General\u0161taba Vojske Crne Gore brigadni general Miodrag Vuksanovi\u0107, komandant kasarne poru\u010dnik Tomo Guti\u0107 i predsjednik Op\u0161tine Kola\u0161in Petko Baki\u0107.","og_url":"https:\/\/dmcsrb.com\/en\/drustvo\/mandic-prvi-put-polazemo-vijenac-na-grob-ovog-velikana-vojske-kraljevine-crne-gore\/","og_site_name":"dmcsrb.com","article_published_time":"2026-01-08T14:41:17+00:00","og_image":[{"width":640,"height":426,"url":"https:\/\/dmcsrb.com\/wp-content\/uploads\/2026\/01\/Mandic-u-Kolasinu.jpg","type":"image\/jpeg"}],"author":"dmcsrbija.com@gmail.com","twitter_card":"summary_large_image","twitter_misc":{"Written by":"dmcsrbija.com@gmail.com","Estimated reading time":"1 minute"},"schema":{"@context":"https:\/\/schema.org","@graph":[{"@type":"Article","@id":"https:\/\/dmcsrb.com\/drustvo\/mandic-prvi-put-polazemo-vijenac-na-grob-ovog-velikana-vojske-kraljevine-crne-gore\/#article","isPartOf":{"@id":"https:\/\/dmcsrb.com\/drustvo\/mandic-prvi-put-polazemo-vijenac-na-grob-ovog-velikana-vojske-kraljevine-crne-gore\/"},"author":{"name":"dmcsrbija.com@gmail.com","@id":"https:\/\/dmcsrb.com\/#\/schema\/person\/5c39170f12db1b8b457732d0b5c854e2"},"headline":"Mandi\u0107: Prvi put pola\u017eemo vijenac na grob velikana vojske Kraljevine Crne Gore","datePublished":"2026-01-08T14:41:17+00:00","mainEntityOfPage":{"@id":"https:\/\/dmcsrb.com\/drustvo\/mandic-prvi-put-polazemo-vijenac-na-grob-ovog-velikana-vojske-kraljevine-crne-gore\/"},"wordCount":236,"commentCount":0,"image":{"@id":"https:\/\/dmcsrb.com\/drustvo\/mandic-prvi-put-polazemo-vijenac-na-grob-ovog-velikana-vojske-kraljevine-crne-gore\/#primaryimage"},"thumbnailUrl":"https:\/\/dmcsrb.com\/wp-content\/uploads\/2026\/01\/Mandic-u-Kolasinu.jpg","keywords":["andrija mandi\u0107","kOLA\u0160IN","Miodrag Vuksanovi\u0107","Petko Baki\u0107"],"articleSection":["Dru\u0161tvo"],"inLanguage":"en-GB","potentialAction":[{"@type":"CommentAction","name":"Comment","target":["https:\/\/dmcsrb.com\/drustvo\/mandic-prvi-put-polazemo-vijenac-na-grob-ovog-velikana-vojske-kraljevine-crne-gore\/#respond"]}]},{"@type":"WebPage","@id":"https:\/\/dmcsrb.com\/drustvo\/mandic-prvi-put-polazemo-vijenac-na-grob-ovog-velikana-vojske-kraljevine-crne-gore\/","url":"https:\/\/dmcsrb.com\/drustvo\/mandic-prvi-put-polazemo-vijenac-na-grob-ovog-velikana-vojske-kraljevine-crne-gore\/","name":"Mandi\u0107: Prvi put pola\u017eemo vijenac na grob velikana vojske Kraljevine Crne Gore - dmcsrb.com","isPartOf":{"@id":"https:\/\/dmcsrb.com\/#website"},"primaryImageOfPage":{"@id":"https:\/\/dmcsrb.com\/drustvo\/mandic-prvi-put-polazemo-vijenac-na-grob-ovog-velikana-vojske-kraljevine-crne-gore\/#primaryimage"},"image":{"@id":"https:\/\/dmcsrb.com\/drustvo\/mandic-prvi-put-polazemo-vijenac-na-grob-ovog-velikana-vojske-kraljevine-crne-gore\/#primaryimage"},"thumbnailUrl":"https:\/\/dmcsrb.com\/wp-content\/uploads\/2026\/01\/Mandic-u-Kolasinu.jpg","datePublished":"2026-01-08T14:41:17+00:00","author":{"@id":"https:\/\/dmcsrb.com\/#\/schema\/person\/5c39170f12db1b8b457732d0b5c854e2"},"breadcrumb":{"@id":"https:\/\/dmcsrb.com\/drustvo\/mandic-prvi-put-polazemo-vijenac-na-grob-ovog-velikana-vojske-kraljevine-crne-gore\/#breadcrumb"},"inLanguage":"en-GB","potentialAction":[{"@type":"ReadAction","target":["https:\/\/dmcsrb.com\/drustvo\/mandic-prvi-put-polazemo-vijenac-na-grob-ovog-velikana-vojske-kraljevine-crne-gore\/"]}]},{"@type":"ImageObject","inLanguage":"en-GB","@id":"https:\/\/dmcsrb.com\/drustvo\/mandic-prvi-put-polazemo-vijenac-na-grob-ovog-velikana-vojske-kraljevine-crne-gore\/#primaryimage","url":"https:\/\/dmcsrb.com\/wp-content\/uploads\/2026\/01\/Mandic-u-Kolasinu.jpg","contentUrl":"https:\/\/dmcsrb.com\/wp-content\/uploads\/2026\/01\/Mandic-u-Kolasinu.jpg","width":640,"height":426,"caption":"Foto: Skup\u0161tina Crne Gore"},{"@type":"BreadcrumbList","@id":"https:\/\/dmcsrb.com\/drustvo\/mandic-prvi-put-polazemo-vijenac-na-grob-ovog-velikana-vojske-kraljevine-crne-gore\/#breadcrumb","itemListElement":[{"@type":"ListItem","position":1,"name":"Home","item":"https:\/\/dmcsrb.com\/"},{"@type":"ListItem","position":2,"name":"Mandi\u0107: Prvi put pola\u017eemo vijenac na grob velikana vojske Kraljevine Crne Gore"}]},{"@type":"WebSite","@id":"https:\/\/dmcsrb.com\/#website","url":"https:\/\/dmcsrb.com\/","name":"dmcsrb.com","description":"","potentialAction":[{"@type":"SearchAction","target":{"@type":"EntryPoint","urlTemplate":"https:\/\/dmcsrb.com\/?s={search_term_string}"},"query-input":{"@type":"PropertyValueSpecification","valueRequired":true,"valueName":"search_term_string"}}],"inLanguage":"en-GB"},{"@type":"Person","@id":"https:\/\/dmcsrb.com\/#\/schema\/person\/5c39170f12db1b8b457732d0b5c854e2","name":"dmcsrbija.com@gmail.com","image":{"@type":"ImageObject","inLanguage":"en-GB","@id":"https:\/\/secure.gravatar.com\/avatar\/68592660ad6347fad0fb587f8d5d8f1a7b44961362f56e4f2cd524feb87e9069?s=96&d=mm&r=g","url":"https:\/\/secure.gravatar.com\/avatar\/68592660ad6347fad0fb587f8d5d8f1a7b44961362f56e4f2cd524feb87e9069?s=96&d=mm&r=g","contentUrl":"https:\/\/secure.gravatar.com\/avatar\/68592660ad6347fad0fb587f8d5d8f1a7b44961362f56e4f2cd524feb87e9069?s=96&d=mm&r=g","caption":"dmcsrbija.com@gmail.com"},"sameAs":["https:\/\/dmcsrb.com"],"url":"https:\/\/dmcsrb.com\/en\/author\/dmcsrbija-comgmail-com\/"}]}},"_links":{"self":[{"href":"https:\/\/dmcsrb.com\/en\/wp-json\/wp\/v2\/posts\/906037","targetHints":{"allow":["GET"]}}],"collection":[{"href":"https:\/\/dmcsrb.com\/en\/wp-json\/wp\/v2\/posts"}],"about":[{"href":"https:\/\/dmcsrb.com\/en\/wp-json\/wp\/v2\/types\/post"}],"author":[{"embeddable":true,"href":"https:\/\/dmcsrb.com\/en\/wp-json\/wp\/v2\/users\/1"}],"replies":[{"embeddable":true,"href":"https:\/\/dmcsrb.com\/en\/wp-json\/wp\/v2\/comments?post=906037"}],"version-history":[{"count":0,"href":"https:\/\/dmcsrb.com\/en\/wp-json\/wp\/v2\/posts\/906037\/revisions"}],"wp:featuredmedia":[{"embeddable":true,"href":"https:\/\/dmcsrb.com\/en\/wp-json\/wp\/v2\/media\/906042"}],"wp:attachment":[{"href":"https:\/\/dmcsrb.com\/en\/wp-json\/wp\/v2\/media?parent=906037"}],"wp:term":[{"taxonomy":"category","embeddable":true,"href":"https:\/\/dmcsrb.com\/en\/wp-json\/wp\/v2\/categories?post=906037"},{"taxonomy":"post_tag","embeddable":true,"href":"https:\/\/dmcsrb.com\/en\/wp-json\/wp\/v2\/tags?post=906037"},{"taxonomy":"naslovna","embeddable":true,"href":"https:\/\/dmcsrb.com\/en\/wp-json\/wp\/v2\/naslovna?post=906037"}],"curies":[{"name":"wp","href":"https:\/\/api.w.org\/{rel}","templated":true}]}}