{"id":905982,"date":"2026-01-08T15:16:00","date_gmt":"2026-01-08T14:16:00","guid":{"rendered":"https:\/\/gradski.me\/?p=905982"},"modified":"2026-01-08T15:16:00","modified_gmt":"2026-01-08T14:16:00","slug":"drakic-crnogorska-privreda-u-ovu-godinu-ulazi-sa-umjerenim-optimizmom","status":"publish","type":"post","link":"https:\/\/dmcsrb.com\/en\/ekonomija\/drakic-crnogorska-privreda-u-ovu-godinu-ulazi-sa-umjerenim-optimizmom\/","title":{"rendered":"Draki\u0107: Crnogorska privreda u ovu godinu ulazi sa umjerenim optimizmom"},"content":{"rendered":"<p><\/p>\n\n\n\n<p>\u201eVe\u0107ina privrednika o\u010dekuje stabilizaciju ili blago unapre\u0111enje poslovnog ambijenta, te da \u0107e uslovi poslovanja biti na zadovoljavaju\u0107em nivou. Ipak, zna\u010dajan dio privrede zadr\u017eava rezervu, imaju\u0107i u vidu i dalje prisutne strukturne slabosti, spoljne neizvjesnosti i otvorena pitanja u pogledu brzine i dosljednosti sprovo\u0111enja reformi\u201c, kazala je Draki\u0107 u intervjuu agenciji Mina-business.<\/p>\n\n\n\n<p>Kako je navela, o\u010dekivanja su, stoga, pozitivna, ali jasno uslovljena konkretnim potezima ekonomske politike.<\/p>\n\n\n\n<p>Prema rije\u010dima Draki\u0107, klju\u010dni faktor stabilnog i odr\u017eivog rasta u narednom periodu bi\u0107e sposobnost dr\u017eave da sistemski odgovori na izazove tr\u017ei\u0161ta rada.<\/p>\n\n\n\n<p>\u201eJednako va\u017ean segment o\u010dekivanih reformi odnosi se na finansijsku i fiskalnu politiku. Privreda u ovoj godini o\u010dekuje dostupnije i raznovrsnije izvore finansiranja, posebno za mala i srednja preduze\u0107a. Operacionalizacija kreditno-garantnih mehanizama, razvoj alternativnih izvora finansiranja i poreski podsticaji za reinvestiranje dobiti u proizvodnju i inovacije predstavljaju klju\u010dne preduslove za sna\u017eniji investicioni ciklus\u201c, smatra Draki\u0107.<\/p>\n\n\n\n<p>Ona je saop\u0161tila da privreda o\u010dekuje i sna\u017eniju borbu protiv sive ekonomije kroz preventivno djelovanje inspekcija, dosljednije uklju\u010divanje privrede u proces izrade propisa, ubrzanje planske dokumentacije i razvoj infrastrukture za poslovanje i industriju.<\/p>\n\n\n\n<p>\u201ePoseban zna\u010daj ima i obezbje\u0111ivanje nefinansijske podr\u0161ke kompanijama kroz savjetodavne usluge, obuke i ja\u010danje kapaciteta za prilago\u0111avanje regulatornim i tr\u017ei\u0161nim promjenama, u \u010demu PKCG mo\u017ee dati zna\u010dajan doprinos\u201c, poru\u010dila je Draki\u0107.<\/p>\n\n\n\n<p>Digitalna transformacija i me\u0111unarodna integracija tako\u0111e se prepoznaju kao va\u017eni stubovi rasta u narednom periodu.<\/p>\n\n\n\n<p>Privreda o\u010dekuje sna\u017eniju podr\u0161ku digitalizaciji malih i srednjih preduze\u0107a, unapre\u0111enje elektronskih servisa i dalju implementaciju savremenih sistema pla\u0107anja.<\/p>\n\n\n\n<p>\u201eIstovremeno, integracija u me\u0111unarodne lance vrijednosti, razvoj proizvoda sa ve\u0107om dodatom vrijedno\u0161\u0107u i pametna specijalizacija predstavljaju klju\u010dne prilike za dugoro\u010dno ja\u010danje konkurentnosti crnogorske ekonomije\u201c, rekla je Draki\u0107.<\/p>\n\n\n\n<p>Draki\u0107 je kazala da bez jasnog strate\u0161kog opredjeljenja ka razvoju proizvodnje i realnog sektora, nije mogu\u0107e obezbijediti odr\u017eiv rast.<\/p>\n\n\n\n<p>\u201ePodr\u0161ka industriji, inovacijama, energetskoj stabilnosti i zelenoj tranziciji mora biti sna\u017enija, ciljanija i dugoro\u010dnija. Samo kroz dosljednu podr\u0161ku proizvodnji, izvozu i tehnolo\u0161kom razvoju mogu\u0107e je o\u010dekivati rast zaposlenosti, ja\u010danje konkurentnosti i stabilan ekonomski napredak u ovoj i godinama koje slijede\u201c, naglasila je Draki\u0107.<\/p>\n\n\n\n<p>Govore\u0107i o kretanjima privrede u pro\u0161loj godini, Draki\u0107 je saop\u0161tila da je Crna Gora, sa stopom rasta od oko tri odsto, i dalje me\u0111u br\u017ee rastu\u0107im ekonomijama u evropskim okvirima, posebno u pore\u0111enju sa zemljama EU koje stagniraju ili bilje\u017ee minimalni rast.<\/p>\n\n\n\n<p>\u201eO\u010duvana makroekonomska i fiskalna stabilnost, uz u\u010de\u0161\u0107e javnog duga unutar odr\u017eivih okvira, dodatno potvr\u0111uje otpornost ekonomije, dok je finansijski sektor ostao stabilan i likvidan, sa nastavljenom kreditnom aktivno\u0161\u0107u prema privredi, \u010dak i u uslovima restriktivne monetarne politike EU\u201c, rekla je Draki\u0107.<\/p>\n\n\n\n<p>Tr\u017ei\u0161te rada nastavlja da bilje\u017ei pozitivne trendove. Rast zaposlenosti i zarada, te dalji pad nezaposlenosti, doprinijeli su pove\u0107anju potro\u0161nje i ukupne ekonomske aktivnosti, istovremeno doprinose\u0107i daljoj formalizaciji tr\u017ei\u0161ta rada.<\/p>\n\n\n\n<p>Ona smatra da je posebno ohrabruju\u0107i podatak o rastu prihoda od turizma u tre\u0107em kvartalu, nakon izazovne 2024. godine i prva dva pro\u0161logodi\u0161nja kvartala, \u0161to je imalo pozitivne efekte na unutra\u0161nju trgovinu i rast u vazdu\u0161nom saobra\u0107aju, uz rekordni broj prevezenih putnika.<\/p>\n\n\n\n<p>\u201eOvi rezultati potvr\u0111uju otpornost privrede na globalne i regionalne turbulencije i njenu sposobnost da zadr\u017ei stabilan rast u izazovnim okolnostima\u201c, dodala je Draki\u0107.<\/p>\n\n\n\n<p>Ipak, kako smatra, u godini za nama zadr\u017eale su se zna\u010dajne strukturne slabosti.<\/p>\n\n\n\n<p>\u201eAnaliza BDP-a ukazuje na dalji pad u\u010de\u0161\u0107a proizvodnih djelatnosti dok istovremeno raste dominacija uslu\u017enih sektora. Takav model rasta, koji se gotovo u potpunosti oslanja na potro\u0161nju i fiskalne efekte uvoza, ne doprinosi dugoro\u010dnoj otpornosti ekonomije i ograni\u010dava potencijal za ja\u010danje doma\u0107e proizvodnje\u201c, rekla je Draki\u0107.<\/p>\n\n\n\n<p>Dodatno zabrinjava visoka uvozna zavisnost, posebno u sektoru hrane, kao i nizak nivo pokrivenosti uvoza izvozom, koji je u prvih deset mjeseci pro\u0161le godine pao na istorijski minimum.<\/p>\n\n\n\n<p>\u201eOvo ukazuje na nedovoljnu konkurentnost doma\u0107e proizvodnje i njenu ograni\u010denu sposobnost da zadovolji doma\u0107e i me\u0111unarodno tr\u017ei\u0161te. Dodatno, inflatorni pritisci ostaju visoki, uprkos globalnom usporavanju cijena, \u0161to je rezultat kombinacije uvoznih i unutra\u0161njih faktora, uklju\u010duju\u0107i strukturne slabosti doma\u0107e proizvodnje\u201c, navela je Draki\u0107.<\/p>\n\n\n\n<p>Stoga, prioriteti za naredni period ostaju jasni \u2013 sna\u017enija podr\u0161ka proizvodnim djelatnostima, ja\u010danje doma\u0107e konkurentnosti, smanjenje uvozne zavisnosti i stvaranje odr\u017eivog i otpornog modela rasta.<\/p>\n\n\n\n<p>Draki\u0107 je saop\u0161tila da analiza sektorskih kretanja u pro\u0161loj godini ukazuje na jasno diferencirane performanse privrede, pri \u010demu su neki sektori pokazali zna\u010dajnu otpornost i potencijal rasta, dok drugi ostaju ranjivi i zahtijevaju sna\u017enu institucionalnu podr\u0161ku.<\/p>\n\n\n\n<p>Me\u0111u sektorima koji su u pro\u0161loj godini pokazali najve\u0107u otpornost izdvajaju se trgovina, promet nekretninama, finansijski sektor i drugi uslu\u017eni sektori koji se oslanjaju na doma\u0107u i li\u010dnu potro\u0161nju.<\/p>\n\n\n\n<p>\u201eTrgovina bilje\u017ei rast prometa i prihoda u odnosu na prethodnu godinu, uz stabilnu investicionu aktivnost i pozitivan efekat na zaposlenost. Promet nekretninama i finansijski sektor bilje\u017ee poja\u010danu aktivnost, podstaknutu rastom potro\u0161nje, prisustvom stranih rezidenata i pove\u0107anom tra\u017enjom za finansijskim i prate\u0107im uslugama. Turizam, kao klju\u010dni oslonac crnogorske ekonomije, preokrenuo je negativni trend iz prethodne godine potvr\u0111uju\u0107i otpornost sektora\u201c, istakla je Draki\u0107.<\/p>\n\n\n\n<p>Sektor proizvodnje hrane nije pokazao istu mjeru otpornosti kao navedeni uslu\u017eni sektori. Njegov razvoj i dalje je ograni\u010den strukturnim izazovima \u2013 visokim lokalnim i dr\u017eavnim nametima, nedovoljnim obimom doma\u0107e proizvodnje, slabijom konkurentno\u0161\u0107u u odnosu na uvoz i ote\u017eanim pristupom finansiranju.<\/p>\n\n\n\n<p>\u201eUprkos tome, rije\u010d je o sektoru sa zna\u010dajnim potencijalom, posebno u kontekstu ja\u010danja prehrambene sigurnosti, turizma i regionalnog plasmana\u201c, dodala je Draki\u0107.<\/p>\n\n\n\n<p>S druge strane, industrijski sektori, posebno metalurgija, metaloprera\u0111iva\u010dka industrija i energetski sektor, ostaju najranjiviji. Industrijska proizvodnja je smanjena, uz izra\u017een pad u sektoru snabdijevanja elektri\u010dnom energijom prvenstveno zbog ekolo\u0161ke rekonstrukcije Termoelektrane (TE) Pljevlja i nepovoljnih hidrolo\u0161kih prilika.<\/p>\n\n\n\n<p>\u201eMetalurgija i metaloprera\u0111iva\u010dka industrija nastavile su da funkcioni\u0161u u okvirima dugotrajnog zastoja. Sektor je dodatno optere\u0107en nedostatkom kvalifikovane radne snage i slabom povezano\u0161\u0107u obrazovnog sistema sa potrebama industrije, dok institucionalni okvir ne pru\u017ea dovoljnu podr\u0161ku, koordinaciju i finansijske mehanizme\u201c, kazala je Draki\u0107.<\/p>\n\n\n\n<p>Ona smatra da oporavak i odr\u017eivi rast ovih ranjivih sektora zahtijevaju odlu\u010dne institucionalne mjere \u2013 ja\u010danje industrijske politike, podsticaje za modernizaciju i inovacije, pobolj\u0161anje energetske efikasnosti, razvoj kadrovskih kapaciteta i olak\u0161ice u finansiranju.<\/p>\n\n\n\n<p>\u201eSamo kroz takav sveobuhvatan pristup mogu\u0107e je pove\u0107ati konkurentnost doma\u0107e proizvodnje, smanjiti uvoznu zavisnost i stvoriti odr\u017eiv izvozni potencijal, \u010dime bi se obezbijedila dugoro\u010dna otpornost crnogorske privrede\u201c, saop\u0161tila je Draki\u0107.<\/p>\n\n\n\n<p>Prema njenim rije\u010dima, protekla godina je za crnogorske privrednike bila obilje\u017eena nizom dugotrajnih izazova, koji su zna\u010dajno uticali na poslovanje i planove rasta.<\/p>\n\n\n\n<p>Na osnovu ankete koju je PKCG realizovala tokom marta, poslovna zajednica je jasno identifikovala sivu ekonomiju i nelojalnu konkurenciju i dalje kao najozbiljnije prepreke.<\/p>\n\n\n\n<p>\u201eIako postoje odre\u0111ene mjere za suzbijanje neformalne ekonomije, one se i dalje ne percipiraju kao dovoljno efikasne od strane formalnog sektora, \u0161to direktno uti\u010de na konkurentnost i stabilnost privrednih subjekata\u201c, rekla je Draki\u0107.<\/p>\n\n\n\n<p>Drugi klju\u010dni izazov je nedostatak kvalifikovane radne snage, koji je dodatno poja\u010dan migracijom kadrova i neuskla\u0111eno\u0161\u0107u obrazovnog sistema sa potrebama tr\u017ei\u0161ta.<\/p>\n\n\n\n<p>Ograni\u010dena dostupnost radne snage sa adekvatnim znanjima i vje\u0161tinama direktno uti\u010de na produktivnost, inovacije i sposobnost kompanija da odgovore na tr\u017ei\u0161ne zahtjeve.<\/p>\n\n\n\n<p>\u201eSve izvjesnije pridru\u017eivanje EU moglo bi dodatno produbiti ovaj problem, jer \u0107e rast standarda i prilago\u0111avanje regulativi pove\u0107ati potra\u017enju za kvalifikovanim kadrom, \u0161to doma\u0107e tr\u017ei\u0161te rada trenutno te\u0161ko mo\u017ee zadovoljiti\u201c, upozorila je Draki\u0107.<\/p>\n\n\n\n<p>Visoki fiskalni i parafiskalni nameti i dalje ostaju me\u0111u vode\u0107im barijerama poslovanja, iako su zabilje\u017eena pobolj\u0161anja u pojedinim oblastima. S druge strane, sve izra\u017eeniji postaje problem neadekvatnih zakonskih rje\u0161enja i njihove nedosljedne primjene, \u0161to je po prvi put u\u0161lo me\u0111u pet naj\u010de\u0161\u0107e identifikovanih prepreka.<\/p>\n\n\n\n<p>Draki\u0107 je saop\u0161tila da prethodna iskustva pokazuju da su sistemska rje\u0161enja, iako djelimi\u010dno prisutna, i dalje nedovoljna da odgovore na slo\u017eene izazove poslovanja.<\/p>\n\n\n\n<p>Kontinuitet u izra\u017eenim barijerama potvr\u0111uje da, uprkos pojedina\u010dnim pobolj\u0161anjima u odre\u0111enim oblastima, inflacija, visoki tro\u0161kovi poslovanja, nedostatak radne snage i regulatorna neefikasnost i dalje sna\u017eno optere\u0107uju privredu i ograni\u010davaju njen razvojni potencijal.<\/p>\n\n\n\n<p>\u201ePKCG stoga isti\u010de potrebu za sveobuhvatnijim i koordiniranim institucionalnim pristupom, koji bi uklju\u010divao dalje smanjenje fiskalnog optere\u0107enja, pobolj\u0161anje pravne sigurnosti, unapre\u0111enje administrativnih procedura i razvoj ljudskih resursa kao temelja za odr\u017eiv rast\u201c, naglasila je Draki\u0107.<\/p>\n\n\n\n<p>Na pitanje kako ocjenjuje odnos dr\u017eave i privrede u pro\u0161loj godini, Draki\u0107 je odgovorila da se on mo\u017ee ocijeniti kao funkcionalan i uglavnom konstruktivan, ali u odre\u0111enim segmentima reaktivan.<\/p>\n\n\n\n<p>Dijalog je bio prisutan i institucionalno uspostavljen kroz radne grupe, javne rasprave i kontakte sa resornim ministarstvima.<\/p>\n\n\n\n<p>\u201eCrnogorska privreda nema nerealna o\u010dekivanja da se svi sistemski izazovi mogu rije\u0161iti brzo i jednostavno. Ono \u0161to se, me\u0111utim, s pravom o\u010dekuje jeste da se izazovi sagledavaju realno, da se poruke privrede pa\u017eljivo razmatraju i da se, kroz otvorenu saradnju, gradi jasan razvojni pravac i stabilan regulatorni okvir, u cilju ja\u010danja konkurentnosti i diversifikacije crnogorske ekonomije\u201c, rekla je Draki\u0107.<\/p>\n\n\n\n<p>Iako je dijalog bio kontinuiran, Draki\u0107 smatra sa postoji prostor da on bude intenzivniji, sadr\u017eajniji i sistemati\u010dniji, posebno kada je rije\u010d o ranom uklju\u010divanju privrede u proces kreiranja propisa.<\/p>\n\n\n\n<p>U odre\u0111enim oblastima saradnja je rezultirala konkretnim pomacima, dok su u drugim segmentima potrebni dodatni napori kako bi se preporuke privrede dosljednije i br\u017ee preto\u010dile u prakti\u010dna rje\u0161enja.<\/p>\n\n\n\n<p>\u201eGodina za nama pokazala je da postoji prostor i jasna osnova za dalje ja\u010danje partnerstva dr\u017eave i privrede. Uz unapre\u0111enje kvaliteta dijaloga i njegovo dosljednije pretvaranje u konkretne politike i odluke, mogu se stvoriti stabilni uslovi za odr\u017eiv ekonomski rast i ja\u010danje konkurentnosti crnogorske privrede\u201c, navela je Draki\u0107.<\/p>\n\n\n\n<p>Na pitanje koliko su evropske integracije i uskla\u0111ivanje sa EU standardima uticale na poslovni ambijent, Draki\u0107 je odgovorila da evropske integracije i uskla\u0111ivanje sa standardima EU imaju slo\u017een, ali su\u0161tinski pozitivan uticaj na poslovni ambijent u Crnoj Gori.<\/p>\n\n\n\n<p>\u201eHarmonizacija propisa sa pravnom tekovinom EU doprinosi stvaranju stabilnijeg, transparentnijeg i predvidljivijeg regulatornog okvira, ja\u010danju pravne sigurnosti, unapre\u0111enju tr\u017ei\u0161ne konkurencije i ve\u0107em povjerenju doma\u0107ih i stranih investitora. U tom smislu, proces evropskih integracija otvara crnogorskim kompanijama pristup jedinstvenom tr\u017ei\u0161tu EU, mogu\u0107nost uklju\u010divanja u evropske lance vrijednosti, kao i kori\u0161\u0107enje pretpristupnih fondova i programa podr\u0161ke koji mogu zna\u010dajno doprinijeti modernizaciji proizvodnje, digitalnoj transformaciji i razvoju ljudskih resursa\u201c, poru\u010dila je Draki\u0107.<\/p>\n\n\n\n<p>Istovremeno, uskla\u0111ivanje sa EU standardima nosi i zna\u010dajne izazove, naro\u010dito za mala i srednja preduze\u0107a.<\/p>\n\n\n\n<p>Prema rije\u010dima Draki\u0107, uvo\u0111enje novih tehni\u010dkih, ekolo\u0161kih, administrativnih i digitalnih zahtjeva \u010desto podrazumijeva dodatne tro\u0161kove, potrebu za sertifikacijom, ulaganja u opremu i obuku zaposlenih, kao i prilago\u0111avanje poslovnih procesa.<\/p>\n\n\n\n<p>\u201ePove\u0107ana konkurencija sa tr\u017ei\u0161ta EU dodatno poja\u010dava pritisak na doma\u0107e kompanije, posebno one koje posluju prete\u017eno na lokalnom tr\u017ei\u0161tu i imaju ograni\u010dene finansijske i kadrovske kapacitete. Evropske integracije treba posmatrati kao proces koji zahtijeva pa\u017eljivo planiranje, fazno uvo\u0111enje standarda i sna\u017enu institucionalnu podr\u0161ku privredi\u201c, smatra Draki\u0107.<\/p>\n\n\n\n<p>Na pitanje koja bi bila njena poruka privrednicima, ali i mladima koji tek ulaze u svijet biznisa, Draki\u0107 je odgovorila da je po\u010detak nove godine prilika da se poru\u010di da razvoj crnogorske ekonomije zavisi od hrabrosti da se mijenja, ali i odgovornosti u dono\u0161enju odluka.<\/p>\n\n\n\n<p>\u201cPrivrednici treba da nastave da ula\u017eu u unapre\u0111enje produktivnosti, inovacije i kvalitet, jer se dugoro\u010dna konkurentnost ne gradi kratkoro\u010dnim rje\u0161enjima, ve\u0107 stabilnim i odr\u017eivim poslovnim modelima. U uslovima globalne neizvjesnosti, klju\u010dne vrijednosti postaju prilagodljivost, saradnja i strate\u0161ko razmi\u0161ljanje\u201d, poru\u010dila je Draki\u0107.<\/p>\n\n\n\n<p>Mladima koji tek ulaze u svijet biznisa poru\u010dila je da ne \u010dekaju idealne uslove, ve\u0107 da koriste znanje, tehnologije i podr\u0161ku koja im je dostupna.<\/p>\n\n\n\n<p>Preduzetni\u0161tvo, kako je istakla, nosi rizik, ali i veliku priliku za li\u010dni i dru\u0161tveni napredak.<\/p>\n\n\n\n<p>\u201cUpornost, spremnost na u\u010denje i otvorenost ka novim idejama danas su jednako va\u017ene kao i dobra poslovna ideja. Mladi ljudi, kroz inovativne i odgovorne biznise, mogu dati sna\u017ean doprinos modernizaciji ekonomije i stvaranju odr\u017eivih radnih mjesta u Crnoj Gori\u201d, zaklju\u010dila je Draki\u0107.<\/p>","protected":false},"excerpt":{"rendered":"<p>Crnogorska privreda u ovu godinu ulazi sa umjerenim optimizmom, uz dozu opreza, \u0161to potvr\u0111uju i nalazi istra\u017eivanja koje je realizovala Privredna komora (PKCG), saop\u0161tila je njena predsjednica,\u00a0Nina Draki\u0107.<\/p>","protected":false},"author":1,"featured_media":905983,"comment_status":"open","ping_status":"open","sticky":false,"template":"","format":"standard","meta":{"_acf_changed":false,"footnotes":""},"categories":[27],"tags":[5591,4630,6005],"naslovna":[5435],"class_list":["post-905982","post","type-post","status-publish","format-standard","has-post-thumbnail","hentry","category-ekonomija","tag-crnogorska-privreda","tag-nina-drakic","tag-umjereni-optimizam"],"acf":[],"yoast_head":"<!-- This site is optimized with the Yoast SEO plugin v27.4 - https:\/\/yoast.com\/product\/yoast-seo-wordpress\/ -->\n<title>Draki\u0107: Crnogorska privreda u ovu godinu ulazi sa umjerenim optimizmom - dmcsrb.com<\/title>\n<meta name=\"robots\" content=\"index, follow, max-snippet:-1, max-image-preview:large, max-video-preview:-1\" \/>\n<link rel=\"canonical\" href=\"https:\/\/dmcsrb.com\/en\/ekonomija\/drakic-crnogorska-privreda-u-ovu-godinu-ulazi-sa-umjerenim-optimizmom\/\" \/>\n<meta property=\"og:locale\" content=\"en_GB\" \/>\n<meta property=\"og:type\" content=\"article\" \/>\n<meta property=\"og:title\" content=\"Draki\u0107: Crnogorska privreda u ovu godinu ulazi sa umjerenim optimizmom - dmcsrb.com\" \/>\n<meta property=\"og:description\" content=\"Crnogorska privreda u ovu godinu ulazi sa umjerenim optimizmom, uz dozu opreza, \u0161to potvr\u0111uju i nalazi istra\u017eivanja koje je realizovala Privredna komora (PKCG), saop\u0161tila je njena predsjednica,\u00a0Nina Draki\u0107.\" \/>\n<meta property=\"og:url\" content=\"https:\/\/dmcsrb.com\/en\/ekonomija\/drakic-crnogorska-privreda-u-ovu-godinu-ulazi-sa-umjerenim-optimizmom\/\" \/>\n<meta property=\"og:site_name\" content=\"dmcsrb.com\" \/>\n<meta property=\"article:published_time\" content=\"2026-01-08T14:16:00+00:00\" \/>\n<meta property=\"og:image\" content=\"https:\/\/dmcsrb.com\/wp-content\/uploads\/2026\/01\/nina-drakic-3-1320x733-1.jpg\" \/>\n\t<meta property=\"og:image:width\" content=\"1320\" \/>\n\t<meta property=\"og:image:height\" content=\"733\" \/>\n\t<meta property=\"og:image:type\" content=\"image\/jpeg\" \/>\n<meta name=\"author\" content=\"dmcsrbija.com@gmail.com\" \/>\n<meta name=\"twitter:card\" content=\"summary_large_image\" \/>\n<meta name=\"twitter:label1\" content=\"Written by\" \/>\n\t<meta name=\"twitter:data1\" content=\"dmcsrbija.com@gmail.com\" \/>\n\t<meta name=\"twitter:label2\" content=\"Estimated reading time\" \/>\n\t<meta name=\"twitter:data2\" content=\"11 minutes\" \/>\n<script type=\"application\/ld+json\" class=\"yoast-schema-graph\">{\"@context\":\"https:\\\/\\\/schema.org\",\"@graph\":[{\"@type\":\"Article\",\"@id\":\"https:\\\/\\\/dmcsrb.com\\\/ekonomija\\\/drakic-crnogorska-privreda-u-ovu-godinu-ulazi-sa-umjerenim-optimizmom\\\/#article\",\"isPartOf\":{\"@id\":\"https:\\\/\\\/dmcsrb.com\\\/ekonomija\\\/drakic-crnogorska-privreda-u-ovu-godinu-ulazi-sa-umjerenim-optimizmom\\\/\"},\"author\":{\"name\":\"dmcsrbija.com@gmail.com\",\"@id\":\"https:\\\/\\\/dmcsrb.com\\\/#\\\/schema\\\/person\\\/5c39170f12db1b8b457732d0b5c854e2\"},\"headline\":\"Draki\u0107: Crnogorska privreda u ovu godinu ulazi sa umjerenim optimizmom\",\"datePublished\":\"2026-01-08T14:16:00+00:00\",\"mainEntityOfPage\":{\"@id\":\"https:\\\/\\\/dmcsrb.com\\\/ekonomija\\\/drakic-crnogorska-privreda-u-ovu-godinu-ulazi-sa-umjerenim-optimizmom\\\/\"},\"wordCount\":2172,\"commentCount\":0,\"image\":{\"@id\":\"https:\\\/\\\/dmcsrb.com\\\/ekonomija\\\/drakic-crnogorska-privreda-u-ovu-godinu-ulazi-sa-umjerenim-optimizmom\\\/#primaryimage\"},\"thumbnailUrl\":\"https:\\\/\\\/dmcsrb.com\\\/wp-content\\\/uploads\\\/2026\\\/01\\\/nina-drakic-3-1320x733-1.jpg\",\"keywords\":[\"Crnogorska privreda\",\"Nina Draki\u0107\",\"Umjereni optimizam\"],\"articleSection\":[\"Ekonomija\"],\"inLanguage\":\"en-GB\",\"potentialAction\":[{\"@type\":\"CommentAction\",\"name\":\"Comment\",\"target\":[\"https:\\\/\\\/dmcsrb.com\\\/ekonomija\\\/drakic-crnogorska-privreda-u-ovu-godinu-ulazi-sa-umjerenim-optimizmom\\\/#respond\"]}]},{\"@type\":\"WebPage\",\"@id\":\"https:\\\/\\\/dmcsrb.com\\\/ekonomija\\\/drakic-crnogorska-privreda-u-ovu-godinu-ulazi-sa-umjerenim-optimizmom\\\/\",\"url\":\"https:\\\/\\\/dmcsrb.com\\\/ekonomija\\\/drakic-crnogorska-privreda-u-ovu-godinu-ulazi-sa-umjerenim-optimizmom\\\/\",\"name\":\"Draki\u0107: Crnogorska privreda u ovu godinu ulazi sa umjerenim optimizmom - dmcsrb.com\",\"isPartOf\":{\"@id\":\"https:\\\/\\\/dmcsrb.com\\\/#website\"},\"primaryImageOfPage\":{\"@id\":\"https:\\\/\\\/dmcsrb.com\\\/ekonomija\\\/drakic-crnogorska-privreda-u-ovu-godinu-ulazi-sa-umjerenim-optimizmom\\\/#primaryimage\"},\"image\":{\"@id\":\"https:\\\/\\\/dmcsrb.com\\\/ekonomija\\\/drakic-crnogorska-privreda-u-ovu-godinu-ulazi-sa-umjerenim-optimizmom\\\/#primaryimage\"},\"thumbnailUrl\":\"https:\\\/\\\/dmcsrb.com\\\/wp-content\\\/uploads\\\/2026\\\/01\\\/nina-drakic-3-1320x733-1.jpg\",\"datePublished\":\"2026-01-08T14:16:00+00:00\",\"author\":{\"@id\":\"https:\\\/\\\/dmcsrb.com\\\/#\\\/schema\\\/person\\\/5c39170f12db1b8b457732d0b5c854e2\"},\"breadcrumb\":{\"@id\":\"https:\\\/\\\/dmcsrb.com\\\/ekonomija\\\/drakic-crnogorska-privreda-u-ovu-godinu-ulazi-sa-umjerenim-optimizmom\\\/#breadcrumb\"},\"inLanguage\":\"en-GB\",\"potentialAction\":[{\"@type\":\"ReadAction\",\"target\":[\"https:\\\/\\\/dmcsrb.com\\\/ekonomija\\\/drakic-crnogorska-privreda-u-ovu-godinu-ulazi-sa-umjerenim-optimizmom\\\/\"]}]},{\"@type\":\"ImageObject\",\"inLanguage\":\"en-GB\",\"@id\":\"https:\\\/\\\/dmcsrb.com\\\/ekonomija\\\/drakic-crnogorska-privreda-u-ovu-godinu-ulazi-sa-umjerenim-optimizmom\\\/#primaryimage\",\"url\":\"https:\\\/\\\/dmcsrb.com\\\/wp-content\\\/uploads\\\/2026\\\/01\\\/nina-drakic-3-1320x733-1.jpg\",\"contentUrl\":\"https:\\\/\\\/dmcsrb.com\\\/wp-content\\\/uploads\\\/2026\\\/01\\\/nina-drakic-3-1320x733-1.jpg\",\"width\":1320,\"height\":733,\"caption\":\"Draki\u0107, foto: PKCG\"},{\"@type\":\"BreadcrumbList\",\"@id\":\"https:\\\/\\\/dmcsrb.com\\\/ekonomija\\\/drakic-crnogorska-privreda-u-ovu-godinu-ulazi-sa-umjerenim-optimizmom\\\/#breadcrumb\",\"itemListElement\":[{\"@type\":\"ListItem\",\"position\":1,\"name\":\"Home\",\"item\":\"https:\\\/\\\/dmcsrb.com\\\/\"},{\"@type\":\"ListItem\",\"position\":2,\"name\":\"Draki\u0107: Crnogorska privreda u ovu godinu ulazi sa umjerenim optimizmom\"}]},{\"@type\":\"WebSite\",\"@id\":\"https:\\\/\\\/dmcsrb.com\\\/#website\",\"url\":\"https:\\\/\\\/dmcsrb.com\\\/\",\"name\":\"dmcsrb.com\",\"description\":\"\",\"potentialAction\":[{\"@type\":\"SearchAction\",\"target\":{\"@type\":\"EntryPoint\",\"urlTemplate\":\"https:\\\/\\\/dmcsrb.com\\\/?s={search_term_string}\"},\"query-input\":{\"@type\":\"PropertyValueSpecification\",\"valueRequired\":true,\"valueName\":\"search_term_string\"}}],\"inLanguage\":\"en-GB\"},{\"@type\":\"Person\",\"@id\":\"https:\\\/\\\/dmcsrb.com\\\/#\\\/schema\\\/person\\\/5c39170f12db1b8b457732d0b5c854e2\",\"name\":\"dmcsrbija.com@gmail.com\",\"image\":{\"@type\":\"ImageObject\",\"inLanguage\":\"en-GB\",\"@id\":\"https:\\\/\\\/secure.gravatar.com\\\/avatar\\\/68592660ad6347fad0fb587f8d5d8f1a7b44961362f56e4f2cd524feb87e9069?s=96&d=mm&r=g\",\"url\":\"https:\\\/\\\/secure.gravatar.com\\\/avatar\\\/68592660ad6347fad0fb587f8d5d8f1a7b44961362f56e4f2cd524feb87e9069?s=96&d=mm&r=g\",\"contentUrl\":\"https:\\\/\\\/secure.gravatar.com\\\/avatar\\\/68592660ad6347fad0fb587f8d5d8f1a7b44961362f56e4f2cd524feb87e9069?s=96&d=mm&r=g\",\"caption\":\"dmcsrbija.com@gmail.com\"},\"sameAs\":[\"https:\\\/\\\/dmcsrb.com\"],\"url\":\"https:\\\/\\\/dmcsrb.com\\\/en\\\/author\\\/dmcsrbija-comgmail-com\\\/\"}]}<\/script>\n<!-- \/ Yoast SEO plugin. -->","yoast_head_json":{"title":"Draki\u0107: Crnogorska privreda u ovu godinu ulazi sa umjerenim optimizmom - dmcsrb.com","robots":{"index":"index","follow":"follow","max-snippet":"max-snippet:-1","max-image-preview":"max-image-preview:large","max-video-preview":"max-video-preview:-1"},"canonical":"https:\/\/dmcsrb.com\/en\/ekonomija\/drakic-crnogorska-privreda-u-ovu-godinu-ulazi-sa-umjerenim-optimizmom\/","og_locale":"en_GB","og_type":"article","og_title":"Draki\u0107: Crnogorska privreda u ovu godinu ulazi sa umjerenim optimizmom - dmcsrb.com","og_description":"Crnogorska privreda u ovu godinu ulazi sa umjerenim optimizmom, uz dozu opreza, \u0161to potvr\u0111uju i nalazi istra\u017eivanja koje je realizovala Privredna komora (PKCG), saop\u0161tila je njena predsjednica,\u00a0Nina Draki\u0107.","og_url":"https:\/\/dmcsrb.com\/en\/ekonomija\/drakic-crnogorska-privreda-u-ovu-godinu-ulazi-sa-umjerenim-optimizmom\/","og_site_name":"dmcsrb.com","article_published_time":"2026-01-08T14:16:00+00:00","og_image":[{"width":1320,"height":733,"url":"https:\/\/dmcsrb.com\/wp-content\/uploads\/2026\/01\/nina-drakic-3-1320x733-1.jpg","type":"image\/jpeg"}],"author":"dmcsrbija.com@gmail.com","twitter_card":"summary_large_image","twitter_misc":{"Written by":"dmcsrbija.com@gmail.com","Estimated reading time":"11 minutes"},"schema":{"@context":"https:\/\/schema.org","@graph":[{"@type":"Article","@id":"https:\/\/dmcsrb.com\/ekonomija\/drakic-crnogorska-privreda-u-ovu-godinu-ulazi-sa-umjerenim-optimizmom\/#article","isPartOf":{"@id":"https:\/\/dmcsrb.com\/ekonomija\/drakic-crnogorska-privreda-u-ovu-godinu-ulazi-sa-umjerenim-optimizmom\/"},"author":{"name":"dmcsrbija.com@gmail.com","@id":"https:\/\/dmcsrb.com\/#\/schema\/person\/5c39170f12db1b8b457732d0b5c854e2"},"headline":"Draki\u0107: Crnogorska privreda u ovu godinu ulazi sa umjerenim optimizmom","datePublished":"2026-01-08T14:16:00+00:00","mainEntityOfPage":{"@id":"https:\/\/dmcsrb.com\/ekonomija\/drakic-crnogorska-privreda-u-ovu-godinu-ulazi-sa-umjerenim-optimizmom\/"},"wordCount":2172,"commentCount":0,"image":{"@id":"https:\/\/dmcsrb.com\/ekonomija\/drakic-crnogorska-privreda-u-ovu-godinu-ulazi-sa-umjerenim-optimizmom\/#primaryimage"},"thumbnailUrl":"https:\/\/dmcsrb.com\/wp-content\/uploads\/2026\/01\/nina-drakic-3-1320x733-1.jpg","keywords":["Crnogorska privreda","Nina Draki\u0107","Umjereni optimizam"],"articleSection":["Ekonomija"],"inLanguage":"en-GB","potentialAction":[{"@type":"CommentAction","name":"Comment","target":["https:\/\/dmcsrb.com\/ekonomija\/drakic-crnogorska-privreda-u-ovu-godinu-ulazi-sa-umjerenim-optimizmom\/#respond"]}]},{"@type":"WebPage","@id":"https:\/\/dmcsrb.com\/ekonomija\/drakic-crnogorska-privreda-u-ovu-godinu-ulazi-sa-umjerenim-optimizmom\/","url":"https:\/\/dmcsrb.com\/ekonomija\/drakic-crnogorska-privreda-u-ovu-godinu-ulazi-sa-umjerenim-optimizmom\/","name":"Draki\u0107: Crnogorska privreda u ovu godinu ulazi sa umjerenim optimizmom - dmcsrb.com","isPartOf":{"@id":"https:\/\/dmcsrb.com\/#website"},"primaryImageOfPage":{"@id":"https:\/\/dmcsrb.com\/ekonomija\/drakic-crnogorska-privreda-u-ovu-godinu-ulazi-sa-umjerenim-optimizmom\/#primaryimage"},"image":{"@id":"https:\/\/dmcsrb.com\/ekonomija\/drakic-crnogorska-privreda-u-ovu-godinu-ulazi-sa-umjerenim-optimizmom\/#primaryimage"},"thumbnailUrl":"https:\/\/dmcsrb.com\/wp-content\/uploads\/2026\/01\/nina-drakic-3-1320x733-1.jpg","datePublished":"2026-01-08T14:16:00+00:00","author":{"@id":"https:\/\/dmcsrb.com\/#\/schema\/person\/5c39170f12db1b8b457732d0b5c854e2"},"breadcrumb":{"@id":"https:\/\/dmcsrb.com\/ekonomija\/drakic-crnogorska-privreda-u-ovu-godinu-ulazi-sa-umjerenim-optimizmom\/#breadcrumb"},"inLanguage":"en-GB","potentialAction":[{"@type":"ReadAction","target":["https:\/\/dmcsrb.com\/ekonomija\/drakic-crnogorska-privreda-u-ovu-godinu-ulazi-sa-umjerenim-optimizmom\/"]}]},{"@type":"ImageObject","inLanguage":"en-GB","@id":"https:\/\/dmcsrb.com\/ekonomija\/drakic-crnogorska-privreda-u-ovu-godinu-ulazi-sa-umjerenim-optimizmom\/#primaryimage","url":"https:\/\/dmcsrb.com\/wp-content\/uploads\/2026\/01\/nina-drakic-3-1320x733-1.jpg","contentUrl":"https:\/\/dmcsrb.com\/wp-content\/uploads\/2026\/01\/nina-drakic-3-1320x733-1.jpg","width":1320,"height":733,"caption":"Draki\u0107, foto: PKCG"},{"@type":"BreadcrumbList","@id":"https:\/\/dmcsrb.com\/ekonomija\/drakic-crnogorska-privreda-u-ovu-godinu-ulazi-sa-umjerenim-optimizmom\/#breadcrumb","itemListElement":[{"@type":"ListItem","position":1,"name":"Home","item":"https:\/\/dmcsrb.com\/"},{"@type":"ListItem","position":2,"name":"Draki\u0107: Crnogorska privreda u ovu godinu ulazi sa umjerenim optimizmom"}]},{"@type":"WebSite","@id":"https:\/\/dmcsrb.com\/#website","url":"https:\/\/dmcsrb.com\/","name":"dmcsrb.com","description":"","potentialAction":[{"@type":"SearchAction","target":{"@type":"EntryPoint","urlTemplate":"https:\/\/dmcsrb.com\/?s={search_term_string}"},"query-input":{"@type":"PropertyValueSpecification","valueRequired":true,"valueName":"search_term_string"}}],"inLanguage":"en-GB"},{"@type":"Person","@id":"https:\/\/dmcsrb.com\/#\/schema\/person\/5c39170f12db1b8b457732d0b5c854e2","name":"dmcsrbija.com@gmail.com","image":{"@type":"ImageObject","inLanguage":"en-GB","@id":"https:\/\/secure.gravatar.com\/avatar\/68592660ad6347fad0fb587f8d5d8f1a7b44961362f56e4f2cd524feb87e9069?s=96&d=mm&r=g","url":"https:\/\/secure.gravatar.com\/avatar\/68592660ad6347fad0fb587f8d5d8f1a7b44961362f56e4f2cd524feb87e9069?s=96&d=mm&r=g","contentUrl":"https:\/\/secure.gravatar.com\/avatar\/68592660ad6347fad0fb587f8d5d8f1a7b44961362f56e4f2cd524feb87e9069?s=96&d=mm&r=g","caption":"dmcsrbija.com@gmail.com"},"sameAs":["https:\/\/dmcsrb.com"],"url":"https:\/\/dmcsrb.com\/en\/author\/dmcsrbija-comgmail-com\/"}]}},"_links":{"self":[{"href":"https:\/\/dmcsrb.com\/en\/wp-json\/wp\/v2\/posts\/905982","targetHints":{"allow":["GET"]}}],"collection":[{"href":"https:\/\/dmcsrb.com\/en\/wp-json\/wp\/v2\/posts"}],"about":[{"href":"https:\/\/dmcsrb.com\/en\/wp-json\/wp\/v2\/types\/post"}],"author":[{"embeddable":true,"href":"https:\/\/dmcsrb.com\/en\/wp-json\/wp\/v2\/users\/1"}],"replies":[{"embeddable":true,"href":"https:\/\/dmcsrb.com\/en\/wp-json\/wp\/v2\/comments?post=905982"}],"version-history":[{"count":0,"href":"https:\/\/dmcsrb.com\/en\/wp-json\/wp\/v2\/posts\/905982\/revisions"}],"wp:featuredmedia":[{"embeddable":true,"href":"https:\/\/dmcsrb.com\/en\/wp-json\/wp\/v2\/media\/905983"}],"wp:attachment":[{"href":"https:\/\/dmcsrb.com\/en\/wp-json\/wp\/v2\/media?parent=905982"}],"wp:term":[{"taxonomy":"category","embeddable":true,"href":"https:\/\/dmcsrb.com\/en\/wp-json\/wp\/v2\/categories?post=905982"},{"taxonomy":"post_tag","embeddable":true,"href":"https:\/\/dmcsrb.com\/en\/wp-json\/wp\/v2\/tags?post=905982"},{"taxonomy":"naslovna","embeddable":true,"href":"https:\/\/dmcsrb.com\/en\/wp-json\/wp\/v2\/naslovna?post=905982"}],"curies":[{"name":"wp","href":"https:\/\/api.w.org\/{rel}","templated":true}]}}