{"id":905850,"date":"2026-01-08T10:26:12","date_gmt":"2026-01-08T09:26:12","guid":{"rendered":"https:\/\/gradski.me\/?p=905850"},"modified":"2026-01-08T10:26:12","modified_gmt":"2026-01-08T09:26:12","slug":"pucnjava-ispred-crkve-u-sad-u-ima-mrtvih-i-ranjenih","status":"publish","type":"post","link":"https:\/\/dmcsrb.com\/en\/svijet\/pucnjava-ispred-crkve-u-sad-u-ima-mrtvih-i-ranjenih\/","title":{"rendered":"Pucnjava ispred crkve u SAD-u, ima mrtvih i ranjenih"},"content":{"rendered":"<p>Stanje preostale tri povrije\u0111ene osobe zasad nije poznato jer su u bolnice prevezene privatnim vozilima, saop\u0161tili su iz policije, navode\u0107i da su sve \u017ertve odrasle osobe. Do pucnjave je do\u0161lo oko 19 sati i :30 minuta ispred  Crkve Isusa Krista. Napada\u010d ili vi\u0161e njih pobjegli su s mjesta doga\u0111aja, rekao je \u0161ef policije, dodav\u0161i da do kasno sino\u0107 niko nije uhap\u0161en.<\/p>\n\n\n\n<p>Policija je potvrdila da je svih osam \u017ertava upucano ispred crkve te da ne smatraju da se radilo o nasumi\u010dnom napadu, ali ni o napadu usmjerenom protiv vjerske zajednice. Istra\u017eitelji pregledaju snimke nadzornih kamera s obli\u017enjih objekata i \u010dita\u010de registarskih tablica. Nekoliko osoba je privedeno na razgovor, ali niko od njih trenutno nema status osumnji\u010denog.<\/p>\n\n\n\n<p>Crkvu u kojoj se dogodio napad uglavnom poha\u0111aju vjernici tonganskog porijekla. Mnogi \u010dlanovi zajednice prisustvovali su komemoraciji kada je do\u0161lo do napada. Zabrinuti su zbog incidenta jer, kako navode, ta organizacija aktivno radi na prevenciji nasilja i suzbijanju bandi unutar polinezijskih zajednica.<\/p>\n\n\n\n<p>U saveznoj dr\u017eavi Utah \u017eivi velika zajednica, koja prema popisu iz 2020. godine, broji oko 60.000 ljudi. Najve\u0107i udio, \u010dak 39 posto, \u010dine Tonganci.<\/p>","protected":false},"excerpt":{"rendered":"<p>Od \u0161estero ranjenih, troje je u kriti\u010dnom stanju<\/p>","protected":false},"author":1,"featured_media":905851,"comment_status":"open","ping_status":"open","sticky":false,"template":"","format":"standard","meta":{"_acf_changed":false,"footnotes":""},"categories":[144],"tags":[5747,2084,195],"naslovna":[],"class_list":["post-905850","post","type-post","status-publish","format-standard","has-post-thumbnail","hentry","category-svijet","tag-mrtvi","tag-pucnjava","tag-sad"],"acf":[],"yoast_head":"<!-- This site is optimized with the Yoast SEO plugin v27.4 - https:\/\/yoast.com\/product\/yoast-seo-wordpress\/ -->\n<title>Pucnjava ispred crkve u SAD-u, ima mrtvih i ranjenih - dmcsrb.com<\/title>\n<meta name=\"robots\" content=\"index, follow, max-snippet:-1, max-image-preview:large, max-video-preview:-1\" \/>\n<link rel=\"canonical\" href=\"https:\/\/dmcsrb.com\/en\/svijet\/pucnjava-ispred-crkve-u-sad-u-ima-mrtvih-i-ranjenih\/\" \/>\n<meta property=\"og:locale\" content=\"en_GB\" \/>\n<meta property=\"og:type\" content=\"article\" \/>\n<meta property=\"og:title\" content=\"Pucnjava ispred crkve u SAD-u, ima mrtvih i ranjenih - dmcsrb.com\" \/>\n<meta property=\"og:description\" content=\"Od \u0161estero ranjenih, troje je u kriti\u010dnom stanju\" \/>\n<meta property=\"og:url\" content=\"https:\/\/dmcsrb.com\/en\/svijet\/pucnjava-ispred-crkve-u-sad-u-ima-mrtvih-i-ranjenih\/\" \/>\n<meta property=\"og:site_name\" content=\"dmcsrb.com\" \/>\n<meta property=\"article:published_time\" content=\"2026-01-08T09:26:12+00:00\" \/>\n<meta property=\"og:image\" content=\"https:\/\/dmcsrb.com\/wp-content\/uploads\/2026\/01\/SAD.webp\" \/>\n\t<meta property=\"og:image:width\" content=\"1235\" \/>\n\t<meta property=\"og:image:height\" content=\"652\" \/>\n\t<meta property=\"og:image:type\" content=\"image\/webp\" \/>\n<meta name=\"author\" content=\"dmcsrbija.com@gmail.com\" \/>\n<meta name=\"twitter:card\" content=\"summary_large_image\" \/>\n<meta name=\"twitter:label1\" content=\"Written by\" \/>\n\t<meta name=\"twitter:data1\" content=\"dmcsrbija.com@gmail.com\" \/>\n\t<meta name=\"twitter:label2\" content=\"Estimated reading time\" \/>\n\t<meta name=\"twitter:data2\" content=\"1 minute\" \/>\n<script type=\"application\/ld+json\" class=\"yoast-schema-graph\">{\"@context\":\"https:\\\/\\\/schema.org\",\"@graph\":[{\"@type\":\"Article\",\"@id\":\"https:\\\/\\\/dmcsrb.com\\\/svijet\\\/pucnjava-ispred-crkve-u-sad-u-ima-mrtvih-i-ranjenih\\\/#article\",\"isPartOf\":{\"@id\":\"https:\\\/\\\/dmcsrb.com\\\/svijet\\\/pucnjava-ispred-crkve-u-sad-u-ima-mrtvih-i-ranjenih\\\/\"},\"author\":{\"name\":\"dmcsrbija.com@gmail.com\",\"@id\":\"https:\\\/\\\/dmcsrb.com\\\/#\\\/schema\\\/person\\\/5c39170f12db1b8b457732d0b5c854e2\"},\"headline\":\"Pucnjava ispred crkve u SAD-u, ima mrtvih i ranjenih\",\"datePublished\":\"2026-01-08T09:26:12+00:00\",\"mainEntityOfPage\":{\"@id\":\"https:\\\/\\\/dmcsrb.com\\\/svijet\\\/pucnjava-ispred-crkve-u-sad-u-ima-mrtvih-i-ranjenih\\\/\"},\"wordCount\":203,\"commentCount\":0,\"image\":{\"@id\":\"https:\\\/\\\/dmcsrb.com\\\/svijet\\\/pucnjava-ispred-crkve-u-sad-u-ima-mrtvih-i-ranjenih\\\/#primaryimage\"},\"thumbnailUrl\":\"https:\\\/\\\/dmcsrb.com\\\/wp-content\\\/uploads\\\/2026\\\/01\\\/SAD.webp\",\"keywords\":[\"mrtvi\",\"pucnjava\",\"SAD\"],\"articleSection\":[\"Svijet\"],\"inLanguage\":\"en-GB\",\"potentialAction\":[{\"@type\":\"CommentAction\",\"name\":\"Comment\",\"target\":[\"https:\\\/\\\/dmcsrb.com\\\/svijet\\\/pucnjava-ispred-crkve-u-sad-u-ima-mrtvih-i-ranjenih\\\/#respond\"]}]},{\"@type\":\"WebPage\",\"@id\":\"https:\\\/\\\/dmcsrb.com\\\/svijet\\\/pucnjava-ispred-crkve-u-sad-u-ima-mrtvih-i-ranjenih\\\/\",\"url\":\"https:\\\/\\\/dmcsrb.com\\\/svijet\\\/pucnjava-ispred-crkve-u-sad-u-ima-mrtvih-i-ranjenih\\\/\",\"name\":\"Pucnjava ispred crkve u SAD-u, ima mrtvih i ranjenih - dmcsrb.com\",\"isPartOf\":{\"@id\":\"https:\\\/\\\/dmcsrb.com\\\/#website\"},\"primaryImageOfPage\":{\"@id\":\"https:\\\/\\\/dmcsrb.com\\\/svijet\\\/pucnjava-ispred-crkve-u-sad-u-ima-mrtvih-i-ranjenih\\\/#primaryimage\"},\"image\":{\"@id\":\"https:\\\/\\\/dmcsrb.com\\\/svijet\\\/pucnjava-ispred-crkve-u-sad-u-ima-mrtvih-i-ranjenih\\\/#primaryimage\"},\"thumbnailUrl\":\"https:\\\/\\\/dmcsrb.com\\\/wp-content\\\/uploads\\\/2026\\\/01\\\/SAD.webp\",\"datePublished\":\"2026-01-08T09:26:12+00:00\",\"author\":{\"@id\":\"https:\\\/\\\/dmcsrb.com\\\/#\\\/schema\\\/person\\\/5c39170f12db1b8b457732d0b5c854e2\"},\"breadcrumb\":{\"@id\":\"https:\\\/\\\/dmcsrb.com\\\/svijet\\\/pucnjava-ispred-crkve-u-sad-u-ima-mrtvih-i-ranjenih\\\/#breadcrumb\"},\"inLanguage\":\"en-GB\",\"potentialAction\":[{\"@type\":\"ReadAction\",\"target\":[\"https:\\\/\\\/dmcsrb.com\\\/svijet\\\/pucnjava-ispred-crkve-u-sad-u-ima-mrtvih-i-ranjenih\\\/\"]}]},{\"@type\":\"ImageObject\",\"inLanguage\":\"en-GB\",\"@id\":\"https:\\\/\\\/dmcsrb.com\\\/svijet\\\/pucnjava-ispred-crkve-u-sad-u-ima-mrtvih-i-ranjenih\\\/#primaryimage\",\"url\":\"https:\\\/\\\/dmcsrb.com\\\/wp-content\\\/uploads\\\/2026\\\/01\\\/SAD.webp\",\"contentUrl\":\"https:\\\/\\\/dmcsrb.com\\\/wp-content\\\/uploads\\\/2026\\\/01\\\/SAD.webp\",\"width\":1235,\"height\":652,\"caption\":\"Foto:\\\/Salt Lake City Police\"},{\"@type\":\"BreadcrumbList\",\"@id\":\"https:\\\/\\\/dmcsrb.com\\\/svijet\\\/pucnjava-ispred-crkve-u-sad-u-ima-mrtvih-i-ranjenih\\\/#breadcrumb\",\"itemListElement\":[{\"@type\":\"ListItem\",\"position\":1,\"name\":\"Home\",\"item\":\"https:\\\/\\\/dmcsrb.com\\\/\"},{\"@type\":\"ListItem\",\"position\":2,\"name\":\"Pucnjava ispred crkve u SAD-u, ima mrtvih i ranjenih\"}]},{\"@type\":\"WebSite\",\"@id\":\"https:\\\/\\\/dmcsrb.com\\\/#website\",\"url\":\"https:\\\/\\\/dmcsrb.com\\\/\",\"name\":\"dmcsrb.com\",\"description\":\"\",\"potentialAction\":[{\"@type\":\"SearchAction\",\"target\":{\"@type\":\"EntryPoint\",\"urlTemplate\":\"https:\\\/\\\/dmcsrb.com\\\/?s={search_term_string}\"},\"query-input\":{\"@type\":\"PropertyValueSpecification\",\"valueRequired\":true,\"valueName\":\"search_term_string\"}}],\"inLanguage\":\"en-GB\"},{\"@type\":\"Person\",\"@id\":\"https:\\\/\\\/dmcsrb.com\\\/#\\\/schema\\\/person\\\/5c39170f12db1b8b457732d0b5c854e2\",\"name\":\"dmcsrbija.com@gmail.com\",\"image\":{\"@type\":\"ImageObject\",\"inLanguage\":\"en-GB\",\"@id\":\"https:\\\/\\\/secure.gravatar.com\\\/avatar\\\/68592660ad6347fad0fb587f8d5d8f1a7b44961362f56e4f2cd524feb87e9069?s=96&d=mm&r=g\",\"url\":\"https:\\\/\\\/secure.gravatar.com\\\/avatar\\\/68592660ad6347fad0fb587f8d5d8f1a7b44961362f56e4f2cd524feb87e9069?s=96&d=mm&r=g\",\"contentUrl\":\"https:\\\/\\\/secure.gravatar.com\\\/avatar\\\/68592660ad6347fad0fb587f8d5d8f1a7b44961362f56e4f2cd524feb87e9069?s=96&d=mm&r=g\",\"caption\":\"dmcsrbija.com@gmail.com\"},\"sameAs\":[\"https:\\\/\\\/dmcsrb.com\"],\"url\":\"https:\\\/\\\/dmcsrb.com\\\/en\\\/author\\\/dmcsrbija-comgmail-com\\\/\"}]}<\/script>\n<!-- \/ Yoast SEO plugin. -->","yoast_head_json":{"title":"Pucnjava ispred crkve u SAD-u, ima mrtvih i ranjenih - dmcsrb.com","robots":{"index":"index","follow":"follow","max-snippet":"max-snippet:-1","max-image-preview":"max-image-preview:large","max-video-preview":"max-video-preview:-1"},"canonical":"https:\/\/dmcsrb.com\/en\/svijet\/pucnjava-ispred-crkve-u-sad-u-ima-mrtvih-i-ranjenih\/","og_locale":"en_GB","og_type":"article","og_title":"Pucnjava ispred crkve u SAD-u, ima mrtvih i ranjenih - dmcsrb.com","og_description":"Od \u0161estero ranjenih, troje je u kriti\u010dnom stanju","og_url":"https:\/\/dmcsrb.com\/en\/svijet\/pucnjava-ispred-crkve-u-sad-u-ima-mrtvih-i-ranjenih\/","og_site_name":"dmcsrb.com","article_published_time":"2026-01-08T09:26:12+00:00","og_image":[{"width":1235,"height":652,"url":"https:\/\/dmcsrb.com\/wp-content\/uploads\/2026\/01\/SAD.webp","type":"image\/webp"}],"author":"dmcsrbija.com@gmail.com","twitter_card":"summary_large_image","twitter_misc":{"Written by":"dmcsrbija.com@gmail.com","Estimated reading time":"1 minute"},"schema":{"@context":"https:\/\/schema.org","@graph":[{"@type":"Article","@id":"https:\/\/dmcsrb.com\/svijet\/pucnjava-ispred-crkve-u-sad-u-ima-mrtvih-i-ranjenih\/#article","isPartOf":{"@id":"https:\/\/dmcsrb.com\/svijet\/pucnjava-ispred-crkve-u-sad-u-ima-mrtvih-i-ranjenih\/"},"author":{"name":"dmcsrbija.com@gmail.com","@id":"https:\/\/dmcsrb.com\/#\/schema\/person\/5c39170f12db1b8b457732d0b5c854e2"},"headline":"Pucnjava ispred crkve u SAD-u, ima mrtvih i ranjenih","datePublished":"2026-01-08T09:26:12+00:00","mainEntityOfPage":{"@id":"https:\/\/dmcsrb.com\/svijet\/pucnjava-ispred-crkve-u-sad-u-ima-mrtvih-i-ranjenih\/"},"wordCount":203,"commentCount":0,"image":{"@id":"https:\/\/dmcsrb.com\/svijet\/pucnjava-ispred-crkve-u-sad-u-ima-mrtvih-i-ranjenih\/#primaryimage"},"thumbnailUrl":"https:\/\/dmcsrb.com\/wp-content\/uploads\/2026\/01\/SAD.webp","keywords":["mrtvi","pucnjava","SAD"],"articleSection":["Svijet"],"inLanguage":"en-GB","potentialAction":[{"@type":"CommentAction","name":"Comment","target":["https:\/\/dmcsrb.com\/svijet\/pucnjava-ispred-crkve-u-sad-u-ima-mrtvih-i-ranjenih\/#respond"]}]},{"@type":"WebPage","@id":"https:\/\/dmcsrb.com\/svijet\/pucnjava-ispred-crkve-u-sad-u-ima-mrtvih-i-ranjenih\/","url":"https:\/\/dmcsrb.com\/svijet\/pucnjava-ispred-crkve-u-sad-u-ima-mrtvih-i-ranjenih\/","name":"Pucnjava ispred crkve u SAD-u, ima mrtvih i ranjenih - dmcsrb.com","isPartOf":{"@id":"https:\/\/dmcsrb.com\/#website"},"primaryImageOfPage":{"@id":"https:\/\/dmcsrb.com\/svijet\/pucnjava-ispred-crkve-u-sad-u-ima-mrtvih-i-ranjenih\/#primaryimage"},"image":{"@id":"https:\/\/dmcsrb.com\/svijet\/pucnjava-ispred-crkve-u-sad-u-ima-mrtvih-i-ranjenih\/#primaryimage"},"thumbnailUrl":"https:\/\/dmcsrb.com\/wp-content\/uploads\/2026\/01\/SAD.webp","datePublished":"2026-01-08T09:26:12+00:00","author":{"@id":"https:\/\/dmcsrb.com\/#\/schema\/person\/5c39170f12db1b8b457732d0b5c854e2"},"breadcrumb":{"@id":"https:\/\/dmcsrb.com\/svijet\/pucnjava-ispred-crkve-u-sad-u-ima-mrtvih-i-ranjenih\/#breadcrumb"},"inLanguage":"en-GB","potentialAction":[{"@type":"ReadAction","target":["https:\/\/dmcsrb.com\/svijet\/pucnjava-ispred-crkve-u-sad-u-ima-mrtvih-i-ranjenih\/"]}]},{"@type":"ImageObject","inLanguage":"en-GB","@id":"https:\/\/dmcsrb.com\/svijet\/pucnjava-ispred-crkve-u-sad-u-ima-mrtvih-i-ranjenih\/#primaryimage","url":"https:\/\/dmcsrb.com\/wp-content\/uploads\/2026\/01\/SAD.webp","contentUrl":"https:\/\/dmcsrb.com\/wp-content\/uploads\/2026\/01\/SAD.webp","width":1235,"height":652,"caption":"Foto:\/Salt Lake City Police"},{"@type":"BreadcrumbList","@id":"https:\/\/dmcsrb.com\/svijet\/pucnjava-ispred-crkve-u-sad-u-ima-mrtvih-i-ranjenih\/#breadcrumb","itemListElement":[{"@type":"ListItem","position":1,"name":"Home","item":"https:\/\/dmcsrb.com\/"},{"@type":"ListItem","position":2,"name":"Pucnjava ispred crkve u SAD-u, ima mrtvih i ranjenih"}]},{"@type":"WebSite","@id":"https:\/\/dmcsrb.com\/#website","url":"https:\/\/dmcsrb.com\/","name":"dmcsrb.com","description":"","potentialAction":[{"@type":"SearchAction","target":{"@type":"EntryPoint","urlTemplate":"https:\/\/dmcsrb.com\/?s={search_term_string}"},"query-input":{"@type":"PropertyValueSpecification","valueRequired":true,"valueName":"search_term_string"}}],"inLanguage":"en-GB"},{"@type":"Person","@id":"https:\/\/dmcsrb.com\/#\/schema\/person\/5c39170f12db1b8b457732d0b5c854e2","name":"dmcsrbija.com@gmail.com","image":{"@type":"ImageObject","inLanguage":"en-GB","@id":"https:\/\/secure.gravatar.com\/avatar\/68592660ad6347fad0fb587f8d5d8f1a7b44961362f56e4f2cd524feb87e9069?s=96&d=mm&r=g","url":"https:\/\/secure.gravatar.com\/avatar\/68592660ad6347fad0fb587f8d5d8f1a7b44961362f56e4f2cd524feb87e9069?s=96&d=mm&r=g","contentUrl":"https:\/\/secure.gravatar.com\/avatar\/68592660ad6347fad0fb587f8d5d8f1a7b44961362f56e4f2cd524feb87e9069?s=96&d=mm&r=g","caption":"dmcsrbija.com@gmail.com"},"sameAs":["https:\/\/dmcsrb.com"],"url":"https:\/\/dmcsrb.com\/en\/author\/dmcsrbija-comgmail-com\/"}]}},"_links":{"self":[{"href":"https:\/\/dmcsrb.com\/en\/wp-json\/wp\/v2\/posts\/905850","targetHints":{"allow":["GET"]}}],"collection":[{"href":"https:\/\/dmcsrb.com\/en\/wp-json\/wp\/v2\/posts"}],"about":[{"href":"https:\/\/dmcsrb.com\/en\/wp-json\/wp\/v2\/types\/post"}],"author":[{"embeddable":true,"href":"https:\/\/dmcsrb.com\/en\/wp-json\/wp\/v2\/users\/1"}],"replies":[{"embeddable":true,"href":"https:\/\/dmcsrb.com\/en\/wp-json\/wp\/v2\/comments?post=905850"}],"version-history":[{"count":0,"href":"https:\/\/dmcsrb.com\/en\/wp-json\/wp\/v2\/posts\/905850\/revisions"}],"wp:featuredmedia":[{"embeddable":true,"href":"https:\/\/dmcsrb.com\/en\/wp-json\/wp\/v2\/media\/905851"}],"wp:attachment":[{"href":"https:\/\/dmcsrb.com\/en\/wp-json\/wp\/v2\/media?parent=905850"}],"wp:term":[{"taxonomy":"category","embeddable":true,"href":"https:\/\/dmcsrb.com\/en\/wp-json\/wp\/v2\/categories?post=905850"},{"taxonomy":"post_tag","embeddable":true,"href":"https:\/\/dmcsrb.com\/en\/wp-json\/wp\/v2\/tags?post=905850"},{"taxonomy":"naslovna","embeddable":true,"href":"https:\/\/dmcsrb.com\/en\/wp-json\/wp\/v2\/naslovna?post=905850"}],"curies":[{"name":"wp","href":"https:\/\/api.w.org\/{rel}","templated":true}]}}