{"id":905799,"date":"2026-01-08T07:42:00","date_gmt":"2026-01-08T06:42:00","guid":{"rendered":"https:\/\/gradski.me\/?p=905799"},"modified":"2026-01-08T07:42:00","modified_gmt":"2026-01-08T06:42:00","slug":"u-sekularu-stradao-strani-drzavljanin","status":"publish","type":"post","link":"https:\/\/dmcsrb.com\/en\/hronika\/u-sekularu-stradao-strani-drzavljanin\/","title":{"rendered":"U \u0160ekularu stradao strani dr\u017eavljanin?"},"content":{"rendered":"<p><\/p>\n\n\n\n<p>Provjeravaju\u0107i neka nezvani\u010dna saznanja da u pitanju strani dr\u017eavljanin, Portalu RTCG iz policije je samo re\u010deno da \u201cne mogu ni\u0161ta kazati dok se istraga na zaokru\u017ei\u201d.<\/p>\n\n\n\n<p>Da se istraga ozbiljno vodi potvr\u0111eno je i iz Vi\u0161eg dr\u017eavnog tu\u017eila\u0161tva u Bijelom Polju.<\/p>\n\n\n\n<p>\u201cZa sada mo\u017eemo samo re\u0107i da je izv\u0161en dodatni uvi\u0111aj, odnosno da su obavljeni neki informativni razgovori. Obdukcija je zavr\u0161ena, ali jo\u0161 ni\u0161ta ne mo\u017eemo saop\u0161titi\u201d,&nbsp;kazali su na\u0161em portalu iz PR slu\u017ebe VDT.<\/p>\n\n\n\n<p>Tijelo mla\u0111eg mu\u0161karca, koje se nalazilo u d\u017eaku, prona\u0111eno je 26. decembra.<\/p>\n\n\n\n<p>Mje\u0161tani \u0160ekulara na\u0161em portalu su ispri\u010dali ranije da je vre\u0107a primije\u0107ana dosta ranije na obali malene rijeke, ali da su stanovnici koju su tuda svakodnevno prolazili, mislili da je neko bacio otpad.<\/p>\n\n\n\n<p>\u201cNe znam kako, ali iz vre\u0107e su izvirile poslije izvjesnog vremena noge, i tada je alarmirana policija. Dok oni nisu do\u0161li, niko ni\u0161ta nije dirao. Tu su bili razni profili stru\u010dnjaka za kriminal i dugo je obavljan uvi\u0111aj na mjestu gdje je tijelo prona\u0111eno, a potom odne\u0161eno na obdukciju\u201d, kazao jedan od stanovnika \u0160ekulara.<\/p>\n\n\n\n<p>On je dodao da je ono \u0161to su mogli primijetiti za vrijeme uvi\u0111aja da su ruke bile vezane, \u0161to je nesumnjivo ukazivalo na nasilnu smrt.<\/p>\n\n\n\n<p>\u201cOno \u0161to mi za sada znamo je jedino to da u Crnoj Gori nije prijavljen nikakav nestanak neke osobe. Znamo tako\u0111e da se radi o mladi\u0107u starom 25 godina koji nije iz Crne Gore. Postoje jo\u0161 neka nezvani\u010dna saznanja, ali to bi moglo predstavljati ometanje istrage\u201d,&nbsp;kazao je ovaj mje\u0161tanin.<\/p>\n\n\n\n<p>\u0160ekular je geografski vrlo \u0161irok prostor koji obuhvata oko deset sela. Mjesto gdje je prona\u0111eno tijelo udaljeno je od Berana 18 kilometara, a od granice sa Kosovom svega 9,5 kilometara.<\/p>\n\n\n\n<p>Istina je da tuda vode \u0161vercerske rute, kao i da je prije izvjesnog vremena izgra\u0111en jedan veliki ugostiteljski objekat.<\/p>\n\n\n\n<p>\u201cTa\u010dno je da smo tokom ljeta primje\u0107ivali ve\u0107u frekvenciju ljudi neko obi\u010dno u ovom kraju\u201d&nbsp;\u2013 kazao je taj stanovnika&nbsp;\u0160ekulara.<\/p>\n\n\n\n<p>Ono \u0161to se za sada sa dosta sigurnosti mo\u017ee odbaciti je varijanta da se eventualno radi o nekakvom obra\u010dunu klanova.<\/p>\n\n\n\n<p>\u201c\u0160ekular je toliko veliki da ima previ\u0161e vrlo skrovitih mjesta da se sakrije tijelo u d\u017eaku, a ne da se ostavi pored rijeke, nao\u010digled nas koji smo tuda prolazili svakodnevno&#8221;,&nbsp;kazao je taj mje\u0161tanin.<\/p>\n\n\n\n<p>Upravo \u010dinjenica da je iz policije Portalu RTCG re\u010deno da ne mogu ni\u0161ta kazati dok ne \u201czaokru\u017ee slu\u010daj\u201d, govori u prilog tome da se na rasvjetljavanju svih okolnosti vrlo ozbiljno radi, kao i da se sasvim vjerovatno ve\u0107 zna dosta informacija, ali da se u cilju uspje\u0161nog okon\u010danja istrage ni\u0161ta ne saop\u0161tava.<\/p>\n\n\n\n<p><\/p>","protected":false},"excerpt":{"rendered":"<p>Vi\u0161e od deset dana nakon \u0161to je prona\u0111eno tijelo mu\u0161karca u koritu malene rijeke \u0160ekular, u istoimenom selu kod Berana, policija i Vi\u0161e dr\u017eavno tu\u017eila\u0161tvo ne saop\u0161tavaju nikakve detalje istrage, \u0161to bi moglo govoriti da bi mogli biti na tragu da rasvijetle slu\u010daj.<\/p>","protected":false},"author":1,"featured_media":905800,"comment_status":"open","ping_status":"open","sticky":false,"template":"","format":"standard","meta":{"_acf_changed":false,"footnotes":""},"categories":[17],"tags":[5938,1173,4300],"naslovna":[5435],"class_list":["post-905799","post","type-post","status-publish","format-standard","has-post-thumbnail","hentry","category-hronika","tag-sekular","tag-smrt","tag-strani-drzavljanin"],"acf":[],"yoast_head":"<!-- This site is optimized with the Yoast SEO plugin v27.4 - https:\/\/yoast.com\/product\/yoast-seo-wordpress\/ -->\n<title>U \u0160ekularu stradao strani dr\u017eavljanin? - dmcsrb.com<\/title>\n<meta name=\"robots\" content=\"index, follow, max-snippet:-1, max-image-preview:large, max-video-preview:-1\" \/>\n<link rel=\"canonical\" href=\"https:\/\/dmcsrb.com\/en\/hronika\/u-sekularu-stradao-strani-drzavljanin\/\" \/>\n<meta property=\"og:locale\" content=\"en_GB\" \/>\n<meta property=\"og:type\" content=\"article\" \/>\n<meta property=\"og:title\" content=\"U \u0160ekularu stradao strani dr\u017eavljanin? - dmcsrb.com\" \/>\n<meta property=\"og:description\" content=\"Vi\u0161e od deset dana nakon \u0161to je prona\u0111eno tijelo mu\u0161karca u koritu malene rijeke \u0160ekular, u istoimenom selu kod Berana, policija i Vi\u0161e dr\u017eavno tu\u017eila\u0161tvo ne saop\u0161tavaju nikakve detalje istrage, \u0161to bi moglo govoriti da bi mogli biti na tragu da rasvijetle slu\u010daj.\" \/>\n<meta property=\"og:url\" content=\"https:\/\/dmcsrb.com\/en\/hronika\/u-sekularu-stradao-strani-drzavljanin\/\" \/>\n<meta property=\"og:site_name\" content=\"dmcsrb.com\" \/>\n<meta property=\"article:published_time\" content=\"2026-01-08T06:42:00+00:00\" \/>\n<meta property=\"og:image\" content=\"https:\/\/dmcsrb.com\/wp-content\/uploads\/2026\/01\/sekular_675x900.jpg\" \/>\n\t<meta property=\"og:image:width\" content=\"900\" \/>\n\t<meta property=\"og:image:height\" content=\"675\" \/>\n\t<meta property=\"og:image:type\" content=\"image\/jpeg\" \/>\n<meta name=\"author\" content=\"dmcsrbija.com@gmail.com\" \/>\n<meta name=\"twitter:card\" content=\"summary_large_image\" \/>\n<meta name=\"twitter:label1\" content=\"Written by\" \/>\n\t<meta name=\"twitter:data1\" content=\"dmcsrbija.com@gmail.com\" \/>\n\t<meta name=\"twitter:label2\" content=\"Estimated reading time\" \/>\n\t<meta name=\"twitter:data2\" content=\"2 minutes\" \/>\n<script type=\"application\/ld+json\" class=\"yoast-schema-graph\">{\"@context\":\"https:\\\/\\\/schema.org\",\"@graph\":[{\"@type\":\"Article\",\"@id\":\"https:\\\/\\\/dmcsrb.com\\\/hronika\\\/u-sekularu-stradao-strani-drzavljanin\\\/#article\",\"isPartOf\":{\"@id\":\"https:\\\/\\\/dmcsrb.com\\\/hronika\\\/u-sekularu-stradao-strani-drzavljanin\\\/\"},\"author\":{\"name\":\"dmcsrbija.com@gmail.com\",\"@id\":\"https:\\\/\\\/dmcsrb.com\\\/#\\\/schema\\\/person\\\/5c39170f12db1b8b457732d0b5c854e2\"},\"headline\":\"U \u0160ekularu stradao strani dr\u017eavljanin?\",\"datePublished\":\"2026-01-08T06:42:00+00:00\",\"mainEntityOfPage\":{\"@id\":\"https:\\\/\\\/dmcsrb.com\\\/hronika\\\/u-sekularu-stradao-strani-drzavljanin\\\/\"},\"wordCount\":492,\"commentCount\":0,\"image\":{\"@id\":\"https:\\\/\\\/dmcsrb.com\\\/hronika\\\/u-sekularu-stradao-strani-drzavljanin\\\/#primaryimage\"},\"thumbnailUrl\":\"https:\\\/\\\/dmcsrb.com\\\/wp-content\\\/uploads\\\/2026\\\/01\\\/sekular_675x900.jpg\",\"keywords\":[\"\u0160ekular\",\"smrt\",\"strani dr\u017eavljanin\"],\"articleSection\":[\"Hronika\"],\"inLanguage\":\"en-GB\",\"potentialAction\":[{\"@type\":\"CommentAction\",\"name\":\"Comment\",\"target\":[\"https:\\\/\\\/dmcsrb.com\\\/hronika\\\/u-sekularu-stradao-strani-drzavljanin\\\/#respond\"]}]},{\"@type\":\"WebPage\",\"@id\":\"https:\\\/\\\/dmcsrb.com\\\/hronika\\\/u-sekularu-stradao-strani-drzavljanin\\\/\",\"url\":\"https:\\\/\\\/dmcsrb.com\\\/hronika\\\/u-sekularu-stradao-strani-drzavljanin\\\/\",\"name\":\"U \u0160ekularu stradao strani dr\u017eavljanin? - dmcsrb.com\",\"isPartOf\":{\"@id\":\"https:\\\/\\\/dmcsrb.com\\\/#website\"},\"primaryImageOfPage\":{\"@id\":\"https:\\\/\\\/dmcsrb.com\\\/hronika\\\/u-sekularu-stradao-strani-drzavljanin\\\/#primaryimage\"},\"image\":{\"@id\":\"https:\\\/\\\/dmcsrb.com\\\/hronika\\\/u-sekularu-stradao-strani-drzavljanin\\\/#primaryimage\"},\"thumbnailUrl\":\"https:\\\/\\\/dmcsrb.com\\\/wp-content\\\/uploads\\\/2026\\\/01\\\/sekular_675x900.jpg\",\"datePublished\":\"2026-01-08T06:42:00+00:00\",\"author\":{\"@id\":\"https:\\\/\\\/dmcsrb.com\\\/#\\\/schema\\\/person\\\/5c39170f12db1b8b457732d0b5c854e2\"},\"breadcrumb\":{\"@id\":\"https:\\\/\\\/dmcsrb.com\\\/hronika\\\/u-sekularu-stradao-strani-drzavljanin\\\/#breadcrumb\"},\"inLanguage\":\"en-GB\",\"potentialAction\":[{\"@type\":\"ReadAction\",\"target\":[\"https:\\\/\\\/dmcsrb.com\\\/hronika\\\/u-sekularu-stradao-strani-drzavljanin\\\/\"]}]},{\"@type\":\"ImageObject\",\"inLanguage\":\"en-GB\",\"@id\":\"https:\\\/\\\/dmcsrb.com\\\/hronika\\\/u-sekularu-stradao-strani-drzavljanin\\\/#primaryimage\",\"url\":\"https:\\\/\\\/dmcsrb.com\\\/wp-content\\\/uploads\\\/2026\\\/01\\\/sekular_675x900.jpg\",\"contentUrl\":\"https:\\\/\\\/dmcsrb.com\\\/wp-content\\\/uploads\\\/2026\\\/01\\\/sekular_675x900.jpg\",\"width\":900,\"height\":675,\"caption\":\"Selo \u0160ekular, foto: RTCG\"},{\"@type\":\"BreadcrumbList\",\"@id\":\"https:\\\/\\\/dmcsrb.com\\\/hronika\\\/u-sekularu-stradao-strani-drzavljanin\\\/#breadcrumb\",\"itemListElement\":[{\"@type\":\"ListItem\",\"position\":1,\"name\":\"Home\",\"item\":\"https:\\\/\\\/dmcsrb.com\\\/\"},{\"@type\":\"ListItem\",\"position\":2,\"name\":\"U \u0160ekularu stradao strani dr\u017eavljanin?\"}]},{\"@type\":\"WebSite\",\"@id\":\"https:\\\/\\\/dmcsrb.com\\\/#website\",\"url\":\"https:\\\/\\\/dmcsrb.com\\\/\",\"name\":\"dmcsrb.com\",\"description\":\"\",\"potentialAction\":[{\"@type\":\"SearchAction\",\"target\":{\"@type\":\"EntryPoint\",\"urlTemplate\":\"https:\\\/\\\/dmcsrb.com\\\/?s={search_term_string}\"},\"query-input\":{\"@type\":\"PropertyValueSpecification\",\"valueRequired\":true,\"valueName\":\"search_term_string\"}}],\"inLanguage\":\"en-GB\"},{\"@type\":\"Person\",\"@id\":\"https:\\\/\\\/dmcsrb.com\\\/#\\\/schema\\\/person\\\/5c39170f12db1b8b457732d0b5c854e2\",\"name\":\"dmcsrbija.com@gmail.com\",\"image\":{\"@type\":\"ImageObject\",\"inLanguage\":\"en-GB\",\"@id\":\"https:\\\/\\\/secure.gravatar.com\\\/avatar\\\/68592660ad6347fad0fb587f8d5d8f1a7b44961362f56e4f2cd524feb87e9069?s=96&d=mm&r=g\",\"url\":\"https:\\\/\\\/secure.gravatar.com\\\/avatar\\\/68592660ad6347fad0fb587f8d5d8f1a7b44961362f56e4f2cd524feb87e9069?s=96&d=mm&r=g\",\"contentUrl\":\"https:\\\/\\\/secure.gravatar.com\\\/avatar\\\/68592660ad6347fad0fb587f8d5d8f1a7b44961362f56e4f2cd524feb87e9069?s=96&d=mm&r=g\",\"caption\":\"dmcsrbija.com@gmail.com\"},\"sameAs\":[\"https:\\\/\\\/dmcsrb.com\"],\"url\":\"https:\\\/\\\/dmcsrb.com\\\/en\\\/author\\\/dmcsrbija-comgmail-com\\\/\"}]}<\/script>\n<!-- \/ Yoast SEO plugin. -->","yoast_head_json":{"title":"U \u0160ekularu stradao strani dr\u017eavljanin? - dmcsrb.com","robots":{"index":"index","follow":"follow","max-snippet":"max-snippet:-1","max-image-preview":"max-image-preview:large","max-video-preview":"max-video-preview:-1"},"canonical":"https:\/\/dmcsrb.com\/en\/hronika\/u-sekularu-stradao-strani-drzavljanin\/","og_locale":"en_GB","og_type":"article","og_title":"U \u0160ekularu stradao strani dr\u017eavljanin? - dmcsrb.com","og_description":"Vi\u0161e od deset dana nakon \u0161to je prona\u0111eno tijelo mu\u0161karca u koritu malene rijeke \u0160ekular, u istoimenom selu kod Berana, policija i Vi\u0161e dr\u017eavno tu\u017eila\u0161tvo ne saop\u0161tavaju nikakve detalje istrage, \u0161to bi moglo govoriti da bi mogli biti na tragu da rasvijetle slu\u010daj.","og_url":"https:\/\/dmcsrb.com\/en\/hronika\/u-sekularu-stradao-strani-drzavljanin\/","og_site_name":"dmcsrb.com","article_published_time":"2026-01-08T06:42:00+00:00","og_image":[{"width":900,"height":675,"url":"https:\/\/dmcsrb.com\/wp-content\/uploads\/2026\/01\/sekular_675x900.jpg","type":"image\/jpeg"}],"author":"dmcsrbija.com@gmail.com","twitter_card":"summary_large_image","twitter_misc":{"Written by":"dmcsrbija.com@gmail.com","Estimated reading time":"2 minutes"},"schema":{"@context":"https:\/\/schema.org","@graph":[{"@type":"Article","@id":"https:\/\/dmcsrb.com\/hronika\/u-sekularu-stradao-strani-drzavljanin\/#article","isPartOf":{"@id":"https:\/\/dmcsrb.com\/hronika\/u-sekularu-stradao-strani-drzavljanin\/"},"author":{"name":"dmcsrbija.com@gmail.com","@id":"https:\/\/dmcsrb.com\/#\/schema\/person\/5c39170f12db1b8b457732d0b5c854e2"},"headline":"U \u0160ekularu stradao strani dr\u017eavljanin?","datePublished":"2026-01-08T06:42:00+00:00","mainEntityOfPage":{"@id":"https:\/\/dmcsrb.com\/hronika\/u-sekularu-stradao-strani-drzavljanin\/"},"wordCount":492,"commentCount":0,"image":{"@id":"https:\/\/dmcsrb.com\/hronika\/u-sekularu-stradao-strani-drzavljanin\/#primaryimage"},"thumbnailUrl":"https:\/\/dmcsrb.com\/wp-content\/uploads\/2026\/01\/sekular_675x900.jpg","keywords":["\u0160ekular","smrt","strani dr\u017eavljanin"],"articleSection":["Hronika"],"inLanguage":"en-GB","potentialAction":[{"@type":"CommentAction","name":"Comment","target":["https:\/\/dmcsrb.com\/hronika\/u-sekularu-stradao-strani-drzavljanin\/#respond"]}]},{"@type":"WebPage","@id":"https:\/\/dmcsrb.com\/hronika\/u-sekularu-stradao-strani-drzavljanin\/","url":"https:\/\/dmcsrb.com\/hronika\/u-sekularu-stradao-strani-drzavljanin\/","name":"U \u0160ekularu stradao strani dr\u017eavljanin? - dmcsrb.com","isPartOf":{"@id":"https:\/\/dmcsrb.com\/#website"},"primaryImageOfPage":{"@id":"https:\/\/dmcsrb.com\/hronika\/u-sekularu-stradao-strani-drzavljanin\/#primaryimage"},"image":{"@id":"https:\/\/dmcsrb.com\/hronika\/u-sekularu-stradao-strani-drzavljanin\/#primaryimage"},"thumbnailUrl":"https:\/\/dmcsrb.com\/wp-content\/uploads\/2026\/01\/sekular_675x900.jpg","datePublished":"2026-01-08T06:42:00+00:00","author":{"@id":"https:\/\/dmcsrb.com\/#\/schema\/person\/5c39170f12db1b8b457732d0b5c854e2"},"breadcrumb":{"@id":"https:\/\/dmcsrb.com\/hronika\/u-sekularu-stradao-strani-drzavljanin\/#breadcrumb"},"inLanguage":"en-GB","potentialAction":[{"@type":"ReadAction","target":["https:\/\/dmcsrb.com\/hronika\/u-sekularu-stradao-strani-drzavljanin\/"]}]},{"@type":"ImageObject","inLanguage":"en-GB","@id":"https:\/\/dmcsrb.com\/hronika\/u-sekularu-stradao-strani-drzavljanin\/#primaryimage","url":"https:\/\/dmcsrb.com\/wp-content\/uploads\/2026\/01\/sekular_675x900.jpg","contentUrl":"https:\/\/dmcsrb.com\/wp-content\/uploads\/2026\/01\/sekular_675x900.jpg","width":900,"height":675,"caption":"Selo \u0160ekular, foto: RTCG"},{"@type":"BreadcrumbList","@id":"https:\/\/dmcsrb.com\/hronika\/u-sekularu-stradao-strani-drzavljanin\/#breadcrumb","itemListElement":[{"@type":"ListItem","position":1,"name":"Home","item":"https:\/\/dmcsrb.com\/"},{"@type":"ListItem","position":2,"name":"U \u0160ekularu stradao strani dr\u017eavljanin?"}]},{"@type":"WebSite","@id":"https:\/\/dmcsrb.com\/#website","url":"https:\/\/dmcsrb.com\/","name":"dmcsrb.com","description":"","potentialAction":[{"@type":"SearchAction","target":{"@type":"EntryPoint","urlTemplate":"https:\/\/dmcsrb.com\/?s={search_term_string}"},"query-input":{"@type":"PropertyValueSpecification","valueRequired":true,"valueName":"search_term_string"}}],"inLanguage":"en-GB"},{"@type":"Person","@id":"https:\/\/dmcsrb.com\/#\/schema\/person\/5c39170f12db1b8b457732d0b5c854e2","name":"dmcsrbija.com@gmail.com","image":{"@type":"ImageObject","inLanguage":"en-GB","@id":"https:\/\/secure.gravatar.com\/avatar\/68592660ad6347fad0fb587f8d5d8f1a7b44961362f56e4f2cd524feb87e9069?s=96&d=mm&r=g","url":"https:\/\/secure.gravatar.com\/avatar\/68592660ad6347fad0fb587f8d5d8f1a7b44961362f56e4f2cd524feb87e9069?s=96&d=mm&r=g","contentUrl":"https:\/\/secure.gravatar.com\/avatar\/68592660ad6347fad0fb587f8d5d8f1a7b44961362f56e4f2cd524feb87e9069?s=96&d=mm&r=g","caption":"dmcsrbija.com@gmail.com"},"sameAs":["https:\/\/dmcsrb.com"],"url":"https:\/\/dmcsrb.com\/en\/author\/dmcsrbija-comgmail-com\/"}]}},"_links":{"self":[{"href":"https:\/\/dmcsrb.com\/en\/wp-json\/wp\/v2\/posts\/905799","targetHints":{"allow":["GET"]}}],"collection":[{"href":"https:\/\/dmcsrb.com\/en\/wp-json\/wp\/v2\/posts"}],"about":[{"href":"https:\/\/dmcsrb.com\/en\/wp-json\/wp\/v2\/types\/post"}],"author":[{"embeddable":true,"href":"https:\/\/dmcsrb.com\/en\/wp-json\/wp\/v2\/users\/1"}],"replies":[{"embeddable":true,"href":"https:\/\/dmcsrb.com\/en\/wp-json\/wp\/v2\/comments?post=905799"}],"version-history":[{"count":0,"href":"https:\/\/dmcsrb.com\/en\/wp-json\/wp\/v2\/posts\/905799\/revisions"}],"wp:featuredmedia":[{"embeddable":true,"href":"https:\/\/dmcsrb.com\/en\/wp-json\/wp\/v2\/media\/905800"}],"wp:attachment":[{"href":"https:\/\/dmcsrb.com\/en\/wp-json\/wp\/v2\/media?parent=905799"}],"wp:term":[{"taxonomy":"category","embeddable":true,"href":"https:\/\/dmcsrb.com\/en\/wp-json\/wp\/v2\/categories?post=905799"},{"taxonomy":"post_tag","embeddable":true,"href":"https:\/\/dmcsrb.com\/en\/wp-json\/wp\/v2\/tags?post=905799"},{"taxonomy":"naslovna","embeddable":true,"href":"https:\/\/dmcsrb.com\/en\/wp-json\/wp\/v2\/naslovna?post=905799"}],"curies":[{"name":"wp","href":"https:\/\/api.w.org\/{rel}","templated":true}]}}