{"id":905409,"date":"2026-01-07T12:39:00","date_gmt":"2026-01-07T11:39:00","guid":{"rendered":"https:\/\/gradski.me\/?p=905409"},"modified":"2026-01-07T12:39:00","modified_gmt":"2026-01-07T11:39:00","slug":"eu-jos-nije-spremna-za-povratak-obaveznog-vojnog-roka","status":"publish","type":"post","link":"https:\/\/dmcsrb.com\/en\/svijet\/eu-jos-nije-spremna-za-povratak-obaveznog-vojnog-roka\/","title":{"rendered":"EU jo\u0161 nije spremna za povratak obaveznog vojnog roka"},"content":{"rendered":"<p>Iako je rije\u010d regrutacija postala popularna u evropskim prijestonicama, malo je vjerovatno da \u0107e se vratiti u punoj snazi \u0161irom kontinenta, ocjenjuje se u analizi briselskog \u010dasopisa Parlament, koji prati evropske politike u razli\u010ditim oblastima.<\/p>\n\n\n\n<p>Ukazuje se da su poslije Hladnog rata evropske zemlje znatno smanjile i oru\u017eane snage i odbrambene bud\u017eete, pretpostavljaju\u0107i da Moskva vi\u0161e ne predstavlja prijetnju. Me\u0111utim, poslije vi\u0161e od tri decenije i gotovo \u010detiri godine od po\u010detka agresije Rusije na Ukrajinu, bezbjednosno okru\u017eenje se promijenilo i Evropa je osjetljivija nego ikad.<\/p>\n\n\n\n<p>Od ruske aneksije Krima 2014. godine, koja je postavila temelje za invaziju na Ukrajinu 2022, nekoliko evropskih zemalja ponovo je uvelo obavezni vojni rok, uklju\u010duju\u0107i Litvaniju (2015), \u0160vedsku (2017), Letoniju (2023) i Hrvatsku, koja je ove godine postala deseta \u010dlanica EU koja \u0107e se oslanjati na regrutaciju.<\/p>\n\n\n\n<p>Me\u0111utim, analiti\u010dari i vojni stru\u010dnjaci upozoravaju da \u0107e za ve\u0107inu \u010dlanica EU o\u017eivljavanje regrutacije biti preuranjeno jer ne postoje osnovni uslovi za to.<\/p>\n\n\n\n<p>&#8220;U ovom trenutku Evropa jo\u0161 nema kasarne, poligone za obuku ili instruktore potrebne za prijem ve\u0107eg broja regruta&#8221;, rekao je za \u010dasopis Parlament saradnik briselskog Centra za evropsku politiku (EPC) Kris Kremidas-Kortni.<\/p>\n\n\n\n<p>Dodao je da danas nema ni kulture liderstva i karijernih puteva potrebnih za zadr\u017eavanje talenata po zavr\u0161etku obaveznog slu\u017eenja, kao ni nacionalnog konsenzusa o vojnom roku.<\/p>\n\n\n\n<p>U EU se pristupi razlikuju i zemlje poput Austrije, Kipra, Danske i Gr\u010dke nikada nijesu ukinule regrutaciju, dok su se druge posljednjih decenija oslanjale na kombinaciju dobrovoljnih i profesionalnih snaga.<\/p>\n\n\n\n<p>Predsjednik krovne organizacije udru\u017eenja vojnog osoblja u Evropi Euromil Emanuel D\u017eejkob rekao je za Parlament da \u0107e dobrovoljna vojna slu\u017eba uspjeti samo ako nudi &#8220;stvarnu dodatu vrijednost&#8221;, \u0161to zna\u010di odgovaraju\u0107u obuku, zna\u010dajne uloge, pravednu platu i jasan put u profesionalni ili rezervni sastav.<\/p>\n\n\n\n<p>Istovremeno, analiti\u010dari ukazuju da se evropski napori da regrutuju vi\u0161e vojnika suo\u010davaju i sa kulturnim izazovom.<\/p>\n\n\n\n<p>Naime, danas mla\u0111e generacije ne vide mnogo razloga da &#8220;stave na \u010dekanje&#8221; karijere i li\u010dni \u017eivot kako bi slu\u017eile svojoj zemlji, posebno kada su suo\u010dene sa mogu\u0107no\u0161\u0107u, kako je to nedavno opisao generalni sekretar NATO-a Mark Rute, &#8220;rata razmjera onog koji su do\u017eivjele na\u0161e babe i djedovi&#8221;.<\/p>\n\n\n\n<p>Analiti\u010dari smatraju da najve\u0107i evropski problem nije regrutovanje ve\u0107 zadr\u017eavanje. Oni ukazuju da vojne snage na kontinentu br\u017ee gube talente nego \u0161to ih regrutuju.<\/p>\n\n\n\n<p>Kremidas-Kortni je upozorio da \u0107e ekspanzija vojske zasnovana na regrutaciji, ukoliko se ta kriza ne rije\u0161i, biti &#8220;statisti\u010dka iluzija&#8221;.<\/p>\n\n\n\n<p>Broj vojnika u Evropi, uklju\u010duju\u0107i Veliku Britaniju, pao je sa vi\u0161e od tri miliona devedesetih godina pro\u0161log vijeka na 1,47 miliona danas, prema podacima Stokholmskog me\u0111unarodnog instituta za istra\u017eivanje mira (SIPRI).<\/p>\n\n\n\n<p>&#8220;\u010cak i kada zemlje imaju relativno sna\u017ene nacionalne sisteme odbrane, socijalne i demografske promjene i dalje mogu ote\u017eati regrutovanje, razvoj i zadr\u017eavanje dovoljnog broja ljudi za ono \u0161to zahtijeva prijete\u0107e okru\u017eenje&#8221;, rekla je za Parlament istra\u017eiva\u010dica organizacije RAND Evropa Linda Slapakova.<\/p>\n\n\n\n<p>Drugi izazov za pove\u0107anje oru\u017eanih snaga, prema analiti\u010darima, jeste kako vojsku ponovo u\u010diniti privla\u010dnom.<\/p>\n\n\n\n<p>Prema istra\u017eivanju Euromila iz 2024. godine, pitanje zadr\u017eavanja u vojsci pojavilo se kao glavna briga u grupama za za\u0161titu prava vojnika jo\u0161 2011. i od tada se stanje pogor\u0161alo.<\/p>\n\n\n\n<p>&#8220;Bez sna\u017enih mjera za regrutovanje i zadr\u017eavanje, rizikujemo da imamo napredne sisteme, ali bez dovoljnog broja obu\u010denih ljudi da njima rukuju i odr\u017eavaju ih&#8221;, rekao je D\u017eejkob.<\/p>\n\n\n\n<p>Istra\u017eivanje Euromila pokazalo je da se kao razlozi za pad morala i rastu\u0107i odliv zaposlenih u vojsci navode lo\u0161a ravnote\u017ea izme\u0111u posla i privatnog \u017eivota, ograni\u010deno napredovanje u karijeri i nekonkurentne plate i beneficije.<\/p>\n\n\n\n<p>Rje\u0161avanje problema, prema Euromilu, mora po\u010deti pretvaranjem oru\u017eanih snaga u moderne poslodavce koji nude konkurentne plate, predvidljive uslove rada, moderno vo\u0111stvo, odgovaraju\u0107i smje\u0161taj i opremu, kao i puna socijalna prava.<\/p>\n\n\n\n<p>Kao potencijalno dobar model za privla\u010denje regruta u tekstu se navodi \u0161vedski, koji predvi\u0111a pozivanje odre\u0111enog broja osamnaestogodi\u0161njaka na vojnu obuku na osnovu potreba, a ne univerzalnu vojnu obavezu.<\/p>\n\n\n\n<p>Slapakova smatra da bi \u0161vedski model mogao da se primijeni i u drugim \u010dlanicama EU, ali bi &#8220;morao da bude politi\u010dki i kulturno prihvatljiv&#8221;.<\/p>\n\n\n\n<p>D\u017eejkob istovremeno ka\u017ee da je za uspje\u0161an model regrutovanja klju\u010dno &#8220;investiranje u ljude&#8221;.<\/p>\n\n\n\n<p>&#8220;Budu\u0107a odbrana Evrope oslanja\u0107e se na uravnote\u017eenu mje\u0161avinu profesionalnih snaga, dobro obu\u010denih i aktivnih rezervi i ciljanih programa dobrovoljne slu\u017ebe&#8221;, zaklju\u010dio je prvi \u010dovjek Euromila.<\/p>","protected":false},"excerpt":{"rendered":"<p>Dok se evropske nacije, suo\u010dene sa ruskom agresijom i neizvjesnim ameri\u010dkim bezbjednosnim garancijama, bore da izgrade svoje vojske, zemlje od Njema\u010dke do Hrvatske \u017eele da uvedu nove oblike vojne slu\u017ebe, uklju\u010duju\u0107i obaveznu regrutaciju.<\/p>","protected":false},"author":1,"featured_media":447580,"comment_status":"open","ping_status":"open","sticky":false,"template":"","format":"standard","meta":{"_acf_changed":false,"footnotes":""},"categories":[144],"tags":[10,5832],"naslovna":[],"class_list":["post-905409","post","type-post","status-publish","format-standard","has-post-thumbnail","hentry","category-svijet","tag-eu","tag-vojni-rok"],"acf":[],"yoast_head":"<!-- This site is optimized with the Yoast SEO plugin v27.4 - https:\/\/yoast.com\/product\/yoast-seo-wordpress\/ -->\n<title>EU jo\u0161 nije spremna za povratak obaveznog vojnog roka - dmcsrb.com<\/title>\n<meta name=\"robots\" content=\"index, follow, max-snippet:-1, max-image-preview:large, max-video-preview:-1\" \/>\n<link rel=\"canonical\" href=\"https:\/\/dmcsrb.com\/en\/svijet\/eu-jos-nije-spremna-za-povratak-obaveznog-vojnog-roka\/\" \/>\n<meta property=\"og:locale\" content=\"en_GB\" \/>\n<meta property=\"og:type\" content=\"article\" \/>\n<meta property=\"og:title\" content=\"EU jo\u0161 nije spremna za povratak obaveznog vojnog roka - dmcsrb.com\" \/>\n<meta property=\"og:description\" content=\"Dok se evropske nacije, suo\u010dene sa ruskom agresijom i neizvjesnim ameri\u010dkim bezbjednosnim garancijama, bore da izgrade svoje vojske, zemlje od Njema\u010dke do Hrvatske \u017eele da uvedu nove oblike vojne slu\u017ebe, uklju\u010duju\u0107i obaveznu regrutaciju.\" \/>\n<meta property=\"og:url\" content=\"https:\/\/dmcsrb.com\/en\/svijet\/eu-jos-nije-spremna-za-povratak-obaveznog-vojnog-roka\/\" \/>\n<meta property=\"og:site_name\" content=\"dmcsrb.com\" \/>\n<meta property=\"article:published_time\" content=\"2026-01-07T11:39:00+00:00\" \/>\n<meta property=\"og:image\" content=\"https:\/\/dmcsrb.com\/wp-content\/uploads\/2023\/08\/evropska-unija2.jpg\" \/>\n\t<meta property=\"og:image:width\" content=\"1000\" \/>\n\t<meta property=\"og:image:height\" content=\"555\" \/>\n\t<meta property=\"og:image:type\" content=\"image\/jpeg\" \/>\n<meta name=\"author\" content=\"dmcsrbija.com@gmail.com\" \/>\n<meta name=\"twitter:card\" content=\"summary_large_image\" \/>\n<meta name=\"twitter:label1\" content=\"Written by\" \/>\n\t<meta name=\"twitter:data1\" content=\"dmcsrbija.com@gmail.com\" \/>\n\t<meta name=\"twitter:label2\" content=\"Estimated reading time\" \/>\n\t<meta name=\"twitter:data2\" content=\"4 minutes\" \/>\n<script type=\"application\/ld+json\" class=\"yoast-schema-graph\">{\"@context\":\"https:\\\/\\\/schema.org\",\"@graph\":[{\"@type\":\"Article\",\"@id\":\"https:\\\/\\\/dmcsrb.com\\\/svijet\\\/eu-jos-nije-spremna-za-povratak-obaveznog-vojnog-roka\\\/#article\",\"isPartOf\":{\"@id\":\"https:\\\/\\\/dmcsrb.com\\\/svijet\\\/eu-jos-nije-spremna-za-povratak-obaveznog-vojnog-roka\\\/\"},\"author\":{\"name\":\"dmcsrbija.com@gmail.com\",\"@id\":\"https:\\\/\\\/dmcsrb.com\\\/#\\\/schema\\\/person\\\/5c39170f12db1b8b457732d0b5c854e2\"},\"headline\":\"EU jo\u0161 nije spremna za povratak obaveznog vojnog roka\",\"datePublished\":\"2026-01-07T11:39:00+00:00\",\"mainEntityOfPage\":{\"@id\":\"https:\\\/\\\/dmcsrb.com\\\/svijet\\\/eu-jos-nije-spremna-za-povratak-obaveznog-vojnog-roka\\\/\"},\"wordCount\":789,\"commentCount\":0,\"image\":{\"@id\":\"https:\\\/\\\/dmcsrb.com\\\/svijet\\\/eu-jos-nije-spremna-za-povratak-obaveznog-vojnog-roka\\\/#primaryimage\"},\"thumbnailUrl\":\"https:\\\/\\\/dmcsrb.com\\\/wp-content\\\/uploads\\\/2023\\\/08\\\/evropska-unija2.jpg\",\"keywords\":[\"EU\",\"Vojni rok\"],\"articleSection\":[\"Svijet\"],\"inLanguage\":\"en-GB\",\"potentialAction\":[{\"@type\":\"CommentAction\",\"name\":\"Comment\",\"target\":[\"https:\\\/\\\/dmcsrb.com\\\/svijet\\\/eu-jos-nije-spremna-za-povratak-obaveznog-vojnog-roka\\\/#respond\"]}]},{\"@type\":\"WebPage\",\"@id\":\"https:\\\/\\\/dmcsrb.com\\\/svijet\\\/eu-jos-nije-spremna-za-povratak-obaveznog-vojnog-roka\\\/\",\"url\":\"https:\\\/\\\/dmcsrb.com\\\/svijet\\\/eu-jos-nije-spremna-za-povratak-obaveznog-vojnog-roka\\\/\",\"name\":\"EU jo\u0161 nije spremna za povratak obaveznog vojnog roka - dmcsrb.com\",\"isPartOf\":{\"@id\":\"https:\\\/\\\/dmcsrb.com\\\/#website\"},\"primaryImageOfPage\":{\"@id\":\"https:\\\/\\\/dmcsrb.com\\\/svijet\\\/eu-jos-nije-spremna-za-povratak-obaveznog-vojnog-roka\\\/#primaryimage\"},\"image\":{\"@id\":\"https:\\\/\\\/dmcsrb.com\\\/svijet\\\/eu-jos-nije-spremna-za-povratak-obaveznog-vojnog-roka\\\/#primaryimage\"},\"thumbnailUrl\":\"https:\\\/\\\/dmcsrb.com\\\/wp-content\\\/uploads\\\/2023\\\/08\\\/evropska-unija2.jpg\",\"datePublished\":\"2026-01-07T11:39:00+00:00\",\"author\":{\"@id\":\"https:\\\/\\\/dmcsrb.com\\\/#\\\/schema\\\/person\\\/5c39170f12db1b8b457732d0b5c854e2\"},\"breadcrumb\":{\"@id\":\"https:\\\/\\\/dmcsrb.com\\\/svijet\\\/eu-jos-nije-spremna-za-povratak-obaveznog-vojnog-roka\\\/#breadcrumb\"},\"inLanguage\":\"en-GB\",\"potentialAction\":[{\"@type\":\"ReadAction\",\"target\":[\"https:\\\/\\\/dmcsrb.com\\\/svijet\\\/eu-jos-nije-spremna-za-povratak-obaveznog-vojnog-roka\\\/\"]}]},{\"@type\":\"ImageObject\",\"inLanguage\":\"en-GB\",\"@id\":\"https:\\\/\\\/dmcsrb.com\\\/svijet\\\/eu-jos-nije-spremna-za-povratak-obaveznog-vojnog-roka\\\/#primaryimage\",\"url\":\"https:\\\/\\\/dmcsrb.com\\\/wp-content\\\/uploads\\\/2023\\\/08\\\/evropska-unija2.jpg\",\"contentUrl\":\"https:\\\/\\\/dmcsrb.com\\\/wp-content\\\/uploads\\\/2023\\\/08\\\/evropska-unija2.jpg\",\"width\":1000,\"height\":555},{\"@type\":\"BreadcrumbList\",\"@id\":\"https:\\\/\\\/dmcsrb.com\\\/svijet\\\/eu-jos-nije-spremna-za-povratak-obaveznog-vojnog-roka\\\/#breadcrumb\",\"itemListElement\":[{\"@type\":\"ListItem\",\"position\":1,\"name\":\"Home\",\"item\":\"https:\\\/\\\/dmcsrb.com\\\/\"},{\"@type\":\"ListItem\",\"position\":2,\"name\":\"EU jo\u0161 nije spremna za povratak obaveznog vojnog roka\"}]},{\"@type\":\"WebSite\",\"@id\":\"https:\\\/\\\/dmcsrb.com\\\/#website\",\"url\":\"https:\\\/\\\/dmcsrb.com\\\/\",\"name\":\"dmcsrb.com\",\"description\":\"\",\"potentialAction\":[{\"@type\":\"SearchAction\",\"target\":{\"@type\":\"EntryPoint\",\"urlTemplate\":\"https:\\\/\\\/dmcsrb.com\\\/?s={search_term_string}\"},\"query-input\":{\"@type\":\"PropertyValueSpecification\",\"valueRequired\":true,\"valueName\":\"search_term_string\"}}],\"inLanguage\":\"en-GB\"},{\"@type\":\"Person\",\"@id\":\"https:\\\/\\\/dmcsrb.com\\\/#\\\/schema\\\/person\\\/5c39170f12db1b8b457732d0b5c854e2\",\"name\":\"dmcsrbija.com@gmail.com\",\"image\":{\"@type\":\"ImageObject\",\"inLanguage\":\"en-GB\",\"@id\":\"https:\\\/\\\/secure.gravatar.com\\\/avatar\\\/68592660ad6347fad0fb587f8d5d8f1a7b44961362f56e4f2cd524feb87e9069?s=96&d=mm&r=g\",\"url\":\"https:\\\/\\\/secure.gravatar.com\\\/avatar\\\/68592660ad6347fad0fb587f8d5d8f1a7b44961362f56e4f2cd524feb87e9069?s=96&d=mm&r=g\",\"contentUrl\":\"https:\\\/\\\/secure.gravatar.com\\\/avatar\\\/68592660ad6347fad0fb587f8d5d8f1a7b44961362f56e4f2cd524feb87e9069?s=96&d=mm&r=g\",\"caption\":\"dmcsrbija.com@gmail.com\"},\"sameAs\":[\"https:\\\/\\\/dmcsrb.com\"],\"url\":\"https:\\\/\\\/dmcsrb.com\\\/en\\\/author\\\/dmcsrbija-comgmail-com\\\/\"}]}<\/script>\n<!-- \/ Yoast SEO plugin. -->","yoast_head_json":{"title":"EU jo\u0161 nije spremna za povratak obaveznog vojnog roka - dmcsrb.com","robots":{"index":"index","follow":"follow","max-snippet":"max-snippet:-1","max-image-preview":"max-image-preview:large","max-video-preview":"max-video-preview:-1"},"canonical":"https:\/\/dmcsrb.com\/en\/svijet\/eu-jos-nije-spremna-za-povratak-obaveznog-vojnog-roka\/","og_locale":"en_GB","og_type":"article","og_title":"EU jo\u0161 nije spremna za povratak obaveznog vojnog roka - dmcsrb.com","og_description":"Dok se evropske nacije, suo\u010dene sa ruskom agresijom i neizvjesnim ameri\u010dkim bezbjednosnim garancijama, bore da izgrade svoje vojske, zemlje od Njema\u010dke do Hrvatske \u017eele da uvedu nove oblike vojne slu\u017ebe, uklju\u010duju\u0107i obaveznu regrutaciju.","og_url":"https:\/\/dmcsrb.com\/en\/svijet\/eu-jos-nije-spremna-za-povratak-obaveznog-vojnog-roka\/","og_site_name":"dmcsrb.com","article_published_time":"2026-01-07T11:39:00+00:00","og_image":[{"width":1000,"height":555,"url":"https:\/\/dmcsrb.com\/wp-content\/uploads\/2023\/08\/evropska-unija2.jpg","type":"image\/jpeg"}],"author":"dmcsrbija.com@gmail.com","twitter_card":"summary_large_image","twitter_misc":{"Written by":"dmcsrbija.com@gmail.com","Estimated reading time":"4 minutes"},"schema":{"@context":"https:\/\/schema.org","@graph":[{"@type":"Article","@id":"https:\/\/dmcsrb.com\/svijet\/eu-jos-nije-spremna-za-povratak-obaveznog-vojnog-roka\/#article","isPartOf":{"@id":"https:\/\/dmcsrb.com\/svijet\/eu-jos-nije-spremna-za-povratak-obaveznog-vojnog-roka\/"},"author":{"name":"dmcsrbija.com@gmail.com","@id":"https:\/\/dmcsrb.com\/#\/schema\/person\/5c39170f12db1b8b457732d0b5c854e2"},"headline":"EU jo\u0161 nije spremna za povratak obaveznog vojnog roka","datePublished":"2026-01-07T11:39:00+00:00","mainEntityOfPage":{"@id":"https:\/\/dmcsrb.com\/svijet\/eu-jos-nije-spremna-za-povratak-obaveznog-vojnog-roka\/"},"wordCount":789,"commentCount":0,"image":{"@id":"https:\/\/dmcsrb.com\/svijet\/eu-jos-nije-spremna-za-povratak-obaveznog-vojnog-roka\/#primaryimage"},"thumbnailUrl":"https:\/\/dmcsrb.com\/wp-content\/uploads\/2023\/08\/evropska-unija2.jpg","keywords":["EU","Vojni rok"],"articleSection":["Svijet"],"inLanguage":"en-GB","potentialAction":[{"@type":"CommentAction","name":"Comment","target":["https:\/\/dmcsrb.com\/svijet\/eu-jos-nije-spremna-za-povratak-obaveznog-vojnog-roka\/#respond"]}]},{"@type":"WebPage","@id":"https:\/\/dmcsrb.com\/svijet\/eu-jos-nije-spremna-za-povratak-obaveznog-vojnog-roka\/","url":"https:\/\/dmcsrb.com\/svijet\/eu-jos-nije-spremna-za-povratak-obaveznog-vojnog-roka\/","name":"EU jo\u0161 nije spremna za povratak obaveznog vojnog roka - dmcsrb.com","isPartOf":{"@id":"https:\/\/dmcsrb.com\/#website"},"primaryImageOfPage":{"@id":"https:\/\/dmcsrb.com\/svijet\/eu-jos-nije-spremna-za-povratak-obaveznog-vojnog-roka\/#primaryimage"},"image":{"@id":"https:\/\/dmcsrb.com\/svijet\/eu-jos-nije-spremna-za-povratak-obaveznog-vojnog-roka\/#primaryimage"},"thumbnailUrl":"https:\/\/dmcsrb.com\/wp-content\/uploads\/2023\/08\/evropska-unija2.jpg","datePublished":"2026-01-07T11:39:00+00:00","author":{"@id":"https:\/\/dmcsrb.com\/#\/schema\/person\/5c39170f12db1b8b457732d0b5c854e2"},"breadcrumb":{"@id":"https:\/\/dmcsrb.com\/svijet\/eu-jos-nije-spremna-za-povratak-obaveznog-vojnog-roka\/#breadcrumb"},"inLanguage":"en-GB","potentialAction":[{"@type":"ReadAction","target":["https:\/\/dmcsrb.com\/svijet\/eu-jos-nije-spremna-za-povratak-obaveznog-vojnog-roka\/"]}]},{"@type":"ImageObject","inLanguage":"en-GB","@id":"https:\/\/dmcsrb.com\/svijet\/eu-jos-nije-spremna-za-povratak-obaveznog-vojnog-roka\/#primaryimage","url":"https:\/\/dmcsrb.com\/wp-content\/uploads\/2023\/08\/evropska-unija2.jpg","contentUrl":"https:\/\/dmcsrb.com\/wp-content\/uploads\/2023\/08\/evropska-unija2.jpg","width":1000,"height":555},{"@type":"BreadcrumbList","@id":"https:\/\/dmcsrb.com\/svijet\/eu-jos-nije-spremna-za-povratak-obaveznog-vojnog-roka\/#breadcrumb","itemListElement":[{"@type":"ListItem","position":1,"name":"Home","item":"https:\/\/dmcsrb.com\/"},{"@type":"ListItem","position":2,"name":"EU jo\u0161 nije spremna za povratak obaveznog vojnog roka"}]},{"@type":"WebSite","@id":"https:\/\/dmcsrb.com\/#website","url":"https:\/\/dmcsrb.com\/","name":"dmcsrb.com","description":"","potentialAction":[{"@type":"SearchAction","target":{"@type":"EntryPoint","urlTemplate":"https:\/\/dmcsrb.com\/?s={search_term_string}"},"query-input":{"@type":"PropertyValueSpecification","valueRequired":true,"valueName":"search_term_string"}}],"inLanguage":"en-GB"},{"@type":"Person","@id":"https:\/\/dmcsrb.com\/#\/schema\/person\/5c39170f12db1b8b457732d0b5c854e2","name":"dmcsrbija.com@gmail.com","image":{"@type":"ImageObject","inLanguage":"en-GB","@id":"https:\/\/secure.gravatar.com\/avatar\/68592660ad6347fad0fb587f8d5d8f1a7b44961362f56e4f2cd524feb87e9069?s=96&d=mm&r=g","url":"https:\/\/secure.gravatar.com\/avatar\/68592660ad6347fad0fb587f8d5d8f1a7b44961362f56e4f2cd524feb87e9069?s=96&d=mm&r=g","contentUrl":"https:\/\/secure.gravatar.com\/avatar\/68592660ad6347fad0fb587f8d5d8f1a7b44961362f56e4f2cd524feb87e9069?s=96&d=mm&r=g","caption":"dmcsrbija.com@gmail.com"},"sameAs":["https:\/\/dmcsrb.com"],"url":"https:\/\/dmcsrb.com\/en\/author\/dmcsrbija-comgmail-com\/"}]}},"_links":{"self":[{"href":"https:\/\/dmcsrb.com\/en\/wp-json\/wp\/v2\/posts\/905409","targetHints":{"allow":["GET"]}}],"collection":[{"href":"https:\/\/dmcsrb.com\/en\/wp-json\/wp\/v2\/posts"}],"about":[{"href":"https:\/\/dmcsrb.com\/en\/wp-json\/wp\/v2\/types\/post"}],"author":[{"embeddable":true,"href":"https:\/\/dmcsrb.com\/en\/wp-json\/wp\/v2\/users\/1"}],"replies":[{"embeddable":true,"href":"https:\/\/dmcsrb.com\/en\/wp-json\/wp\/v2\/comments?post=905409"}],"version-history":[{"count":0,"href":"https:\/\/dmcsrb.com\/en\/wp-json\/wp\/v2\/posts\/905409\/revisions"}],"wp:featuredmedia":[{"embeddable":true,"href":"https:\/\/dmcsrb.com\/en\/wp-json\/wp\/v2\/media\/447580"}],"wp:attachment":[{"href":"https:\/\/dmcsrb.com\/en\/wp-json\/wp\/v2\/media?parent=905409"}],"wp:term":[{"taxonomy":"category","embeddable":true,"href":"https:\/\/dmcsrb.com\/en\/wp-json\/wp\/v2\/categories?post=905409"},{"taxonomy":"post_tag","embeddable":true,"href":"https:\/\/dmcsrb.com\/en\/wp-json\/wp\/v2\/tags?post=905409"},{"taxonomy":"naslovna","embeddable":true,"href":"https:\/\/dmcsrb.com\/en\/wp-json\/wp\/v2\/naslovna?post=905409"}],"curies":[{"name":"wp","href":"https:\/\/api.w.org\/{rel}","templated":true}]}}