{"id":905390,"date":"2026-01-07T09:37:00","date_gmt":"2026-01-07T08:37:00","guid":{"rendered":"https:\/\/gradski.me\/?p=905390"},"modified":"2026-01-07T09:37:00","modified_gmt":"2026-01-07T08:37:00","slug":"u-danilovgradu-zbog-poplava-evakuisano-vise-porodica","status":"publish","type":"post","link":"https:\/\/dmcsrb.com\/en\/drustvo\/u-danilovgradu-zbog-poplava-evakuisano-vise-porodica\/","title":{"rendered":"U Danilovgradu zbog poplava evakuisano vi\u0161e porodica"},"content":{"rendered":"<p>&#8220;Situacija se dodatno zakomplikovala tokom no\u0107i. Imali smo tri evakuacije, dvije u Klikova\u010dama i jednu u Bandi\u0107ima&#8221;, ka\u017ee Grgurovi\u0107 za Jutarnji program &#8220;Dobro jutro Crna Goro&#8221;.<\/p>\n\n\n\n<p>\u00a0U Pa\u017ei\u0107ima su evakuisane \u010detiri porodice.<\/p>\n\n\n\n<p>&nbsp;u tom dijelu je zatvoren saobra\u0107aj, te se saobra\u0107a alternativnim putevima.<\/p>\n\n\n\n<p>&#8220;O\u010dekuje se stabilizacija vremenskih prilika i o\u010dekujemo da \u0107e se dionica tokom dana otvoriti za saobra\u0107aj. Slu\u017ebe su tokom cijele no\u0107i bile aktivne, ljudi su pripravni, i Slu\u017ebe za\u0161tite i Komunalne policije su na terenu, a dobra je komunikacija i sa UP&#8221;, ka\u017ee Grgurovi\u0107.<\/p>\n\n\n\n<p>Porodicama je, kako ka\u017ee, ponu\u0111en smje\u0161taj u hotelu i u Policijskoj akademiji Danilovgrad, mada je ve\u0107ina gra\u0111ana no\u0107ila kod ro\u0111aka ili kom\u0161ija.<\/p>\n\n\n\n<p>Poru\u010duje da \u0107e se nakon povla\u010denja vode odraditi procjena \u0161tete i da \u0107e op\u0161tina biti tu za sve njene gra\u0111ane.<\/p>","protected":false},"excerpt":{"rendered":"<p>Predsjednik Op\u0161tine Danilovgrad Aleksandar Grgurovi\u0107 ka\u017ee da se situacija sa poplavama u toj op\u0161tini dodatno zakomplikovala tokom no\u0107i i da je vi\u0161e porodica evakuisano. Njima je smje\u0161taj ponu\u0111en u Policijskoj akademiji, a nakon povla\u010denja vode op\u0161tina \u0107e odraditi procjenu \u0161tete i, kako ka\u017ee Grgurovi\u0107, biti tu za sve svoje gra\u0111ane. Saobra\u0107aj je obustavljen na vi\u0161e lokacija. Neprohodna je Orja Luka, kriti\u010dno je i kod Komana, a Zeta se izlila i u Pa\u017ei\u0107ima.<\/p>","protected":false},"author":1,"featured_media":905391,"comment_status":"open","ping_status":"open","sticky":false,"template":"","format":"standard","meta":{"_acf_changed":false,"footnotes":""},"categories":[2],"tags":[159,3824,2769],"naslovna":[5433],"class_list":["post-905390","post","type-post","status-publish","format-standard","has-post-thumbnail","hentry","category-drustvo","tag-danilovgrad","tag-evakuacija","tag-poplave"],"acf":[],"yoast_head":"<!-- This site is optimized with the Yoast SEO plugin v27.0 - https:\/\/yoast.com\/product\/yoast-seo-wordpress\/ -->\n<title>U Danilovgradu zbog poplava evakuisano vi\u0161e porodica - dmcsrb.com<\/title>\n<meta name=\"robots\" content=\"index, follow, max-snippet:-1, max-image-preview:large, max-video-preview:-1\" \/>\n<link rel=\"canonical\" href=\"https:\/\/dmcsrb.com\/en\/drustvo\/u-danilovgradu-zbog-poplava-evakuisano-vise-porodica\/\" \/>\n<meta property=\"og:locale\" content=\"en_GB\" \/>\n<meta property=\"og:type\" content=\"article\" \/>\n<meta property=\"og:title\" content=\"U Danilovgradu zbog poplava evakuisano vi\u0161e porodica - dmcsrb.com\" \/>\n<meta property=\"og:description\" content=\"Predsjednik Op\u0161tine Danilovgrad Aleksandar Grgurovi\u0107 ka\u017ee da se situacija sa poplavama u toj op\u0161tini dodatno zakomplikovala tokom no\u0107i i da je vi\u0161e porodica evakuisano. Njima je smje\u0161taj ponu\u0111en u Policijskoj akademiji, a nakon povla\u010denja vode op\u0161tina \u0107e odraditi procjenu \u0161tete i, kako ka\u017ee Grgurovi\u0107, biti tu za sve svoje gra\u0111ane. Saobra\u0107aj je obustavljen na vi\u0161e lokacija. Neprohodna je Orja Luka, kriti\u010dno je i kod Komana, a Zeta se izlila i u Pa\u017ei\u0107ima.\" \/>\n<meta property=\"og:url\" content=\"https:\/\/dmcsrb.com\/en\/drustvo\/u-danilovgradu-zbog-poplava-evakuisano-vise-porodica\/\" \/>\n<meta property=\"og:site_name\" content=\"dmcsrb.com\" \/>\n<meta property=\"article:published_time\" content=\"2026-01-07T08:37:00+00:00\" \/>\n<meta property=\"og:image\" content=\"https:\/\/dmcsrb.com\/wp-content\/uploads\/2026\/01\/Danilovgrad-1.png\" \/>\n\t<meta property=\"og:image:width\" content=\"707\" \/>\n\t<meta property=\"og:image:height\" content=\"568\" \/>\n\t<meta property=\"og:image:type\" content=\"image\/png\" \/>\n<meta name=\"author\" content=\"dmcsrbija.com@gmail.com\" \/>\n<meta name=\"twitter:card\" content=\"summary_large_image\" \/>\n<meta name=\"twitter:label1\" content=\"Written by\" \/>\n\t<meta name=\"twitter:data1\" content=\"dmcsrbija.com@gmail.com\" \/>\n\t<meta name=\"twitter:label2\" content=\"Estimated reading time\" \/>\n\t<meta name=\"twitter:data2\" content=\"1 minute\" \/>\n<script type=\"application\/ld+json\" class=\"yoast-schema-graph\">{\"@context\":\"https:\/\/schema.org\",\"@graph\":[{\"@type\":\"Article\",\"@id\":\"https:\/\/dmcsrb.com\/drustvo\/u-danilovgradu-zbog-poplava-evakuisano-vise-porodica\/#article\",\"isPartOf\":{\"@id\":\"https:\/\/dmcsrb.com\/drustvo\/u-danilovgradu-zbog-poplava-evakuisano-vise-porodica\/\"},\"author\":{\"name\":\"dmcsrbija.com@gmail.com\",\"@id\":\"https:\/\/dmcsrb.com\/#\/schema\/person\/5c39170f12db1b8b457732d0b5c854e2\"},\"headline\":\"U Danilovgradu zbog poplava evakuisano vi\u0161e porodica\",\"datePublished\":\"2026-01-07T08:37:00+00:00\",\"mainEntityOfPage\":{\"@id\":\"https:\/\/dmcsrb.com\/drustvo\/u-danilovgradu-zbog-poplava-evakuisano-vise-porodica\/\"},\"wordCount\":166,\"commentCount\":0,\"image\":{\"@id\":\"https:\/\/dmcsrb.com\/drustvo\/u-danilovgradu-zbog-poplava-evakuisano-vise-porodica\/#primaryimage\"},\"thumbnailUrl\":\"https:\/\/dmcsrb.com\/wp-content\/uploads\/2026\/01\/Danilovgrad-1.png\",\"keywords\":[\"Danilovgrad\",\"evakuacija\",\"Poplave\"],\"articleSection\":[\"Dru\u0161tvo\"],\"inLanguage\":\"en-GB\",\"potentialAction\":[{\"@type\":\"CommentAction\",\"name\":\"Comment\",\"target\":[\"https:\/\/dmcsrb.com\/drustvo\/u-danilovgradu-zbog-poplava-evakuisano-vise-porodica\/#respond\"]}]},{\"@type\":\"WebPage\",\"@id\":\"https:\/\/dmcsrb.com\/drustvo\/u-danilovgradu-zbog-poplava-evakuisano-vise-porodica\/\",\"url\":\"https:\/\/dmcsrb.com\/drustvo\/u-danilovgradu-zbog-poplava-evakuisano-vise-porodica\/\",\"name\":\"U Danilovgradu zbog poplava evakuisano vi\u0161e porodica - dmcsrb.com\",\"isPartOf\":{\"@id\":\"https:\/\/dmcsrb.com\/#website\"},\"primaryImageOfPage\":{\"@id\":\"https:\/\/dmcsrb.com\/drustvo\/u-danilovgradu-zbog-poplava-evakuisano-vise-porodica\/#primaryimage\"},\"image\":{\"@id\":\"https:\/\/dmcsrb.com\/drustvo\/u-danilovgradu-zbog-poplava-evakuisano-vise-porodica\/#primaryimage\"},\"thumbnailUrl\":\"https:\/\/dmcsrb.com\/wp-content\/uploads\/2026\/01\/Danilovgrad-1.png\",\"datePublished\":\"2026-01-07T08:37:00+00:00\",\"author\":{\"@id\":\"https:\/\/dmcsrb.com\/#\/schema\/person\/5c39170f12db1b8b457732d0b5c854e2\"},\"breadcrumb\":{\"@id\":\"https:\/\/dmcsrb.com\/drustvo\/u-danilovgradu-zbog-poplava-evakuisano-vise-porodica\/#breadcrumb\"},\"inLanguage\":\"en-GB\",\"potentialAction\":[{\"@type\":\"ReadAction\",\"target\":[\"https:\/\/dmcsrb.com\/drustvo\/u-danilovgradu-zbog-poplava-evakuisano-vise-porodica\/\"]}]},{\"@type\":\"ImageObject\",\"inLanguage\":\"en-GB\",\"@id\":\"https:\/\/dmcsrb.com\/drustvo\/u-danilovgradu-zbog-poplava-evakuisano-vise-porodica\/#primaryimage\",\"url\":\"https:\/\/dmcsrb.com\/wp-content\/uploads\/2026\/01\/Danilovgrad-1.png\",\"contentUrl\":\"https:\/\/dmcsrb.com\/wp-content\/uploads\/2026\/01\/Danilovgrad-1.png\",\"width\":707,\"height\":568,\"caption\":\"Foto: Op\u0161tina Danilovgrad\"},{\"@type\":\"BreadcrumbList\",\"@id\":\"https:\/\/dmcsrb.com\/drustvo\/u-danilovgradu-zbog-poplava-evakuisano-vise-porodica\/#breadcrumb\",\"itemListElement\":[{\"@type\":\"ListItem\",\"position\":1,\"name\":\"Home\",\"item\":\"https:\/\/dmcsrb.com\/\"},{\"@type\":\"ListItem\",\"position\":2,\"name\":\"U Danilovgradu zbog poplava evakuisano vi\u0161e porodica\"}]},{\"@type\":\"WebSite\",\"@id\":\"https:\/\/dmcsrb.com\/#website\",\"url\":\"https:\/\/dmcsrb.com\/\",\"name\":\"dmcsrb.com\",\"description\":\"\",\"potentialAction\":[{\"@type\":\"SearchAction\",\"target\":{\"@type\":\"EntryPoint\",\"urlTemplate\":\"https:\/\/dmcsrb.com\/?s={search_term_string}\"},\"query-input\":{\"@type\":\"PropertyValueSpecification\",\"valueRequired\":true,\"valueName\":\"search_term_string\"}}],\"inLanguage\":\"en-GB\"},{\"@type\":\"Person\",\"@id\":\"https:\/\/dmcsrb.com\/#\/schema\/person\/5c39170f12db1b8b457732d0b5c854e2\",\"name\":\"dmcsrbija.com@gmail.com\",\"image\":{\"@type\":\"ImageObject\",\"inLanguage\":\"en-GB\",\"@id\":\"https:\/\/dmcsrb.com\/#\/schema\/person\/image\/\",\"url\":\"https:\/\/secure.gravatar.com\/avatar\/68592660ad6347fad0fb587f8d5d8f1a7b44961362f56e4f2cd524feb87e9069?s=96&d=mm&r=g\",\"contentUrl\":\"https:\/\/secure.gravatar.com\/avatar\/68592660ad6347fad0fb587f8d5d8f1a7b44961362f56e4f2cd524feb87e9069?s=96&d=mm&r=g\",\"caption\":\"dmcsrbija.com@gmail.com\"},\"sameAs\":[\"https:\/\/dmcsrb.com\"],\"url\":\"https:\/\/dmcsrb.com\/en\/author\/dmcsrbija-comgmail-com\/\"}]}<\/script>\n<!-- \/ Yoast SEO plugin. -->","yoast_head_json":{"title":"U Danilovgradu zbog poplava evakuisano vi\u0161e porodica - dmcsrb.com","robots":{"index":"index","follow":"follow","max-snippet":"max-snippet:-1","max-image-preview":"max-image-preview:large","max-video-preview":"max-video-preview:-1"},"canonical":"https:\/\/dmcsrb.com\/en\/drustvo\/u-danilovgradu-zbog-poplava-evakuisano-vise-porodica\/","og_locale":"en_GB","og_type":"article","og_title":"U Danilovgradu zbog poplava evakuisano vi\u0161e porodica - dmcsrb.com","og_description":"Predsjednik Op\u0161tine Danilovgrad Aleksandar Grgurovi\u0107 ka\u017ee da se situacija sa poplavama u toj op\u0161tini dodatno zakomplikovala tokom no\u0107i i da je vi\u0161e porodica evakuisano. Njima je smje\u0161taj ponu\u0111en u Policijskoj akademiji, a nakon povla\u010denja vode op\u0161tina \u0107e odraditi procjenu \u0161tete i, kako ka\u017ee Grgurovi\u0107, biti tu za sve svoje gra\u0111ane. Saobra\u0107aj je obustavljen na vi\u0161e lokacija. Neprohodna je Orja Luka, kriti\u010dno je i kod Komana, a Zeta se izlila i u Pa\u017ei\u0107ima.","og_url":"https:\/\/dmcsrb.com\/en\/drustvo\/u-danilovgradu-zbog-poplava-evakuisano-vise-porodica\/","og_site_name":"dmcsrb.com","article_published_time":"2026-01-07T08:37:00+00:00","og_image":[{"width":707,"height":568,"url":"https:\/\/dmcsrb.com\/wp-content\/uploads\/2026\/01\/Danilovgrad-1.png","type":"image\/png"}],"author":"dmcsrbija.com@gmail.com","twitter_card":"summary_large_image","twitter_misc":{"Written by":"dmcsrbija.com@gmail.com","Estimated reading time":"1 minute"},"schema":{"@context":"https:\/\/schema.org","@graph":[{"@type":"Article","@id":"https:\/\/dmcsrb.com\/drustvo\/u-danilovgradu-zbog-poplava-evakuisano-vise-porodica\/#article","isPartOf":{"@id":"https:\/\/dmcsrb.com\/drustvo\/u-danilovgradu-zbog-poplava-evakuisano-vise-porodica\/"},"author":{"name":"dmcsrbija.com@gmail.com","@id":"https:\/\/dmcsrb.com\/#\/schema\/person\/5c39170f12db1b8b457732d0b5c854e2"},"headline":"U Danilovgradu zbog poplava evakuisano vi\u0161e porodica","datePublished":"2026-01-07T08:37:00+00:00","mainEntityOfPage":{"@id":"https:\/\/dmcsrb.com\/drustvo\/u-danilovgradu-zbog-poplava-evakuisano-vise-porodica\/"},"wordCount":166,"commentCount":0,"image":{"@id":"https:\/\/dmcsrb.com\/drustvo\/u-danilovgradu-zbog-poplava-evakuisano-vise-porodica\/#primaryimage"},"thumbnailUrl":"https:\/\/dmcsrb.com\/wp-content\/uploads\/2026\/01\/Danilovgrad-1.png","keywords":["Danilovgrad","evakuacija","Poplave"],"articleSection":["Dru\u0161tvo"],"inLanguage":"en-GB","potentialAction":[{"@type":"CommentAction","name":"Comment","target":["https:\/\/dmcsrb.com\/drustvo\/u-danilovgradu-zbog-poplava-evakuisano-vise-porodica\/#respond"]}]},{"@type":"WebPage","@id":"https:\/\/dmcsrb.com\/drustvo\/u-danilovgradu-zbog-poplava-evakuisano-vise-porodica\/","url":"https:\/\/dmcsrb.com\/drustvo\/u-danilovgradu-zbog-poplava-evakuisano-vise-porodica\/","name":"U Danilovgradu zbog poplava evakuisano vi\u0161e porodica - dmcsrb.com","isPartOf":{"@id":"https:\/\/dmcsrb.com\/#website"},"primaryImageOfPage":{"@id":"https:\/\/dmcsrb.com\/drustvo\/u-danilovgradu-zbog-poplava-evakuisano-vise-porodica\/#primaryimage"},"image":{"@id":"https:\/\/dmcsrb.com\/drustvo\/u-danilovgradu-zbog-poplava-evakuisano-vise-porodica\/#primaryimage"},"thumbnailUrl":"https:\/\/dmcsrb.com\/wp-content\/uploads\/2026\/01\/Danilovgrad-1.png","datePublished":"2026-01-07T08:37:00+00:00","author":{"@id":"https:\/\/dmcsrb.com\/#\/schema\/person\/5c39170f12db1b8b457732d0b5c854e2"},"breadcrumb":{"@id":"https:\/\/dmcsrb.com\/drustvo\/u-danilovgradu-zbog-poplava-evakuisano-vise-porodica\/#breadcrumb"},"inLanguage":"en-GB","potentialAction":[{"@type":"ReadAction","target":["https:\/\/dmcsrb.com\/drustvo\/u-danilovgradu-zbog-poplava-evakuisano-vise-porodica\/"]}]},{"@type":"ImageObject","inLanguage":"en-GB","@id":"https:\/\/dmcsrb.com\/drustvo\/u-danilovgradu-zbog-poplava-evakuisano-vise-porodica\/#primaryimage","url":"https:\/\/dmcsrb.com\/wp-content\/uploads\/2026\/01\/Danilovgrad-1.png","contentUrl":"https:\/\/dmcsrb.com\/wp-content\/uploads\/2026\/01\/Danilovgrad-1.png","width":707,"height":568,"caption":"Foto: Op\u0161tina Danilovgrad"},{"@type":"BreadcrumbList","@id":"https:\/\/dmcsrb.com\/drustvo\/u-danilovgradu-zbog-poplava-evakuisano-vise-porodica\/#breadcrumb","itemListElement":[{"@type":"ListItem","position":1,"name":"Home","item":"https:\/\/dmcsrb.com\/"},{"@type":"ListItem","position":2,"name":"U Danilovgradu zbog poplava evakuisano vi\u0161e porodica"}]},{"@type":"WebSite","@id":"https:\/\/dmcsrb.com\/#website","url":"https:\/\/dmcsrb.com\/","name":"dmcsrb.com","description":"","potentialAction":[{"@type":"SearchAction","target":{"@type":"EntryPoint","urlTemplate":"https:\/\/dmcsrb.com\/?s={search_term_string}"},"query-input":{"@type":"PropertyValueSpecification","valueRequired":true,"valueName":"search_term_string"}}],"inLanguage":"en-GB"},{"@type":"Person","@id":"https:\/\/dmcsrb.com\/#\/schema\/person\/5c39170f12db1b8b457732d0b5c854e2","name":"dmcsrbija.com@gmail.com","image":{"@type":"ImageObject","inLanguage":"en-GB","@id":"https:\/\/dmcsrb.com\/#\/schema\/person\/image\/","url":"https:\/\/secure.gravatar.com\/avatar\/68592660ad6347fad0fb587f8d5d8f1a7b44961362f56e4f2cd524feb87e9069?s=96&d=mm&r=g","contentUrl":"https:\/\/secure.gravatar.com\/avatar\/68592660ad6347fad0fb587f8d5d8f1a7b44961362f56e4f2cd524feb87e9069?s=96&d=mm&r=g","caption":"dmcsrbija.com@gmail.com"},"sameAs":["https:\/\/dmcsrb.com"],"url":"https:\/\/dmcsrb.com\/en\/author\/dmcsrbija-comgmail-com\/"}]}},"_links":{"self":[{"href":"https:\/\/dmcsrb.com\/en\/wp-json\/wp\/v2\/posts\/905390","targetHints":{"allow":["GET"]}}],"collection":[{"href":"https:\/\/dmcsrb.com\/en\/wp-json\/wp\/v2\/posts"}],"about":[{"href":"https:\/\/dmcsrb.com\/en\/wp-json\/wp\/v2\/types\/post"}],"author":[{"embeddable":true,"href":"https:\/\/dmcsrb.com\/en\/wp-json\/wp\/v2\/users\/1"}],"replies":[{"embeddable":true,"href":"https:\/\/dmcsrb.com\/en\/wp-json\/wp\/v2\/comments?post=905390"}],"version-history":[{"count":0,"href":"https:\/\/dmcsrb.com\/en\/wp-json\/wp\/v2\/posts\/905390\/revisions"}],"wp:featuredmedia":[{"embeddable":true,"href":"https:\/\/dmcsrb.com\/en\/wp-json\/wp\/v2\/media\/905391"}],"wp:attachment":[{"href":"https:\/\/dmcsrb.com\/en\/wp-json\/wp\/v2\/media?parent=905390"}],"wp:term":[{"taxonomy":"category","embeddable":true,"href":"https:\/\/dmcsrb.com\/en\/wp-json\/wp\/v2\/categories?post=905390"},{"taxonomy":"post_tag","embeddable":true,"href":"https:\/\/dmcsrb.com\/en\/wp-json\/wp\/v2\/tags?post=905390"},{"taxonomy":"naslovna","embeddable":true,"href":"https:\/\/dmcsrb.com\/en\/wp-json\/wp\/v2\/naslovna?post=905390"}],"curies":[{"name":"wp","href":"https:\/\/api.w.org\/{rel}","templated":true}]}}