{"id":905381,"date":"2026-01-07T08:29:16","date_gmt":"2026-01-07T07:29:16","guid":{"rendered":"https:\/\/gradski.me\/?p=905381"},"modified":"2026-01-07T08:29:16","modified_gmt":"2026-01-07T07:29:16","slug":"put-berane-kolasin-sta-je-sa-prijavama-protiv-podizvodjaca-i-bivsih-funkcionera","status":"publish","type":"post","link":"https:\/\/dmcsrb.com\/en\/drustvo\/put-berane-kolasin-sta-je-sa-prijavama-protiv-podizvodjaca-i-bivsih-funkcionera\/","title":{"rendered":"Put Berane-Kola\u0161in: \u0160ta je sa prijavama protiv podizvo\u0111a\u010da i biv\u0161ih funkcionera?"},"content":{"rendered":"<p>Ono \u0161to zbog preciznosti i objektivnosti treba posebno naglasiti je to da je prvu dionicu puta od Berana do Lubnica gradila kompanija \u201cBemaks\u201d, kao i da je, \u0161to je u ovom trenutku posebno va\u017eno, \u201cBemaks\u201d bio podizvo\u0111a\u010d \u201cEuroasfaltu\u201d na dionici od Lubnica prema Jelovici, do mjesta odakle su gra\u0111ene njihove hidrocentrale.<\/p>\n\n\n\n<p>Jedna od malih hidrocentrala je upravo dobro od o\u010diju sakrivena ispod ovog polutunela, podvo\u017enjaka.<\/p>\n\n\n\n<p>Samo malo iznad tog mjesta u cijevi je stavljena rijeka Jezer\u0161tica, na \u010dijim vodama je mnogo viso\u010dije napravljena prva mala hidroelektrana, a zatim voda odatle cijevima odvedena dolje ni\u017ee, da poja\u010da protok ostalim elektranama.<\/p>\n\n\n\n<p>Od prve do poslednje hidrocentrale, nedaleko od Berana, kojih je ukupno oko deset, kroz trup puta \u201cBemaks\u201d je, za sada se ne zna uz \u010diju dozvolu, ugradio 13 kilometara cijevi. Istina je da \u201cBemaks\u201d prikazuje, i tako pla\u0107a porez na nepokretnosti, da ima \u010detiri male hidrocentrale.<\/p>\n\n\n\n<p>\u010cinjenica je, me\u0111utim, da njihove male hidrocentrale pod nazivom \u201cJelovica 1\u201d&nbsp; i \u201cJelovica 2\u201d imaju po tri ma\u0161inske ku\u0107ice, \u0161to zna\u010di \u0161est MHE, koje su morale biti posebno prijavljene da bi bile oporezovane kao nepokretnost i time donosile ve\u0107i prihod op\u0161tini na \u010dijoj se teritoriji nalaze.<\/p>\n\n\n\n<p>Ostatak puta preko Jelove i tunel \u201eKlisura\u201c gradila je bosanska firma \u201eEuroasfalt\u201c, a njihova cijena je zbog ka\u0161njenja radova sa ugovorenih 34,6 miliona narasla za jo\u0161 najmanje 20, i to bez PDV, kojeg se dr\u017eava Crna Gora odrekla.&nbsp;<\/p>\n\n\n\n<p>Iz Akcije za socijalnu pravdu (ASP) jo\u0161 ranije su ukazivali da SDT u istrazi ovog kontroverznog posla treba da se posebno pozabavi ugovorima o kreditu i prikupi saznanja predstavnika banaka i konsultanata uklju\u010denih u ugovaranje kreditnih i izvo\u0111a\u010dkih aran\u017emana, uz ostala neophodna vje\u0161ta\u010denja od pravne i ekonomske struke.<\/p>\n\n\n\n<p>U martu 2022. godine Odjeljenje za borbu protiv korupcije Ministarstva kapitalnih investicija (MKI) na \u010dijem \u010delu je tada bio Mladen Bojani\u0107 dostavilo je tada\u0161njoj vr\u0161iteljki du\u017enosti Vrhovnog dr\u017eavnog tu\u017eila\u0161tva Maji Jovanovi\u0107 dvije informacije o sumnjama o postojanju krivi\u010dnih djela u vezi sa poslovanjem bosanske firme \u201cEuroasfalt\u201d, koja u Crnoj Gori jo\u0161 iz vremena biv\u0161ih vlasti ima velike gra\u0111evinske poslove.<\/p>\n\n\n\n<p>Sada se, osim za \u201cEuroasfalt\u201d, za tu\u017eila\u0161tvo otvara jo\u0161 i pitanje ko je dozvolio \u201cBemaksu\u201d da grade\u0107i put dr\u017eavnim novcem u trup ugradi 13 kilometara cijevi? Mo\u017ee li se jo\u0161 negdje dogoditi incident kao preksino\u0107 kod Lubnica, i \u0161ta bi bilo da je u trenutku pucanja i eksplozije cijevi bilo saobra\u0107aja, odnosno vozila na putu?<\/p>\n\n\n\n<p>Danas vi\u0161e nije, ali sada daleke 2013. godine, kada je gra\u0111ena prva dionica, bilo je \u010dudno da je tako lako i brzo zaboravljeno i da je kompanija \u201eBemaks\u201c grade\u0107i put Berane \u2013 Kola\u0161in jedanaest puta u kr\u0161evitom prevoju Zdravac eksplozivom probu\u0161ila cijevi gradskog vodovoda, \u0161to se poklopilo sa izbijanjem epidemije, kao i da javnost o tome nije bila na vrijeme obavije\u0161tena.&nbsp;<\/p>\n\n\n\n<p>Zaboravljeno je da je stanje u gradu tih dana bilo toliko alarmantno, da je odr\u017eana i hitna sjednica lokalnog parlamenta na kojoj je tra\u017eeno uvo\u0111enje vanrednog stanja.&nbsp;<\/p>\n\n\n\n<p>O izostanku elementarne gra\u0111anske hrabrosti u to vrijeme govori podatak da niko od gra\u0111ana Berana nije podnio tu\u017ebeni zahtjev za nadoknadu \u0161tete po jednostavnom obrascu koji je MANS tada besplatno dijelio na ulicama.&nbsp;Prema onome kako stvari danas stoje, epidemija stoma\u010dnih oboljenja u Beranama se nije ni dogodila, niti je bilo ko bio kriv, a takav epilog je bio mogu\u0107 samo u pravno neure\u0111enim dr\u017eavama.&nbsp;<\/p>\n\n\n\n<p>Da je druga\u010dije, neko je morao materijalno da obe\u0161teti sve koji su bili pogo\u0111eni trovanjem, ili makar one koji su zatra\u017eili medicinsku pomo\u0107 i na taj na\u010din imali dokaz da su bili otrovani.&nbsp;<\/p>\n\n\n\n<p>To je, naravno, morao biti \u201eBemaks\u201c, ali se osim dva gra\u0111anina koja su individualno podnijela krivi\u010dne prijave, advokar Ratko Rmu\u0161 i stru\u010dnjak za finansije Sveto Akovi\u0107, tada niko nije usudio da pomene tu kompaniju, koja je, kako se danas ispostavlja, bila dr\u017eava u dr\u017eavi, i jednostavno je abolirana bilo kakve odgovornosti za masovno trovanje.<\/p>\n\n\n\n<p>To su pokazala i su\u0111enja u Osnovnom sudu u Beranama na kojima je u to vrijeme \u201cBemaks\u201d oslobo\u0111en.&nbsp;Ho\u0107e li danas, mo\u017eda, kako je to napisao gra\u0111anski aktivista Aleksandar Dragi\u0107evi\u0107, sanaciju radova na o\u0161te\u0107enom putu, i to sa penalima, pla\u0107ati \u201cEuroasfalt\u201d i \u201cBemaks\u201d ili gra\u0111ani?&nbsp; Nije vi\u0161e 2013. godina.<\/p>\n\n\n\n<p>Nove crnogorske vlasti i aktuelno Ministarstvo saobra\u0107aja se odmah sino\u0107 oglasilo i podsjetilo da je u proteklom periodu vi\u0161e puta podnosilo inicijative nadle\u017enom tu\u017eila\u0161tvu u vezi sa izgradnjom puta Berane \u2013 Kola\u0161in, na dionici Lubnice \u2013 Jezerine.&nbsp;<\/p>\n\n\n\n<p>De\u0161avanja na ovom putnom pravcu potvr\u0111uju stav Ministarstva da, kako su naveli, svaki infrastrukturni projekat kod kojeg postoje indicije nepravilnosti mora biti detaljno i do kraja ispitan, kako bi se utvrdilo da li je bilo propusta u planiranju, ugovaranju i realizaciji radova, kao i ko snosi odgovornost za eventualne nepravilnosti.<\/p>\n\n\n\n<p>&#8220;Istovremeno, jasno je da institucionalna odgovornost mora da postoji i da se svaki slu\u010daj mora rasvijetliti do kraja, ali se ne mo\u017ee prihvatiti odgovornost za projekte koji su planirani, ugovoreni i realizovani u ranijim periodima, bez utvr\u0111ivanja stvarne i individualne odgovornosti onih koji su u njima u\u010destvovali&#8221;, saop\u0161teno je iz Ministarstva.<\/p>\n\n\n\n<p>Sve to pi\u0161e u krivi\u010dnim prijavama i informacijama koje su u martu 2022. godine Odjeljenje za borbu protiv korupcije Ministarstva kapitalnih investicija (MKI) dostavili&nbsp; tada\u0161njoj vr\u0161iteljki du\u017enosti Vrhovnog dr\u017eavnog tu\u017eila\u0161tva Maji Jovanovi\u0107, sa vrlo jasno adresiranom odgovorno\u0161\u0107u.&nbsp; &nbsp; &nbsp; &nbsp; &nbsp; &nbsp;&nbsp;<\/p>","protected":false},"excerpt":{"rendered":"<p>Kada se preksino\u0107 uru\u0161io put Berane-Kola\u0161in na dionici ispod podvo\u017enjaka kod Lubnica, iznova je aktuelizovano pitanje \u0161ta se desilo sa prijavama koje su podno\u0161ene protiv bosanske firme \u201cEuroasfalt\u201d  i nekih crnogorskih funkcionera biv\u0161ih vlasti? <\/p>","protected":false},"author":1,"featured_media":905035,"comment_status":"open","ping_status":"open","sticky":false,"template":"","format":"standard","meta":{"_acf_changed":false,"footnotes":""},"categories":[2],"tags":[5826,2343,5359],"naslovna":[5433],"class_list":["post-905381","post","type-post","status-publish","format-standard","has-post-thumbnail","hentry","category-drustvo","tag-berane-kolasin-2","tag-krivicne-prijave","tag-put"],"acf":[],"yoast_head":"<!-- This site is optimized with the Yoast SEO plugin v27.4 - https:\/\/yoast.com\/product\/yoast-seo-wordpress\/ -->\n<title>Put Berane-Kola\u0161in: \u0160ta je sa prijavama protiv podizvo\u0111a\u010da i biv\u0161ih funkcionera? - dmcsrb.com<\/title>\n<meta name=\"robots\" content=\"index, follow, max-snippet:-1, max-image-preview:large, max-video-preview:-1\" \/>\n<link rel=\"canonical\" href=\"https:\/\/dmcsrb.com\/en\/drustvo\/put-berane-kolasin-sta-je-sa-prijavama-protiv-podizvodjaca-i-bivsih-funkcionera\/\" \/>\n<meta property=\"og:locale\" content=\"en_GB\" \/>\n<meta property=\"og:type\" content=\"article\" \/>\n<meta property=\"og:title\" content=\"Put Berane-Kola\u0161in: \u0160ta je sa prijavama protiv podizvo\u0111a\u010da i biv\u0161ih funkcionera? - dmcsrb.com\" \/>\n<meta property=\"og:description\" content=\"Kada se preksino\u0107 uru\u0161io put Berane-Kola\u0161in na dionici ispod podvo\u017enjaka kod Lubnica, iznova je aktuelizovano pitanje \u0161ta se desilo sa prijavama koje su podno\u0161ene protiv bosanske firme \u201cEuroasfalt\u201d i nekih crnogorskih funkcionera biv\u0161ih vlasti?\" \/>\n<meta property=\"og:url\" content=\"https:\/\/dmcsrb.com\/en\/drustvo\/put-berane-kolasin-sta-je-sa-prijavama-protiv-podizvodjaca-i-bivsih-funkcionera\/\" \/>\n<meta property=\"og:site_name\" content=\"dmcsrb.com\" \/>\n<meta property=\"article:published_time\" content=\"2026-01-07T07:29:16+00:00\" \/>\n<meta property=\"og:image\" content=\"https:\/\/dmcsrb.com\/wp-content\/uploads\/2026\/01\/Jelovica.png\" \/>\n\t<meta property=\"og:image:width\" content=\"932\" \/>\n\t<meta property=\"og:image:height\" content=\"724\" \/>\n\t<meta property=\"og:image:type\" content=\"image\/png\" \/>\n<meta name=\"author\" content=\"dmcsrbija.com@gmail.com\" \/>\n<meta name=\"twitter:card\" content=\"summary_large_image\" \/>\n<meta name=\"twitter:label1\" content=\"Written by\" \/>\n\t<meta name=\"twitter:data1\" content=\"dmcsrbija.com@gmail.com\" \/>\n\t<meta name=\"twitter:label2\" content=\"Estimated reading time\" \/>\n\t<meta name=\"twitter:data2\" content=\"5 minutes\" \/>\n<script type=\"application\/ld+json\" class=\"yoast-schema-graph\">{\"@context\":\"https:\\\/\\\/schema.org\",\"@graph\":[{\"@type\":\"Article\",\"@id\":\"https:\\\/\\\/dmcsrb.com\\\/drustvo\\\/put-berane-kolasin-sta-je-sa-prijavama-protiv-podizvodjaca-i-bivsih-funkcionera\\\/#article\",\"isPartOf\":{\"@id\":\"https:\\\/\\\/dmcsrb.com\\\/drustvo\\\/put-berane-kolasin-sta-je-sa-prijavama-protiv-podizvodjaca-i-bivsih-funkcionera\\\/\"},\"author\":{\"name\":\"dmcsrbija.com@gmail.com\",\"@id\":\"https:\\\/\\\/dmcsrb.com\\\/#\\\/schema\\\/person\\\/5c39170f12db1b8b457732d0b5c854e2\"},\"headline\":\"Put Berane-Kola\u0161in: \u0160ta je sa prijavama protiv podizvo\u0111a\u010da i biv\u0161ih funkcionera?\",\"datePublished\":\"2026-01-07T07:29:16+00:00\",\"mainEntityOfPage\":{\"@id\":\"https:\\\/\\\/dmcsrb.com\\\/drustvo\\\/put-berane-kolasin-sta-je-sa-prijavama-protiv-podizvodjaca-i-bivsih-funkcionera\\\/\"},\"wordCount\":973,\"commentCount\":0,\"image\":{\"@id\":\"https:\\\/\\\/dmcsrb.com\\\/drustvo\\\/put-berane-kolasin-sta-je-sa-prijavama-protiv-podizvodjaca-i-bivsih-funkcionera\\\/#primaryimage\"},\"thumbnailUrl\":\"https:\\\/\\\/dmcsrb.com\\\/wp-content\\\/uploads\\\/2026\\\/01\\\/Jelovica.png\",\"keywords\":[\"Berane KOla\u0161in\",\"krivi\u010dne prijave\",\"put\"],\"articleSection\":[\"Dru\u0161tvo\"],\"inLanguage\":\"en-GB\",\"potentialAction\":[{\"@type\":\"CommentAction\",\"name\":\"Comment\",\"target\":[\"https:\\\/\\\/dmcsrb.com\\\/drustvo\\\/put-berane-kolasin-sta-je-sa-prijavama-protiv-podizvodjaca-i-bivsih-funkcionera\\\/#respond\"]}]},{\"@type\":\"WebPage\",\"@id\":\"https:\\\/\\\/dmcsrb.com\\\/drustvo\\\/put-berane-kolasin-sta-je-sa-prijavama-protiv-podizvodjaca-i-bivsih-funkcionera\\\/\",\"url\":\"https:\\\/\\\/dmcsrb.com\\\/drustvo\\\/put-berane-kolasin-sta-je-sa-prijavama-protiv-podizvodjaca-i-bivsih-funkcionera\\\/\",\"name\":\"Put Berane-Kola\u0161in: \u0160ta je sa prijavama protiv podizvo\u0111a\u010da i biv\u0161ih funkcionera? - dmcsrb.com\",\"isPartOf\":{\"@id\":\"https:\\\/\\\/dmcsrb.com\\\/#website\"},\"primaryImageOfPage\":{\"@id\":\"https:\\\/\\\/dmcsrb.com\\\/drustvo\\\/put-berane-kolasin-sta-je-sa-prijavama-protiv-podizvodjaca-i-bivsih-funkcionera\\\/#primaryimage\"},\"image\":{\"@id\":\"https:\\\/\\\/dmcsrb.com\\\/drustvo\\\/put-berane-kolasin-sta-je-sa-prijavama-protiv-podizvodjaca-i-bivsih-funkcionera\\\/#primaryimage\"},\"thumbnailUrl\":\"https:\\\/\\\/dmcsrb.com\\\/wp-content\\\/uploads\\\/2026\\\/01\\\/Jelovica.png\",\"datePublished\":\"2026-01-07T07:29:16+00:00\",\"author\":{\"@id\":\"https:\\\/\\\/dmcsrb.com\\\/#\\\/schema\\\/person\\\/5c39170f12db1b8b457732d0b5c854e2\"},\"breadcrumb\":{\"@id\":\"https:\\\/\\\/dmcsrb.com\\\/drustvo\\\/put-berane-kolasin-sta-je-sa-prijavama-protiv-podizvodjaca-i-bivsih-funkcionera\\\/#breadcrumb\"},\"inLanguage\":\"en-GB\",\"potentialAction\":[{\"@type\":\"ReadAction\",\"target\":[\"https:\\\/\\\/dmcsrb.com\\\/drustvo\\\/put-berane-kolasin-sta-je-sa-prijavama-protiv-podizvodjaca-i-bivsih-funkcionera\\\/\"]}]},{\"@type\":\"ImageObject\",\"inLanguage\":\"en-GB\",\"@id\":\"https:\\\/\\\/dmcsrb.com\\\/drustvo\\\/put-berane-kolasin-sta-je-sa-prijavama-protiv-podizvodjaca-i-bivsih-funkcionera\\\/#primaryimage\",\"url\":\"https:\\\/\\\/dmcsrb.com\\\/wp-content\\\/uploads\\\/2026\\\/01\\\/Jelovica.png\",\"contentUrl\":\"https:\\\/\\\/dmcsrb.com\\\/wp-content\\\/uploads\\\/2026\\\/01\\\/Jelovica.png\",\"width\":932,\"height\":724,\"caption\":\"Foto: Patrola CG\"},{\"@type\":\"BreadcrumbList\",\"@id\":\"https:\\\/\\\/dmcsrb.com\\\/drustvo\\\/put-berane-kolasin-sta-je-sa-prijavama-protiv-podizvodjaca-i-bivsih-funkcionera\\\/#breadcrumb\",\"itemListElement\":[{\"@type\":\"ListItem\",\"position\":1,\"name\":\"Home\",\"item\":\"https:\\\/\\\/dmcsrb.com\\\/\"},{\"@type\":\"ListItem\",\"position\":2,\"name\":\"Put Berane-Kola\u0161in: \u0160ta je sa prijavama protiv podizvo\u0111a\u010da i biv\u0161ih funkcionera?\"}]},{\"@type\":\"WebSite\",\"@id\":\"https:\\\/\\\/dmcsrb.com\\\/#website\",\"url\":\"https:\\\/\\\/dmcsrb.com\\\/\",\"name\":\"dmcsrb.com\",\"description\":\"\",\"potentialAction\":[{\"@type\":\"SearchAction\",\"target\":{\"@type\":\"EntryPoint\",\"urlTemplate\":\"https:\\\/\\\/dmcsrb.com\\\/?s={search_term_string}\"},\"query-input\":{\"@type\":\"PropertyValueSpecification\",\"valueRequired\":true,\"valueName\":\"search_term_string\"}}],\"inLanguage\":\"en-GB\"},{\"@type\":\"Person\",\"@id\":\"https:\\\/\\\/dmcsrb.com\\\/#\\\/schema\\\/person\\\/5c39170f12db1b8b457732d0b5c854e2\",\"name\":\"dmcsrbija.com@gmail.com\",\"image\":{\"@type\":\"ImageObject\",\"inLanguage\":\"en-GB\",\"@id\":\"https:\\\/\\\/secure.gravatar.com\\\/avatar\\\/68592660ad6347fad0fb587f8d5d8f1a7b44961362f56e4f2cd524feb87e9069?s=96&d=mm&r=g\",\"url\":\"https:\\\/\\\/secure.gravatar.com\\\/avatar\\\/68592660ad6347fad0fb587f8d5d8f1a7b44961362f56e4f2cd524feb87e9069?s=96&d=mm&r=g\",\"contentUrl\":\"https:\\\/\\\/secure.gravatar.com\\\/avatar\\\/68592660ad6347fad0fb587f8d5d8f1a7b44961362f56e4f2cd524feb87e9069?s=96&d=mm&r=g\",\"caption\":\"dmcsrbija.com@gmail.com\"},\"sameAs\":[\"https:\\\/\\\/dmcsrb.com\"],\"url\":\"https:\\\/\\\/dmcsrb.com\\\/en\\\/author\\\/dmcsrbija-comgmail-com\\\/\"}]}<\/script>\n<!-- \/ Yoast SEO plugin. -->","yoast_head_json":{"title":"Put Berane-Kola\u0161in: \u0160ta je sa prijavama protiv podizvo\u0111a\u010da i biv\u0161ih funkcionera? - dmcsrb.com","robots":{"index":"index","follow":"follow","max-snippet":"max-snippet:-1","max-image-preview":"max-image-preview:large","max-video-preview":"max-video-preview:-1"},"canonical":"https:\/\/dmcsrb.com\/en\/drustvo\/put-berane-kolasin-sta-je-sa-prijavama-protiv-podizvodjaca-i-bivsih-funkcionera\/","og_locale":"en_GB","og_type":"article","og_title":"Put Berane-Kola\u0161in: \u0160ta je sa prijavama protiv podizvo\u0111a\u010da i biv\u0161ih funkcionera? - dmcsrb.com","og_description":"Kada se preksino\u0107 uru\u0161io put Berane-Kola\u0161in na dionici ispod podvo\u017enjaka kod Lubnica, iznova je aktuelizovano pitanje \u0161ta se desilo sa prijavama koje su podno\u0161ene protiv bosanske firme \u201cEuroasfalt\u201d i nekih crnogorskih funkcionera biv\u0161ih vlasti?","og_url":"https:\/\/dmcsrb.com\/en\/drustvo\/put-berane-kolasin-sta-je-sa-prijavama-protiv-podizvodjaca-i-bivsih-funkcionera\/","og_site_name":"dmcsrb.com","article_published_time":"2026-01-07T07:29:16+00:00","og_image":[{"width":932,"height":724,"url":"https:\/\/dmcsrb.com\/wp-content\/uploads\/2026\/01\/Jelovica.png","type":"image\/png"}],"author":"dmcsrbija.com@gmail.com","twitter_card":"summary_large_image","twitter_misc":{"Written by":"dmcsrbija.com@gmail.com","Estimated reading time":"5 minutes"},"schema":{"@context":"https:\/\/schema.org","@graph":[{"@type":"Article","@id":"https:\/\/dmcsrb.com\/drustvo\/put-berane-kolasin-sta-je-sa-prijavama-protiv-podizvodjaca-i-bivsih-funkcionera\/#article","isPartOf":{"@id":"https:\/\/dmcsrb.com\/drustvo\/put-berane-kolasin-sta-je-sa-prijavama-protiv-podizvodjaca-i-bivsih-funkcionera\/"},"author":{"name":"dmcsrbija.com@gmail.com","@id":"https:\/\/dmcsrb.com\/#\/schema\/person\/5c39170f12db1b8b457732d0b5c854e2"},"headline":"Put Berane-Kola\u0161in: \u0160ta je sa prijavama protiv podizvo\u0111a\u010da i biv\u0161ih funkcionera?","datePublished":"2026-01-07T07:29:16+00:00","mainEntityOfPage":{"@id":"https:\/\/dmcsrb.com\/drustvo\/put-berane-kolasin-sta-je-sa-prijavama-protiv-podizvodjaca-i-bivsih-funkcionera\/"},"wordCount":973,"commentCount":0,"image":{"@id":"https:\/\/dmcsrb.com\/drustvo\/put-berane-kolasin-sta-je-sa-prijavama-protiv-podizvodjaca-i-bivsih-funkcionera\/#primaryimage"},"thumbnailUrl":"https:\/\/dmcsrb.com\/wp-content\/uploads\/2026\/01\/Jelovica.png","keywords":["Berane KOla\u0161in","krivi\u010dne prijave","put"],"articleSection":["Dru\u0161tvo"],"inLanguage":"en-GB","potentialAction":[{"@type":"CommentAction","name":"Comment","target":["https:\/\/dmcsrb.com\/drustvo\/put-berane-kolasin-sta-je-sa-prijavama-protiv-podizvodjaca-i-bivsih-funkcionera\/#respond"]}]},{"@type":"WebPage","@id":"https:\/\/dmcsrb.com\/drustvo\/put-berane-kolasin-sta-je-sa-prijavama-protiv-podizvodjaca-i-bivsih-funkcionera\/","url":"https:\/\/dmcsrb.com\/drustvo\/put-berane-kolasin-sta-je-sa-prijavama-protiv-podizvodjaca-i-bivsih-funkcionera\/","name":"Put Berane-Kola\u0161in: \u0160ta je sa prijavama protiv podizvo\u0111a\u010da i biv\u0161ih funkcionera? - dmcsrb.com","isPartOf":{"@id":"https:\/\/dmcsrb.com\/#website"},"primaryImageOfPage":{"@id":"https:\/\/dmcsrb.com\/drustvo\/put-berane-kolasin-sta-je-sa-prijavama-protiv-podizvodjaca-i-bivsih-funkcionera\/#primaryimage"},"image":{"@id":"https:\/\/dmcsrb.com\/drustvo\/put-berane-kolasin-sta-je-sa-prijavama-protiv-podizvodjaca-i-bivsih-funkcionera\/#primaryimage"},"thumbnailUrl":"https:\/\/dmcsrb.com\/wp-content\/uploads\/2026\/01\/Jelovica.png","datePublished":"2026-01-07T07:29:16+00:00","author":{"@id":"https:\/\/dmcsrb.com\/#\/schema\/person\/5c39170f12db1b8b457732d0b5c854e2"},"breadcrumb":{"@id":"https:\/\/dmcsrb.com\/drustvo\/put-berane-kolasin-sta-je-sa-prijavama-protiv-podizvodjaca-i-bivsih-funkcionera\/#breadcrumb"},"inLanguage":"en-GB","potentialAction":[{"@type":"ReadAction","target":["https:\/\/dmcsrb.com\/drustvo\/put-berane-kolasin-sta-je-sa-prijavama-protiv-podizvodjaca-i-bivsih-funkcionera\/"]}]},{"@type":"ImageObject","inLanguage":"en-GB","@id":"https:\/\/dmcsrb.com\/drustvo\/put-berane-kolasin-sta-je-sa-prijavama-protiv-podizvodjaca-i-bivsih-funkcionera\/#primaryimage","url":"https:\/\/dmcsrb.com\/wp-content\/uploads\/2026\/01\/Jelovica.png","contentUrl":"https:\/\/dmcsrb.com\/wp-content\/uploads\/2026\/01\/Jelovica.png","width":932,"height":724,"caption":"Foto: Patrola CG"},{"@type":"BreadcrumbList","@id":"https:\/\/dmcsrb.com\/drustvo\/put-berane-kolasin-sta-je-sa-prijavama-protiv-podizvodjaca-i-bivsih-funkcionera\/#breadcrumb","itemListElement":[{"@type":"ListItem","position":1,"name":"Home","item":"https:\/\/dmcsrb.com\/"},{"@type":"ListItem","position":2,"name":"Put Berane-Kola\u0161in: \u0160ta je sa prijavama protiv podizvo\u0111a\u010da i biv\u0161ih funkcionera?"}]},{"@type":"WebSite","@id":"https:\/\/dmcsrb.com\/#website","url":"https:\/\/dmcsrb.com\/","name":"dmcsrb.com","description":"","potentialAction":[{"@type":"SearchAction","target":{"@type":"EntryPoint","urlTemplate":"https:\/\/dmcsrb.com\/?s={search_term_string}"},"query-input":{"@type":"PropertyValueSpecification","valueRequired":true,"valueName":"search_term_string"}}],"inLanguage":"en-GB"},{"@type":"Person","@id":"https:\/\/dmcsrb.com\/#\/schema\/person\/5c39170f12db1b8b457732d0b5c854e2","name":"dmcsrbija.com@gmail.com","image":{"@type":"ImageObject","inLanguage":"en-GB","@id":"https:\/\/secure.gravatar.com\/avatar\/68592660ad6347fad0fb587f8d5d8f1a7b44961362f56e4f2cd524feb87e9069?s=96&d=mm&r=g","url":"https:\/\/secure.gravatar.com\/avatar\/68592660ad6347fad0fb587f8d5d8f1a7b44961362f56e4f2cd524feb87e9069?s=96&d=mm&r=g","contentUrl":"https:\/\/secure.gravatar.com\/avatar\/68592660ad6347fad0fb587f8d5d8f1a7b44961362f56e4f2cd524feb87e9069?s=96&d=mm&r=g","caption":"dmcsrbija.com@gmail.com"},"sameAs":["https:\/\/dmcsrb.com"],"url":"https:\/\/dmcsrb.com\/en\/author\/dmcsrbija-comgmail-com\/"}]}},"_links":{"self":[{"href":"https:\/\/dmcsrb.com\/en\/wp-json\/wp\/v2\/posts\/905381","targetHints":{"allow":["GET"]}}],"collection":[{"href":"https:\/\/dmcsrb.com\/en\/wp-json\/wp\/v2\/posts"}],"about":[{"href":"https:\/\/dmcsrb.com\/en\/wp-json\/wp\/v2\/types\/post"}],"author":[{"embeddable":true,"href":"https:\/\/dmcsrb.com\/en\/wp-json\/wp\/v2\/users\/1"}],"replies":[{"embeddable":true,"href":"https:\/\/dmcsrb.com\/en\/wp-json\/wp\/v2\/comments?post=905381"}],"version-history":[{"count":0,"href":"https:\/\/dmcsrb.com\/en\/wp-json\/wp\/v2\/posts\/905381\/revisions"}],"wp:featuredmedia":[{"embeddable":true,"href":"https:\/\/dmcsrb.com\/en\/wp-json\/wp\/v2\/media\/905035"}],"wp:attachment":[{"href":"https:\/\/dmcsrb.com\/en\/wp-json\/wp\/v2\/media?parent=905381"}],"wp:term":[{"taxonomy":"category","embeddable":true,"href":"https:\/\/dmcsrb.com\/en\/wp-json\/wp\/v2\/categories?post=905381"},{"taxonomy":"post_tag","embeddable":true,"href":"https:\/\/dmcsrb.com\/en\/wp-json\/wp\/v2\/tags?post=905381"},{"taxonomy":"naslovna","embeddable":true,"href":"https:\/\/dmcsrb.com\/en\/wp-json\/wp\/v2\/naslovna?post=905381"}],"curies":[{"name":"wp","href":"https:\/\/api.w.org\/{rel}","templated":true}]}}