{"id":905369,"date":"2026-01-07T09:23:00","date_gmt":"2026-01-07T08:23:00","guid":{"rendered":"https:\/\/gradski.me\/?p=905369"},"modified":"2026-01-07T09:23:00","modified_gmt":"2026-01-07T08:23:00","slug":"dukaj-cestitao-dan-opstine-mojkovac-grad-bogate-istorije-slobodarskih-tradicija-i-izuzetnog-prirodnog-okruzenja","status":"publish","type":"post","link":"https:\/\/dmcsrb.com\/en\/drustvo\/dukaj-cestitao-dan-opstine-mojkovac-grad-bogate-istorije-slobodarskih-tradicija-i-izuzetnog-prirodnog-okruzenja\/","title":{"rendered":"Dukaj \u010destitao Dan op\u0161tine Mojkovac: Grad bogate istorije, slobodarskih tradicija i izuzetnog prirodnog okru\u017eenja"},"content":{"rendered":"<p>&#8220;Mojkovac, grad bogate istorije, slobodarskih tradicija i izuzetnog prirodnog okru\u017eenja, zauzima posebno mjesto u istorijskom i kulturnom identitetu Crne Gore. Njegov zna\u010daj, naro\u010dito u kontekstu o\u010duvanja dr\u017eavnosti i nacionalnog dostojanstva, predstavlja trajnu inspiraciju i obavezu za odgovorno upravljanje i odr\u017eivi razvoj&#8221;, kazao je Dukaj.<\/p>\n\n\n\n<p>Kako je kazao, Ministarstvo javne uprave ostaje posve\u0107eno sna\u017eenju kapaciteta lokalnih samouprava, unapre\u0111enju efikasnosti i transparentnosti rada op\u0161tinskih organa, kao i ja\u010danju saradnje sa Op\u0161tinom Mojkovac, sa ciljem stvaranja uprave koja je u potpunosti u slu\u017ebi gra\u0111ana.<\/p>\n\n\n\n<p>&#8220;Uz uvjerenje da \u0107e Mojkovac nastaviti putem razvoja zasnovanog na svojim potencijalima, o\u010duvanju prirodnih resursa i ja\u010danju zajedni\u0161tva, jo\u0161 jednom vam \u010destitam Dan op\u0161tine&#8221;, zaklju\u010dio je Dukaj.<\/p>\n\n\n\n<p><\/p>","protected":false},"excerpt":{"rendered":"<p>Povodom Dana op\u0161tine Mojkovac, upu\u0107ujem iskrene \u010destitke predsjedniku Op\u0161tine i predsjednku Skup\u0161tine, zaposlenima u lokalnoj samoupravi, kao i svim\u00a0 gra\u0111ankama i gra\u0111anima Mojkovca uz \u017eelju za dalji napredak, saop\u0161tio je ministar javne uprave Mara\u0161 Dukaj.<\/p>","protected":false},"author":1,"featured_media":905370,"comment_status":"open","ping_status":"open","sticky":false,"template":"","format":"standard","meta":{"_acf_changed":false,"footnotes":""},"categories":[2],"tags":[1543,5825,130],"naslovna":[],"class_list":["post-905369","post","type-post","status-publish","format-standard","has-post-thumbnail","hentry","category-drustvo","tag-cestitka","tag-dan-opstine-mojkovac","tag-maras-dukaj"],"acf":[],"yoast_head":"<!-- This site is optimized with the Yoast SEO plugin v27.4 - https:\/\/yoast.com\/product\/yoast-seo-wordpress\/ -->\n<title>Dukaj \u010destitao Dan op\u0161tine Mojkovac: Grad bogate istorije, slobodarskih tradicija i izuzetnog prirodnog okru\u017eenja - dmcsrb.com<\/title>\n<meta name=\"robots\" content=\"index, follow, max-snippet:-1, max-image-preview:large, max-video-preview:-1\" \/>\n<link rel=\"canonical\" href=\"https:\/\/dmcsrb.com\/en\/drustvo\/dukaj-cestitao-dan-opstine-mojkovac-grad-bogate-istorije-slobodarskih-tradicija-i-izuzetnog-prirodnog-okruzenja\/\" \/>\n<meta property=\"og:locale\" content=\"en_GB\" \/>\n<meta property=\"og:type\" content=\"article\" \/>\n<meta property=\"og:title\" content=\"Dukaj \u010destitao Dan op\u0161tine Mojkovac: Grad bogate istorije, slobodarskih tradicija i izuzetnog prirodnog okru\u017eenja - dmcsrb.com\" \/>\n<meta property=\"og:description\" content=\"Povodom Dana op\u0161tine Mojkovac, upu\u0107ujem iskrene \u010destitke predsjedniku Op\u0161tine i predsjednku Skup\u0161tine, zaposlenima u lokalnoj samoupravi, kao i svim\u00a0 gra\u0111ankama i gra\u0111anima Mojkovca uz \u017eelju za dalji napredak, saop\u0161tio je ministar javne uprave Mara\u0161 Dukaj.\" \/>\n<meta property=\"og:url\" content=\"https:\/\/dmcsrb.com\/en\/drustvo\/dukaj-cestitao-dan-opstine-mojkovac-grad-bogate-istorije-slobodarskih-tradicija-i-izuzetnog-prirodnog-okruzenja\/\" \/>\n<meta property=\"og:site_name\" content=\"dmcsrb.com\" \/>\n<meta property=\"article:published_time\" content=\"2026-01-07T08:23:00+00:00\" \/>\n<meta property=\"og:image\" content=\"https:\/\/dmcsrb.com\/wp-content\/uploads\/2026\/01\/Mojkovac.png\" \/>\n\t<meta property=\"og:image:width\" content=\"940\" \/>\n\t<meta property=\"og:image:height\" content=\"788\" \/>\n\t<meta property=\"og:image:type\" content=\"image\/png\" \/>\n<meta name=\"author\" content=\"dmcsrbija.com@gmail.com\" \/>\n<meta name=\"twitter:card\" content=\"summary_large_image\" \/>\n<meta name=\"twitter:label1\" content=\"Written by\" \/>\n\t<meta name=\"twitter:data1\" content=\"dmcsrbija.com@gmail.com\" \/>\n\t<meta name=\"twitter:label2\" content=\"Estimated reading time\" \/>\n\t<meta name=\"twitter:data2\" content=\"1 minute\" \/>\n<script type=\"application\/ld+json\" class=\"yoast-schema-graph\">{\"@context\":\"https:\\\/\\\/schema.org\",\"@graph\":[{\"@type\":\"Article\",\"@id\":\"https:\\\/\\\/dmcsrb.com\\\/drustvo\\\/dukaj-cestitao-dan-opstine-mojkovac-grad-bogate-istorije-slobodarskih-tradicija-i-izuzetnog-prirodnog-okruzenja\\\/#article\",\"isPartOf\":{\"@id\":\"https:\\\/\\\/dmcsrb.com\\\/drustvo\\\/dukaj-cestitao-dan-opstine-mojkovac-grad-bogate-istorije-slobodarskih-tradicija-i-izuzetnog-prirodnog-okruzenja\\\/\"},\"author\":{\"name\":\"dmcsrbija.com@gmail.com\",\"@id\":\"https:\\\/\\\/dmcsrb.com\\\/#\\\/schema\\\/person\\\/5c39170f12db1b8b457732d0b5c854e2\"},\"headline\":\"Dukaj \u010destitao Dan op\u0161tine Mojkovac: Grad bogate istorije, slobodarskih tradicija i izuzetnog prirodnog okru\u017eenja\",\"datePublished\":\"2026-01-07T08:23:00+00:00\",\"mainEntityOfPage\":{\"@id\":\"https:\\\/\\\/dmcsrb.com\\\/drustvo\\\/dukaj-cestitao-dan-opstine-mojkovac-grad-bogate-istorije-slobodarskih-tradicija-i-izuzetnog-prirodnog-okruzenja\\\/\"},\"wordCount\":143,\"commentCount\":0,\"image\":{\"@id\":\"https:\\\/\\\/dmcsrb.com\\\/drustvo\\\/dukaj-cestitao-dan-opstine-mojkovac-grad-bogate-istorije-slobodarskih-tradicija-i-izuzetnog-prirodnog-okruzenja\\\/#primaryimage\"},\"thumbnailUrl\":\"https:\\\/\\\/dmcsrb.com\\\/wp-content\\\/uploads\\\/2026\\\/01\\\/Mojkovac.png\",\"keywords\":[\"\u010cestitka\",\"Dan op\u0161tine Mojkovac\",\"Mara\u0161 Dukaj\"],\"articleSection\":[\"Dru\u0161tvo\"],\"inLanguage\":\"en-GB\",\"potentialAction\":[{\"@type\":\"CommentAction\",\"name\":\"Comment\",\"target\":[\"https:\\\/\\\/dmcsrb.com\\\/drustvo\\\/dukaj-cestitao-dan-opstine-mojkovac-grad-bogate-istorije-slobodarskih-tradicija-i-izuzetnog-prirodnog-okruzenja\\\/#respond\"]}]},{\"@type\":\"WebPage\",\"@id\":\"https:\\\/\\\/dmcsrb.com\\\/drustvo\\\/dukaj-cestitao-dan-opstine-mojkovac-grad-bogate-istorije-slobodarskih-tradicija-i-izuzetnog-prirodnog-okruzenja\\\/\",\"url\":\"https:\\\/\\\/dmcsrb.com\\\/drustvo\\\/dukaj-cestitao-dan-opstine-mojkovac-grad-bogate-istorije-slobodarskih-tradicija-i-izuzetnog-prirodnog-okruzenja\\\/\",\"name\":\"Dukaj \u010destitao Dan op\u0161tine Mojkovac: Grad bogate istorije, slobodarskih tradicija i izuzetnog prirodnog okru\u017eenja - dmcsrb.com\",\"isPartOf\":{\"@id\":\"https:\\\/\\\/dmcsrb.com\\\/#website\"},\"primaryImageOfPage\":{\"@id\":\"https:\\\/\\\/dmcsrb.com\\\/drustvo\\\/dukaj-cestitao-dan-opstine-mojkovac-grad-bogate-istorije-slobodarskih-tradicija-i-izuzetnog-prirodnog-okruzenja\\\/#primaryimage\"},\"image\":{\"@id\":\"https:\\\/\\\/dmcsrb.com\\\/drustvo\\\/dukaj-cestitao-dan-opstine-mojkovac-grad-bogate-istorije-slobodarskih-tradicija-i-izuzetnog-prirodnog-okruzenja\\\/#primaryimage\"},\"thumbnailUrl\":\"https:\\\/\\\/dmcsrb.com\\\/wp-content\\\/uploads\\\/2026\\\/01\\\/Mojkovac.png\",\"datePublished\":\"2026-01-07T08:23:00+00:00\",\"author\":{\"@id\":\"https:\\\/\\\/dmcsrb.com\\\/#\\\/schema\\\/person\\\/5c39170f12db1b8b457732d0b5c854e2\"},\"breadcrumb\":{\"@id\":\"https:\\\/\\\/dmcsrb.com\\\/drustvo\\\/dukaj-cestitao-dan-opstine-mojkovac-grad-bogate-istorije-slobodarskih-tradicija-i-izuzetnog-prirodnog-okruzenja\\\/#breadcrumb\"},\"inLanguage\":\"en-GB\",\"potentialAction\":[{\"@type\":\"ReadAction\",\"target\":[\"https:\\\/\\\/dmcsrb.com\\\/drustvo\\\/dukaj-cestitao-dan-opstine-mojkovac-grad-bogate-istorije-slobodarskih-tradicija-i-izuzetnog-prirodnog-okruzenja\\\/\"]}]},{\"@type\":\"ImageObject\",\"inLanguage\":\"en-GB\",\"@id\":\"https:\\\/\\\/dmcsrb.com\\\/drustvo\\\/dukaj-cestitao-dan-opstine-mojkovac-grad-bogate-istorije-slobodarskih-tradicija-i-izuzetnog-prirodnog-okruzenja\\\/#primaryimage\",\"url\":\"https:\\\/\\\/dmcsrb.com\\\/wp-content\\\/uploads\\\/2026\\\/01\\\/Mojkovac.png\",\"contentUrl\":\"https:\\\/\\\/dmcsrb.com\\\/wp-content\\\/uploads\\\/2026\\\/01\\\/Mojkovac.png\",\"width\":940,\"height\":788,\"caption\":\"Foto: MJU\"},{\"@type\":\"BreadcrumbList\",\"@id\":\"https:\\\/\\\/dmcsrb.com\\\/drustvo\\\/dukaj-cestitao-dan-opstine-mojkovac-grad-bogate-istorije-slobodarskih-tradicija-i-izuzetnog-prirodnog-okruzenja\\\/#breadcrumb\",\"itemListElement\":[{\"@type\":\"ListItem\",\"position\":1,\"name\":\"Home\",\"item\":\"https:\\\/\\\/dmcsrb.com\\\/\"},{\"@type\":\"ListItem\",\"position\":2,\"name\":\"Dukaj \u010destitao Dan op\u0161tine Mojkovac: Grad bogate istorije, slobodarskih tradicija i izuzetnog prirodnog okru\u017eenja\"}]},{\"@type\":\"WebSite\",\"@id\":\"https:\\\/\\\/dmcsrb.com\\\/#website\",\"url\":\"https:\\\/\\\/dmcsrb.com\\\/\",\"name\":\"dmcsrb.com\",\"description\":\"\",\"potentialAction\":[{\"@type\":\"SearchAction\",\"target\":{\"@type\":\"EntryPoint\",\"urlTemplate\":\"https:\\\/\\\/dmcsrb.com\\\/?s={search_term_string}\"},\"query-input\":{\"@type\":\"PropertyValueSpecification\",\"valueRequired\":true,\"valueName\":\"search_term_string\"}}],\"inLanguage\":\"en-GB\"},{\"@type\":\"Person\",\"@id\":\"https:\\\/\\\/dmcsrb.com\\\/#\\\/schema\\\/person\\\/5c39170f12db1b8b457732d0b5c854e2\",\"name\":\"dmcsrbija.com@gmail.com\",\"image\":{\"@type\":\"ImageObject\",\"inLanguage\":\"en-GB\",\"@id\":\"https:\\\/\\\/secure.gravatar.com\\\/avatar\\\/68592660ad6347fad0fb587f8d5d8f1a7b44961362f56e4f2cd524feb87e9069?s=96&d=mm&r=g\",\"url\":\"https:\\\/\\\/secure.gravatar.com\\\/avatar\\\/68592660ad6347fad0fb587f8d5d8f1a7b44961362f56e4f2cd524feb87e9069?s=96&d=mm&r=g\",\"contentUrl\":\"https:\\\/\\\/secure.gravatar.com\\\/avatar\\\/68592660ad6347fad0fb587f8d5d8f1a7b44961362f56e4f2cd524feb87e9069?s=96&d=mm&r=g\",\"caption\":\"dmcsrbija.com@gmail.com\"},\"sameAs\":[\"https:\\\/\\\/dmcsrb.com\"],\"url\":\"https:\\\/\\\/dmcsrb.com\\\/en\\\/author\\\/dmcsrbija-comgmail-com\\\/\"}]}<\/script>\n<!-- \/ Yoast SEO plugin. -->","yoast_head_json":{"title":"Dukaj \u010destitao Dan op\u0161tine Mojkovac: Grad bogate istorije, slobodarskih tradicija i izuzetnog prirodnog okru\u017eenja - dmcsrb.com","robots":{"index":"index","follow":"follow","max-snippet":"max-snippet:-1","max-image-preview":"max-image-preview:large","max-video-preview":"max-video-preview:-1"},"canonical":"https:\/\/dmcsrb.com\/en\/drustvo\/dukaj-cestitao-dan-opstine-mojkovac-grad-bogate-istorije-slobodarskih-tradicija-i-izuzetnog-prirodnog-okruzenja\/","og_locale":"en_GB","og_type":"article","og_title":"Dukaj \u010destitao Dan op\u0161tine Mojkovac: Grad bogate istorije, slobodarskih tradicija i izuzetnog prirodnog okru\u017eenja - dmcsrb.com","og_description":"Povodom Dana op\u0161tine Mojkovac, upu\u0107ujem iskrene \u010destitke predsjedniku Op\u0161tine i predsjednku Skup\u0161tine, zaposlenima u lokalnoj samoupravi, kao i svim\u00a0 gra\u0111ankama i gra\u0111anima Mojkovca uz \u017eelju za dalji napredak, saop\u0161tio je ministar javne uprave Mara\u0161 Dukaj.","og_url":"https:\/\/dmcsrb.com\/en\/drustvo\/dukaj-cestitao-dan-opstine-mojkovac-grad-bogate-istorije-slobodarskih-tradicija-i-izuzetnog-prirodnog-okruzenja\/","og_site_name":"dmcsrb.com","article_published_time":"2026-01-07T08:23:00+00:00","og_image":[{"width":940,"height":788,"url":"https:\/\/dmcsrb.com\/wp-content\/uploads\/2026\/01\/Mojkovac.png","type":"image\/png"}],"author":"dmcsrbija.com@gmail.com","twitter_card":"summary_large_image","twitter_misc":{"Written by":"dmcsrbija.com@gmail.com","Estimated reading time":"1 minute"},"schema":{"@context":"https:\/\/schema.org","@graph":[{"@type":"Article","@id":"https:\/\/dmcsrb.com\/drustvo\/dukaj-cestitao-dan-opstine-mojkovac-grad-bogate-istorije-slobodarskih-tradicija-i-izuzetnog-prirodnog-okruzenja\/#article","isPartOf":{"@id":"https:\/\/dmcsrb.com\/drustvo\/dukaj-cestitao-dan-opstine-mojkovac-grad-bogate-istorije-slobodarskih-tradicija-i-izuzetnog-prirodnog-okruzenja\/"},"author":{"name":"dmcsrbija.com@gmail.com","@id":"https:\/\/dmcsrb.com\/#\/schema\/person\/5c39170f12db1b8b457732d0b5c854e2"},"headline":"Dukaj \u010destitao Dan op\u0161tine Mojkovac: Grad bogate istorije, slobodarskih tradicija i izuzetnog prirodnog okru\u017eenja","datePublished":"2026-01-07T08:23:00+00:00","mainEntityOfPage":{"@id":"https:\/\/dmcsrb.com\/drustvo\/dukaj-cestitao-dan-opstine-mojkovac-grad-bogate-istorije-slobodarskih-tradicija-i-izuzetnog-prirodnog-okruzenja\/"},"wordCount":143,"commentCount":0,"image":{"@id":"https:\/\/dmcsrb.com\/drustvo\/dukaj-cestitao-dan-opstine-mojkovac-grad-bogate-istorije-slobodarskih-tradicija-i-izuzetnog-prirodnog-okruzenja\/#primaryimage"},"thumbnailUrl":"https:\/\/dmcsrb.com\/wp-content\/uploads\/2026\/01\/Mojkovac.png","keywords":["\u010cestitka","Dan op\u0161tine Mojkovac","Mara\u0161 Dukaj"],"articleSection":["Dru\u0161tvo"],"inLanguage":"en-GB","potentialAction":[{"@type":"CommentAction","name":"Comment","target":["https:\/\/dmcsrb.com\/drustvo\/dukaj-cestitao-dan-opstine-mojkovac-grad-bogate-istorije-slobodarskih-tradicija-i-izuzetnog-prirodnog-okruzenja\/#respond"]}]},{"@type":"WebPage","@id":"https:\/\/dmcsrb.com\/drustvo\/dukaj-cestitao-dan-opstine-mojkovac-grad-bogate-istorije-slobodarskih-tradicija-i-izuzetnog-prirodnog-okruzenja\/","url":"https:\/\/dmcsrb.com\/drustvo\/dukaj-cestitao-dan-opstine-mojkovac-grad-bogate-istorije-slobodarskih-tradicija-i-izuzetnog-prirodnog-okruzenja\/","name":"Dukaj \u010destitao Dan op\u0161tine Mojkovac: Grad bogate istorije, slobodarskih tradicija i izuzetnog prirodnog okru\u017eenja - dmcsrb.com","isPartOf":{"@id":"https:\/\/dmcsrb.com\/#website"},"primaryImageOfPage":{"@id":"https:\/\/dmcsrb.com\/drustvo\/dukaj-cestitao-dan-opstine-mojkovac-grad-bogate-istorije-slobodarskih-tradicija-i-izuzetnog-prirodnog-okruzenja\/#primaryimage"},"image":{"@id":"https:\/\/dmcsrb.com\/drustvo\/dukaj-cestitao-dan-opstine-mojkovac-grad-bogate-istorije-slobodarskih-tradicija-i-izuzetnog-prirodnog-okruzenja\/#primaryimage"},"thumbnailUrl":"https:\/\/dmcsrb.com\/wp-content\/uploads\/2026\/01\/Mojkovac.png","datePublished":"2026-01-07T08:23:00+00:00","author":{"@id":"https:\/\/dmcsrb.com\/#\/schema\/person\/5c39170f12db1b8b457732d0b5c854e2"},"breadcrumb":{"@id":"https:\/\/dmcsrb.com\/drustvo\/dukaj-cestitao-dan-opstine-mojkovac-grad-bogate-istorije-slobodarskih-tradicija-i-izuzetnog-prirodnog-okruzenja\/#breadcrumb"},"inLanguage":"en-GB","potentialAction":[{"@type":"ReadAction","target":["https:\/\/dmcsrb.com\/drustvo\/dukaj-cestitao-dan-opstine-mojkovac-grad-bogate-istorije-slobodarskih-tradicija-i-izuzetnog-prirodnog-okruzenja\/"]}]},{"@type":"ImageObject","inLanguage":"en-GB","@id":"https:\/\/dmcsrb.com\/drustvo\/dukaj-cestitao-dan-opstine-mojkovac-grad-bogate-istorije-slobodarskih-tradicija-i-izuzetnog-prirodnog-okruzenja\/#primaryimage","url":"https:\/\/dmcsrb.com\/wp-content\/uploads\/2026\/01\/Mojkovac.png","contentUrl":"https:\/\/dmcsrb.com\/wp-content\/uploads\/2026\/01\/Mojkovac.png","width":940,"height":788,"caption":"Foto: MJU"},{"@type":"BreadcrumbList","@id":"https:\/\/dmcsrb.com\/drustvo\/dukaj-cestitao-dan-opstine-mojkovac-grad-bogate-istorije-slobodarskih-tradicija-i-izuzetnog-prirodnog-okruzenja\/#breadcrumb","itemListElement":[{"@type":"ListItem","position":1,"name":"Home","item":"https:\/\/dmcsrb.com\/"},{"@type":"ListItem","position":2,"name":"Dukaj \u010destitao Dan op\u0161tine Mojkovac: Grad bogate istorije, slobodarskih tradicija i izuzetnog prirodnog okru\u017eenja"}]},{"@type":"WebSite","@id":"https:\/\/dmcsrb.com\/#website","url":"https:\/\/dmcsrb.com\/","name":"dmcsrb.com","description":"","potentialAction":[{"@type":"SearchAction","target":{"@type":"EntryPoint","urlTemplate":"https:\/\/dmcsrb.com\/?s={search_term_string}"},"query-input":{"@type":"PropertyValueSpecification","valueRequired":true,"valueName":"search_term_string"}}],"inLanguage":"en-GB"},{"@type":"Person","@id":"https:\/\/dmcsrb.com\/#\/schema\/person\/5c39170f12db1b8b457732d0b5c854e2","name":"dmcsrbija.com@gmail.com","image":{"@type":"ImageObject","inLanguage":"en-GB","@id":"https:\/\/secure.gravatar.com\/avatar\/68592660ad6347fad0fb587f8d5d8f1a7b44961362f56e4f2cd524feb87e9069?s=96&d=mm&r=g","url":"https:\/\/secure.gravatar.com\/avatar\/68592660ad6347fad0fb587f8d5d8f1a7b44961362f56e4f2cd524feb87e9069?s=96&d=mm&r=g","contentUrl":"https:\/\/secure.gravatar.com\/avatar\/68592660ad6347fad0fb587f8d5d8f1a7b44961362f56e4f2cd524feb87e9069?s=96&d=mm&r=g","caption":"dmcsrbija.com@gmail.com"},"sameAs":["https:\/\/dmcsrb.com"],"url":"https:\/\/dmcsrb.com\/en\/author\/dmcsrbija-comgmail-com\/"}]}},"_links":{"self":[{"href":"https:\/\/dmcsrb.com\/en\/wp-json\/wp\/v2\/posts\/905369","targetHints":{"allow":["GET"]}}],"collection":[{"href":"https:\/\/dmcsrb.com\/en\/wp-json\/wp\/v2\/posts"}],"about":[{"href":"https:\/\/dmcsrb.com\/en\/wp-json\/wp\/v2\/types\/post"}],"author":[{"embeddable":true,"href":"https:\/\/dmcsrb.com\/en\/wp-json\/wp\/v2\/users\/1"}],"replies":[{"embeddable":true,"href":"https:\/\/dmcsrb.com\/en\/wp-json\/wp\/v2\/comments?post=905369"}],"version-history":[{"count":0,"href":"https:\/\/dmcsrb.com\/en\/wp-json\/wp\/v2\/posts\/905369\/revisions"}],"wp:featuredmedia":[{"embeddable":true,"href":"https:\/\/dmcsrb.com\/en\/wp-json\/wp\/v2\/media\/905370"}],"wp:attachment":[{"href":"https:\/\/dmcsrb.com\/en\/wp-json\/wp\/v2\/media?parent=905369"}],"wp:term":[{"taxonomy":"category","embeddable":true,"href":"https:\/\/dmcsrb.com\/en\/wp-json\/wp\/v2\/categories?post=905369"},{"taxonomy":"post_tag","embeddable":true,"href":"https:\/\/dmcsrb.com\/en\/wp-json\/wp\/v2\/tags?post=905369"},{"taxonomy":"naslovna","embeddable":true,"href":"https:\/\/dmcsrb.com\/en\/wp-json\/wp\/v2\/naslovna?post=905369"}],"curies":[{"name":"wp","href":"https:\/\/api.w.org\/{rel}","templated":true}]}}