{"id":905212,"date":"2026-01-06T18:14:04","date_gmt":"2026-01-06T17:14:04","guid":{"rendered":"https:\/\/gradski.me\/?p=905212"},"modified":"2026-01-06T18:14:04","modified_gmt":"2026-01-06T17:14:04","slug":"ministarstvo-saobracaja-vise-puta-podnijete-inicijative-tuzilastvu-zbog-projekta-berane-kolasin-zakljucenog-2016-godine","status":"publish","type":"post","link":"https:\/\/dmcsrb.com\/en\/drustvo\/ministarstvo-saobracaja-vise-puta-podnijete-inicijative-tuzilastvu-zbog-projekta-berane-kolasin-zakljucenog-2016-godine\/","title":{"rendered":"Ministarstvo saobra\u0107aja: Vi\u0161e puta podnijete inicijative Tu\u017eila\u0161tvu zbog projekta Berane \u2013 Kola\u0161in"},"content":{"rendered":"<p>De\u0161avanja na ovom putnom pravcu potvr\u0111uju stav Ministarstva da svaki infrastrukturni projekat kod kojeg postoje indicije nepravilnosti mora biti detaljno i do kraja ispitan, kako bi se utvrdilo da li je bilo propusta u planiranju, ugovaranju i realizaciji radova, kao i ko snosi odgovornost za eventualne nepravilnosti, saop\u0161teno je iz Ministarstva.<\/p>\n\n\n\n<p>Istovremeno, dodaju, jasno je da institucionalna odgovornost mora da postoji i da se svaki slu\u010daj mora rasvijetliti do kraja, ali se ne mo\u017ee prihvatiti odgovornost za projekte koji su planirani, ugovoreni i realizovani u ranijim periodima, bez utvr\u0111ivanja stvarne i individualne odgovornosti onih koji su u njima u\u010destvovali.<\/p>\n\n\n\n<p>&#8221;Podsje\u0107amo da je ugovor o izgradnji te dionice zaklju\u010den 2016. godine sa kompanijom Euroasfalt, te da je kona\u010dna cijena zavr\u0161enih radova zna\u010dajno prema\u0161ila iznos predvi\u0111en osnovnim ugovorom, \u0161to dodatno name\u0107e potrebu za potpunim rasvjetljavanjem svih okolnosti ovog projekta&#8221;, isti\u010du iz Ministarstva.<\/p>\n\n\n\n<p>Nagla\u0161avaju da obilne padavine dodatno ote\u017eavaju odvijanje saobra\u0107aja na vi\u0161e putnih pravaca \u0161irom zemlje, zbog \u010dega su nadle\u017ene slu\u017ebe u stanju poja\u010dane pripravnosti i kontinuirano prate stanje na terenu. Upravo nakon po\u010detka obilnih padavina, ju\u010de je, prije odronjavanja zemlje, bez odlaganja zatvoren putni pravac preko Sokolovine. Iako su velike koli\u010dine padavina pojava koja izaziva ozbiljne probleme i u mnogo razvijenijim dr\u017eavama, blagovremenom reakcijom nadle\u017enih slu\u017ebi sprije\u010dene su te\u017ee posljedice, a bezbjednost gra\u0111ana i u\u010desnika u saobra\u0107aju stavljena je na prvo mjesto.<\/p>\n\n\n\n<p>&#8221;Ministarstvo saobra\u0107aja ostaje u potpunosti posve\u0107eno principima transparentnosti, zakonitosti i odgovornog upravljanja infrastrukturom, uz punu saradnju sa nadle\u017enim institucijama i kontinuirano pra\u0107enje situacije na terenu, kako bi se za\u0161titio javni interes i bezbjednost svih gra\u0111ana&#8221;, zaklju\u010duju iz Ministarstva saobra\u0107aja.<\/p>","protected":false},"excerpt":{"rendered":"<p>Ministarstvo saobra\u0107aja je u proteklom periodu vi\u0161e puta podnosilo inicijative nadle\u017enom tu\u017eila\u0161tvu u vezi sa izgradnjom puta Berane \u2013 Kola\u0161in, na dionici Lubnice \u2013 Jezerine. <\/p>","protected":false},"author":1,"featured_media":628294,"comment_status":"open","ping_status":"open","sticky":false,"template":"","format":"standard","meta":{"_acf_changed":false,"footnotes":""},"categories":[2],"tags":[5773,5774,3081,5775],"naslovna":[5434],"class_list":["post-905212","post","type-post","status-publish","format-standard","has-post-thumbnail","hentry","category-drustvo","tag-2016-godine","tag-inicijative-tuzilastvu","tag-ministarstvo-saobracaja","tag-projekat-berane-kolasin"],"acf":[],"yoast_head":"<!-- This site is optimized with the Yoast SEO plugin v27.0 - https:\/\/yoast.com\/product\/yoast-seo-wordpress\/ -->\n<title>Ministarstvo saobra\u0107aja: Vi\u0161e puta podnijete inicijative Tu\u017eila\u0161tvu zbog projekta Berane \u2013 Kola\u0161in - dmcsrb.com<\/title>\n<meta name=\"robots\" content=\"index, follow, max-snippet:-1, max-image-preview:large, max-video-preview:-1\" \/>\n<link rel=\"canonical\" href=\"https:\/\/dmcsrb.com\/en\/drustvo\/ministarstvo-saobracaja-vise-puta-podnijete-inicijative-tuzilastvu-zbog-projekta-berane-kolasin-zakljucenog-2016-godine\/\" \/>\n<meta property=\"og:locale\" content=\"en_GB\" \/>\n<meta property=\"og:type\" content=\"article\" \/>\n<meta property=\"og:title\" content=\"Ministarstvo saobra\u0107aja: Vi\u0161e puta podnijete inicijative Tu\u017eila\u0161tvu zbog projekta Berane \u2013 Kola\u0161in - dmcsrb.com\" \/>\n<meta property=\"og:description\" content=\"Ministarstvo saobra\u0107aja je u proteklom periodu vi\u0161e puta podnosilo inicijative nadle\u017enom tu\u017eila\u0161tvu u vezi sa izgradnjom puta Berane \u2013 Kola\u0161in, na dionici Lubnice \u2013 Jezerine.\" \/>\n<meta property=\"og:url\" content=\"https:\/\/dmcsrb.com\/en\/drustvo\/ministarstvo-saobracaja-vise-puta-podnijete-inicijative-tuzilastvu-zbog-projekta-berane-kolasin-zakljucenog-2016-godine\/\" \/>\n<meta property=\"og:site_name\" content=\"dmcsrb.com\" \/>\n<meta property=\"article:published_time\" content=\"2026-01-06T17:14:04+00:00\" \/>\n<meta property=\"og:image\" content=\"https:\/\/dmcsrb.com\/wp-content\/uploads\/2024\/10\/Maja-Vukicevic-2-foto-gradski-me.jpg\" \/>\n\t<meta property=\"og:image:width\" content=\"1288\" \/>\n\t<meta property=\"og:image:height\" content=\"783\" \/>\n\t<meta property=\"og:image:type\" content=\"image\/jpeg\" \/>\n<meta name=\"author\" content=\"dmcsrbija.com@gmail.com\" \/>\n<meta name=\"twitter:card\" content=\"summary_large_image\" \/>\n<meta name=\"twitter:label1\" content=\"Written by\" \/>\n\t<meta name=\"twitter:data1\" content=\"dmcsrbija.com@gmail.com\" \/>\n\t<meta name=\"twitter:label2\" content=\"Estimated reading time\" \/>\n\t<meta name=\"twitter:data2\" content=\"2 minutes\" \/>\n<script type=\"application\/ld+json\" class=\"yoast-schema-graph\">{\"@context\":\"https:\/\/schema.org\",\"@graph\":[{\"@type\":\"Article\",\"@id\":\"https:\/\/dmcsrb.com\/drustvo\/ministarstvo-saobracaja-vise-puta-podnijete-inicijative-tuzilastvu-zbog-projekta-berane-kolasin-zakljucenog-2016-godine\/#article\",\"isPartOf\":{\"@id\":\"https:\/\/dmcsrb.com\/drustvo\/ministarstvo-saobracaja-vise-puta-podnijete-inicijative-tuzilastvu-zbog-projekta-berane-kolasin-zakljucenog-2016-godine\/\"},\"author\":{\"name\":\"dmcsrbija.com@gmail.com\",\"@id\":\"https:\/\/dmcsrb.com\/#\/schema\/person\/5c39170f12db1b8b457732d0b5c854e2\"},\"headline\":\"Ministarstvo saobra\u0107aja: Vi\u0161e puta podnijete inicijative Tu\u017eila\u0161tvu zbog projekta Berane \u2013 Kola\u0161in\",\"datePublished\":\"2026-01-06T17:14:04+00:00\",\"mainEntityOfPage\":{\"@id\":\"https:\/\/dmcsrb.com\/drustvo\/ministarstvo-saobracaja-vise-puta-podnijete-inicijative-tuzilastvu-zbog-projekta-berane-kolasin-zakljucenog-2016-godine\/\"},\"wordCount\":317,\"commentCount\":0,\"image\":{\"@id\":\"https:\/\/dmcsrb.com\/drustvo\/ministarstvo-saobracaja-vise-puta-podnijete-inicijative-tuzilastvu-zbog-projekta-berane-kolasin-zakljucenog-2016-godine\/#primaryimage\"},\"thumbnailUrl\":\"https:\/\/dmcsrb.com\/wp-content\/uploads\/2024\/10\/Maja-Vukicevic-2-foto-gradski-me.jpg\",\"keywords\":[\"2016. godine\",\"Inicijative Tu\u017eila\u0161tvu\",\"Ministarstvo saobra\u0107aja\",\"Projekat Berane-Kola\u0161in\"],\"articleSection\":[\"Dru\u0161tvo\"],\"inLanguage\":\"en-GB\",\"potentialAction\":[{\"@type\":\"CommentAction\",\"name\":\"Comment\",\"target\":[\"https:\/\/dmcsrb.com\/drustvo\/ministarstvo-saobracaja-vise-puta-podnijete-inicijative-tuzilastvu-zbog-projekta-berane-kolasin-zakljucenog-2016-godine\/#respond\"]}]},{\"@type\":\"WebPage\",\"@id\":\"https:\/\/dmcsrb.com\/drustvo\/ministarstvo-saobracaja-vise-puta-podnijete-inicijative-tuzilastvu-zbog-projekta-berane-kolasin-zakljucenog-2016-godine\/\",\"url\":\"https:\/\/dmcsrb.com\/drustvo\/ministarstvo-saobracaja-vise-puta-podnijete-inicijative-tuzilastvu-zbog-projekta-berane-kolasin-zakljucenog-2016-godine\/\",\"name\":\"Ministarstvo saobra\u0107aja: Vi\u0161e puta podnijete inicijative Tu\u017eila\u0161tvu zbog projekta Berane \u2013 Kola\u0161in - dmcsrb.com\",\"isPartOf\":{\"@id\":\"https:\/\/dmcsrb.com\/#website\"},\"primaryImageOfPage\":{\"@id\":\"https:\/\/dmcsrb.com\/drustvo\/ministarstvo-saobracaja-vise-puta-podnijete-inicijative-tuzilastvu-zbog-projekta-berane-kolasin-zakljucenog-2016-godine\/#primaryimage\"},\"image\":{\"@id\":\"https:\/\/dmcsrb.com\/drustvo\/ministarstvo-saobracaja-vise-puta-podnijete-inicijative-tuzilastvu-zbog-projekta-berane-kolasin-zakljucenog-2016-godine\/#primaryimage\"},\"thumbnailUrl\":\"https:\/\/dmcsrb.com\/wp-content\/uploads\/2024\/10\/Maja-Vukicevic-2-foto-gradski-me.jpg\",\"datePublished\":\"2026-01-06T17:14:04+00:00\",\"author\":{\"@id\":\"https:\/\/dmcsrb.com\/#\/schema\/person\/5c39170f12db1b8b457732d0b5c854e2\"},\"breadcrumb\":{\"@id\":\"https:\/\/dmcsrb.com\/drustvo\/ministarstvo-saobracaja-vise-puta-podnijete-inicijative-tuzilastvu-zbog-projekta-berane-kolasin-zakljucenog-2016-godine\/#breadcrumb\"},\"inLanguage\":\"en-GB\",\"potentialAction\":[{\"@type\":\"ReadAction\",\"target\":[\"https:\/\/dmcsrb.com\/drustvo\/ministarstvo-saobracaja-vise-puta-podnijete-inicijative-tuzilastvu-zbog-projekta-berane-kolasin-zakljucenog-2016-godine\/\"]}]},{\"@type\":\"ImageObject\",\"inLanguage\":\"en-GB\",\"@id\":\"https:\/\/dmcsrb.com\/drustvo\/ministarstvo-saobracaja-vise-puta-podnijete-inicijative-tuzilastvu-zbog-projekta-berane-kolasin-zakljucenog-2016-godine\/#primaryimage\",\"url\":\"https:\/\/dmcsrb.com\/wp-content\/uploads\/2024\/10\/Maja-Vukicevic-2-foto-gradski-me.jpg\",\"contentUrl\":\"https:\/\/dmcsrb.com\/wp-content\/uploads\/2024\/10\/Maja-Vukicevic-2-foto-gradski-me.jpg\",\"width\":1288,\"height\":783,\"caption\":\"Foto: Gradski.me\"},{\"@type\":\"BreadcrumbList\",\"@id\":\"https:\/\/dmcsrb.com\/drustvo\/ministarstvo-saobracaja-vise-puta-podnijete-inicijative-tuzilastvu-zbog-projekta-berane-kolasin-zakljucenog-2016-godine\/#breadcrumb\",\"itemListElement\":[{\"@type\":\"ListItem\",\"position\":1,\"name\":\"Home\",\"item\":\"https:\/\/dmcsrb.com\/\"},{\"@type\":\"ListItem\",\"position\":2,\"name\":\"Ministarstvo saobra\u0107aja: Vi\u0161e puta podnijete inicijative Tu\u017eila\u0161tvu zbog projekta Berane \u2013 Kola\u0161in\"}]},{\"@type\":\"WebSite\",\"@id\":\"https:\/\/dmcsrb.com\/#website\",\"url\":\"https:\/\/dmcsrb.com\/\",\"name\":\"dmcsrb.com\",\"description\":\"\",\"potentialAction\":[{\"@type\":\"SearchAction\",\"target\":{\"@type\":\"EntryPoint\",\"urlTemplate\":\"https:\/\/dmcsrb.com\/?s={search_term_string}\"},\"query-input\":{\"@type\":\"PropertyValueSpecification\",\"valueRequired\":true,\"valueName\":\"search_term_string\"}}],\"inLanguage\":\"en-GB\"},{\"@type\":\"Person\",\"@id\":\"https:\/\/dmcsrb.com\/#\/schema\/person\/5c39170f12db1b8b457732d0b5c854e2\",\"name\":\"dmcsrbija.com@gmail.com\",\"image\":{\"@type\":\"ImageObject\",\"inLanguage\":\"en-GB\",\"@id\":\"https:\/\/dmcsrb.com\/#\/schema\/person\/image\/\",\"url\":\"https:\/\/secure.gravatar.com\/avatar\/68592660ad6347fad0fb587f8d5d8f1a7b44961362f56e4f2cd524feb87e9069?s=96&d=mm&r=g\",\"contentUrl\":\"https:\/\/secure.gravatar.com\/avatar\/68592660ad6347fad0fb587f8d5d8f1a7b44961362f56e4f2cd524feb87e9069?s=96&d=mm&r=g\",\"caption\":\"dmcsrbija.com@gmail.com\"},\"sameAs\":[\"https:\/\/dmcsrb.com\"],\"url\":\"https:\/\/dmcsrb.com\/en\/author\/dmcsrbija-comgmail-com\/\"}]}<\/script>\n<!-- \/ Yoast SEO plugin. -->","yoast_head_json":{"title":"Ministarstvo saobra\u0107aja: Vi\u0161e puta podnijete inicijative Tu\u017eila\u0161tvu zbog projekta Berane \u2013 Kola\u0161in - dmcsrb.com","robots":{"index":"index","follow":"follow","max-snippet":"max-snippet:-1","max-image-preview":"max-image-preview:large","max-video-preview":"max-video-preview:-1"},"canonical":"https:\/\/dmcsrb.com\/en\/drustvo\/ministarstvo-saobracaja-vise-puta-podnijete-inicijative-tuzilastvu-zbog-projekta-berane-kolasin-zakljucenog-2016-godine\/","og_locale":"en_GB","og_type":"article","og_title":"Ministarstvo saobra\u0107aja: Vi\u0161e puta podnijete inicijative Tu\u017eila\u0161tvu zbog projekta Berane \u2013 Kola\u0161in - dmcsrb.com","og_description":"Ministarstvo saobra\u0107aja je u proteklom periodu vi\u0161e puta podnosilo inicijative nadle\u017enom tu\u017eila\u0161tvu u vezi sa izgradnjom puta Berane \u2013 Kola\u0161in, na dionici Lubnice \u2013 Jezerine.","og_url":"https:\/\/dmcsrb.com\/en\/drustvo\/ministarstvo-saobracaja-vise-puta-podnijete-inicijative-tuzilastvu-zbog-projekta-berane-kolasin-zakljucenog-2016-godine\/","og_site_name":"dmcsrb.com","article_published_time":"2026-01-06T17:14:04+00:00","og_image":[{"width":1288,"height":783,"url":"https:\/\/dmcsrb.com\/wp-content\/uploads\/2024\/10\/Maja-Vukicevic-2-foto-gradski-me.jpg","type":"image\/jpeg"}],"author":"dmcsrbija.com@gmail.com","twitter_card":"summary_large_image","twitter_misc":{"Written by":"dmcsrbija.com@gmail.com","Estimated reading time":"2 minutes"},"schema":{"@context":"https:\/\/schema.org","@graph":[{"@type":"Article","@id":"https:\/\/dmcsrb.com\/drustvo\/ministarstvo-saobracaja-vise-puta-podnijete-inicijative-tuzilastvu-zbog-projekta-berane-kolasin-zakljucenog-2016-godine\/#article","isPartOf":{"@id":"https:\/\/dmcsrb.com\/drustvo\/ministarstvo-saobracaja-vise-puta-podnijete-inicijative-tuzilastvu-zbog-projekta-berane-kolasin-zakljucenog-2016-godine\/"},"author":{"name":"dmcsrbija.com@gmail.com","@id":"https:\/\/dmcsrb.com\/#\/schema\/person\/5c39170f12db1b8b457732d0b5c854e2"},"headline":"Ministarstvo saobra\u0107aja: Vi\u0161e puta podnijete inicijative Tu\u017eila\u0161tvu zbog projekta Berane \u2013 Kola\u0161in","datePublished":"2026-01-06T17:14:04+00:00","mainEntityOfPage":{"@id":"https:\/\/dmcsrb.com\/drustvo\/ministarstvo-saobracaja-vise-puta-podnijete-inicijative-tuzilastvu-zbog-projekta-berane-kolasin-zakljucenog-2016-godine\/"},"wordCount":317,"commentCount":0,"image":{"@id":"https:\/\/dmcsrb.com\/drustvo\/ministarstvo-saobracaja-vise-puta-podnijete-inicijative-tuzilastvu-zbog-projekta-berane-kolasin-zakljucenog-2016-godine\/#primaryimage"},"thumbnailUrl":"https:\/\/dmcsrb.com\/wp-content\/uploads\/2024\/10\/Maja-Vukicevic-2-foto-gradski-me.jpg","keywords":["2016. godine","Inicijative Tu\u017eila\u0161tvu","Ministarstvo saobra\u0107aja","Projekat Berane-Kola\u0161in"],"articleSection":["Dru\u0161tvo"],"inLanguage":"en-GB","potentialAction":[{"@type":"CommentAction","name":"Comment","target":["https:\/\/dmcsrb.com\/drustvo\/ministarstvo-saobracaja-vise-puta-podnijete-inicijative-tuzilastvu-zbog-projekta-berane-kolasin-zakljucenog-2016-godine\/#respond"]}]},{"@type":"WebPage","@id":"https:\/\/dmcsrb.com\/drustvo\/ministarstvo-saobracaja-vise-puta-podnijete-inicijative-tuzilastvu-zbog-projekta-berane-kolasin-zakljucenog-2016-godine\/","url":"https:\/\/dmcsrb.com\/drustvo\/ministarstvo-saobracaja-vise-puta-podnijete-inicijative-tuzilastvu-zbog-projekta-berane-kolasin-zakljucenog-2016-godine\/","name":"Ministarstvo saobra\u0107aja: Vi\u0161e puta podnijete inicijative Tu\u017eila\u0161tvu zbog projekta Berane \u2013 Kola\u0161in - dmcsrb.com","isPartOf":{"@id":"https:\/\/dmcsrb.com\/#website"},"primaryImageOfPage":{"@id":"https:\/\/dmcsrb.com\/drustvo\/ministarstvo-saobracaja-vise-puta-podnijete-inicijative-tuzilastvu-zbog-projekta-berane-kolasin-zakljucenog-2016-godine\/#primaryimage"},"image":{"@id":"https:\/\/dmcsrb.com\/drustvo\/ministarstvo-saobracaja-vise-puta-podnijete-inicijative-tuzilastvu-zbog-projekta-berane-kolasin-zakljucenog-2016-godine\/#primaryimage"},"thumbnailUrl":"https:\/\/dmcsrb.com\/wp-content\/uploads\/2024\/10\/Maja-Vukicevic-2-foto-gradski-me.jpg","datePublished":"2026-01-06T17:14:04+00:00","author":{"@id":"https:\/\/dmcsrb.com\/#\/schema\/person\/5c39170f12db1b8b457732d0b5c854e2"},"breadcrumb":{"@id":"https:\/\/dmcsrb.com\/drustvo\/ministarstvo-saobracaja-vise-puta-podnijete-inicijative-tuzilastvu-zbog-projekta-berane-kolasin-zakljucenog-2016-godine\/#breadcrumb"},"inLanguage":"en-GB","potentialAction":[{"@type":"ReadAction","target":["https:\/\/dmcsrb.com\/drustvo\/ministarstvo-saobracaja-vise-puta-podnijete-inicijative-tuzilastvu-zbog-projekta-berane-kolasin-zakljucenog-2016-godine\/"]}]},{"@type":"ImageObject","inLanguage":"en-GB","@id":"https:\/\/dmcsrb.com\/drustvo\/ministarstvo-saobracaja-vise-puta-podnijete-inicijative-tuzilastvu-zbog-projekta-berane-kolasin-zakljucenog-2016-godine\/#primaryimage","url":"https:\/\/dmcsrb.com\/wp-content\/uploads\/2024\/10\/Maja-Vukicevic-2-foto-gradski-me.jpg","contentUrl":"https:\/\/dmcsrb.com\/wp-content\/uploads\/2024\/10\/Maja-Vukicevic-2-foto-gradski-me.jpg","width":1288,"height":783,"caption":"Foto: Gradski.me"},{"@type":"BreadcrumbList","@id":"https:\/\/dmcsrb.com\/drustvo\/ministarstvo-saobracaja-vise-puta-podnijete-inicijative-tuzilastvu-zbog-projekta-berane-kolasin-zakljucenog-2016-godine\/#breadcrumb","itemListElement":[{"@type":"ListItem","position":1,"name":"Home","item":"https:\/\/dmcsrb.com\/"},{"@type":"ListItem","position":2,"name":"Ministarstvo saobra\u0107aja: Vi\u0161e puta podnijete inicijative Tu\u017eila\u0161tvu zbog projekta Berane \u2013 Kola\u0161in"}]},{"@type":"WebSite","@id":"https:\/\/dmcsrb.com\/#website","url":"https:\/\/dmcsrb.com\/","name":"dmcsrb.com","description":"","potentialAction":[{"@type":"SearchAction","target":{"@type":"EntryPoint","urlTemplate":"https:\/\/dmcsrb.com\/?s={search_term_string}"},"query-input":{"@type":"PropertyValueSpecification","valueRequired":true,"valueName":"search_term_string"}}],"inLanguage":"en-GB"},{"@type":"Person","@id":"https:\/\/dmcsrb.com\/#\/schema\/person\/5c39170f12db1b8b457732d0b5c854e2","name":"dmcsrbija.com@gmail.com","image":{"@type":"ImageObject","inLanguage":"en-GB","@id":"https:\/\/dmcsrb.com\/#\/schema\/person\/image\/","url":"https:\/\/secure.gravatar.com\/avatar\/68592660ad6347fad0fb587f8d5d8f1a7b44961362f56e4f2cd524feb87e9069?s=96&d=mm&r=g","contentUrl":"https:\/\/secure.gravatar.com\/avatar\/68592660ad6347fad0fb587f8d5d8f1a7b44961362f56e4f2cd524feb87e9069?s=96&d=mm&r=g","caption":"dmcsrbija.com@gmail.com"},"sameAs":["https:\/\/dmcsrb.com"],"url":"https:\/\/dmcsrb.com\/en\/author\/dmcsrbija-comgmail-com\/"}]}},"_links":{"self":[{"href":"https:\/\/dmcsrb.com\/en\/wp-json\/wp\/v2\/posts\/905212","targetHints":{"allow":["GET"]}}],"collection":[{"href":"https:\/\/dmcsrb.com\/en\/wp-json\/wp\/v2\/posts"}],"about":[{"href":"https:\/\/dmcsrb.com\/en\/wp-json\/wp\/v2\/types\/post"}],"author":[{"embeddable":true,"href":"https:\/\/dmcsrb.com\/en\/wp-json\/wp\/v2\/users\/1"}],"replies":[{"embeddable":true,"href":"https:\/\/dmcsrb.com\/en\/wp-json\/wp\/v2\/comments?post=905212"}],"version-history":[{"count":0,"href":"https:\/\/dmcsrb.com\/en\/wp-json\/wp\/v2\/posts\/905212\/revisions"}],"wp:featuredmedia":[{"embeddable":true,"href":"https:\/\/dmcsrb.com\/en\/wp-json\/wp\/v2\/media\/628294"}],"wp:attachment":[{"href":"https:\/\/dmcsrb.com\/en\/wp-json\/wp\/v2\/media?parent=905212"}],"wp:term":[{"taxonomy":"category","embeddable":true,"href":"https:\/\/dmcsrb.com\/en\/wp-json\/wp\/v2\/categories?post=905212"},{"taxonomy":"post_tag","embeddable":true,"href":"https:\/\/dmcsrb.com\/en\/wp-json\/wp\/v2\/tags?post=905212"},{"taxonomy":"naslovna","embeddable":true,"href":"https:\/\/dmcsrb.com\/en\/wp-json\/wp\/v2\/naslovna?post=905212"}],"curies":[{"name":"wp","href":"https:\/\/api.w.org\/{rel}","templated":true}]}}