{"id":905150,"date":"2026-01-06T16:53:00","date_gmt":"2026-01-06T15:53:00","guid":{"rendered":"https:\/\/gradski.me\/?p=905150"},"modified":"2026-01-06T16:53:00","modified_gmt":"2026-01-06T15:53:00","slug":"medalja-u-dresu-lavica-pa-debi-u-ligi-sampiona-kao-najava-velike-karijere-martine-knezevic","status":"publish","type":"post","link":"https:\/\/dmcsrb.com\/en\/sport\/medalja-u-dresu-lavica-pa-debi-u-ligi-sampiona-kao-najava-velike-karijere-martine-knezevic\/","title":{"rendered":"Medalja u dresu \u201elavica\u201c pa debi u Ligi \u0161ampiona kao najava velike karijere Martine Kne\u017eevi\u0107"},"content":{"rendered":"<p>U razgovoru za magazin Crnogorskog olimpijskog komiteta osvrnula se na 2025.<\/p>\n\n\n\n<p>\u201ePriznanje za najbolju igra\u010dicu Evropskog prvenstva mi daje dodatni motiv da radim jo\u0161 ja\u010de. Nagrade je lijepo imati pored sebe, a sada, na kraju godine, stiglo je jo\u0161 jedno veliko priznanje, tako da sam zaista ponosna\u201c, kazala je Kne\u017eevi\u0107.<\/p>\n\n\n\n<p>Bronza osvojena u Podgorici najava je velike karijere za mnoge igra\u010dice.<\/p>\n\n\n\n<p>\u201eKada pogledam medalju, kroz glavu mi pro\u0111u godine rada. Mislim da \u0107e nam trebati dosta vremena da shvatimo \u0161to smo uradile \u2013 za nas, na\u0161e familije i kompletan crnogorski rukomet.\u201c<\/p>\n\n\n\n<p>Na\u0161e kadetkinje krenule su od skromnih ambicija do mo\u017eda najve\u0107e pobjede u \u010detvrtfinalu nad Francuskom, poslije \u0160panije u me\u010du za bronzu.<\/p>\n\n\n\n<p>\u201e\u017delja je glavni faktor. Probudile smo se sa osje\u0107anjem da mo\u017eemo, a nije nam padalo na pamet da \u0107emo da izgubimo. Igrale smo 60 minuta, dale sve od sebe i za polufinale. Nijesmo posustale.\u201c<\/p>\n\n\n\n<p>Njena tetka, legenda rukometa, Milena Rai\u010devi\u0107, definitivno ima nasljednicu. A obzirom da je njen otac Ivan, nekada\u0161nji fudbaler, jasno je da na\u0161 biser dolazi iz sportske porodice i da njeni uspjesi nijesu slu\u010dajnost.<\/p>\n\n\n\n<p>\u201eTetka je napravila veliku karijeru, ima ogromno iskustvo i sigurno da mi njeni savjeti mnogo zna\u010de. Imam ogromnu podr\u0161ku porodice, a bez toga sigurno ne bih napredovala i stigla do priznanja. Odricanje je potrebno ako \u017eelite da se bavite sportom i u startu morate biti naviknuti na to\u201c, jasna je Martina.<\/p>\n\n\n\n<p>Kne\u017eevi\u0107 je 16. novembra do\u010dekala priliku da debituje za Budu\u0107nost u Ligi \u0161ampiona i ve\u0107 u toj utakmici, u 46. minutu, postigla je gol iz sedmerca. Bila je na spisku selektora Suzane Lazovi\u0107 uo\u010di priprema za Svjetsko prvenstvo\u2026<\/p>","protected":false},"excerpt":{"rendered":"<p>Talentovana rukometa\u0161ica Budu\u0107nosti Martina Kne\u017eevi\u0107 progla\u0161ena je za najbolju igra\u010dicu kadetskog \u0161ampionata, a nedavno i za najbolju mladu sportistkinju Crne Gore.<\/p>","protected":false},"author":1,"featured_media":905151,"comment_status":"open","ping_status":"open","sticky":false,"template":"","format":"standard","meta":{"_acf_changed":false,"footnotes":""},"categories":[148],"tags":[5755],"naslovna":[],"class_list":["post-905150","post","type-post","status-publish","format-standard","has-post-thumbnail","hentry","category-sport","tag-martina-knezevic"],"acf":[],"yoast_head":"<!-- This site is optimized with the Yoast SEO plugin v27.0 - https:\/\/yoast.com\/product\/yoast-seo-wordpress\/ -->\n<title>Medalja u dresu \u201elavica\u201c pa debi u Ligi \u0161ampiona kao najava velike karijere Martine Kne\u017eevi\u0107 - dmcsrb.com<\/title>\n<meta name=\"robots\" content=\"index, follow, max-snippet:-1, max-image-preview:large, max-video-preview:-1\" \/>\n<link rel=\"canonical\" href=\"https:\/\/dmcsrb.com\/en\/sport\/medalja-u-dresu-lavica-pa-debi-u-ligi-sampiona-kao-najava-velike-karijere-martine-knezevic\/\" \/>\n<meta property=\"og:locale\" content=\"en_GB\" \/>\n<meta property=\"og:type\" content=\"article\" \/>\n<meta property=\"og:title\" content=\"Medalja u dresu \u201elavica\u201c pa debi u Ligi \u0161ampiona kao najava velike karijere Martine Kne\u017eevi\u0107 - dmcsrb.com\" \/>\n<meta property=\"og:description\" content=\"Talentovana rukometa\u0161ica Budu\u0107nosti Martina Kne\u017eevi\u0107 progla\u0161ena je za najbolju igra\u010dicu kadetskog \u0161ampionata, a nedavno i za najbolju mladu sportistkinju Crne Gore.\" \/>\n<meta property=\"og:url\" content=\"https:\/\/dmcsrb.com\/en\/sport\/medalja-u-dresu-lavica-pa-debi-u-ligi-sampiona-kao-najava-velike-karijere-martine-knezevic\/\" \/>\n<meta property=\"og:site_name\" content=\"dmcsrb.com\" \/>\n<meta property=\"article:published_time\" content=\"2026-01-06T15:53:00+00:00\" \/>\n<meta property=\"og:image\" content=\"https:\/\/dmcsrb.com\/wp-content\/uploads\/2026\/01\/Martina-Knezevic-MatchLens-.jpg\" \/>\n\t<meta property=\"og:image:width\" content=\"1000\" \/>\n\t<meta property=\"og:image:height\" content=\"666\" \/>\n\t<meta property=\"og:image:type\" content=\"image\/jpeg\" \/>\n<meta name=\"author\" content=\"dmcsrbija.com@gmail.com\" \/>\n<meta name=\"twitter:card\" content=\"summary_large_image\" \/>\n<meta name=\"twitter:label1\" content=\"Written by\" \/>\n\t<meta name=\"twitter:data1\" content=\"dmcsrbija.com@gmail.com\" \/>\n\t<meta name=\"twitter:label2\" content=\"Estimated reading time\" \/>\n\t<meta name=\"twitter:data2\" content=\"1 minute\" \/>\n<script type=\"application\/ld+json\" class=\"yoast-schema-graph\">{\"@context\":\"https:\/\/schema.org\",\"@graph\":[{\"@type\":\"Article\",\"@id\":\"https:\/\/dmcsrb.com\/sport\/medalja-u-dresu-lavica-pa-debi-u-ligi-sampiona-kao-najava-velike-karijere-martine-knezevic\/#article\",\"isPartOf\":{\"@id\":\"https:\/\/dmcsrb.com\/sport\/medalja-u-dresu-lavica-pa-debi-u-ligi-sampiona-kao-najava-velike-karijere-martine-knezevic\/\"},\"author\":{\"name\":\"dmcsrbija.com@gmail.com\",\"@id\":\"https:\/\/dmcsrb.com\/#\/schema\/person\/5c39170f12db1b8b457732d0b5c854e2\"},\"headline\":\"Medalja u dresu \u201elavica\u201c pa debi u Ligi \u0161ampiona kao najava velike karijere Martine Kne\u017eevi\u0107\",\"datePublished\":\"2026-01-06T15:53:00+00:00\",\"mainEntityOfPage\":{\"@id\":\"https:\/\/dmcsrb.com\/sport\/medalja-u-dresu-lavica-pa-debi-u-ligi-sampiona-kao-najava-velike-karijere-martine-knezevic\/\"},\"wordCount\":300,\"commentCount\":0,\"image\":{\"@id\":\"https:\/\/dmcsrb.com\/sport\/medalja-u-dresu-lavica-pa-debi-u-ligi-sampiona-kao-najava-velike-karijere-martine-knezevic\/#primaryimage\"},\"thumbnailUrl\":\"https:\/\/dmcsrb.com\/wp-content\/uploads\/2026\/01\/Martina-Knezevic-MatchLens-.jpg\",\"keywords\":[\"Martina Kne\u017eevi\u0107\"],\"articleSection\":[\"Sport\"],\"inLanguage\":\"en-GB\",\"potentialAction\":[{\"@type\":\"CommentAction\",\"name\":\"Comment\",\"target\":[\"https:\/\/dmcsrb.com\/sport\/medalja-u-dresu-lavica-pa-debi-u-ligi-sampiona-kao-najava-velike-karijere-martine-knezevic\/#respond\"]}]},{\"@type\":\"WebPage\",\"@id\":\"https:\/\/dmcsrb.com\/sport\/medalja-u-dresu-lavica-pa-debi-u-ligi-sampiona-kao-najava-velike-karijere-martine-knezevic\/\",\"url\":\"https:\/\/dmcsrb.com\/sport\/medalja-u-dresu-lavica-pa-debi-u-ligi-sampiona-kao-najava-velike-karijere-martine-knezevic\/\",\"name\":\"Medalja u dresu \u201elavica\u201c pa debi u Ligi \u0161ampiona kao najava velike karijere Martine Kne\u017eevi\u0107 - dmcsrb.com\",\"isPartOf\":{\"@id\":\"https:\/\/dmcsrb.com\/#website\"},\"primaryImageOfPage\":{\"@id\":\"https:\/\/dmcsrb.com\/sport\/medalja-u-dresu-lavica-pa-debi-u-ligi-sampiona-kao-najava-velike-karijere-martine-knezevic\/#primaryimage\"},\"image\":{\"@id\":\"https:\/\/dmcsrb.com\/sport\/medalja-u-dresu-lavica-pa-debi-u-ligi-sampiona-kao-najava-velike-karijere-martine-knezevic\/#primaryimage\"},\"thumbnailUrl\":\"https:\/\/dmcsrb.com\/wp-content\/uploads\/2026\/01\/Martina-Knezevic-MatchLens-.jpg\",\"datePublished\":\"2026-01-06T15:53:00+00:00\",\"author\":{\"@id\":\"https:\/\/dmcsrb.com\/#\/schema\/person\/5c39170f12db1b8b457732d0b5c854e2\"},\"breadcrumb\":{\"@id\":\"https:\/\/dmcsrb.com\/sport\/medalja-u-dresu-lavica-pa-debi-u-ligi-sampiona-kao-najava-velike-karijere-martine-knezevic\/#breadcrumb\"},\"inLanguage\":\"en-GB\",\"potentialAction\":[{\"@type\":\"ReadAction\",\"target\":[\"https:\/\/dmcsrb.com\/sport\/medalja-u-dresu-lavica-pa-debi-u-ligi-sampiona-kao-najava-velike-karijere-martine-knezevic\/\"]}]},{\"@type\":\"ImageObject\",\"inLanguage\":\"en-GB\",\"@id\":\"https:\/\/dmcsrb.com\/sport\/medalja-u-dresu-lavica-pa-debi-u-ligi-sampiona-kao-najava-velike-karijere-martine-knezevic\/#primaryimage\",\"url\":\"https:\/\/dmcsrb.com\/wp-content\/uploads\/2026\/01\/Martina-Knezevic-MatchLens-.jpg\",\"contentUrl\":\"https:\/\/dmcsrb.com\/wp-content\/uploads\/2026\/01\/Martina-Knezevic-MatchLens-.jpg\",\"width\":1000,\"height\":666,\"caption\":\"Foto: MatchLens\"},{\"@type\":\"BreadcrumbList\",\"@id\":\"https:\/\/dmcsrb.com\/sport\/medalja-u-dresu-lavica-pa-debi-u-ligi-sampiona-kao-najava-velike-karijere-martine-knezevic\/#breadcrumb\",\"itemListElement\":[{\"@type\":\"ListItem\",\"position\":1,\"name\":\"Home\",\"item\":\"https:\/\/dmcsrb.com\/\"},{\"@type\":\"ListItem\",\"position\":2,\"name\":\"Medalja u dresu \u201elavica\u201c pa debi u Ligi \u0161ampiona kao najava velike karijere Martine Kne\u017eevi\u0107\"}]},{\"@type\":\"WebSite\",\"@id\":\"https:\/\/dmcsrb.com\/#website\",\"url\":\"https:\/\/dmcsrb.com\/\",\"name\":\"dmcsrb.com\",\"description\":\"\",\"potentialAction\":[{\"@type\":\"SearchAction\",\"target\":{\"@type\":\"EntryPoint\",\"urlTemplate\":\"https:\/\/dmcsrb.com\/?s={search_term_string}\"},\"query-input\":{\"@type\":\"PropertyValueSpecification\",\"valueRequired\":true,\"valueName\":\"search_term_string\"}}],\"inLanguage\":\"en-GB\"},{\"@type\":\"Person\",\"@id\":\"https:\/\/dmcsrb.com\/#\/schema\/person\/5c39170f12db1b8b457732d0b5c854e2\",\"name\":\"dmcsrbija.com@gmail.com\",\"image\":{\"@type\":\"ImageObject\",\"inLanguage\":\"en-GB\",\"@id\":\"https:\/\/dmcsrb.com\/#\/schema\/person\/image\/\",\"url\":\"https:\/\/secure.gravatar.com\/avatar\/68592660ad6347fad0fb587f8d5d8f1a7b44961362f56e4f2cd524feb87e9069?s=96&d=mm&r=g\",\"contentUrl\":\"https:\/\/secure.gravatar.com\/avatar\/68592660ad6347fad0fb587f8d5d8f1a7b44961362f56e4f2cd524feb87e9069?s=96&d=mm&r=g\",\"caption\":\"dmcsrbija.com@gmail.com\"},\"sameAs\":[\"https:\/\/dmcsrb.com\"],\"url\":\"https:\/\/dmcsrb.com\/en\/author\/dmcsrbija-comgmail-com\/\"}]}<\/script>\n<!-- \/ Yoast SEO plugin. -->","yoast_head_json":{"title":"Medalja u dresu \u201elavica\u201c pa debi u Ligi \u0161ampiona kao najava velike karijere Martine Kne\u017eevi\u0107 - dmcsrb.com","robots":{"index":"index","follow":"follow","max-snippet":"max-snippet:-1","max-image-preview":"max-image-preview:large","max-video-preview":"max-video-preview:-1"},"canonical":"https:\/\/dmcsrb.com\/en\/sport\/medalja-u-dresu-lavica-pa-debi-u-ligi-sampiona-kao-najava-velike-karijere-martine-knezevic\/","og_locale":"en_GB","og_type":"article","og_title":"Medalja u dresu \u201elavica\u201c pa debi u Ligi \u0161ampiona kao najava velike karijere Martine Kne\u017eevi\u0107 - dmcsrb.com","og_description":"Talentovana rukometa\u0161ica Budu\u0107nosti Martina Kne\u017eevi\u0107 progla\u0161ena je za najbolju igra\u010dicu kadetskog \u0161ampionata, a nedavno i za najbolju mladu sportistkinju Crne Gore.","og_url":"https:\/\/dmcsrb.com\/en\/sport\/medalja-u-dresu-lavica-pa-debi-u-ligi-sampiona-kao-najava-velike-karijere-martine-knezevic\/","og_site_name":"dmcsrb.com","article_published_time":"2026-01-06T15:53:00+00:00","og_image":[{"width":1000,"height":666,"url":"https:\/\/dmcsrb.com\/wp-content\/uploads\/2026\/01\/Martina-Knezevic-MatchLens-.jpg","type":"image\/jpeg"}],"author":"dmcsrbija.com@gmail.com","twitter_card":"summary_large_image","twitter_misc":{"Written by":"dmcsrbija.com@gmail.com","Estimated reading time":"1 minute"},"schema":{"@context":"https:\/\/schema.org","@graph":[{"@type":"Article","@id":"https:\/\/dmcsrb.com\/sport\/medalja-u-dresu-lavica-pa-debi-u-ligi-sampiona-kao-najava-velike-karijere-martine-knezevic\/#article","isPartOf":{"@id":"https:\/\/dmcsrb.com\/sport\/medalja-u-dresu-lavica-pa-debi-u-ligi-sampiona-kao-najava-velike-karijere-martine-knezevic\/"},"author":{"name":"dmcsrbija.com@gmail.com","@id":"https:\/\/dmcsrb.com\/#\/schema\/person\/5c39170f12db1b8b457732d0b5c854e2"},"headline":"Medalja u dresu \u201elavica\u201c pa debi u Ligi \u0161ampiona kao najava velike karijere Martine Kne\u017eevi\u0107","datePublished":"2026-01-06T15:53:00+00:00","mainEntityOfPage":{"@id":"https:\/\/dmcsrb.com\/sport\/medalja-u-dresu-lavica-pa-debi-u-ligi-sampiona-kao-najava-velike-karijere-martine-knezevic\/"},"wordCount":300,"commentCount":0,"image":{"@id":"https:\/\/dmcsrb.com\/sport\/medalja-u-dresu-lavica-pa-debi-u-ligi-sampiona-kao-najava-velike-karijere-martine-knezevic\/#primaryimage"},"thumbnailUrl":"https:\/\/dmcsrb.com\/wp-content\/uploads\/2026\/01\/Martina-Knezevic-MatchLens-.jpg","keywords":["Martina Kne\u017eevi\u0107"],"articleSection":["Sport"],"inLanguage":"en-GB","potentialAction":[{"@type":"CommentAction","name":"Comment","target":["https:\/\/dmcsrb.com\/sport\/medalja-u-dresu-lavica-pa-debi-u-ligi-sampiona-kao-najava-velike-karijere-martine-knezevic\/#respond"]}]},{"@type":"WebPage","@id":"https:\/\/dmcsrb.com\/sport\/medalja-u-dresu-lavica-pa-debi-u-ligi-sampiona-kao-najava-velike-karijere-martine-knezevic\/","url":"https:\/\/dmcsrb.com\/sport\/medalja-u-dresu-lavica-pa-debi-u-ligi-sampiona-kao-najava-velike-karijere-martine-knezevic\/","name":"Medalja u dresu \u201elavica\u201c pa debi u Ligi \u0161ampiona kao najava velike karijere Martine Kne\u017eevi\u0107 - dmcsrb.com","isPartOf":{"@id":"https:\/\/dmcsrb.com\/#website"},"primaryImageOfPage":{"@id":"https:\/\/dmcsrb.com\/sport\/medalja-u-dresu-lavica-pa-debi-u-ligi-sampiona-kao-najava-velike-karijere-martine-knezevic\/#primaryimage"},"image":{"@id":"https:\/\/dmcsrb.com\/sport\/medalja-u-dresu-lavica-pa-debi-u-ligi-sampiona-kao-najava-velike-karijere-martine-knezevic\/#primaryimage"},"thumbnailUrl":"https:\/\/dmcsrb.com\/wp-content\/uploads\/2026\/01\/Martina-Knezevic-MatchLens-.jpg","datePublished":"2026-01-06T15:53:00+00:00","author":{"@id":"https:\/\/dmcsrb.com\/#\/schema\/person\/5c39170f12db1b8b457732d0b5c854e2"},"breadcrumb":{"@id":"https:\/\/dmcsrb.com\/sport\/medalja-u-dresu-lavica-pa-debi-u-ligi-sampiona-kao-najava-velike-karijere-martine-knezevic\/#breadcrumb"},"inLanguage":"en-GB","potentialAction":[{"@type":"ReadAction","target":["https:\/\/dmcsrb.com\/sport\/medalja-u-dresu-lavica-pa-debi-u-ligi-sampiona-kao-najava-velike-karijere-martine-knezevic\/"]}]},{"@type":"ImageObject","inLanguage":"en-GB","@id":"https:\/\/dmcsrb.com\/sport\/medalja-u-dresu-lavica-pa-debi-u-ligi-sampiona-kao-najava-velike-karijere-martine-knezevic\/#primaryimage","url":"https:\/\/dmcsrb.com\/wp-content\/uploads\/2026\/01\/Martina-Knezevic-MatchLens-.jpg","contentUrl":"https:\/\/dmcsrb.com\/wp-content\/uploads\/2026\/01\/Martina-Knezevic-MatchLens-.jpg","width":1000,"height":666,"caption":"Foto: MatchLens"},{"@type":"BreadcrumbList","@id":"https:\/\/dmcsrb.com\/sport\/medalja-u-dresu-lavica-pa-debi-u-ligi-sampiona-kao-najava-velike-karijere-martine-knezevic\/#breadcrumb","itemListElement":[{"@type":"ListItem","position":1,"name":"Home","item":"https:\/\/dmcsrb.com\/"},{"@type":"ListItem","position":2,"name":"Medalja u dresu \u201elavica\u201c pa debi u Ligi \u0161ampiona kao najava velike karijere Martine Kne\u017eevi\u0107"}]},{"@type":"WebSite","@id":"https:\/\/dmcsrb.com\/#website","url":"https:\/\/dmcsrb.com\/","name":"dmcsrb.com","description":"","potentialAction":[{"@type":"SearchAction","target":{"@type":"EntryPoint","urlTemplate":"https:\/\/dmcsrb.com\/?s={search_term_string}"},"query-input":{"@type":"PropertyValueSpecification","valueRequired":true,"valueName":"search_term_string"}}],"inLanguage":"en-GB"},{"@type":"Person","@id":"https:\/\/dmcsrb.com\/#\/schema\/person\/5c39170f12db1b8b457732d0b5c854e2","name":"dmcsrbija.com@gmail.com","image":{"@type":"ImageObject","inLanguage":"en-GB","@id":"https:\/\/dmcsrb.com\/#\/schema\/person\/image\/","url":"https:\/\/secure.gravatar.com\/avatar\/68592660ad6347fad0fb587f8d5d8f1a7b44961362f56e4f2cd524feb87e9069?s=96&d=mm&r=g","contentUrl":"https:\/\/secure.gravatar.com\/avatar\/68592660ad6347fad0fb587f8d5d8f1a7b44961362f56e4f2cd524feb87e9069?s=96&d=mm&r=g","caption":"dmcsrbija.com@gmail.com"},"sameAs":["https:\/\/dmcsrb.com"],"url":"https:\/\/dmcsrb.com\/en\/author\/dmcsrbija-comgmail-com\/"}]}},"_links":{"self":[{"href":"https:\/\/dmcsrb.com\/en\/wp-json\/wp\/v2\/posts\/905150","targetHints":{"allow":["GET"]}}],"collection":[{"href":"https:\/\/dmcsrb.com\/en\/wp-json\/wp\/v2\/posts"}],"about":[{"href":"https:\/\/dmcsrb.com\/en\/wp-json\/wp\/v2\/types\/post"}],"author":[{"embeddable":true,"href":"https:\/\/dmcsrb.com\/en\/wp-json\/wp\/v2\/users\/1"}],"replies":[{"embeddable":true,"href":"https:\/\/dmcsrb.com\/en\/wp-json\/wp\/v2\/comments?post=905150"}],"version-history":[{"count":0,"href":"https:\/\/dmcsrb.com\/en\/wp-json\/wp\/v2\/posts\/905150\/revisions"}],"wp:featuredmedia":[{"embeddable":true,"href":"https:\/\/dmcsrb.com\/en\/wp-json\/wp\/v2\/media\/905151"}],"wp:attachment":[{"href":"https:\/\/dmcsrb.com\/en\/wp-json\/wp\/v2\/media?parent=905150"}],"wp:term":[{"taxonomy":"category","embeddable":true,"href":"https:\/\/dmcsrb.com\/en\/wp-json\/wp\/v2\/categories?post=905150"},{"taxonomy":"post_tag","embeddable":true,"href":"https:\/\/dmcsrb.com\/en\/wp-json\/wp\/v2\/tags?post=905150"},{"taxonomy":"naslovna","embeddable":true,"href":"https:\/\/dmcsrb.com\/en\/wp-json\/wp\/v2\/naslovna?post=905150"}],"curies":[{"name":"wp","href":"https:\/\/api.w.org\/{rel}","templated":true}]}}