{"id":905147,"date":"2026-01-06T18:40:00","date_gmt":"2026-01-06T17:40:00","guid":{"rendered":"https:\/\/gradski.me\/?p=905147"},"modified":"2026-01-06T18:40:00","modified_gmt":"2026-01-06T17:40:00","slug":"evropski-lideri-podrzali-dansku-posle-obnovljenog-interesovanja-sad-za-grenland","status":"publish","type":"post","link":"https:\/\/dmcsrb.com\/en\/svijet\/evropski-lideri-podrzali-dansku-posle-obnovljenog-interesovanja-sad-za-grenland\/","title":{"rendered":"Evropski lideri podr\u017eali Dansku posle obnovljenog interesovanja SAD za Grenland"},"content":{"rendered":"<p><\/p>\n\n\n\n<p>&#8220;Grenland pripada svom narodu. Samo na njima je da odlu\u010duju o pitanjima koja se ti\u010du Danske i Grenlanda&#8221;, navodi se u saop\u0161tenju lidera Francuske, Njema\u010dke, Italije, Poljske, \u0160panije, Velike Britanije i Danske.<\/p>\n\n\n\n<p>Lideri su naveli da se bezbjednost na Arktiku mora posti\u0107i kolektivno sa saveznicima NATO-a, uklju\u010duju\u0107i Sjedinjene Ameri\u010dke Dr\u017eave (SAD), prenosi Radio Slobodna Evropa.<\/p>\n\n\n\n<p>&#8220;NATO je jasno stavio do znanja da je arkti\u010dki region prioritet i evropski saveznici se anga\u017euju. Mi i mnogi drugi saveznici pove\u0107ali smo svoje prisustvo, aktivnosti i investicije kako bismo Arktik odr\u017eali bezbjednim i odvratili protivnike&#8221;, navodi se u saop\u0161tenju.<\/p>\n\n\n\n<p>Tramp je vi\u0161e puta rekao da \u017eeli da preuzme Grenland, a to je potvrdio i u nedjelju u izjavi za \u010dasopis Atlantik.<\/p>\n\n\n\n<p>&nbsp;&#8220;Apsolutno nam je potreban Grenland. Potreban nam je za odbranu&#8221;, rekao je Tramp.<\/p>\n\n\n\n<p>Ameri\u010dka vojna operacija u Venecueli tokom vikenda, koja je dovela do hap\u0161enja lidera Nikolasa Madura, dodatno je pokrenula zabrinutost me\u0111u saveznicima Va\u0161ingtona u NATO-u da bi se Grenland mogao suo\u010diti sa sli\u010dnim scenarijem.<\/p>\n\n\n\n<p>Grenland, najve\u0107e ostrvo na svijetu sa populacijom od 57 hiljada ljudi, nije nezavisni \u010dlan NATO-a, ali je obuhva\u0107en \u010dlanstvom Danske u zapadnom vojnom savezu.<\/p>\n\n\n\n<p>Strate\u0161ka lokacija ostrva izme\u0111u Evrope i Sjeverne Amerike \u010dini ga kriti\u010dnim mjestom za ameri\u010dki sistem odbrane od balisti\u010dkih raketa, budu\u0107i da je na najkra\u0107oj trasi za rakete izme\u0111u Rusije i SAD.<\/p>\n\n\n\n<p>&nbsp;Njegovo mineralno bogatstvo tako\u0111e je u skladu sa ambicijom Va\u0161ingtona da smanji zavisnost od kineskog izvoza.<\/p>\n\n\n\n<p>Premijer Grenlanda Jens-Frederik Nilsen rekao je u ponedjeljak da njegova vlada nastoji da oja\u010da veze sa SAD i da gra\u0111ani ne bi trebalo da se pla\u0161e skora\u0161njeg preuzimanja od SAD-a.<\/p>","protected":false},"excerpt":{"rendered":"<p>Lideri evropskih zemalja izrazili su podr\u0161ku Danskoj i Grenlandu, navode\u0107i u zajedni\u010dkom saop\u0161tenju da arkti\u010dko ostrvo pripada njegovom narodu, posle obnovljenog interesovanja ameri\u010dkog predsjednika Donalda Trampa za preuzimanje danske teritorije.<\/p>","protected":false},"author":1,"featured_media":502058,"comment_status":"open","ping_status":"open","sticky":false,"template":"","format":"standard","meta":{"_acf_changed":false,"footnotes":""},"categories":[144],"tags":[2245,5753,4081,5754,195],"naslovna":[],"class_list":["post-905147","post","type-post","status-publish","format-standard","has-post-thumbnail","hentry","category-svijet","tag-danska","tag-evropski-lideri","tag-grenland","tag-interesovanje","tag-sad"],"acf":[],"yoast_head":"<!-- This site is optimized with the Yoast SEO plugin v27.4 - https:\/\/yoast.com\/product\/yoast-seo-wordpress\/ -->\n<title>Evropski lideri podr\u017eali Dansku posle obnovljenog interesovanja SAD za Grenland - dmcsrb.com<\/title>\n<meta name=\"robots\" content=\"index, follow, max-snippet:-1, max-image-preview:large, max-video-preview:-1\" \/>\n<link rel=\"canonical\" href=\"https:\/\/dmcsrb.com\/en\/svijet\/evropski-lideri-podrzali-dansku-posle-obnovljenog-interesovanja-sad-za-grenland\/\" \/>\n<meta property=\"og:locale\" content=\"en_GB\" \/>\n<meta property=\"og:type\" content=\"article\" \/>\n<meta property=\"og:title\" content=\"Evropski lideri podr\u017eali Dansku posle obnovljenog interesovanja SAD za Grenland - dmcsrb.com\" \/>\n<meta property=\"og:description\" content=\"Lideri evropskih zemalja izrazili su podr\u0161ku Danskoj i Grenlandu, navode\u0107i u zajedni\u010dkom saop\u0161tenju da arkti\u010dko ostrvo pripada njegovom narodu, posle obnovljenog interesovanja ameri\u010dkog predsjednika Donalda Trampa za preuzimanje danske teritorije.\" \/>\n<meta property=\"og:url\" content=\"https:\/\/dmcsrb.com\/en\/svijet\/evropski-lideri-podrzali-dansku-posle-obnovljenog-interesovanja-sad-za-grenland\/\" \/>\n<meta property=\"og:site_name\" content=\"dmcsrb.com\" \/>\n<meta property=\"article:published_time\" content=\"2026-01-06T17:40:00+00:00\" \/>\n<meta property=\"og:image\" content=\"https:\/\/dmcsrb.com\/wp-content\/uploads\/2024\/03\/Brisel-EU-Evropska-unija-foto-AP.jpg\" \/>\n\t<meta property=\"og:image:width\" content=\"1017\" \/>\n\t<meta property=\"og:image:height\" content=\"618\" \/>\n\t<meta property=\"og:image:type\" content=\"image\/jpeg\" \/>\n<meta name=\"author\" content=\"dmcsrbija.com@gmail.com\" \/>\n<meta name=\"twitter:card\" content=\"summary_large_image\" \/>\n<meta name=\"twitter:label1\" content=\"Written by\" \/>\n\t<meta name=\"twitter:data1\" content=\"dmcsrbija.com@gmail.com\" \/>\n\t<meta name=\"twitter:label2\" content=\"Estimated reading time\" \/>\n\t<meta name=\"twitter:data2\" content=\"2 minutes\" \/>\n<script type=\"application\/ld+json\" class=\"yoast-schema-graph\">{\"@context\":\"https:\\\/\\\/schema.org\",\"@graph\":[{\"@type\":\"Article\",\"@id\":\"https:\\\/\\\/dmcsrb.com\\\/svijet\\\/evropski-lideri-podrzali-dansku-posle-obnovljenog-interesovanja-sad-za-grenland\\\/#article\",\"isPartOf\":{\"@id\":\"https:\\\/\\\/dmcsrb.com\\\/svijet\\\/evropski-lideri-podrzali-dansku-posle-obnovljenog-interesovanja-sad-za-grenland\\\/\"},\"author\":{\"name\":\"dmcsrbija.com@gmail.com\",\"@id\":\"https:\\\/\\\/dmcsrb.com\\\/#\\\/schema\\\/person\\\/5c39170f12db1b8b457732d0b5c854e2\"},\"headline\":\"Evropski lideri podr\u017eali Dansku posle obnovljenog interesovanja SAD za Grenland\",\"datePublished\":\"2026-01-06T17:40:00+00:00\",\"mainEntityOfPage\":{\"@id\":\"https:\\\/\\\/dmcsrb.com\\\/svijet\\\/evropski-lideri-podrzali-dansku-posle-obnovljenog-interesovanja-sad-za-grenland\\\/\"},\"wordCount\":313,\"commentCount\":0,\"image\":{\"@id\":\"https:\\\/\\\/dmcsrb.com\\\/svijet\\\/evropski-lideri-podrzali-dansku-posle-obnovljenog-interesovanja-sad-za-grenland\\\/#primaryimage\"},\"thumbnailUrl\":\"https:\\\/\\\/dmcsrb.com\\\/wp-content\\\/uploads\\\/2024\\\/03\\\/Brisel-EU-Evropska-unija-foto-AP.jpg\",\"keywords\":[\"Danska\",\"evropski lideri\",\"Grenland\",\"interesovanje\",\"SAD\"],\"articleSection\":[\"Svijet\"],\"inLanguage\":\"en-GB\",\"potentialAction\":[{\"@type\":\"CommentAction\",\"name\":\"Comment\",\"target\":[\"https:\\\/\\\/dmcsrb.com\\\/svijet\\\/evropski-lideri-podrzali-dansku-posle-obnovljenog-interesovanja-sad-za-grenland\\\/#respond\"]}]},{\"@type\":\"WebPage\",\"@id\":\"https:\\\/\\\/dmcsrb.com\\\/svijet\\\/evropski-lideri-podrzali-dansku-posle-obnovljenog-interesovanja-sad-za-grenland\\\/\",\"url\":\"https:\\\/\\\/dmcsrb.com\\\/svijet\\\/evropski-lideri-podrzali-dansku-posle-obnovljenog-interesovanja-sad-za-grenland\\\/\",\"name\":\"Evropski lideri podr\u017eali Dansku posle obnovljenog interesovanja SAD za Grenland - dmcsrb.com\",\"isPartOf\":{\"@id\":\"https:\\\/\\\/dmcsrb.com\\\/#website\"},\"primaryImageOfPage\":{\"@id\":\"https:\\\/\\\/dmcsrb.com\\\/svijet\\\/evropski-lideri-podrzali-dansku-posle-obnovljenog-interesovanja-sad-za-grenland\\\/#primaryimage\"},\"image\":{\"@id\":\"https:\\\/\\\/dmcsrb.com\\\/svijet\\\/evropski-lideri-podrzali-dansku-posle-obnovljenog-interesovanja-sad-za-grenland\\\/#primaryimage\"},\"thumbnailUrl\":\"https:\\\/\\\/dmcsrb.com\\\/wp-content\\\/uploads\\\/2024\\\/03\\\/Brisel-EU-Evropska-unija-foto-AP.jpg\",\"datePublished\":\"2026-01-06T17:40:00+00:00\",\"author\":{\"@id\":\"https:\\\/\\\/dmcsrb.com\\\/#\\\/schema\\\/person\\\/5c39170f12db1b8b457732d0b5c854e2\"},\"breadcrumb\":{\"@id\":\"https:\\\/\\\/dmcsrb.com\\\/svijet\\\/evropski-lideri-podrzali-dansku-posle-obnovljenog-interesovanja-sad-za-grenland\\\/#breadcrumb\"},\"inLanguage\":\"en-GB\",\"potentialAction\":[{\"@type\":\"ReadAction\",\"target\":[\"https:\\\/\\\/dmcsrb.com\\\/svijet\\\/evropski-lideri-podrzali-dansku-posle-obnovljenog-interesovanja-sad-za-grenland\\\/\"]}]},{\"@type\":\"ImageObject\",\"inLanguage\":\"en-GB\",\"@id\":\"https:\\\/\\\/dmcsrb.com\\\/svijet\\\/evropski-lideri-podrzali-dansku-posle-obnovljenog-interesovanja-sad-za-grenland\\\/#primaryimage\",\"url\":\"https:\\\/\\\/dmcsrb.com\\\/wp-content\\\/uploads\\\/2024\\\/03\\\/Brisel-EU-Evropska-unija-foto-AP.jpg\",\"contentUrl\":\"https:\\\/\\\/dmcsrb.com\\\/wp-content\\\/uploads\\\/2024\\\/03\\\/Brisel-EU-Evropska-unija-foto-AP.jpg\",\"width\":1017,\"height\":618,\"caption\":\"Foto: AP\"},{\"@type\":\"BreadcrumbList\",\"@id\":\"https:\\\/\\\/dmcsrb.com\\\/svijet\\\/evropski-lideri-podrzali-dansku-posle-obnovljenog-interesovanja-sad-za-grenland\\\/#breadcrumb\",\"itemListElement\":[{\"@type\":\"ListItem\",\"position\":1,\"name\":\"Home\",\"item\":\"https:\\\/\\\/dmcsrb.com\\\/\"},{\"@type\":\"ListItem\",\"position\":2,\"name\":\"Evropski lideri podr\u017eali Dansku posle obnovljenog interesovanja SAD za Grenland\"}]},{\"@type\":\"WebSite\",\"@id\":\"https:\\\/\\\/dmcsrb.com\\\/#website\",\"url\":\"https:\\\/\\\/dmcsrb.com\\\/\",\"name\":\"dmcsrb.com\",\"description\":\"\",\"potentialAction\":[{\"@type\":\"SearchAction\",\"target\":{\"@type\":\"EntryPoint\",\"urlTemplate\":\"https:\\\/\\\/dmcsrb.com\\\/?s={search_term_string}\"},\"query-input\":{\"@type\":\"PropertyValueSpecification\",\"valueRequired\":true,\"valueName\":\"search_term_string\"}}],\"inLanguage\":\"en-GB\"},{\"@type\":\"Person\",\"@id\":\"https:\\\/\\\/dmcsrb.com\\\/#\\\/schema\\\/person\\\/5c39170f12db1b8b457732d0b5c854e2\",\"name\":\"dmcsrbija.com@gmail.com\",\"image\":{\"@type\":\"ImageObject\",\"inLanguage\":\"en-GB\",\"@id\":\"https:\\\/\\\/secure.gravatar.com\\\/avatar\\\/68592660ad6347fad0fb587f8d5d8f1a7b44961362f56e4f2cd524feb87e9069?s=96&d=mm&r=g\",\"url\":\"https:\\\/\\\/secure.gravatar.com\\\/avatar\\\/68592660ad6347fad0fb587f8d5d8f1a7b44961362f56e4f2cd524feb87e9069?s=96&d=mm&r=g\",\"contentUrl\":\"https:\\\/\\\/secure.gravatar.com\\\/avatar\\\/68592660ad6347fad0fb587f8d5d8f1a7b44961362f56e4f2cd524feb87e9069?s=96&d=mm&r=g\",\"caption\":\"dmcsrbija.com@gmail.com\"},\"sameAs\":[\"https:\\\/\\\/dmcsrb.com\"],\"url\":\"https:\\\/\\\/dmcsrb.com\\\/en\\\/author\\\/dmcsrbija-comgmail-com\\\/\"}]}<\/script>\n<!-- \/ Yoast SEO plugin. -->","yoast_head_json":{"title":"Evropski lideri podr\u017eali Dansku posle obnovljenog interesovanja SAD za Grenland - dmcsrb.com","robots":{"index":"index","follow":"follow","max-snippet":"max-snippet:-1","max-image-preview":"max-image-preview:large","max-video-preview":"max-video-preview:-1"},"canonical":"https:\/\/dmcsrb.com\/en\/svijet\/evropski-lideri-podrzali-dansku-posle-obnovljenog-interesovanja-sad-za-grenland\/","og_locale":"en_GB","og_type":"article","og_title":"Evropski lideri podr\u017eali Dansku posle obnovljenog interesovanja SAD za Grenland - dmcsrb.com","og_description":"Lideri evropskih zemalja izrazili su podr\u0161ku Danskoj i Grenlandu, navode\u0107i u zajedni\u010dkom saop\u0161tenju da arkti\u010dko ostrvo pripada njegovom narodu, posle obnovljenog interesovanja ameri\u010dkog predsjednika Donalda Trampa za preuzimanje danske teritorije.","og_url":"https:\/\/dmcsrb.com\/en\/svijet\/evropski-lideri-podrzali-dansku-posle-obnovljenog-interesovanja-sad-za-grenland\/","og_site_name":"dmcsrb.com","article_published_time":"2026-01-06T17:40:00+00:00","og_image":[{"width":1017,"height":618,"url":"https:\/\/dmcsrb.com\/wp-content\/uploads\/2024\/03\/Brisel-EU-Evropska-unija-foto-AP.jpg","type":"image\/jpeg"}],"author":"dmcsrbija.com@gmail.com","twitter_card":"summary_large_image","twitter_misc":{"Written by":"dmcsrbija.com@gmail.com","Estimated reading time":"2 minutes"},"schema":{"@context":"https:\/\/schema.org","@graph":[{"@type":"Article","@id":"https:\/\/dmcsrb.com\/svijet\/evropski-lideri-podrzali-dansku-posle-obnovljenog-interesovanja-sad-za-grenland\/#article","isPartOf":{"@id":"https:\/\/dmcsrb.com\/svijet\/evropski-lideri-podrzali-dansku-posle-obnovljenog-interesovanja-sad-za-grenland\/"},"author":{"name":"dmcsrbija.com@gmail.com","@id":"https:\/\/dmcsrb.com\/#\/schema\/person\/5c39170f12db1b8b457732d0b5c854e2"},"headline":"Evropski lideri podr\u017eali Dansku posle obnovljenog interesovanja SAD za Grenland","datePublished":"2026-01-06T17:40:00+00:00","mainEntityOfPage":{"@id":"https:\/\/dmcsrb.com\/svijet\/evropski-lideri-podrzali-dansku-posle-obnovljenog-interesovanja-sad-za-grenland\/"},"wordCount":313,"commentCount":0,"image":{"@id":"https:\/\/dmcsrb.com\/svijet\/evropski-lideri-podrzali-dansku-posle-obnovljenog-interesovanja-sad-za-grenland\/#primaryimage"},"thumbnailUrl":"https:\/\/dmcsrb.com\/wp-content\/uploads\/2024\/03\/Brisel-EU-Evropska-unija-foto-AP.jpg","keywords":["Danska","evropski lideri","Grenland","interesovanje","SAD"],"articleSection":["Svijet"],"inLanguage":"en-GB","potentialAction":[{"@type":"CommentAction","name":"Comment","target":["https:\/\/dmcsrb.com\/svijet\/evropski-lideri-podrzali-dansku-posle-obnovljenog-interesovanja-sad-za-grenland\/#respond"]}]},{"@type":"WebPage","@id":"https:\/\/dmcsrb.com\/svijet\/evropski-lideri-podrzali-dansku-posle-obnovljenog-interesovanja-sad-za-grenland\/","url":"https:\/\/dmcsrb.com\/svijet\/evropski-lideri-podrzali-dansku-posle-obnovljenog-interesovanja-sad-za-grenland\/","name":"Evropski lideri podr\u017eali Dansku posle obnovljenog interesovanja SAD za Grenland - dmcsrb.com","isPartOf":{"@id":"https:\/\/dmcsrb.com\/#website"},"primaryImageOfPage":{"@id":"https:\/\/dmcsrb.com\/svijet\/evropski-lideri-podrzali-dansku-posle-obnovljenog-interesovanja-sad-za-grenland\/#primaryimage"},"image":{"@id":"https:\/\/dmcsrb.com\/svijet\/evropski-lideri-podrzali-dansku-posle-obnovljenog-interesovanja-sad-za-grenland\/#primaryimage"},"thumbnailUrl":"https:\/\/dmcsrb.com\/wp-content\/uploads\/2024\/03\/Brisel-EU-Evropska-unija-foto-AP.jpg","datePublished":"2026-01-06T17:40:00+00:00","author":{"@id":"https:\/\/dmcsrb.com\/#\/schema\/person\/5c39170f12db1b8b457732d0b5c854e2"},"breadcrumb":{"@id":"https:\/\/dmcsrb.com\/svijet\/evropski-lideri-podrzali-dansku-posle-obnovljenog-interesovanja-sad-za-grenland\/#breadcrumb"},"inLanguage":"en-GB","potentialAction":[{"@type":"ReadAction","target":["https:\/\/dmcsrb.com\/svijet\/evropski-lideri-podrzali-dansku-posle-obnovljenog-interesovanja-sad-za-grenland\/"]}]},{"@type":"ImageObject","inLanguage":"en-GB","@id":"https:\/\/dmcsrb.com\/svijet\/evropski-lideri-podrzali-dansku-posle-obnovljenog-interesovanja-sad-za-grenland\/#primaryimage","url":"https:\/\/dmcsrb.com\/wp-content\/uploads\/2024\/03\/Brisel-EU-Evropska-unija-foto-AP.jpg","contentUrl":"https:\/\/dmcsrb.com\/wp-content\/uploads\/2024\/03\/Brisel-EU-Evropska-unija-foto-AP.jpg","width":1017,"height":618,"caption":"Foto: AP"},{"@type":"BreadcrumbList","@id":"https:\/\/dmcsrb.com\/svijet\/evropski-lideri-podrzali-dansku-posle-obnovljenog-interesovanja-sad-za-grenland\/#breadcrumb","itemListElement":[{"@type":"ListItem","position":1,"name":"Home","item":"https:\/\/dmcsrb.com\/"},{"@type":"ListItem","position":2,"name":"Evropski lideri podr\u017eali Dansku posle obnovljenog interesovanja SAD za Grenland"}]},{"@type":"WebSite","@id":"https:\/\/dmcsrb.com\/#website","url":"https:\/\/dmcsrb.com\/","name":"dmcsrb.com","description":"","potentialAction":[{"@type":"SearchAction","target":{"@type":"EntryPoint","urlTemplate":"https:\/\/dmcsrb.com\/?s={search_term_string}"},"query-input":{"@type":"PropertyValueSpecification","valueRequired":true,"valueName":"search_term_string"}}],"inLanguage":"en-GB"},{"@type":"Person","@id":"https:\/\/dmcsrb.com\/#\/schema\/person\/5c39170f12db1b8b457732d0b5c854e2","name":"dmcsrbija.com@gmail.com","image":{"@type":"ImageObject","inLanguage":"en-GB","@id":"https:\/\/secure.gravatar.com\/avatar\/68592660ad6347fad0fb587f8d5d8f1a7b44961362f56e4f2cd524feb87e9069?s=96&d=mm&r=g","url":"https:\/\/secure.gravatar.com\/avatar\/68592660ad6347fad0fb587f8d5d8f1a7b44961362f56e4f2cd524feb87e9069?s=96&d=mm&r=g","contentUrl":"https:\/\/secure.gravatar.com\/avatar\/68592660ad6347fad0fb587f8d5d8f1a7b44961362f56e4f2cd524feb87e9069?s=96&d=mm&r=g","caption":"dmcsrbija.com@gmail.com"},"sameAs":["https:\/\/dmcsrb.com"],"url":"https:\/\/dmcsrb.com\/en\/author\/dmcsrbija-comgmail-com\/"}]}},"_links":{"self":[{"href":"https:\/\/dmcsrb.com\/en\/wp-json\/wp\/v2\/posts\/905147","targetHints":{"allow":["GET"]}}],"collection":[{"href":"https:\/\/dmcsrb.com\/en\/wp-json\/wp\/v2\/posts"}],"about":[{"href":"https:\/\/dmcsrb.com\/en\/wp-json\/wp\/v2\/types\/post"}],"author":[{"embeddable":true,"href":"https:\/\/dmcsrb.com\/en\/wp-json\/wp\/v2\/users\/1"}],"replies":[{"embeddable":true,"href":"https:\/\/dmcsrb.com\/en\/wp-json\/wp\/v2\/comments?post=905147"}],"version-history":[{"count":0,"href":"https:\/\/dmcsrb.com\/en\/wp-json\/wp\/v2\/posts\/905147\/revisions"}],"wp:featuredmedia":[{"embeddable":true,"href":"https:\/\/dmcsrb.com\/en\/wp-json\/wp\/v2\/media\/502058"}],"wp:attachment":[{"href":"https:\/\/dmcsrb.com\/en\/wp-json\/wp\/v2\/media?parent=905147"}],"wp:term":[{"taxonomy":"category","embeddable":true,"href":"https:\/\/dmcsrb.com\/en\/wp-json\/wp\/v2\/categories?post=905147"},{"taxonomy":"post_tag","embeddable":true,"href":"https:\/\/dmcsrb.com\/en\/wp-json\/wp\/v2\/tags?post=905147"},{"taxonomy":"naslovna","embeddable":true,"href":"https:\/\/dmcsrb.com\/en\/wp-json\/wp\/v2\/naslovna?post=905147"}],"curies":[{"name":"wp","href":"https:\/\/api.w.org\/{rel}","templated":true}]}}