{"id":904872,"date":"2026-01-05T19:00:00","date_gmt":"2026-01-05T18:00:00","guid":{"rendered":"https:\/\/gradski.me\/?p=904872"},"modified":"2026-01-05T19:00:00","modified_gmt":"2026-01-05T18:00:00","slug":"video-katnic-za-vrijeme-praznika-u-prosjeku-dnevno-odvezeno-200-tona-otpada-apelujemo-na-gradjane-da-pokazu-vise-odgovornosti","status":"publish","type":"post","link":"https:\/\/dmcsrb.com\/en\/podgorica\/video-katnic-za-vrijeme-praznika-u-prosjeku-dnevno-odvezeno-200-tona-otpada-apelujemo-na-gradjane-da-pokazu-vise-odgovornosti\/","title":{"rendered":"(VIDEO) Katni\u0107: Za vrijeme praznika u prosjeku dnevno odvezeno 200 tona otpada, apelujemo na gra\u0111ane da poka\u017eu vi\u0161e odgovornosti"},"content":{"rendered":"<p>Ve\u0107 prvog dana Nove godine zabilje\u017eena su ozbiljna o\u0161te\u0107enja kontejnera u vi\u0161e podgori\u010dkih naselja. Uprkos vi\u0161egodi\u0161njim apelima, problem neodgovornog pona\u0161anja i dalje je prisutan. Iz \u201e\u010cisto\u0107e\u201c isti\u010du da su \u0161tete od vandalizma bile prisutne i ranijih godina, te da je zbog toga u bud\u017eetu Glavnog grada planirano vi\u0161e novca za sanaciju o\u0161te\u0107enja. Samo za ovu godinu opredijeljeno je oko 45 hiljada eura. Pored toga, novogodi\u0161nji praznici donijeli su i pove\u0107ane koli\u010dine otpada.<\/p>\n\n\n\n<p>&#8220;Za ovih par dana u prosjeku odlo\u017eilo i odvezlo nekih 200 tona otpada, od kojih, nekih 75 posto \u010dini komunalni otpad, a ostalo pada na kabasti otpad&#8221;, kazao je Vojin Katni\u0107 iz GP &#8220;\u010cisto\u0107a&#8221;.<\/p>\n\n\n\n<p>Katni\u0107 isti\u010de da su u \u010cisto\u0107i puno posla imali i zbog Podgori\u010dkog pazara koji traje do 8 januara.<\/p>\n\n\n\n<p>&#8220;Jer znate i sami to se mora sve sanirati, ukloniti otpad, nakon tih manifestacija omogu\u0107iti da naredni dan to funkcioni\u0161e kako treba. \u00a0\u0160to se ti\u010de manuelnih radnika u prosjeku je anga\u017eovano nekih 90 izvr\u0161ilaca u 3 smjene&#8221;, kazao je Katni\u0107. \u00a0<\/p>\n\n\n\n<p>Ponovo apeluje na gra\u0111ane da poka\u017eu vi\u0161e odgovornosti i saradnje.<\/p>\n\n\n\n<p>&#8220;Primjeri vandalizma od toga da se otpad odla\u017ee mimo posuda u velikim koli\u010dinama, gdje dominira posebno kabasti otpad, da gra\u0111ani parkiraju vozila, pored na\u0161ih posuda da na\u0161a vozila i posada, ne mogu da pri\u0111u da gubimo i vrijeme koje jako zna\u010dajan faktor, sve uti\u010de na jednu kona\u010dnu molbu da se pona\u0161amo kako trebamo na taj na\u010din&#8221;, istakao je Katni\u0107.<\/p>\n\n\n\n<p>Iz \u010cisto\u0107e podsje\u0107aju da su gra\u0111anima na raspolaganju recikla\u017ena dvori\u0161ta, a tokom bo\u017ei\u0107nih praznika radi\u0107e dva \u2013 na Zlatici i u Tolo\u0161ima. Poruka je jasna: bez zajedni\u010dke odgovornosti i po\u0161tovanja komunalnog reda, \u0161tete i problemi \u0107e se ponavljati tokom cijele godine.<\/p>\n\n\n\n<figure class=\"wp-block-embed is-type-video is-provider-youtube wp-block-embed-youtube wp-embed-aspect-16-9 wp-has-aspect-ratio\"><div class=\"wp-block-embed__wrapper\">\n<iframe loading=\"lazy\" title=\"Katni\u0107: Za vrijeme praznika u prosjeku odvezeno 200 tona otpada, gra\u0111ani da savjesno odla\u017eu otpad\" width=\"500\" height=\"281\" src=\"https:\/\/www.youtube.com\/embed\/P1_2tWnxTQc?feature=oembed\" frameborder=\"0\" allow=\"accelerometer; autoplay; clipboard-write; encrypted-media; gyroscope; picture-in-picture; web-share\" referrerpolicy=\"strict-origin-when-cross-origin\" allowfullscreen><\/iframe>\n<\/div><\/figure>","protected":false},"excerpt":{"rendered":"<p>Tokom novogodi\u0161njih praznika zabilje\u017eena su zna\u010dajna o\u0161te\u0107enja komunalne opreme u vi\u0161e podgori\u010dkih ulica, a \u0161teta se mjeri hiljadama eura. Iz GP \u201e\u010cisto\u0107a\u201c poru\u010duju da se sa vandalizmom suo\u010davaju tokom cijele godine, ali i da su, uprkos lo\u0161im vremenskim uslovima, uspjeli da odr\u017ee redovno funkcionisanje sistema odvoza otpada.<\/p>","protected":false},"author":1,"featured_media":904874,"comment_status":"open","ping_status":"open","sticky":false,"template":"","format":"standard","meta":{"_acf_changed":false,"footnotes":""},"categories":[56],"tags":[5661,3652,5662],"naslovna":[5433],"class_list":["post-904872","post","type-post","status-publish","format-standard","has-post-thumbnail","hentry","category-podgorica","tag-gp-cistoca-2","tag-otpad","tag-vojin-katnic"],"acf":[],"yoast_head":"<!-- This site is optimized with the Yoast SEO plugin v27.0 - https:\/\/yoast.com\/product\/yoast-seo-wordpress\/ -->\n<title>(VIDEO) Katni\u0107: Za vrijeme praznika u prosjeku dnevno odvezeno 200 tona otpada, apelujemo na gra\u0111ane da poka\u017eu vi\u0161e odgovornosti - dmcsrb.com<\/title>\n<meta name=\"robots\" content=\"index, follow, max-snippet:-1, max-image-preview:large, max-video-preview:-1\" \/>\n<link rel=\"canonical\" href=\"https:\/\/dmcsrb.com\/en\/podgorica\/video-katnic-za-vrijeme-praznika-u-prosjeku-dnevno-odvezeno-200-tona-otpada-apelujemo-na-gradjane-da-pokazu-vise-odgovornosti\/\" \/>\n<meta property=\"og:locale\" content=\"en_GB\" \/>\n<meta property=\"og:type\" content=\"article\" \/>\n<meta property=\"og:title\" content=\"(VIDEO) Katni\u0107: Za vrijeme praznika u prosjeku dnevno odvezeno 200 tona otpada, apelujemo na gra\u0111ane da poka\u017eu vi\u0161e odgovornosti - dmcsrb.com\" \/>\n<meta property=\"og:description\" content=\"Tokom novogodi\u0161njih praznika zabilje\u017eena su zna\u010dajna o\u0161te\u0107enja komunalne opreme u vi\u0161e podgori\u010dkih ulica, a \u0161teta se mjeri hiljadama eura. Iz GP \u201e\u010cisto\u0107a\u201c poru\u010duju da se sa vandalizmom suo\u010davaju tokom cijele godine, ali i da su, uprkos lo\u0161im vremenskim uslovima, uspjeli da odr\u017ee redovno funkcionisanje sistema odvoza otpada.\" \/>\n<meta property=\"og:url\" content=\"https:\/\/dmcsrb.com\/en\/podgorica\/video-katnic-za-vrijeme-praznika-u-prosjeku-dnevno-odvezeno-200-tona-otpada-apelujemo-na-gradjane-da-pokazu-vise-odgovornosti\/\" \/>\n<meta property=\"og:site_name\" content=\"dmcsrb.com\" \/>\n<meta property=\"article:published_time\" content=\"2026-01-05T18:00:00+00:00\" \/>\n<meta property=\"og:image\" content=\"https:\/\/dmcsrb.com\/wp-content\/uploads\/2026\/01\/Vojin-Katnic.jpg\" \/>\n\t<meta property=\"og:image:width\" content=\"1834\" \/>\n\t<meta property=\"og:image:height\" content=\"825\" \/>\n\t<meta property=\"og:image:type\" content=\"image\/jpeg\" \/>\n<meta name=\"author\" content=\"dmcsrbija.com@gmail.com\" \/>\n<meta name=\"twitter:card\" content=\"summary_large_image\" \/>\n<meta name=\"twitter:label1\" content=\"Written by\" \/>\n\t<meta name=\"twitter:data1\" content=\"dmcsrbija.com@gmail.com\" \/>\n\t<meta name=\"twitter:label2\" content=\"Estimated reading time\" \/>\n\t<meta name=\"twitter:data2\" content=\"2 minutes\" \/>\n<script type=\"application\/ld+json\" class=\"yoast-schema-graph\">{\"@context\":\"https:\/\/schema.org\",\"@graph\":[{\"@type\":\"Article\",\"@id\":\"https:\/\/dmcsrb.com\/podgorica\/video-katnic-za-vrijeme-praznika-u-prosjeku-dnevno-odvezeno-200-tona-otpada-apelujemo-na-gradjane-da-pokazu-vise-odgovornosti\/#article\",\"isPartOf\":{\"@id\":\"https:\/\/dmcsrb.com\/podgorica\/video-katnic-za-vrijeme-praznika-u-prosjeku-dnevno-odvezeno-200-tona-otpada-apelujemo-na-gradjane-da-pokazu-vise-odgovornosti\/\"},\"author\":{\"name\":\"dmcsrbija.com@gmail.com\",\"@id\":\"https:\/\/dmcsrb.com\/#\/schema\/person\/5c39170f12db1b8b457732d0b5c854e2\"},\"headline\":\"(VIDEO) Katni\u0107: Za vrijeme praznika u prosjeku dnevno odvezeno 200 tona otpada, apelujemo na gra\u0111ane da poka\u017eu vi\u0161e odgovornosti\",\"datePublished\":\"2026-01-05T18:00:00+00:00\",\"mainEntityOfPage\":{\"@id\":\"https:\/\/dmcsrb.com\/podgorica\/video-katnic-za-vrijeme-praznika-u-prosjeku-dnevno-odvezeno-200-tona-otpada-apelujemo-na-gradjane-da-pokazu-vise-odgovornosti\/\"},\"wordCount\":345,\"commentCount\":0,\"image\":{\"@id\":\"https:\/\/dmcsrb.com\/podgorica\/video-katnic-za-vrijeme-praznika-u-prosjeku-dnevno-odvezeno-200-tona-otpada-apelujemo-na-gradjane-da-pokazu-vise-odgovornosti\/#primaryimage\"},\"thumbnailUrl\":\"https:\/\/dmcsrb.com\/wp-content\/uploads\/2026\/01\/Vojin-Katnic.jpg\",\"keywords\":[\"GP \u010cisto\u0107a\",\"otpad\",\"Vojin Katni\u0107\"],\"articleSection\":[\"Podgorica\"],\"inLanguage\":\"en-GB\",\"potentialAction\":[{\"@type\":\"CommentAction\",\"name\":\"Comment\",\"target\":[\"https:\/\/dmcsrb.com\/podgorica\/video-katnic-za-vrijeme-praznika-u-prosjeku-dnevno-odvezeno-200-tona-otpada-apelujemo-na-gradjane-da-pokazu-vise-odgovornosti\/#respond\"]}]},{\"@type\":\"WebPage\",\"@id\":\"https:\/\/dmcsrb.com\/podgorica\/video-katnic-za-vrijeme-praznika-u-prosjeku-dnevno-odvezeno-200-tona-otpada-apelujemo-na-gradjane-da-pokazu-vise-odgovornosti\/\",\"url\":\"https:\/\/dmcsrb.com\/podgorica\/video-katnic-za-vrijeme-praznika-u-prosjeku-dnevno-odvezeno-200-tona-otpada-apelujemo-na-gradjane-da-pokazu-vise-odgovornosti\/\",\"name\":\"(VIDEO) Katni\u0107: Za vrijeme praznika u prosjeku dnevno odvezeno 200 tona otpada, apelujemo na gra\u0111ane da poka\u017eu vi\u0161e odgovornosti - dmcsrb.com\",\"isPartOf\":{\"@id\":\"https:\/\/dmcsrb.com\/#website\"},\"primaryImageOfPage\":{\"@id\":\"https:\/\/dmcsrb.com\/podgorica\/video-katnic-za-vrijeme-praznika-u-prosjeku-dnevno-odvezeno-200-tona-otpada-apelujemo-na-gradjane-da-pokazu-vise-odgovornosti\/#primaryimage\"},\"image\":{\"@id\":\"https:\/\/dmcsrb.com\/podgorica\/video-katnic-za-vrijeme-praznika-u-prosjeku-dnevno-odvezeno-200-tona-otpada-apelujemo-na-gradjane-da-pokazu-vise-odgovornosti\/#primaryimage\"},\"thumbnailUrl\":\"https:\/\/dmcsrb.com\/wp-content\/uploads\/2026\/01\/Vojin-Katnic.jpg\",\"datePublished\":\"2026-01-05T18:00:00+00:00\",\"author\":{\"@id\":\"https:\/\/dmcsrb.com\/#\/schema\/person\/5c39170f12db1b8b457732d0b5c854e2\"},\"breadcrumb\":{\"@id\":\"https:\/\/dmcsrb.com\/podgorica\/video-katnic-za-vrijeme-praznika-u-prosjeku-dnevno-odvezeno-200-tona-otpada-apelujemo-na-gradjane-da-pokazu-vise-odgovornosti\/#breadcrumb\"},\"inLanguage\":\"en-GB\",\"potentialAction\":[{\"@type\":\"ReadAction\",\"target\":[\"https:\/\/dmcsrb.com\/podgorica\/video-katnic-za-vrijeme-praznika-u-prosjeku-dnevno-odvezeno-200-tona-otpada-apelujemo-na-gradjane-da-pokazu-vise-odgovornosti\/\"]}]},{\"@type\":\"ImageObject\",\"inLanguage\":\"en-GB\",\"@id\":\"https:\/\/dmcsrb.com\/podgorica\/video-katnic-za-vrijeme-praznika-u-prosjeku-dnevno-odvezeno-200-tona-otpada-apelujemo-na-gradjane-da-pokazu-vise-odgovornosti\/#primaryimage\",\"url\":\"https:\/\/dmcsrb.com\/wp-content\/uploads\/2026\/01\/Vojin-Katnic.jpg\",\"contentUrl\":\"https:\/\/dmcsrb.com\/wp-content\/uploads\/2026\/01\/Vojin-Katnic.jpg\",\"width\":1834,\"height\":825,\"caption\":\"Foto: RTV Podgorica\"},{\"@type\":\"BreadcrumbList\",\"@id\":\"https:\/\/dmcsrb.com\/podgorica\/video-katnic-za-vrijeme-praznika-u-prosjeku-dnevno-odvezeno-200-tona-otpada-apelujemo-na-gradjane-da-pokazu-vise-odgovornosti\/#breadcrumb\",\"itemListElement\":[{\"@type\":\"ListItem\",\"position\":1,\"name\":\"Home\",\"item\":\"https:\/\/dmcsrb.com\/\"},{\"@type\":\"ListItem\",\"position\":2,\"name\":\"(VIDEO) Katni\u0107: Za vrijeme praznika u prosjeku dnevno odvezeno 200 tona otpada, apelujemo na gra\u0111ane da poka\u017eu vi\u0161e odgovornosti\"}]},{\"@type\":\"WebSite\",\"@id\":\"https:\/\/dmcsrb.com\/#website\",\"url\":\"https:\/\/dmcsrb.com\/\",\"name\":\"dmcsrb.com\",\"description\":\"\",\"potentialAction\":[{\"@type\":\"SearchAction\",\"target\":{\"@type\":\"EntryPoint\",\"urlTemplate\":\"https:\/\/dmcsrb.com\/?s={search_term_string}\"},\"query-input\":{\"@type\":\"PropertyValueSpecification\",\"valueRequired\":true,\"valueName\":\"search_term_string\"}}],\"inLanguage\":\"en-GB\"},{\"@type\":\"Person\",\"@id\":\"https:\/\/dmcsrb.com\/#\/schema\/person\/5c39170f12db1b8b457732d0b5c854e2\",\"name\":\"dmcsrbija.com@gmail.com\",\"image\":{\"@type\":\"ImageObject\",\"inLanguage\":\"en-GB\",\"@id\":\"https:\/\/dmcsrb.com\/#\/schema\/person\/image\/\",\"url\":\"https:\/\/secure.gravatar.com\/avatar\/68592660ad6347fad0fb587f8d5d8f1a7b44961362f56e4f2cd524feb87e9069?s=96&d=mm&r=g\",\"contentUrl\":\"https:\/\/secure.gravatar.com\/avatar\/68592660ad6347fad0fb587f8d5d8f1a7b44961362f56e4f2cd524feb87e9069?s=96&d=mm&r=g\",\"caption\":\"dmcsrbija.com@gmail.com\"},\"sameAs\":[\"https:\/\/dmcsrb.com\"],\"url\":\"https:\/\/dmcsrb.com\/en\/author\/dmcsrbija-comgmail-com\/\"}]}<\/script>\n<!-- \/ Yoast SEO plugin. -->","yoast_head_json":{"title":"(VIDEO) Katni\u0107: Za vrijeme praznika u prosjeku dnevno odvezeno 200 tona otpada, apelujemo na gra\u0111ane da poka\u017eu vi\u0161e odgovornosti - dmcsrb.com","robots":{"index":"index","follow":"follow","max-snippet":"max-snippet:-1","max-image-preview":"max-image-preview:large","max-video-preview":"max-video-preview:-1"},"canonical":"https:\/\/dmcsrb.com\/en\/podgorica\/video-katnic-za-vrijeme-praznika-u-prosjeku-dnevno-odvezeno-200-tona-otpada-apelujemo-na-gradjane-da-pokazu-vise-odgovornosti\/","og_locale":"en_GB","og_type":"article","og_title":"(VIDEO) Katni\u0107: Za vrijeme praznika u prosjeku dnevno odvezeno 200 tona otpada, apelujemo na gra\u0111ane da poka\u017eu vi\u0161e odgovornosti - dmcsrb.com","og_description":"Tokom novogodi\u0161njih praznika zabilje\u017eena su zna\u010dajna o\u0161te\u0107enja komunalne opreme u vi\u0161e podgori\u010dkih ulica, a \u0161teta se mjeri hiljadama eura. Iz GP \u201e\u010cisto\u0107a\u201c poru\u010duju da se sa vandalizmom suo\u010davaju tokom cijele godine, ali i da su, uprkos lo\u0161im vremenskim uslovima, uspjeli da odr\u017ee redovno funkcionisanje sistema odvoza otpada.","og_url":"https:\/\/dmcsrb.com\/en\/podgorica\/video-katnic-za-vrijeme-praznika-u-prosjeku-dnevno-odvezeno-200-tona-otpada-apelujemo-na-gradjane-da-pokazu-vise-odgovornosti\/","og_site_name":"dmcsrb.com","article_published_time":"2026-01-05T18:00:00+00:00","og_image":[{"width":1834,"height":825,"url":"https:\/\/dmcsrb.com\/wp-content\/uploads\/2026\/01\/Vojin-Katnic.jpg","type":"image\/jpeg"}],"author":"dmcsrbija.com@gmail.com","twitter_card":"summary_large_image","twitter_misc":{"Written by":"dmcsrbija.com@gmail.com","Estimated reading time":"2 minutes"},"schema":{"@context":"https:\/\/schema.org","@graph":[{"@type":"Article","@id":"https:\/\/dmcsrb.com\/podgorica\/video-katnic-za-vrijeme-praznika-u-prosjeku-dnevno-odvezeno-200-tona-otpada-apelujemo-na-gradjane-da-pokazu-vise-odgovornosti\/#article","isPartOf":{"@id":"https:\/\/dmcsrb.com\/podgorica\/video-katnic-za-vrijeme-praznika-u-prosjeku-dnevno-odvezeno-200-tona-otpada-apelujemo-na-gradjane-da-pokazu-vise-odgovornosti\/"},"author":{"name":"dmcsrbija.com@gmail.com","@id":"https:\/\/dmcsrb.com\/#\/schema\/person\/5c39170f12db1b8b457732d0b5c854e2"},"headline":"(VIDEO) Katni\u0107: Za vrijeme praznika u prosjeku dnevno odvezeno 200 tona otpada, apelujemo na gra\u0111ane da poka\u017eu vi\u0161e odgovornosti","datePublished":"2026-01-05T18:00:00+00:00","mainEntityOfPage":{"@id":"https:\/\/dmcsrb.com\/podgorica\/video-katnic-za-vrijeme-praznika-u-prosjeku-dnevno-odvezeno-200-tona-otpada-apelujemo-na-gradjane-da-pokazu-vise-odgovornosti\/"},"wordCount":345,"commentCount":0,"image":{"@id":"https:\/\/dmcsrb.com\/podgorica\/video-katnic-za-vrijeme-praznika-u-prosjeku-dnevno-odvezeno-200-tona-otpada-apelujemo-na-gradjane-da-pokazu-vise-odgovornosti\/#primaryimage"},"thumbnailUrl":"https:\/\/dmcsrb.com\/wp-content\/uploads\/2026\/01\/Vojin-Katnic.jpg","keywords":["GP \u010cisto\u0107a","otpad","Vojin Katni\u0107"],"articleSection":["Podgorica"],"inLanguage":"en-GB","potentialAction":[{"@type":"CommentAction","name":"Comment","target":["https:\/\/dmcsrb.com\/podgorica\/video-katnic-za-vrijeme-praznika-u-prosjeku-dnevno-odvezeno-200-tona-otpada-apelujemo-na-gradjane-da-pokazu-vise-odgovornosti\/#respond"]}]},{"@type":"WebPage","@id":"https:\/\/dmcsrb.com\/podgorica\/video-katnic-za-vrijeme-praznika-u-prosjeku-dnevno-odvezeno-200-tona-otpada-apelujemo-na-gradjane-da-pokazu-vise-odgovornosti\/","url":"https:\/\/dmcsrb.com\/podgorica\/video-katnic-za-vrijeme-praznika-u-prosjeku-dnevno-odvezeno-200-tona-otpada-apelujemo-na-gradjane-da-pokazu-vise-odgovornosti\/","name":"(VIDEO) Katni\u0107: Za vrijeme praznika u prosjeku dnevno odvezeno 200 tona otpada, apelujemo na gra\u0111ane da poka\u017eu vi\u0161e odgovornosti - dmcsrb.com","isPartOf":{"@id":"https:\/\/dmcsrb.com\/#website"},"primaryImageOfPage":{"@id":"https:\/\/dmcsrb.com\/podgorica\/video-katnic-za-vrijeme-praznika-u-prosjeku-dnevno-odvezeno-200-tona-otpada-apelujemo-na-gradjane-da-pokazu-vise-odgovornosti\/#primaryimage"},"image":{"@id":"https:\/\/dmcsrb.com\/podgorica\/video-katnic-za-vrijeme-praznika-u-prosjeku-dnevno-odvezeno-200-tona-otpada-apelujemo-na-gradjane-da-pokazu-vise-odgovornosti\/#primaryimage"},"thumbnailUrl":"https:\/\/dmcsrb.com\/wp-content\/uploads\/2026\/01\/Vojin-Katnic.jpg","datePublished":"2026-01-05T18:00:00+00:00","author":{"@id":"https:\/\/dmcsrb.com\/#\/schema\/person\/5c39170f12db1b8b457732d0b5c854e2"},"breadcrumb":{"@id":"https:\/\/dmcsrb.com\/podgorica\/video-katnic-za-vrijeme-praznika-u-prosjeku-dnevno-odvezeno-200-tona-otpada-apelujemo-na-gradjane-da-pokazu-vise-odgovornosti\/#breadcrumb"},"inLanguage":"en-GB","potentialAction":[{"@type":"ReadAction","target":["https:\/\/dmcsrb.com\/podgorica\/video-katnic-za-vrijeme-praznika-u-prosjeku-dnevno-odvezeno-200-tona-otpada-apelujemo-na-gradjane-da-pokazu-vise-odgovornosti\/"]}]},{"@type":"ImageObject","inLanguage":"en-GB","@id":"https:\/\/dmcsrb.com\/podgorica\/video-katnic-za-vrijeme-praznika-u-prosjeku-dnevno-odvezeno-200-tona-otpada-apelujemo-na-gradjane-da-pokazu-vise-odgovornosti\/#primaryimage","url":"https:\/\/dmcsrb.com\/wp-content\/uploads\/2026\/01\/Vojin-Katnic.jpg","contentUrl":"https:\/\/dmcsrb.com\/wp-content\/uploads\/2026\/01\/Vojin-Katnic.jpg","width":1834,"height":825,"caption":"Foto: RTV Podgorica"},{"@type":"BreadcrumbList","@id":"https:\/\/dmcsrb.com\/podgorica\/video-katnic-za-vrijeme-praznika-u-prosjeku-dnevno-odvezeno-200-tona-otpada-apelujemo-na-gradjane-da-pokazu-vise-odgovornosti\/#breadcrumb","itemListElement":[{"@type":"ListItem","position":1,"name":"Home","item":"https:\/\/dmcsrb.com\/"},{"@type":"ListItem","position":2,"name":"(VIDEO) Katni\u0107: Za vrijeme praznika u prosjeku dnevno odvezeno 200 tona otpada, apelujemo na gra\u0111ane da poka\u017eu vi\u0161e odgovornosti"}]},{"@type":"WebSite","@id":"https:\/\/dmcsrb.com\/#website","url":"https:\/\/dmcsrb.com\/","name":"dmcsrb.com","description":"","potentialAction":[{"@type":"SearchAction","target":{"@type":"EntryPoint","urlTemplate":"https:\/\/dmcsrb.com\/?s={search_term_string}"},"query-input":{"@type":"PropertyValueSpecification","valueRequired":true,"valueName":"search_term_string"}}],"inLanguage":"en-GB"},{"@type":"Person","@id":"https:\/\/dmcsrb.com\/#\/schema\/person\/5c39170f12db1b8b457732d0b5c854e2","name":"dmcsrbija.com@gmail.com","image":{"@type":"ImageObject","inLanguage":"en-GB","@id":"https:\/\/dmcsrb.com\/#\/schema\/person\/image\/","url":"https:\/\/secure.gravatar.com\/avatar\/68592660ad6347fad0fb587f8d5d8f1a7b44961362f56e4f2cd524feb87e9069?s=96&d=mm&r=g","contentUrl":"https:\/\/secure.gravatar.com\/avatar\/68592660ad6347fad0fb587f8d5d8f1a7b44961362f56e4f2cd524feb87e9069?s=96&d=mm&r=g","caption":"dmcsrbija.com@gmail.com"},"sameAs":["https:\/\/dmcsrb.com"],"url":"https:\/\/dmcsrb.com\/en\/author\/dmcsrbija-comgmail-com\/"}]}},"_links":{"self":[{"href":"https:\/\/dmcsrb.com\/en\/wp-json\/wp\/v2\/posts\/904872","targetHints":{"allow":["GET"]}}],"collection":[{"href":"https:\/\/dmcsrb.com\/en\/wp-json\/wp\/v2\/posts"}],"about":[{"href":"https:\/\/dmcsrb.com\/en\/wp-json\/wp\/v2\/types\/post"}],"author":[{"embeddable":true,"href":"https:\/\/dmcsrb.com\/en\/wp-json\/wp\/v2\/users\/1"}],"replies":[{"embeddable":true,"href":"https:\/\/dmcsrb.com\/en\/wp-json\/wp\/v2\/comments?post=904872"}],"version-history":[{"count":0,"href":"https:\/\/dmcsrb.com\/en\/wp-json\/wp\/v2\/posts\/904872\/revisions"}],"wp:featuredmedia":[{"embeddable":true,"href":"https:\/\/dmcsrb.com\/en\/wp-json\/wp\/v2\/media\/904874"}],"wp:attachment":[{"href":"https:\/\/dmcsrb.com\/en\/wp-json\/wp\/v2\/media?parent=904872"}],"wp:term":[{"taxonomy":"category","embeddable":true,"href":"https:\/\/dmcsrb.com\/en\/wp-json\/wp\/v2\/categories?post=904872"},{"taxonomy":"post_tag","embeddable":true,"href":"https:\/\/dmcsrb.com\/en\/wp-json\/wp\/v2\/tags?post=904872"},{"taxonomy":"naslovna","embeddable":true,"href":"https:\/\/dmcsrb.com\/en\/wp-json\/wp\/v2\/naslovna?post=904872"}],"curies":[{"name":"wp","href":"https:\/\/api.w.org\/{rel}","templated":true}]}}