{"id":904869,"date":"2026-01-05T10:00:00","date_gmt":"2026-01-05T09:00:00","guid":{"rendered":"https:\/\/gradski.me\/?p=904869"},"modified":"2026-01-05T10:00:00","modified_gmt":"2026-01-05T09:00:00","slug":"sok-u-mancesteru-ruben-amorim-dobio-otkaz","status":"publish","type":"post","link":"https:\/\/dmcsrb.com\/en\/sport\/sok-u-mancesteru-ruben-amorim-dobio-otkaz\/","title":{"rendered":"\u0160ok u Man\u010desteru: Ruben Amorim dobio otkaz"},"content":{"rendered":"<p>Prema nekim izvorima iz Engleske koji su blisku Amorimu, odluci je prethodila pres konfrencija protugalskog stru\u010dnjaka nakon remija sa Lids Junajtedom, na kojoj je rekao da je do\u0161ao u Man\u010dester Junajted da bude menad\u017eer tima, a ne samo trener, \u0161to je u hijerarhiji tog kluba protuma\u010deno kao velika uvreda, \u0161to je vrhu Junajteda bilo dovoljno da Amorimu uru\u010di otkaz.<\/p>\n\n\n\n<p>Imao je Man\u010dester lijepe momente sa Rubenom Amorimom. Igrali su finale Lige Evrope koje su izgubili od Totenhema. Ove sezone se bore za mjesto u Ligi \u0161ampiona i trenutno se nalaze na \u0161estoj poziciji. Veliki problem za Portugalca su predstavljale povrede klju\u010dnih igra\u010da i prvotimaca, tako da je i biti na \u0161estom mjestu u jednoj od najkonkurentnijih sezona ikada u Premijer ligi, uspjeh sam po sebi. Me\u0111utim, \u010delnim ljudima popularnih &#8220;Crvenih \u0111avola&#8221; nije bilo dovoljno, pa je tako Amorim postao deveti trener koji je dobio otkaz u 12 godina, odnosno od odlaska velikog Sir Aleksa Fergusona.<\/p>\n\n\n\n<p>Amorim se tako pridru\u017eio, biv\u0161em treneru \u010celsija Enci Mareski, koji je dobio otkaz kod &#8220;Plavaca&#8221; prvog dana 2026. godine i postao drugi trener koji je u svega nekoliko dana dobio otkaz u Premijer ligi.<\/p>\n\n\n\n<p>Mediji u Engleskoj navode da \u0107e slede\u0107a &#8220;\u017ertva&#8221; otkaza mena\u017edera biti Arne Slot, sada\u0161nji trener Liverpula, ukoliko zna\u010dajno ne pobolj\u0161a igru i rezultate tog velikana sa sjevera Engleske.<\/p>","protected":false},"excerpt":{"rendered":"<p>Navija\u010di Man\u010dester Junajteda do\u017eivjeli su jutros pravi \u0161ok. Naime, bord direktora jednog od najve\u0107ih timova u Engleskoj, Man\u010desester Junajteda, odlu\u010dio je da portugalskom stru\u010dnjaku Rubenu Amorimu uru\u010di otkaz.<\/p>","protected":false},"author":1,"featured_media":654538,"comment_status":"open","ping_status":"open","sticky":false,"template":"","format":"standard","meta":{"_acf_changed":false,"footnotes":""},"categories":[148],"tags":[5607,1195,4697],"naslovna":[],"class_list":["post-904869","post","type-post","status-publish","format-standard","has-post-thumbnail","hentry","category-sport","tag-engleska","tag-mancester-junajted","tag-ruben-amorim"],"acf":[],"yoast_head":"<!-- This site is optimized with the Yoast SEO plugin v27.4 - https:\/\/yoast.com\/product\/yoast-seo-wordpress\/ -->\n<title>\u0160ok u Man\u010desteru: Ruben Amorim dobio otkaz - dmcsrb.com<\/title>\n<meta name=\"robots\" content=\"index, follow, max-snippet:-1, max-image-preview:large, max-video-preview:-1\" \/>\n<link rel=\"canonical\" href=\"https:\/\/dmcsrb.com\/en\/sport\/sok-u-mancesteru-ruben-amorim-dobio-otkaz\/\" \/>\n<meta property=\"og:locale\" content=\"en_GB\" \/>\n<meta property=\"og:type\" content=\"article\" \/>\n<meta property=\"og:title\" content=\"\u0160ok u Man\u010desteru: Ruben Amorim dobio otkaz - dmcsrb.com\" \/>\n<meta property=\"og:description\" content=\"Navija\u010di Man\u010dester Junajteda do\u017eivjeli su jutros pravi \u0161ok. Naime, bord direktora jednog od najve\u0107ih timova u Engleskoj, Man\u010desester Junajteda, odlu\u010dio je da portugalskom stru\u010dnjaku Rubenu Amorimu uru\u010di otkaz.\" \/>\n<meta property=\"og:url\" content=\"https:\/\/dmcsrb.com\/en\/sport\/sok-u-mancesteru-ruben-amorim-dobio-otkaz\/\" \/>\n<meta property=\"og:site_name\" content=\"dmcsrb.com\" \/>\n<meta property=\"article:published_time\" content=\"2026-01-05T09:00:00+00:00\" \/>\n<meta property=\"og:image\" content=\"https:\/\/dmcsrb.com\/wp-content\/uploads\/2024\/11\/Amorim-Manchester-United-X.jpg\" \/>\n\t<meta property=\"og:image:width\" content=\"1000\" \/>\n\t<meta property=\"og:image:height\" content=\"666\" \/>\n\t<meta property=\"og:image:type\" content=\"image\/jpeg\" \/>\n<meta name=\"author\" content=\"dmcsrbija.com@gmail.com\" \/>\n<meta name=\"twitter:card\" content=\"summary_large_image\" \/>\n<meta name=\"twitter:label1\" content=\"Written by\" \/>\n\t<meta name=\"twitter:data1\" content=\"dmcsrbija.com@gmail.com\" \/>\n\t<meta name=\"twitter:label2\" content=\"Estimated reading time\" \/>\n\t<meta name=\"twitter:data2\" content=\"1 minute\" \/>\n<script type=\"application\/ld+json\" class=\"yoast-schema-graph\">{\"@context\":\"https:\\\/\\\/schema.org\",\"@graph\":[{\"@type\":\"Article\",\"@id\":\"https:\\\/\\\/dmcsrb.com\\\/sport\\\/sok-u-mancesteru-ruben-amorim-dobio-otkaz\\\/#article\",\"isPartOf\":{\"@id\":\"https:\\\/\\\/dmcsrb.com\\\/sport\\\/sok-u-mancesteru-ruben-amorim-dobio-otkaz\\\/\"},\"author\":{\"name\":\"dmcsrbija.com@gmail.com\",\"@id\":\"https:\\\/\\\/dmcsrb.com\\\/#\\\/schema\\\/person\\\/5c39170f12db1b8b457732d0b5c854e2\"},\"headline\":\"\u0160ok u Man\u010desteru: Ruben Amorim dobio otkaz\",\"datePublished\":\"2026-01-05T09:00:00+00:00\",\"mainEntityOfPage\":{\"@id\":\"https:\\\/\\\/dmcsrb.com\\\/sport\\\/sok-u-mancesteru-ruben-amorim-dobio-otkaz\\\/\"},\"wordCount\":240,\"commentCount\":0,\"image\":{\"@id\":\"https:\\\/\\\/dmcsrb.com\\\/sport\\\/sok-u-mancesteru-ruben-amorim-dobio-otkaz\\\/#primaryimage\"},\"thumbnailUrl\":\"https:\\\/\\\/dmcsrb.com\\\/wp-content\\\/uploads\\\/2024\\\/11\\\/Amorim-Manchester-United-X.jpg\",\"keywords\":[\"Engleska\",\"Man\u010dester junajted\",\"Ruben Amorim\"],\"articleSection\":[\"Sport\"],\"inLanguage\":\"en-GB\",\"potentialAction\":[{\"@type\":\"CommentAction\",\"name\":\"Comment\",\"target\":[\"https:\\\/\\\/dmcsrb.com\\\/sport\\\/sok-u-mancesteru-ruben-amorim-dobio-otkaz\\\/#respond\"]}]},{\"@type\":\"WebPage\",\"@id\":\"https:\\\/\\\/dmcsrb.com\\\/sport\\\/sok-u-mancesteru-ruben-amorim-dobio-otkaz\\\/\",\"url\":\"https:\\\/\\\/dmcsrb.com\\\/sport\\\/sok-u-mancesteru-ruben-amorim-dobio-otkaz\\\/\",\"name\":\"\u0160ok u Man\u010desteru: Ruben Amorim dobio otkaz - dmcsrb.com\",\"isPartOf\":{\"@id\":\"https:\\\/\\\/dmcsrb.com\\\/#website\"},\"primaryImageOfPage\":{\"@id\":\"https:\\\/\\\/dmcsrb.com\\\/sport\\\/sok-u-mancesteru-ruben-amorim-dobio-otkaz\\\/#primaryimage\"},\"image\":{\"@id\":\"https:\\\/\\\/dmcsrb.com\\\/sport\\\/sok-u-mancesteru-ruben-amorim-dobio-otkaz\\\/#primaryimage\"},\"thumbnailUrl\":\"https:\\\/\\\/dmcsrb.com\\\/wp-content\\\/uploads\\\/2024\\\/11\\\/Amorim-Manchester-United-X.jpg\",\"datePublished\":\"2026-01-05T09:00:00+00:00\",\"author\":{\"@id\":\"https:\\\/\\\/dmcsrb.com\\\/#\\\/schema\\\/person\\\/5c39170f12db1b8b457732d0b5c854e2\"},\"breadcrumb\":{\"@id\":\"https:\\\/\\\/dmcsrb.com\\\/sport\\\/sok-u-mancesteru-ruben-amorim-dobio-otkaz\\\/#breadcrumb\"},\"inLanguage\":\"en-GB\",\"potentialAction\":[{\"@type\":\"ReadAction\",\"target\":[\"https:\\\/\\\/dmcsrb.com\\\/sport\\\/sok-u-mancesteru-ruben-amorim-dobio-otkaz\\\/\"]}]},{\"@type\":\"ImageObject\",\"inLanguage\":\"en-GB\",\"@id\":\"https:\\\/\\\/dmcsrb.com\\\/sport\\\/sok-u-mancesteru-ruben-amorim-dobio-otkaz\\\/#primaryimage\",\"url\":\"https:\\\/\\\/dmcsrb.com\\\/wp-content\\\/uploads\\\/2024\\\/11\\\/Amorim-Manchester-United-X.jpg\",\"contentUrl\":\"https:\\\/\\\/dmcsrb.com\\\/wp-content\\\/uploads\\\/2024\\\/11\\\/Amorim-Manchester-United-X.jpg\",\"width\":1000,\"height\":666,\"caption\":\"Foto: Manchester United\\\/X\"},{\"@type\":\"BreadcrumbList\",\"@id\":\"https:\\\/\\\/dmcsrb.com\\\/sport\\\/sok-u-mancesteru-ruben-amorim-dobio-otkaz\\\/#breadcrumb\",\"itemListElement\":[{\"@type\":\"ListItem\",\"position\":1,\"name\":\"Home\",\"item\":\"https:\\\/\\\/dmcsrb.com\\\/\"},{\"@type\":\"ListItem\",\"position\":2,\"name\":\"\u0160ok u Man\u010desteru: Ruben Amorim dobio otkaz\"}]},{\"@type\":\"WebSite\",\"@id\":\"https:\\\/\\\/dmcsrb.com\\\/#website\",\"url\":\"https:\\\/\\\/dmcsrb.com\\\/\",\"name\":\"dmcsrb.com\",\"description\":\"\",\"potentialAction\":[{\"@type\":\"SearchAction\",\"target\":{\"@type\":\"EntryPoint\",\"urlTemplate\":\"https:\\\/\\\/dmcsrb.com\\\/?s={search_term_string}\"},\"query-input\":{\"@type\":\"PropertyValueSpecification\",\"valueRequired\":true,\"valueName\":\"search_term_string\"}}],\"inLanguage\":\"en-GB\"},{\"@type\":\"Person\",\"@id\":\"https:\\\/\\\/dmcsrb.com\\\/#\\\/schema\\\/person\\\/5c39170f12db1b8b457732d0b5c854e2\",\"name\":\"dmcsrbija.com@gmail.com\",\"image\":{\"@type\":\"ImageObject\",\"inLanguage\":\"en-GB\",\"@id\":\"https:\\\/\\\/secure.gravatar.com\\\/avatar\\\/68592660ad6347fad0fb587f8d5d8f1a7b44961362f56e4f2cd524feb87e9069?s=96&d=mm&r=g\",\"url\":\"https:\\\/\\\/secure.gravatar.com\\\/avatar\\\/68592660ad6347fad0fb587f8d5d8f1a7b44961362f56e4f2cd524feb87e9069?s=96&d=mm&r=g\",\"contentUrl\":\"https:\\\/\\\/secure.gravatar.com\\\/avatar\\\/68592660ad6347fad0fb587f8d5d8f1a7b44961362f56e4f2cd524feb87e9069?s=96&d=mm&r=g\",\"caption\":\"dmcsrbija.com@gmail.com\"},\"sameAs\":[\"https:\\\/\\\/dmcsrb.com\"],\"url\":\"https:\\\/\\\/dmcsrb.com\\\/en\\\/author\\\/dmcsrbija-comgmail-com\\\/\"}]}<\/script>\n<!-- \/ Yoast SEO plugin. -->","yoast_head_json":{"title":"\u0160ok u Man\u010desteru: Ruben Amorim dobio otkaz - dmcsrb.com","robots":{"index":"index","follow":"follow","max-snippet":"max-snippet:-1","max-image-preview":"max-image-preview:large","max-video-preview":"max-video-preview:-1"},"canonical":"https:\/\/dmcsrb.com\/en\/sport\/sok-u-mancesteru-ruben-amorim-dobio-otkaz\/","og_locale":"en_GB","og_type":"article","og_title":"\u0160ok u Man\u010desteru: Ruben Amorim dobio otkaz - dmcsrb.com","og_description":"Navija\u010di Man\u010dester Junajteda do\u017eivjeli su jutros pravi \u0161ok. Naime, bord direktora jednog od najve\u0107ih timova u Engleskoj, Man\u010desester Junajteda, odlu\u010dio je da portugalskom stru\u010dnjaku Rubenu Amorimu uru\u010di otkaz.","og_url":"https:\/\/dmcsrb.com\/en\/sport\/sok-u-mancesteru-ruben-amorim-dobio-otkaz\/","og_site_name":"dmcsrb.com","article_published_time":"2026-01-05T09:00:00+00:00","og_image":[{"width":1000,"height":666,"url":"https:\/\/dmcsrb.com\/wp-content\/uploads\/2024\/11\/Amorim-Manchester-United-X.jpg","type":"image\/jpeg"}],"author":"dmcsrbija.com@gmail.com","twitter_card":"summary_large_image","twitter_misc":{"Written by":"dmcsrbija.com@gmail.com","Estimated reading time":"1 minute"},"schema":{"@context":"https:\/\/schema.org","@graph":[{"@type":"Article","@id":"https:\/\/dmcsrb.com\/sport\/sok-u-mancesteru-ruben-amorim-dobio-otkaz\/#article","isPartOf":{"@id":"https:\/\/dmcsrb.com\/sport\/sok-u-mancesteru-ruben-amorim-dobio-otkaz\/"},"author":{"name":"dmcsrbija.com@gmail.com","@id":"https:\/\/dmcsrb.com\/#\/schema\/person\/5c39170f12db1b8b457732d0b5c854e2"},"headline":"\u0160ok u Man\u010desteru: Ruben Amorim dobio otkaz","datePublished":"2026-01-05T09:00:00+00:00","mainEntityOfPage":{"@id":"https:\/\/dmcsrb.com\/sport\/sok-u-mancesteru-ruben-amorim-dobio-otkaz\/"},"wordCount":240,"commentCount":0,"image":{"@id":"https:\/\/dmcsrb.com\/sport\/sok-u-mancesteru-ruben-amorim-dobio-otkaz\/#primaryimage"},"thumbnailUrl":"https:\/\/dmcsrb.com\/wp-content\/uploads\/2024\/11\/Amorim-Manchester-United-X.jpg","keywords":["Engleska","Man\u010dester junajted","Ruben Amorim"],"articleSection":["Sport"],"inLanguage":"en-GB","potentialAction":[{"@type":"CommentAction","name":"Comment","target":["https:\/\/dmcsrb.com\/sport\/sok-u-mancesteru-ruben-amorim-dobio-otkaz\/#respond"]}]},{"@type":"WebPage","@id":"https:\/\/dmcsrb.com\/sport\/sok-u-mancesteru-ruben-amorim-dobio-otkaz\/","url":"https:\/\/dmcsrb.com\/sport\/sok-u-mancesteru-ruben-amorim-dobio-otkaz\/","name":"\u0160ok u Man\u010desteru: Ruben Amorim dobio otkaz - dmcsrb.com","isPartOf":{"@id":"https:\/\/dmcsrb.com\/#website"},"primaryImageOfPage":{"@id":"https:\/\/dmcsrb.com\/sport\/sok-u-mancesteru-ruben-amorim-dobio-otkaz\/#primaryimage"},"image":{"@id":"https:\/\/dmcsrb.com\/sport\/sok-u-mancesteru-ruben-amorim-dobio-otkaz\/#primaryimage"},"thumbnailUrl":"https:\/\/dmcsrb.com\/wp-content\/uploads\/2024\/11\/Amorim-Manchester-United-X.jpg","datePublished":"2026-01-05T09:00:00+00:00","author":{"@id":"https:\/\/dmcsrb.com\/#\/schema\/person\/5c39170f12db1b8b457732d0b5c854e2"},"breadcrumb":{"@id":"https:\/\/dmcsrb.com\/sport\/sok-u-mancesteru-ruben-amorim-dobio-otkaz\/#breadcrumb"},"inLanguage":"en-GB","potentialAction":[{"@type":"ReadAction","target":["https:\/\/dmcsrb.com\/sport\/sok-u-mancesteru-ruben-amorim-dobio-otkaz\/"]}]},{"@type":"ImageObject","inLanguage":"en-GB","@id":"https:\/\/dmcsrb.com\/sport\/sok-u-mancesteru-ruben-amorim-dobio-otkaz\/#primaryimage","url":"https:\/\/dmcsrb.com\/wp-content\/uploads\/2024\/11\/Amorim-Manchester-United-X.jpg","contentUrl":"https:\/\/dmcsrb.com\/wp-content\/uploads\/2024\/11\/Amorim-Manchester-United-X.jpg","width":1000,"height":666,"caption":"Foto: Manchester United\/X"},{"@type":"BreadcrumbList","@id":"https:\/\/dmcsrb.com\/sport\/sok-u-mancesteru-ruben-amorim-dobio-otkaz\/#breadcrumb","itemListElement":[{"@type":"ListItem","position":1,"name":"Home","item":"https:\/\/dmcsrb.com\/"},{"@type":"ListItem","position":2,"name":"\u0160ok u Man\u010desteru: Ruben Amorim dobio otkaz"}]},{"@type":"WebSite","@id":"https:\/\/dmcsrb.com\/#website","url":"https:\/\/dmcsrb.com\/","name":"dmcsrb.com","description":"","potentialAction":[{"@type":"SearchAction","target":{"@type":"EntryPoint","urlTemplate":"https:\/\/dmcsrb.com\/?s={search_term_string}"},"query-input":{"@type":"PropertyValueSpecification","valueRequired":true,"valueName":"search_term_string"}}],"inLanguage":"en-GB"},{"@type":"Person","@id":"https:\/\/dmcsrb.com\/#\/schema\/person\/5c39170f12db1b8b457732d0b5c854e2","name":"dmcsrbija.com@gmail.com","image":{"@type":"ImageObject","inLanguage":"en-GB","@id":"https:\/\/secure.gravatar.com\/avatar\/68592660ad6347fad0fb587f8d5d8f1a7b44961362f56e4f2cd524feb87e9069?s=96&d=mm&r=g","url":"https:\/\/secure.gravatar.com\/avatar\/68592660ad6347fad0fb587f8d5d8f1a7b44961362f56e4f2cd524feb87e9069?s=96&d=mm&r=g","contentUrl":"https:\/\/secure.gravatar.com\/avatar\/68592660ad6347fad0fb587f8d5d8f1a7b44961362f56e4f2cd524feb87e9069?s=96&d=mm&r=g","caption":"dmcsrbija.com@gmail.com"},"sameAs":["https:\/\/dmcsrb.com"],"url":"https:\/\/dmcsrb.com\/en\/author\/dmcsrbija-comgmail-com\/"}]}},"_links":{"self":[{"href":"https:\/\/dmcsrb.com\/en\/wp-json\/wp\/v2\/posts\/904869","targetHints":{"allow":["GET"]}}],"collection":[{"href":"https:\/\/dmcsrb.com\/en\/wp-json\/wp\/v2\/posts"}],"about":[{"href":"https:\/\/dmcsrb.com\/en\/wp-json\/wp\/v2\/types\/post"}],"author":[{"embeddable":true,"href":"https:\/\/dmcsrb.com\/en\/wp-json\/wp\/v2\/users\/1"}],"replies":[{"embeddable":true,"href":"https:\/\/dmcsrb.com\/en\/wp-json\/wp\/v2\/comments?post=904869"}],"version-history":[{"count":0,"href":"https:\/\/dmcsrb.com\/en\/wp-json\/wp\/v2\/posts\/904869\/revisions"}],"wp:featuredmedia":[{"embeddable":true,"href":"https:\/\/dmcsrb.com\/en\/wp-json\/wp\/v2\/media\/654538"}],"wp:attachment":[{"href":"https:\/\/dmcsrb.com\/en\/wp-json\/wp\/v2\/media?parent=904869"}],"wp:term":[{"taxonomy":"category","embeddable":true,"href":"https:\/\/dmcsrb.com\/en\/wp-json\/wp\/v2\/categories?post=904869"},{"taxonomy":"post_tag","embeddable":true,"href":"https:\/\/dmcsrb.com\/en\/wp-json\/wp\/v2\/tags?post=904869"},{"taxonomy":"naslovna","embeddable":true,"href":"https:\/\/dmcsrb.com\/en\/wp-json\/wp\/v2\/naslovna?post=904869"}],"curies":[{"name":"wp","href":"https:\/\/api.w.org\/{rel}","templated":true}]}}