{"id":904729,"date":"2026-01-05T13:20:00","date_gmt":"2026-01-05T12:20:00","guid":{"rendered":"https:\/\/gradski.me\/?p=904729"},"modified":"2026-01-05T13:20:00","modified_gmt":"2026-01-05T12:20:00","slug":"zbog-nevremena-avion-air-mne-kruzio-iznad-mojkovca","status":"publish","type":"post","link":"https:\/\/dmcsrb.com\/en\/drustvo\/zbog-nevremena-avion-air-mne-kruzio-iznad-mojkovca\/","title":{"rendered":"Zbog nevremena avion Air MNE kru\u017eio iznad Mojkovca"},"content":{"rendered":"<p><\/p>\n\n\n\n<p><\/p>\n\n\n\n<p>Kako se vidi na fotografijama koje je poslao putnik na tom letu, avion je kru\u017eio iznad Mojkovca.\u00a0<\/p>","protected":false},"excerpt":{"rendered":"<p>Zbog nevremena koje je zadesilo na\u0161u dr\u017eavu, avion Air Montenegra, koji saobra\u0107a na relaciji Beograd &#8211; Podgorica, imao je pote\u0161ko\u0107a u letu, te je kapetan bio prinu\u0111en da promijeni rutu prilikom slijetanja.<\/p>","protected":false},"author":1,"featured_media":904730,"comment_status":"open","ping_status":"open","sticky":false,"template":"","format":"standard","meta":{"_acf_changed":false,"footnotes":""},"categories":[2],"tags":[5631,978,4492],"naslovna":[],"class_list":["post-904729","post","type-post","status-publish","format-standard","has-post-thumbnail","hentry","category-drustvo","tag-air-mne","tag-mojkovac","tag-nevrijeme"],"acf":[],"yoast_head":"<!-- This site is optimized with the Yoast SEO plugin v27.4 - https:\/\/yoast.com\/product\/yoast-seo-wordpress\/ -->\n<title>Zbog nevremena avion Air MNE kru\u017eio iznad Mojkovca - dmcsrb.com<\/title>\n<meta name=\"robots\" content=\"index, follow, max-snippet:-1, max-image-preview:large, max-video-preview:-1\" \/>\n<link rel=\"canonical\" href=\"https:\/\/dmcsrb.com\/en\/drustvo\/zbog-nevremena-avion-air-mne-kruzio-iznad-mojkovca\/\" \/>\n<meta property=\"og:locale\" content=\"en_GB\" \/>\n<meta property=\"og:type\" content=\"article\" \/>\n<meta property=\"og:title\" content=\"Zbog nevremena avion Air MNE kru\u017eio iznad Mojkovca - dmcsrb.com\" \/>\n<meta property=\"og:description\" content=\"Zbog nevremena koje je zadesilo na\u0161u dr\u017eavu, avion Air Montenegra, koji saobra\u0107a na relaciji Beograd - Podgorica, imao je pote\u0161ko\u0107a u letu, te je kapetan bio prinu\u0111en da promijeni rutu prilikom slijetanja.\" \/>\n<meta property=\"og:url\" content=\"https:\/\/dmcsrb.com\/en\/drustvo\/zbog-nevremena-avion-air-mne-kruzio-iznad-mojkovca\/\" \/>\n<meta property=\"og:site_name\" content=\"dmcsrb.com\" \/>\n<meta property=\"article:published_time\" content=\"2026-01-05T12:20:00+00:00\" \/>\n<meta property=\"og:image\" content=\"https:\/\/dmcsrb.com\/wp-content\/uploads\/2026\/01\/fffff_1662x900.jpg\" \/>\n\t<meta property=\"og:image:width\" content=\"719\" \/>\n\t<meta property=\"og:image:height\" content=\"1328\" \/>\n\t<meta property=\"og:image:type\" content=\"image\/jpeg\" \/>\n<meta name=\"author\" content=\"dmcsrbija.com@gmail.com\" \/>\n<meta name=\"twitter:card\" content=\"summary_large_image\" \/>\n<meta name=\"twitter:label1\" content=\"Written by\" \/>\n\t<meta name=\"twitter:data1\" content=\"dmcsrbija.com@gmail.com\" \/>\n<script type=\"application\/ld+json\" class=\"yoast-schema-graph\">{\"@context\":\"https:\\\/\\\/schema.org\",\"@graph\":[{\"@type\":\"Article\",\"@id\":\"https:\\\/\\\/dmcsrb.com\\\/drustvo\\\/zbog-nevremena-avion-air-mne-kruzio-iznad-mojkovca\\\/#article\",\"isPartOf\":{\"@id\":\"https:\\\/\\\/dmcsrb.com\\\/drustvo\\\/zbog-nevremena-avion-air-mne-kruzio-iznad-mojkovca\\\/\"},\"author\":{\"name\":\"dmcsrbija.com@gmail.com\",\"@id\":\"https:\\\/\\\/dmcsrb.com\\\/#\\\/schema\\\/person\\\/5c39170f12db1b8b457732d0b5c854e2\"},\"headline\":\"Zbog nevremena avion Air MNE kru\u017eio iznad Mojkovca\",\"datePublished\":\"2026-01-05T12:20:00+00:00\",\"mainEntityOfPage\":{\"@id\":\"https:\\\/\\\/dmcsrb.com\\\/drustvo\\\/zbog-nevremena-avion-air-mne-kruzio-iznad-mojkovca\\\/\"},\"wordCount\":27,\"commentCount\":0,\"image\":{\"@id\":\"https:\\\/\\\/dmcsrb.com\\\/drustvo\\\/zbog-nevremena-avion-air-mne-kruzio-iznad-mojkovca\\\/#primaryimage\"},\"thumbnailUrl\":\"https:\\\/\\\/dmcsrb.com\\\/wp-content\\\/uploads\\\/2026\\\/01\\\/fffff_1662x900.jpg\",\"keywords\":[\"air mne\",\"Mojkovac\",\"nevrijeme\"],\"articleSection\":[\"Dru\u0161tvo\"],\"inLanguage\":\"en-GB\",\"potentialAction\":[{\"@type\":\"CommentAction\",\"name\":\"Comment\",\"target\":[\"https:\\\/\\\/dmcsrb.com\\\/drustvo\\\/zbog-nevremena-avion-air-mne-kruzio-iznad-mojkovca\\\/#respond\"]}]},{\"@type\":\"WebPage\",\"@id\":\"https:\\\/\\\/dmcsrb.com\\\/drustvo\\\/zbog-nevremena-avion-air-mne-kruzio-iznad-mojkovca\\\/\",\"url\":\"https:\\\/\\\/dmcsrb.com\\\/drustvo\\\/zbog-nevremena-avion-air-mne-kruzio-iznad-mojkovca\\\/\",\"name\":\"Zbog nevremena avion Air MNE kru\u017eio iznad Mojkovca - dmcsrb.com\",\"isPartOf\":{\"@id\":\"https:\\\/\\\/dmcsrb.com\\\/#website\"},\"primaryImageOfPage\":{\"@id\":\"https:\\\/\\\/dmcsrb.com\\\/drustvo\\\/zbog-nevremena-avion-air-mne-kruzio-iznad-mojkovca\\\/#primaryimage\"},\"image\":{\"@id\":\"https:\\\/\\\/dmcsrb.com\\\/drustvo\\\/zbog-nevremena-avion-air-mne-kruzio-iznad-mojkovca\\\/#primaryimage\"},\"thumbnailUrl\":\"https:\\\/\\\/dmcsrb.com\\\/wp-content\\\/uploads\\\/2026\\\/01\\\/fffff_1662x900.jpg\",\"datePublished\":\"2026-01-05T12:20:00+00:00\",\"author\":{\"@id\":\"https:\\\/\\\/dmcsrb.com\\\/#\\\/schema\\\/person\\\/5c39170f12db1b8b457732d0b5c854e2\"},\"breadcrumb\":{\"@id\":\"https:\\\/\\\/dmcsrb.com\\\/drustvo\\\/zbog-nevremena-avion-air-mne-kruzio-iznad-mojkovca\\\/#breadcrumb\"},\"inLanguage\":\"en-GB\",\"potentialAction\":[{\"@type\":\"ReadAction\",\"target\":[\"https:\\\/\\\/dmcsrb.com\\\/drustvo\\\/zbog-nevremena-avion-air-mne-kruzio-iznad-mojkovca\\\/\"]}]},{\"@type\":\"ImageObject\",\"inLanguage\":\"en-GB\",\"@id\":\"https:\\\/\\\/dmcsrb.com\\\/drustvo\\\/zbog-nevremena-avion-air-mne-kruzio-iznad-mojkovca\\\/#primaryimage\",\"url\":\"https:\\\/\\\/dmcsrb.com\\\/wp-content\\\/uploads\\\/2026\\\/01\\\/fffff_1662x900.jpg\",\"contentUrl\":\"https:\\\/\\\/dmcsrb.com\\\/wp-content\\\/uploads\\\/2026\\\/01\\\/fffff_1662x900.jpg\",\"width\":719,\"height\":1328,\"caption\":\"Foto: RTCG\"},{\"@type\":\"BreadcrumbList\",\"@id\":\"https:\\\/\\\/dmcsrb.com\\\/drustvo\\\/zbog-nevremena-avion-air-mne-kruzio-iznad-mojkovca\\\/#breadcrumb\",\"itemListElement\":[{\"@type\":\"ListItem\",\"position\":1,\"name\":\"Home\",\"item\":\"https:\\\/\\\/dmcsrb.com\\\/\"},{\"@type\":\"ListItem\",\"position\":2,\"name\":\"Zbog nevremena avion Air MNE kru\u017eio iznad Mojkovca\"}]},{\"@type\":\"WebSite\",\"@id\":\"https:\\\/\\\/dmcsrb.com\\\/#website\",\"url\":\"https:\\\/\\\/dmcsrb.com\\\/\",\"name\":\"dmcsrb.com\",\"description\":\"\",\"potentialAction\":[{\"@type\":\"SearchAction\",\"target\":{\"@type\":\"EntryPoint\",\"urlTemplate\":\"https:\\\/\\\/dmcsrb.com\\\/?s={search_term_string}\"},\"query-input\":{\"@type\":\"PropertyValueSpecification\",\"valueRequired\":true,\"valueName\":\"search_term_string\"}}],\"inLanguage\":\"en-GB\"},{\"@type\":\"Person\",\"@id\":\"https:\\\/\\\/dmcsrb.com\\\/#\\\/schema\\\/person\\\/5c39170f12db1b8b457732d0b5c854e2\",\"name\":\"dmcsrbija.com@gmail.com\",\"image\":{\"@type\":\"ImageObject\",\"inLanguage\":\"en-GB\",\"@id\":\"https:\\\/\\\/secure.gravatar.com\\\/avatar\\\/68592660ad6347fad0fb587f8d5d8f1a7b44961362f56e4f2cd524feb87e9069?s=96&d=mm&r=g\",\"url\":\"https:\\\/\\\/secure.gravatar.com\\\/avatar\\\/68592660ad6347fad0fb587f8d5d8f1a7b44961362f56e4f2cd524feb87e9069?s=96&d=mm&r=g\",\"contentUrl\":\"https:\\\/\\\/secure.gravatar.com\\\/avatar\\\/68592660ad6347fad0fb587f8d5d8f1a7b44961362f56e4f2cd524feb87e9069?s=96&d=mm&r=g\",\"caption\":\"dmcsrbija.com@gmail.com\"},\"sameAs\":[\"https:\\\/\\\/dmcsrb.com\"],\"url\":\"https:\\\/\\\/dmcsrb.com\\\/en\\\/author\\\/dmcsrbija-comgmail-com\\\/\"}]}<\/script>\n<!-- \/ Yoast SEO plugin. -->","yoast_head_json":{"title":"Zbog nevremena avion Air MNE kru\u017eio iznad Mojkovca - dmcsrb.com","robots":{"index":"index","follow":"follow","max-snippet":"max-snippet:-1","max-image-preview":"max-image-preview:large","max-video-preview":"max-video-preview:-1"},"canonical":"https:\/\/dmcsrb.com\/en\/drustvo\/zbog-nevremena-avion-air-mne-kruzio-iznad-mojkovca\/","og_locale":"en_GB","og_type":"article","og_title":"Zbog nevremena avion Air MNE kru\u017eio iznad Mojkovca - dmcsrb.com","og_description":"Zbog nevremena koje je zadesilo na\u0161u dr\u017eavu, avion Air Montenegra, koji saobra\u0107a na relaciji Beograd - Podgorica, imao je pote\u0161ko\u0107a u letu, te je kapetan bio prinu\u0111en da promijeni rutu prilikom slijetanja.","og_url":"https:\/\/dmcsrb.com\/en\/drustvo\/zbog-nevremena-avion-air-mne-kruzio-iznad-mojkovca\/","og_site_name":"dmcsrb.com","article_published_time":"2026-01-05T12:20:00+00:00","og_image":[{"width":719,"height":1328,"url":"https:\/\/dmcsrb.com\/wp-content\/uploads\/2026\/01\/fffff_1662x900.jpg","type":"image\/jpeg"}],"author":"dmcsrbija.com@gmail.com","twitter_card":"summary_large_image","twitter_misc":{"Written by":"dmcsrbija.com@gmail.com"},"schema":{"@context":"https:\/\/schema.org","@graph":[{"@type":"Article","@id":"https:\/\/dmcsrb.com\/drustvo\/zbog-nevremena-avion-air-mne-kruzio-iznad-mojkovca\/#article","isPartOf":{"@id":"https:\/\/dmcsrb.com\/drustvo\/zbog-nevremena-avion-air-mne-kruzio-iznad-mojkovca\/"},"author":{"name":"dmcsrbija.com@gmail.com","@id":"https:\/\/dmcsrb.com\/#\/schema\/person\/5c39170f12db1b8b457732d0b5c854e2"},"headline":"Zbog nevremena avion Air MNE kru\u017eio iznad Mojkovca","datePublished":"2026-01-05T12:20:00+00:00","mainEntityOfPage":{"@id":"https:\/\/dmcsrb.com\/drustvo\/zbog-nevremena-avion-air-mne-kruzio-iznad-mojkovca\/"},"wordCount":27,"commentCount":0,"image":{"@id":"https:\/\/dmcsrb.com\/drustvo\/zbog-nevremena-avion-air-mne-kruzio-iznad-mojkovca\/#primaryimage"},"thumbnailUrl":"https:\/\/dmcsrb.com\/wp-content\/uploads\/2026\/01\/fffff_1662x900.jpg","keywords":["air mne","Mojkovac","nevrijeme"],"articleSection":["Dru\u0161tvo"],"inLanguage":"en-GB","potentialAction":[{"@type":"CommentAction","name":"Comment","target":["https:\/\/dmcsrb.com\/drustvo\/zbog-nevremena-avion-air-mne-kruzio-iznad-mojkovca\/#respond"]}]},{"@type":"WebPage","@id":"https:\/\/dmcsrb.com\/drustvo\/zbog-nevremena-avion-air-mne-kruzio-iznad-mojkovca\/","url":"https:\/\/dmcsrb.com\/drustvo\/zbog-nevremena-avion-air-mne-kruzio-iznad-mojkovca\/","name":"Zbog nevremena avion Air MNE kru\u017eio iznad Mojkovca - dmcsrb.com","isPartOf":{"@id":"https:\/\/dmcsrb.com\/#website"},"primaryImageOfPage":{"@id":"https:\/\/dmcsrb.com\/drustvo\/zbog-nevremena-avion-air-mne-kruzio-iznad-mojkovca\/#primaryimage"},"image":{"@id":"https:\/\/dmcsrb.com\/drustvo\/zbog-nevremena-avion-air-mne-kruzio-iznad-mojkovca\/#primaryimage"},"thumbnailUrl":"https:\/\/dmcsrb.com\/wp-content\/uploads\/2026\/01\/fffff_1662x900.jpg","datePublished":"2026-01-05T12:20:00+00:00","author":{"@id":"https:\/\/dmcsrb.com\/#\/schema\/person\/5c39170f12db1b8b457732d0b5c854e2"},"breadcrumb":{"@id":"https:\/\/dmcsrb.com\/drustvo\/zbog-nevremena-avion-air-mne-kruzio-iznad-mojkovca\/#breadcrumb"},"inLanguage":"en-GB","potentialAction":[{"@type":"ReadAction","target":["https:\/\/dmcsrb.com\/drustvo\/zbog-nevremena-avion-air-mne-kruzio-iznad-mojkovca\/"]}]},{"@type":"ImageObject","inLanguage":"en-GB","@id":"https:\/\/dmcsrb.com\/drustvo\/zbog-nevremena-avion-air-mne-kruzio-iznad-mojkovca\/#primaryimage","url":"https:\/\/dmcsrb.com\/wp-content\/uploads\/2026\/01\/fffff_1662x900.jpg","contentUrl":"https:\/\/dmcsrb.com\/wp-content\/uploads\/2026\/01\/fffff_1662x900.jpg","width":719,"height":1328,"caption":"Foto: RTCG"},{"@type":"BreadcrumbList","@id":"https:\/\/dmcsrb.com\/drustvo\/zbog-nevremena-avion-air-mne-kruzio-iznad-mojkovca\/#breadcrumb","itemListElement":[{"@type":"ListItem","position":1,"name":"Home","item":"https:\/\/dmcsrb.com\/"},{"@type":"ListItem","position":2,"name":"Zbog nevremena avion Air MNE kru\u017eio iznad Mojkovca"}]},{"@type":"WebSite","@id":"https:\/\/dmcsrb.com\/#website","url":"https:\/\/dmcsrb.com\/","name":"dmcsrb.com","description":"","potentialAction":[{"@type":"SearchAction","target":{"@type":"EntryPoint","urlTemplate":"https:\/\/dmcsrb.com\/?s={search_term_string}"},"query-input":{"@type":"PropertyValueSpecification","valueRequired":true,"valueName":"search_term_string"}}],"inLanguage":"en-GB"},{"@type":"Person","@id":"https:\/\/dmcsrb.com\/#\/schema\/person\/5c39170f12db1b8b457732d0b5c854e2","name":"dmcsrbija.com@gmail.com","image":{"@type":"ImageObject","inLanguage":"en-GB","@id":"https:\/\/secure.gravatar.com\/avatar\/68592660ad6347fad0fb587f8d5d8f1a7b44961362f56e4f2cd524feb87e9069?s=96&d=mm&r=g","url":"https:\/\/secure.gravatar.com\/avatar\/68592660ad6347fad0fb587f8d5d8f1a7b44961362f56e4f2cd524feb87e9069?s=96&d=mm&r=g","contentUrl":"https:\/\/secure.gravatar.com\/avatar\/68592660ad6347fad0fb587f8d5d8f1a7b44961362f56e4f2cd524feb87e9069?s=96&d=mm&r=g","caption":"dmcsrbija.com@gmail.com"},"sameAs":["https:\/\/dmcsrb.com"],"url":"https:\/\/dmcsrb.com\/en\/author\/dmcsrbija-comgmail-com\/"}]}},"_links":{"self":[{"href":"https:\/\/dmcsrb.com\/en\/wp-json\/wp\/v2\/posts\/904729","targetHints":{"allow":["GET"]}}],"collection":[{"href":"https:\/\/dmcsrb.com\/en\/wp-json\/wp\/v2\/posts"}],"about":[{"href":"https:\/\/dmcsrb.com\/en\/wp-json\/wp\/v2\/types\/post"}],"author":[{"embeddable":true,"href":"https:\/\/dmcsrb.com\/en\/wp-json\/wp\/v2\/users\/1"}],"replies":[{"embeddable":true,"href":"https:\/\/dmcsrb.com\/en\/wp-json\/wp\/v2\/comments?post=904729"}],"version-history":[{"count":0,"href":"https:\/\/dmcsrb.com\/en\/wp-json\/wp\/v2\/posts\/904729\/revisions"}],"wp:featuredmedia":[{"embeddable":true,"href":"https:\/\/dmcsrb.com\/en\/wp-json\/wp\/v2\/media\/904730"}],"wp:attachment":[{"href":"https:\/\/dmcsrb.com\/en\/wp-json\/wp\/v2\/media?parent=904729"}],"wp:term":[{"taxonomy":"category","embeddable":true,"href":"https:\/\/dmcsrb.com\/en\/wp-json\/wp\/v2\/categories?post=904729"},{"taxonomy":"post_tag","embeddable":true,"href":"https:\/\/dmcsrb.com\/en\/wp-json\/wp\/v2\/tags?post=904729"},{"taxonomy":"naslovna","embeddable":true,"href":"https:\/\/dmcsrb.com\/en\/wp-json\/wp\/v2\/naslovna?post=904729"}],"curies":[{"name":"wp","href":"https:\/\/api.w.org\/{rel}","templated":true}]}}