{"id":904660,"date":"2026-01-05T09:20:00","date_gmt":"2026-01-05T08:20:00","guid":{"rendered":"https:\/\/gradski.me\/?p=904660"},"modified":"2026-01-05T09:20:00","modified_gmt":"2026-01-05T08:20:00","slug":"danska-premijerka-upozorila-trampa-zbog-grenlanda","status":"publish","type":"post","link":"https:\/\/dmcsrb.com\/en\/svijet\/danska-premijerka-upozorila-trampa-zbog-grenlanda\/","title":{"rendered":"Danska premijerka upozorila Trampa zbog Grenlanda"},"content":{"rendered":"<p><\/p>\n\n\n\n<h2 class=\"wp-block-heading\">&#8220;Amerika nema pravo da anektira Grenland&#8221;<\/h2>\n\n\n\n<p>&#8220;Apsolutno nema smisla govoriti o tome da SAD treba da preuzme Grenland. SAD nema pravo da anektira nijednu od tri zemlje u Kraljevini Danskoj&#8221;, poru\u010dila je Frederiksen u saop\u0161tenju.<\/p>\n\n\n\n<p>Tramp je vi\u0161e puta pominjao mogu\u0107nost pripajanja Grenlanda SAD-u, kao razlog navode\u0107i njegov strate\u0161ki polo\u017eaj i mineralno bogatstvo.<\/p>\n\n\n\n<p>Frederiksen je rekla da je Danska, &#8220;a time i Grenland&#8221;, \u010dlanica NATO-a i da je obuhva\u0107ena bezbjednosnim garancijama Saveza. Danska ve\u0107 ima odbrambeni sporazum sa SAD-om koji obezbje\u0111uje pristup Grenlandu, navela je Frederiksen, te dodala da je Danska pove\u0107ala svoja ulaganja u bezbjednost u arkti\u010dkoj regiji.<\/p>\n\n\n\n<p>&#8220;Zato sna\u017eno pozivam Sjedinjene Dr\u017eave da prestanu sa prijetnjama protiv istorijski bliskog saveznika i protiv druge zemlje i drugog naroda, koji su vrlo jasno rekli da nisu na prodaju&#8221;, rekla je danska premijerka.<\/p>\n\n\n\n<h2 class=\"wp-block-heading\">Supruga Trampovog saradnika objavila spornu kartu<\/h2>\n\n\n\n<p>Frederiksen se oglasila nakon \u0161to je Kejti Miler, supruga Trampovog savjetnika Stivena Milera, na platformi &#8220;X&#8221; objavila kartu Grenlanda u bojama ameri\u010dke zastave uz opis &#8220;USKORO&#8221;.<\/p>\n\n\n\n<p>Ranije je danski ambasador u SAD-u odgovorio na objavu Miler, desni\u010darske podkasterke i biv\u0161e Trampove savjetnice tokom njegovog prvog mandata, &#8220;prijateljskim podsjetnikom&#8221; da su dvije zemlje saveznice i poru\u010dio da Danska o\u010dekuje da se po\u0161tuje njen teritorijalni integritet.<\/p>\n\n\n\n<p>Ova razmjena uslijedila je nakon \u0161to su SAD u subotu, 3.decembra, izvele veliku vojnu operaciju protiv Venecuele, zarobile predsjednika Nikolasa Madura i njegovu suprugu te ih prebacile u Njujork.<\/p>\n\n\n\n<p>Tramp je u intervjuu za Atlantic rekao da bi i druge zemlje mogle biti predmet ameri\u010dke intervencije, prenosi\u00a0<a href=\"https:\/\/www.index.hr\/vijesti\/clanak\/danska-premijerka-poslala-poruku-trumpu-oko-grenlanda\/2746701.aspx\" target=\"_blank\" rel=\"noreferrer noopener\">Index.hr.<\/a>\u00a0<\/p>\n\n\n\n<p><\/p>","protected":false},"excerpt":{"rendered":"<p>Danska premijerka Mete Frederiksen pozvala je Donalda Trampa da prestane da prijeti preuzimanjem Grenlanda, nakon \u0161to je ameri\u010dki predsjednik u intervjuu za \u010dasopis Atlantic ponovio svoju \u017eelju za tim.<\/p>","protected":false},"author":1,"featured_media":724184,"comment_status":"open","ping_status":"open","sticky":false,"template":"","format":"standard","meta":{"_acf_changed":false,"footnotes":""},"categories":[144],"tags":[5601,193,4081,3881],"naslovna":[],"class_list":["post-904660","post","type-post","status-publish","format-standard","has-post-thumbnail","hentry","category-svijet","tag-danska-premijerka","tag-donald-tramp","tag-grenland","tag-upozorenje"],"acf":[],"yoast_head":"<!-- This site is optimized with the Yoast SEO plugin v27.4 - https:\/\/yoast.com\/product\/yoast-seo-wordpress\/ -->\n<title>Danska premijerka upozorila Trampa zbog Grenlanda - dmcsrb.com<\/title>\n<meta name=\"robots\" content=\"index, follow, max-snippet:-1, max-image-preview:large, max-video-preview:-1\" \/>\n<link rel=\"canonical\" href=\"https:\/\/dmcsrb.com\/en\/svijet\/danska-premijerka-upozorila-trampa-zbog-grenlanda\/\" \/>\n<meta property=\"og:locale\" content=\"en_GB\" \/>\n<meta property=\"og:type\" content=\"article\" \/>\n<meta property=\"og:title\" content=\"Danska premijerka upozorila Trampa zbog Grenlanda - dmcsrb.com\" \/>\n<meta property=\"og:description\" content=\"Danska premijerka Mete Frederiksen pozvala je Donalda Trampa da prestane da prijeti preuzimanjem Grenlanda, nakon \u0161to je ameri\u010dki predsjednik u intervjuu za \u010dasopis Atlantic ponovio svoju \u017eelju za tim.\" \/>\n<meta property=\"og:url\" content=\"https:\/\/dmcsrb.com\/en\/svijet\/danska-premijerka-upozorila-trampa-zbog-grenlanda\/\" \/>\n<meta property=\"og:site_name\" content=\"dmcsrb.com\" \/>\n<meta property=\"article:published_time\" content=\"2026-01-05T08:20:00+00:00\" \/>\n<meta property=\"og:image\" content=\"https:\/\/dmcsrb.com\/wp-content\/uploads\/2025\/03\/Mete_Frederiksen-2-2048x1366-1.jpg\" \/>\n\t<meta property=\"og:image:width\" content=\"2048\" \/>\n\t<meta property=\"og:image:height\" content=\"1366\" \/>\n\t<meta property=\"og:image:type\" content=\"image\/jpeg\" \/>\n<meta name=\"author\" content=\"dmcsrbija.com@gmail.com\" \/>\n<meta name=\"twitter:card\" content=\"summary_large_image\" \/>\n<meta name=\"twitter:label1\" content=\"Written by\" \/>\n\t<meta name=\"twitter:data1\" content=\"dmcsrbija.com@gmail.com\" \/>\n\t<meta name=\"twitter:label2\" content=\"Estimated reading time\" \/>\n\t<meta name=\"twitter:data2\" content=\"1 minute\" \/>\n<script type=\"application\/ld+json\" class=\"yoast-schema-graph\">{\"@context\":\"https:\\\/\\\/schema.org\",\"@graph\":[{\"@type\":\"Article\",\"@id\":\"https:\\\/\\\/dmcsrb.com\\\/svijet\\\/danska-premijerka-upozorila-trampa-zbog-grenlanda\\\/#article\",\"isPartOf\":{\"@id\":\"https:\\\/\\\/dmcsrb.com\\\/svijet\\\/danska-premijerka-upozorila-trampa-zbog-grenlanda\\\/\"},\"author\":{\"name\":\"dmcsrbija.com@gmail.com\",\"@id\":\"https:\\\/\\\/dmcsrb.com\\\/#\\\/schema\\\/person\\\/5c39170f12db1b8b457732d0b5c854e2\"},\"headline\":\"Danska premijerka upozorila Trampa zbog Grenlanda\",\"datePublished\":\"2026-01-05T08:20:00+00:00\",\"mainEntityOfPage\":{\"@id\":\"https:\\\/\\\/dmcsrb.com\\\/svijet\\\/danska-premijerka-upozorila-trampa-zbog-grenlanda\\\/\"},\"wordCount\":277,\"commentCount\":0,\"image\":{\"@id\":\"https:\\\/\\\/dmcsrb.com\\\/svijet\\\/danska-premijerka-upozorila-trampa-zbog-grenlanda\\\/#primaryimage\"},\"thumbnailUrl\":\"https:\\\/\\\/dmcsrb.com\\\/wp-content\\\/uploads\\\/2025\\\/03\\\/Mete_Frederiksen-2-2048x1366-1.jpg\",\"keywords\":[\"Danska premijerka\",\"Donald Tramp\",\"Grenland\",\"upozorenje\"],\"articleSection\":[\"Svijet\"],\"inLanguage\":\"en-GB\",\"potentialAction\":[{\"@type\":\"CommentAction\",\"name\":\"Comment\",\"target\":[\"https:\\\/\\\/dmcsrb.com\\\/svijet\\\/danska-premijerka-upozorila-trampa-zbog-grenlanda\\\/#respond\"]}]},{\"@type\":\"WebPage\",\"@id\":\"https:\\\/\\\/dmcsrb.com\\\/svijet\\\/danska-premijerka-upozorila-trampa-zbog-grenlanda\\\/\",\"url\":\"https:\\\/\\\/dmcsrb.com\\\/svijet\\\/danska-premijerka-upozorila-trampa-zbog-grenlanda\\\/\",\"name\":\"Danska premijerka upozorila Trampa zbog Grenlanda - dmcsrb.com\",\"isPartOf\":{\"@id\":\"https:\\\/\\\/dmcsrb.com\\\/#website\"},\"primaryImageOfPage\":{\"@id\":\"https:\\\/\\\/dmcsrb.com\\\/svijet\\\/danska-premijerka-upozorila-trampa-zbog-grenlanda\\\/#primaryimage\"},\"image\":{\"@id\":\"https:\\\/\\\/dmcsrb.com\\\/svijet\\\/danska-premijerka-upozorila-trampa-zbog-grenlanda\\\/#primaryimage\"},\"thumbnailUrl\":\"https:\\\/\\\/dmcsrb.com\\\/wp-content\\\/uploads\\\/2025\\\/03\\\/Mete_Frederiksen-2-2048x1366-1.jpg\",\"datePublished\":\"2026-01-05T08:20:00+00:00\",\"author\":{\"@id\":\"https:\\\/\\\/dmcsrb.com\\\/#\\\/schema\\\/person\\\/5c39170f12db1b8b457732d0b5c854e2\"},\"breadcrumb\":{\"@id\":\"https:\\\/\\\/dmcsrb.com\\\/svijet\\\/danska-premijerka-upozorila-trampa-zbog-grenlanda\\\/#breadcrumb\"},\"inLanguage\":\"en-GB\",\"potentialAction\":[{\"@type\":\"ReadAction\",\"target\":[\"https:\\\/\\\/dmcsrb.com\\\/svijet\\\/danska-premijerka-upozorila-trampa-zbog-grenlanda\\\/\"]}]},{\"@type\":\"ImageObject\",\"inLanguage\":\"en-GB\",\"@id\":\"https:\\\/\\\/dmcsrb.com\\\/svijet\\\/danska-premijerka-upozorila-trampa-zbog-grenlanda\\\/#primaryimage\",\"url\":\"https:\\\/\\\/dmcsrb.com\\\/wp-content\\\/uploads\\\/2025\\\/03\\\/Mete_Frederiksen-2-2048x1366-1.jpg\",\"contentUrl\":\"https:\\\/\\\/dmcsrb.com\\\/wp-content\\\/uploads\\\/2025\\\/03\\\/Mete_Frederiksen-2-2048x1366-1.jpg\",\"width\":2048,\"height\":1366,\"caption\":\"Bo Amstrup\\\/Ritzau Scanpix via AP\"},{\"@type\":\"BreadcrumbList\",\"@id\":\"https:\\\/\\\/dmcsrb.com\\\/svijet\\\/danska-premijerka-upozorila-trampa-zbog-grenlanda\\\/#breadcrumb\",\"itemListElement\":[{\"@type\":\"ListItem\",\"position\":1,\"name\":\"Home\",\"item\":\"https:\\\/\\\/dmcsrb.com\\\/\"},{\"@type\":\"ListItem\",\"position\":2,\"name\":\"Danska premijerka upozorila Trampa zbog Grenlanda\"}]},{\"@type\":\"WebSite\",\"@id\":\"https:\\\/\\\/dmcsrb.com\\\/#website\",\"url\":\"https:\\\/\\\/dmcsrb.com\\\/\",\"name\":\"dmcsrb.com\",\"description\":\"\",\"potentialAction\":[{\"@type\":\"SearchAction\",\"target\":{\"@type\":\"EntryPoint\",\"urlTemplate\":\"https:\\\/\\\/dmcsrb.com\\\/?s={search_term_string}\"},\"query-input\":{\"@type\":\"PropertyValueSpecification\",\"valueRequired\":true,\"valueName\":\"search_term_string\"}}],\"inLanguage\":\"en-GB\"},{\"@type\":\"Person\",\"@id\":\"https:\\\/\\\/dmcsrb.com\\\/#\\\/schema\\\/person\\\/5c39170f12db1b8b457732d0b5c854e2\",\"name\":\"dmcsrbija.com@gmail.com\",\"image\":{\"@type\":\"ImageObject\",\"inLanguage\":\"en-GB\",\"@id\":\"https:\\\/\\\/secure.gravatar.com\\\/avatar\\\/68592660ad6347fad0fb587f8d5d8f1a7b44961362f56e4f2cd524feb87e9069?s=96&d=mm&r=g\",\"url\":\"https:\\\/\\\/secure.gravatar.com\\\/avatar\\\/68592660ad6347fad0fb587f8d5d8f1a7b44961362f56e4f2cd524feb87e9069?s=96&d=mm&r=g\",\"contentUrl\":\"https:\\\/\\\/secure.gravatar.com\\\/avatar\\\/68592660ad6347fad0fb587f8d5d8f1a7b44961362f56e4f2cd524feb87e9069?s=96&d=mm&r=g\",\"caption\":\"dmcsrbija.com@gmail.com\"},\"sameAs\":[\"https:\\\/\\\/dmcsrb.com\"],\"url\":\"https:\\\/\\\/dmcsrb.com\\\/en\\\/author\\\/dmcsrbija-comgmail-com\\\/\"}]}<\/script>\n<!-- \/ Yoast SEO plugin. -->","yoast_head_json":{"title":"Danska premijerka upozorila Trampa zbog Grenlanda - dmcsrb.com","robots":{"index":"index","follow":"follow","max-snippet":"max-snippet:-1","max-image-preview":"max-image-preview:large","max-video-preview":"max-video-preview:-1"},"canonical":"https:\/\/dmcsrb.com\/en\/svijet\/danska-premijerka-upozorila-trampa-zbog-grenlanda\/","og_locale":"en_GB","og_type":"article","og_title":"Danska premijerka upozorila Trampa zbog Grenlanda - dmcsrb.com","og_description":"Danska premijerka Mete Frederiksen pozvala je Donalda Trampa da prestane da prijeti preuzimanjem Grenlanda, nakon \u0161to je ameri\u010dki predsjednik u intervjuu za \u010dasopis Atlantic ponovio svoju \u017eelju za tim.","og_url":"https:\/\/dmcsrb.com\/en\/svijet\/danska-premijerka-upozorila-trampa-zbog-grenlanda\/","og_site_name":"dmcsrb.com","article_published_time":"2026-01-05T08:20:00+00:00","og_image":[{"width":2048,"height":1366,"url":"https:\/\/dmcsrb.com\/wp-content\/uploads\/2025\/03\/Mete_Frederiksen-2-2048x1366-1.jpg","type":"image\/jpeg"}],"author":"dmcsrbija.com@gmail.com","twitter_card":"summary_large_image","twitter_misc":{"Written by":"dmcsrbija.com@gmail.com","Estimated reading time":"1 minute"},"schema":{"@context":"https:\/\/schema.org","@graph":[{"@type":"Article","@id":"https:\/\/dmcsrb.com\/svijet\/danska-premijerka-upozorila-trampa-zbog-grenlanda\/#article","isPartOf":{"@id":"https:\/\/dmcsrb.com\/svijet\/danska-premijerka-upozorila-trampa-zbog-grenlanda\/"},"author":{"name":"dmcsrbija.com@gmail.com","@id":"https:\/\/dmcsrb.com\/#\/schema\/person\/5c39170f12db1b8b457732d0b5c854e2"},"headline":"Danska premijerka upozorila Trampa zbog Grenlanda","datePublished":"2026-01-05T08:20:00+00:00","mainEntityOfPage":{"@id":"https:\/\/dmcsrb.com\/svijet\/danska-premijerka-upozorila-trampa-zbog-grenlanda\/"},"wordCount":277,"commentCount":0,"image":{"@id":"https:\/\/dmcsrb.com\/svijet\/danska-premijerka-upozorila-trampa-zbog-grenlanda\/#primaryimage"},"thumbnailUrl":"https:\/\/dmcsrb.com\/wp-content\/uploads\/2025\/03\/Mete_Frederiksen-2-2048x1366-1.jpg","keywords":["Danska premijerka","Donald Tramp","Grenland","upozorenje"],"articleSection":["Svijet"],"inLanguage":"en-GB","potentialAction":[{"@type":"CommentAction","name":"Comment","target":["https:\/\/dmcsrb.com\/svijet\/danska-premijerka-upozorila-trampa-zbog-grenlanda\/#respond"]}]},{"@type":"WebPage","@id":"https:\/\/dmcsrb.com\/svijet\/danska-premijerka-upozorila-trampa-zbog-grenlanda\/","url":"https:\/\/dmcsrb.com\/svijet\/danska-premijerka-upozorila-trampa-zbog-grenlanda\/","name":"Danska premijerka upozorila Trampa zbog Grenlanda - dmcsrb.com","isPartOf":{"@id":"https:\/\/dmcsrb.com\/#website"},"primaryImageOfPage":{"@id":"https:\/\/dmcsrb.com\/svijet\/danska-premijerka-upozorila-trampa-zbog-grenlanda\/#primaryimage"},"image":{"@id":"https:\/\/dmcsrb.com\/svijet\/danska-premijerka-upozorila-trampa-zbog-grenlanda\/#primaryimage"},"thumbnailUrl":"https:\/\/dmcsrb.com\/wp-content\/uploads\/2025\/03\/Mete_Frederiksen-2-2048x1366-1.jpg","datePublished":"2026-01-05T08:20:00+00:00","author":{"@id":"https:\/\/dmcsrb.com\/#\/schema\/person\/5c39170f12db1b8b457732d0b5c854e2"},"breadcrumb":{"@id":"https:\/\/dmcsrb.com\/svijet\/danska-premijerka-upozorila-trampa-zbog-grenlanda\/#breadcrumb"},"inLanguage":"en-GB","potentialAction":[{"@type":"ReadAction","target":["https:\/\/dmcsrb.com\/svijet\/danska-premijerka-upozorila-trampa-zbog-grenlanda\/"]}]},{"@type":"ImageObject","inLanguage":"en-GB","@id":"https:\/\/dmcsrb.com\/svijet\/danska-premijerka-upozorila-trampa-zbog-grenlanda\/#primaryimage","url":"https:\/\/dmcsrb.com\/wp-content\/uploads\/2025\/03\/Mete_Frederiksen-2-2048x1366-1.jpg","contentUrl":"https:\/\/dmcsrb.com\/wp-content\/uploads\/2025\/03\/Mete_Frederiksen-2-2048x1366-1.jpg","width":2048,"height":1366,"caption":"Bo Amstrup\/Ritzau Scanpix via AP"},{"@type":"BreadcrumbList","@id":"https:\/\/dmcsrb.com\/svijet\/danska-premijerka-upozorila-trampa-zbog-grenlanda\/#breadcrumb","itemListElement":[{"@type":"ListItem","position":1,"name":"Home","item":"https:\/\/dmcsrb.com\/"},{"@type":"ListItem","position":2,"name":"Danska premijerka upozorila Trampa zbog Grenlanda"}]},{"@type":"WebSite","@id":"https:\/\/dmcsrb.com\/#website","url":"https:\/\/dmcsrb.com\/","name":"dmcsrb.com","description":"","potentialAction":[{"@type":"SearchAction","target":{"@type":"EntryPoint","urlTemplate":"https:\/\/dmcsrb.com\/?s={search_term_string}"},"query-input":{"@type":"PropertyValueSpecification","valueRequired":true,"valueName":"search_term_string"}}],"inLanguage":"en-GB"},{"@type":"Person","@id":"https:\/\/dmcsrb.com\/#\/schema\/person\/5c39170f12db1b8b457732d0b5c854e2","name":"dmcsrbija.com@gmail.com","image":{"@type":"ImageObject","inLanguage":"en-GB","@id":"https:\/\/secure.gravatar.com\/avatar\/68592660ad6347fad0fb587f8d5d8f1a7b44961362f56e4f2cd524feb87e9069?s=96&d=mm&r=g","url":"https:\/\/secure.gravatar.com\/avatar\/68592660ad6347fad0fb587f8d5d8f1a7b44961362f56e4f2cd524feb87e9069?s=96&d=mm&r=g","contentUrl":"https:\/\/secure.gravatar.com\/avatar\/68592660ad6347fad0fb587f8d5d8f1a7b44961362f56e4f2cd524feb87e9069?s=96&d=mm&r=g","caption":"dmcsrbija.com@gmail.com"},"sameAs":["https:\/\/dmcsrb.com"],"url":"https:\/\/dmcsrb.com\/en\/author\/dmcsrbija-comgmail-com\/"}]}},"_links":{"self":[{"href":"https:\/\/dmcsrb.com\/en\/wp-json\/wp\/v2\/posts\/904660","targetHints":{"allow":["GET"]}}],"collection":[{"href":"https:\/\/dmcsrb.com\/en\/wp-json\/wp\/v2\/posts"}],"about":[{"href":"https:\/\/dmcsrb.com\/en\/wp-json\/wp\/v2\/types\/post"}],"author":[{"embeddable":true,"href":"https:\/\/dmcsrb.com\/en\/wp-json\/wp\/v2\/users\/1"}],"replies":[{"embeddable":true,"href":"https:\/\/dmcsrb.com\/en\/wp-json\/wp\/v2\/comments?post=904660"}],"version-history":[{"count":0,"href":"https:\/\/dmcsrb.com\/en\/wp-json\/wp\/v2\/posts\/904660\/revisions"}],"wp:featuredmedia":[{"embeddable":true,"href":"https:\/\/dmcsrb.com\/en\/wp-json\/wp\/v2\/media\/724184"}],"wp:attachment":[{"href":"https:\/\/dmcsrb.com\/en\/wp-json\/wp\/v2\/media?parent=904660"}],"wp:term":[{"taxonomy":"category","embeddable":true,"href":"https:\/\/dmcsrb.com\/en\/wp-json\/wp\/v2\/categories?post=904660"},{"taxonomy":"post_tag","embeddable":true,"href":"https:\/\/dmcsrb.com\/en\/wp-json\/wp\/v2\/tags?post=904660"},{"taxonomy":"naslovna","embeddable":true,"href":"https:\/\/dmcsrb.com\/en\/wp-json\/wp\/v2\/naslovna?post=904660"}],"curies":[{"name":"wp","href":"https:\/\/api.w.org\/{rel}","templated":true}]}}