{"id":904636,"date":"2026-01-05T07:28:00","date_gmt":"2026-01-05T06:28:00","guid":{"rendered":"https:\/\/gradski.me\/?p=904636"},"modified":"2026-01-07T09:01:48","modified_gmt":"2026-01-07T08:01:48","slug":"potpredsjednik-skupstine-prijestonice-mirko-stanic-priveden-u-podgorici","status":"publish","type":"post","link":"https:\/\/dmcsrb.com\/en\/hronika\/potpredsjednik-skupstine-prijestonice-mirko-stanic-priveden-u-podgorici\/","title":{"rendered":"Potpredsjednik Skup\u0161tine Prijestonice Mirko Stani\u0107 priveden u Podgorici"},"content":{"rendered":"<p>Nakon nekoliko poziva na koje nije odgovoreno, i poruke kojom mu je obja\u0161njeno za\u0161to novinar poku\u0161ava da stupi u kontakt sa njim, Stani\u0107 je \u201cVijestima\u201d sino\u0107 kazao da se trenutno nalazi van Crne Gore i da \u0107e se javiti po povratku u zemlju.<\/p>\n\n\n\n<p>Prema zvani\u010dnim podacima Uprave policije, Stani\u0107 je li\u0161en slobode 26. decembra 2025. godine, oko 21 \u010das.<\/p>\n\n\n\n<p>Prethodno, alkotestiranjem je utvr\u0111eno da je upravljao vozilom sa koncentracijom alkohola u organizmu od 2,15 g\/kg.<\/p>\n\n\n\n<p>\u201cVijesti\u201d nezvani\u010dno saznaju da su gra\u0111ani te no\u0107i prijavili da su primijetili da vozilo, kre\u0107u\u0107i se Ulicom Novaka Milo\u0161eva, ostvaruje kontakt sa parkiranim automobilima.<\/p>\n\n\n\n<p>Navodno, on je automobilom upravljao od jednog lokala na Obali Ribnice, do Muzi\u010dke \u0161kole \u201cVasa Pavi\u0107\u201d.<\/p>\n\n\n\n<p>Policija je po prijavi iza\u0161la na lice mjesta i li\u0161ila slobode Stani\u0107a.<\/p>\n\n\n\n<p>Nakon hap\u0161enja, Stani\u0107 je priveden sudiji za prekr\u0161aje.<\/p>\n\n\n\n<p>Iz Uprave policije \u201cVijestima\u201d je re\u010deno da im gra\u0111ani nijesu prijavili o\u0161te\u0107enja na drugim vozilima.<\/p>\n\n\n\n<p>Na svom X nalogu Uprava policije 29. decembra objavila je da je saobra\u0107ajna policija u Podgorici, tokom prethodnog vikenda, uhapsila 51 voza\u010da &#8211; 31 zbog prekora\u010denja brzine, tri zbog vo\u017enje pod dejstvom droga, dva koja su odbila alkotest i 11 zbog vo\u017enje pod dejstvom alkohola.<\/p>\n\n\n\n<p>\u201cPodnijete su 92 prekr\u0161ajne prijave, izdata 182 naloga, oduzeto jedno vozilo, U okviru ovih aktivnosti zbog vo\u017enje pod dejstvom alkohola uhap\u0161eni su:&nbsp;<strong>A. C.<\/strong>&nbsp;(38) iz Turske, koji je ka\u017enjen zatvorskom kaznom u trajanju od 30 dana,&nbsp;<strong>M. S.<\/strong>&nbsp;(44) iz Cetinja &#8211; 2,15 g\/kg,&nbsp;<strong>B. B.<\/strong>&nbsp;(50) iz Podgorice &#8211; 2,61 g\/kg,&nbsp;<strong>K. V.<\/strong>&nbsp;(43) iz Podgorice &#8211; 2,15 g\/kg, koji je izazvao saobra\u0107ajnu nezgodu\u201d, saop\u0161teno je tada iz UP-a.<\/p>\n\n\n\n<p>\u201cVijestima\u201d je sino\u0107 potvr\u0111eno da je M. S. iz policijskog saop\u0161tenja potpredsjednik Skup\u0161tine Prijestonice i funkcioner Socijaldemokratske partije &#8211; Mirko Stani\u0107.<\/p>","protected":false},"excerpt":{"rendered":"<p>Potpredsjednik Skup\u0161tine Prijestonice Cetinje\u00a0Mirko Stani\u0107\u00a0priveden je 26. decembra u Podgorici zbog vo\u017enje pod dejstvom alkohola, nakon \u0161to su gra\u0111ani policiji prijavili da voza\u010d, u Ulici Novaka Milo\u0161eva, vozilom kojim upravlja o\u0161te\u0107uje parkirane automobile.<\/p>","protected":false},"author":1,"featured_media":690664,"comment_status":"open","ping_status":"open","sticky":false,"template":"","format":"standard","meta":{"_acf_changed":false,"footnotes":""},"categories":[17],"tags":[5582,31,5583,5584],"naslovna":[],"class_list":["post-904636","post","type-post","status-publish","format-standard","has-post-thumbnail","hentry","category-hronika","tag-mirko-stanic","tag-podgorica","tag-potpredsjednik-skupstine-prijestonice","tag-privodjenje"],"acf":[],"yoast_head":"<!-- This site is optimized with the Yoast SEO plugin v27.4 - https:\/\/yoast.com\/product\/yoast-seo-wordpress\/ -->\n<title>Potpredsjednik Skup\u0161tine Prijestonice Mirko Stani\u0107 priveden u Podgorici - dmcsrb.com<\/title>\n<meta name=\"robots\" content=\"index, follow, max-snippet:-1, max-image-preview:large, max-video-preview:-1\" \/>\n<link rel=\"canonical\" href=\"https:\/\/dmcsrb.com\/en\/hronika\/potpredsjednik-skupstine-prijestonice-mirko-stanic-priveden-u-podgorici\/\" \/>\n<meta property=\"og:locale\" content=\"en_GB\" \/>\n<meta property=\"og:type\" content=\"article\" \/>\n<meta property=\"og:title\" content=\"Potpredsjednik Skup\u0161tine Prijestonice Mirko Stani\u0107 priveden u Podgorici - dmcsrb.com\" \/>\n<meta property=\"og:description\" content=\"Potpredsjednik Skup\u0161tine Prijestonice Cetinje\u00a0Mirko Stani\u0107\u00a0priveden je 26. decembra u Podgorici zbog vo\u017enje pod dejstvom alkohola, nakon \u0161to su gra\u0111ani policiji prijavili da voza\u010d, u Ulici Novaka Milo\u0161eva, vozilom kojim upravlja o\u0161te\u0107uje parkirane automobile.\" \/>\n<meta property=\"og:url\" content=\"https:\/\/dmcsrb.com\/en\/hronika\/potpredsjednik-skupstine-prijestonice-mirko-stanic-priveden-u-podgorici\/\" \/>\n<meta property=\"og:site_name\" content=\"dmcsrb.com\" \/>\n<meta property=\"article:published_time\" content=\"2026-01-05T06:28:00+00:00\" \/>\n<meta property=\"article:modified_time\" content=\"2026-01-07T08:01:48+00:00\" \/>\n<meta property=\"og:image\" content=\"https:\/\/dmcsrb.com\/wp-content\/uploads\/2025\/01\/mirko-stanic.jpg\" \/>\n\t<meta property=\"og:image:width\" content=\"1146\" \/>\n\t<meta property=\"og:image:height\" content=\"581\" \/>\n\t<meta property=\"og:image:type\" content=\"image\/jpeg\" \/>\n<meta name=\"author\" content=\"dmcsrbija.com@gmail.com\" \/>\n<meta name=\"twitter:card\" content=\"summary_large_image\" \/>\n<meta name=\"twitter:label1\" content=\"Written by\" \/>\n\t<meta name=\"twitter:data1\" content=\"dmcsrbija.com@gmail.com\" \/>\n\t<meta name=\"twitter:label2\" content=\"Estimated reading time\" \/>\n\t<meta name=\"twitter:data2\" content=\"2 minutes\" \/>\n<script type=\"application\/ld+json\" class=\"yoast-schema-graph\">{\"@context\":\"https:\\\/\\\/schema.org\",\"@graph\":[{\"@type\":\"Article\",\"@id\":\"https:\\\/\\\/dmcsrb.com\\\/hronika\\\/potpredsjednik-skupstine-prijestonice-mirko-stanic-priveden-u-podgorici\\\/#article\",\"isPartOf\":{\"@id\":\"https:\\\/\\\/dmcsrb.com\\\/hronika\\\/potpredsjednik-skupstine-prijestonice-mirko-stanic-priveden-u-podgorici\\\/\"},\"author\":{\"name\":\"dmcsrbija.com@gmail.com\",\"@id\":\"https:\\\/\\\/dmcsrb.com\\\/#\\\/schema\\\/person\\\/5c39170f12db1b8b457732d0b5c854e2\"},\"headline\":\"Potpredsjednik Skup\u0161tine Prijestonice Mirko Stani\u0107 priveden u Podgorici\",\"datePublished\":\"2026-01-05T06:28:00+00:00\",\"dateModified\":\"2026-01-07T08:01:48+00:00\",\"mainEntityOfPage\":{\"@id\":\"https:\\\/\\\/dmcsrb.com\\\/hronika\\\/potpredsjednik-skupstine-prijestonice-mirko-stanic-priveden-u-podgorici\\\/\"},\"wordCount\":326,\"commentCount\":0,\"image\":{\"@id\":\"https:\\\/\\\/dmcsrb.com\\\/hronika\\\/potpredsjednik-skupstine-prijestonice-mirko-stanic-priveden-u-podgorici\\\/#primaryimage\"},\"thumbnailUrl\":\"https:\\\/\\\/dmcsrb.com\\\/wp-content\\\/uploads\\\/2025\\\/01\\\/mirko-stanic.jpg\",\"keywords\":[\"Mirko Stani\u0107\",\"Podgorica\",\"Potpredsjednik Skup\u0161tine Prijestonice\",\"privo\u0111enje\"],\"articleSection\":[\"Hronika\"],\"inLanguage\":\"en-GB\",\"potentialAction\":[{\"@type\":\"CommentAction\",\"name\":\"Comment\",\"target\":[\"https:\\\/\\\/dmcsrb.com\\\/hronika\\\/potpredsjednik-skupstine-prijestonice-mirko-stanic-priveden-u-podgorici\\\/#respond\"]}]},{\"@type\":\"WebPage\",\"@id\":\"https:\\\/\\\/dmcsrb.com\\\/hronika\\\/potpredsjednik-skupstine-prijestonice-mirko-stanic-priveden-u-podgorici\\\/\",\"url\":\"https:\\\/\\\/dmcsrb.com\\\/hronika\\\/potpredsjednik-skupstine-prijestonice-mirko-stanic-priveden-u-podgorici\\\/\",\"name\":\"Potpredsjednik Skup\u0161tine Prijestonice Mirko Stani\u0107 priveden u Podgorici - dmcsrb.com\",\"isPartOf\":{\"@id\":\"https:\\\/\\\/dmcsrb.com\\\/#website\"},\"primaryImageOfPage\":{\"@id\":\"https:\\\/\\\/dmcsrb.com\\\/hronika\\\/potpredsjednik-skupstine-prijestonice-mirko-stanic-priveden-u-podgorici\\\/#primaryimage\"},\"image\":{\"@id\":\"https:\\\/\\\/dmcsrb.com\\\/hronika\\\/potpredsjednik-skupstine-prijestonice-mirko-stanic-priveden-u-podgorici\\\/#primaryimage\"},\"thumbnailUrl\":\"https:\\\/\\\/dmcsrb.com\\\/wp-content\\\/uploads\\\/2025\\\/01\\\/mirko-stanic.jpg\",\"datePublished\":\"2026-01-05T06:28:00+00:00\",\"dateModified\":\"2026-01-07T08:01:48+00:00\",\"author\":{\"@id\":\"https:\\\/\\\/dmcsrb.com\\\/#\\\/schema\\\/person\\\/5c39170f12db1b8b457732d0b5c854e2\"},\"breadcrumb\":{\"@id\":\"https:\\\/\\\/dmcsrb.com\\\/hronika\\\/potpredsjednik-skupstine-prijestonice-mirko-stanic-priveden-u-podgorici\\\/#breadcrumb\"},\"inLanguage\":\"en-GB\",\"potentialAction\":[{\"@type\":\"ReadAction\",\"target\":[\"https:\\\/\\\/dmcsrb.com\\\/hronika\\\/potpredsjednik-skupstine-prijestonice-mirko-stanic-priveden-u-podgorici\\\/\"]}]},{\"@type\":\"ImageObject\",\"inLanguage\":\"en-GB\",\"@id\":\"https:\\\/\\\/dmcsrb.com\\\/hronika\\\/potpredsjednik-skupstine-prijestonice-mirko-stanic-priveden-u-podgorici\\\/#primaryimage\",\"url\":\"https:\\\/\\\/dmcsrb.com\\\/wp-content\\\/uploads\\\/2025\\\/01\\\/mirko-stanic.jpg\",\"contentUrl\":\"https:\\\/\\\/dmcsrb.com\\\/wp-content\\\/uploads\\\/2025\\\/01\\\/mirko-stanic.jpg\",\"width\":1146,\"height\":581},{\"@type\":\"BreadcrumbList\",\"@id\":\"https:\\\/\\\/dmcsrb.com\\\/hronika\\\/potpredsjednik-skupstine-prijestonice-mirko-stanic-priveden-u-podgorici\\\/#breadcrumb\",\"itemListElement\":[{\"@type\":\"ListItem\",\"position\":1,\"name\":\"Home\",\"item\":\"https:\\\/\\\/dmcsrb.com\\\/\"},{\"@type\":\"ListItem\",\"position\":2,\"name\":\"Potpredsjednik Skup\u0161tine Prijestonice Mirko Stani\u0107 priveden u Podgorici\"}]},{\"@type\":\"WebSite\",\"@id\":\"https:\\\/\\\/dmcsrb.com\\\/#website\",\"url\":\"https:\\\/\\\/dmcsrb.com\\\/\",\"name\":\"dmcsrb.com\",\"description\":\"\",\"potentialAction\":[{\"@type\":\"SearchAction\",\"target\":{\"@type\":\"EntryPoint\",\"urlTemplate\":\"https:\\\/\\\/dmcsrb.com\\\/?s={search_term_string}\"},\"query-input\":{\"@type\":\"PropertyValueSpecification\",\"valueRequired\":true,\"valueName\":\"search_term_string\"}}],\"inLanguage\":\"en-GB\"},{\"@type\":\"Person\",\"@id\":\"https:\\\/\\\/dmcsrb.com\\\/#\\\/schema\\\/person\\\/5c39170f12db1b8b457732d0b5c854e2\",\"name\":\"dmcsrbija.com@gmail.com\",\"image\":{\"@type\":\"ImageObject\",\"inLanguage\":\"en-GB\",\"@id\":\"https:\\\/\\\/secure.gravatar.com\\\/avatar\\\/68592660ad6347fad0fb587f8d5d8f1a7b44961362f56e4f2cd524feb87e9069?s=96&d=mm&r=g\",\"url\":\"https:\\\/\\\/secure.gravatar.com\\\/avatar\\\/68592660ad6347fad0fb587f8d5d8f1a7b44961362f56e4f2cd524feb87e9069?s=96&d=mm&r=g\",\"contentUrl\":\"https:\\\/\\\/secure.gravatar.com\\\/avatar\\\/68592660ad6347fad0fb587f8d5d8f1a7b44961362f56e4f2cd524feb87e9069?s=96&d=mm&r=g\",\"caption\":\"dmcsrbija.com@gmail.com\"},\"sameAs\":[\"https:\\\/\\\/dmcsrb.com\"],\"url\":\"https:\\\/\\\/dmcsrb.com\\\/en\\\/author\\\/dmcsrbija-comgmail-com\\\/\"}]}<\/script>\n<!-- \/ Yoast SEO plugin. -->","yoast_head_json":{"title":"Potpredsjednik Skup\u0161tine Prijestonice Mirko Stani\u0107 priveden u Podgorici - dmcsrb.com","robots":{"index":"index","follow":"follow","max-snippet":"max-snippet:-1","max-image-preview":"max-image-preview:large","max-video-preview":"max-video-preview:-1"},"canonical":"https:\/\/dmcsrb.com\/en\/hronika\/potpredsjednik-skupstine-prijestonice-mirko-stanic-priveden-u-podgorici\/","og_locale":"en_GB","og_type":"article","og_title":"Potpredsjednik Skup\u0161tine Prijestonice Mirko Stani\u0107 priveden u Podgorici - dmcsrb.com","og_description":"Potpredsjednik Skup\u0161tine Prijestonice Cetinje\u00a0Mirko Stani\u0107\u00a0priveden je 26. decembra u Podgorici zbog vo\u017enje pod dejstvom alkohola, nakon \u0161to su gra\u0111ani policiji prijavili da voza\u010d, u Ulici Novaka Milo\u0161eva, vozilom kojim upravlja o\u0161te\u0107uje parkirane automobile.","og_url":"https:\/\/dmcsrb.com\/en\/hronika\/potpredsjednik-skupstine-prijestonice-mirko-stanic-priveden-u-podgorici\/","og_site_name":"dmcsrb.com","article_published_time":"2026-01-05T06:28:00+00:00","article_modified_time":"2026-01-07T08:01:48+00:00","og_image":[{"width":1146,"height":581,"url":"https:\/\/dmcsrb.com\/wp-content\/uploads\/2025\/01\/mirko-stanic.jpg","type":"image\/jpeg"}],"author":"dmcsrbija.com@gmail.com","twitter_card":"summary_large_image","twitter_misc":{"Written by":"dmcsrbija.com@gmail.com","Estimated reading time":"2 minutes"},"schema":{"@context":"https:\/\/schema.org","@graph":[{"@type":"Article","@id":"https:\/\/dmcsrb.com\/hronika\/potpredsjednik-skupstine-prijestonice-mirko-stanic-priveden-u-podgorici\/#article","isPartOf":{"@id":"https:\/\/dmcsrb.com\/hronika\/potpredsjednik-skupstine-prijestonice-mirko-stanic-priveden-u-podgorici\/"},"author":{"name":"dmcsrbija.com@gmail.com","@id":"https:\/\/dmcsrb.com\/#\/schema\/person\/5c39170f12db1b8b457732d0b5c854e2"},"headline":"Potpredsjednik Skup\u0161tine Prijestonice Mirko Stani\u0107 priveden u Podgorici","datePublished":"2026-01-05T06:28:00+00:00","dateModified":"2026-01-07T08:01:48+00:00","mainEntityOfPage":{"@id":"https:\/\/dmcsrb.com\/hronika\/potpredsjednik-skupstine-prijestonice-mirko-stanic-priveden-u-podgorici\/"},"wordCount":326,"commentCount":0,"image":{"@id":"https:\/\/dmcsrb.com\/hronika\/potpredsjednik-skupstine-prijestonice-mirko-stanic-priveden-u-podgorici\/#primaryimage"},"thumbnailUrl":"https:\/\/dmcsrb.com\/wp-content\/uploads\/2025\/01\/mirko-stanic.jpg","keywords":["Mirko Stani\u0107","Podgorica","Potpredsjednik Skup\u0161tine Prijestonice","privo\u0111enje"],"articleSection":["Hronika"],"inLanguage":"en-GB","potentialAction":[{"@type":"CommentAction","name":"Comment","target":["https:\/\/dmcsrb.com\/hronika\/potpredsjednik-skupstine-prijestonice-mirko-stanic-priveden-u-podgorici\/#respond"]}]},{"@type":"WebPage","@id":"https:\/\/dmcsrb.com\/hronika\/potpredsjednik-skupstine-prijestonice-mirko-stanic-priveden-u-podgorici\/","url":"https:\/\/dmcsrb.com\/hronika\/potpredsjednik-skupstine-prijestonice-mirko-stanic-priveden-u-podgorici\/","name":"Potpredsjednik Skup\u0161tine Prijestonice Mirko Stani\u0107 priveden u Podgorici - dmcsrb.com","isPartOf":{"@id":"https:\/\/dmcsrb.com\/#website"},"primaryImageOfPage":{"@id":"https:\/\/dmcsrb.com\/hronika\/potpredsjednik-skupstine-prijestonice-mirko-stanic-priveden-u-podgorici\/#primaryimage"},"image":{"@id":"https:\/\/dmcsrb.com\/hronika\/potpredsjednik-skupstine-prijestonice-mirko-stanic-priveden-u-podgorici\/#primaryimage"},"thumbnailUrl":"https:\/\/dmcsrb.com\/wp-content\/uploads\/2025\/01\/mirko-stanic.jpg","datePublished":"2026-01-05T06:28:00+00:00","dateModified":"2026-01-07T08:01:48+00:00","author":{"@id":"https:\/\/dmcsrb.com\/#\/schema\/person\/5c39170f12db1b8b457732d0b5c854e2"},"breadcrumb":{"@id":"https:\/\/dmcsrb.com\/hronika\/potpredsjednik-skupstine-prijestonice-mirko-stanic-priveden-u-podgorici\/#breadcrumb"},"inLanguage":"en-GB","potentialAction":[{"@type":"ReadAction","target":["https:\/\/dmcsrb.com\/hronika\/potpredsjednik-skupstine-prijestonice-mirko-stanic-priveden-u-podgorici\/"]}]},{"@type":"ImageObject","inLanguage":"en-GB","@id":"https:\/\/dmcsrb.com\/hronika\/potpredsjednik-skupstine-prijestonice-mirko-stanic-priveden-u-podgorici\/#primaryimage","url":"https:\/\/dmcsrb.com\/wp-content\/uploads\/2025\/01\/mirko-stanic.jpg","contentUrl":"https:\/\/dmcsrb.com\/wp-content\/uploads\/2025\/01\/mirko-stanic.jpg","width":1146,"height":581},{"@type":"BreadcrumbList","@id":"https:\/\/dmcsrb.com\/hronika\/potpredsjednik-skupstine-prijestonice-mirko-stanic-priveden-u-podgorici\/#breadcrumb","itemListElement":[{"@type":"ListItem","position":1,"name":"Home","item":"https:\/\/dmcsrb.com\/"},{"@type":"ListItem","position":2,"name":"Potpredsjednik Skup\u0161tine Prijestonice Mirko Stani\u0107 priveden u Podgorici"}]},{"@type":"WebSite","@id":"https:\/\/dmcsrb.com\/#website","url":"https:\/\/dmcsrb.com\/","name":"dmcsrb.com","description":"","potentialAction":[{"@type":"SearchAction","target":{"@type":"EntryPoint","urlTemplate":"https:\/\/dmcsrb.com\/?s={search_term_string}"},"query-input":{"@type":"PropertyValueSpecification","valueRequired":true,"valueName":"search_term_string"}}],"inLanguage":"en-GB"},{"@type":"Person","@id":"https:\/\/dmcsrb.com\/#\/schema\/person\/5c39170f12db1b8b457732d0b5c854e2","name":"dmcsrbija.com@gmail.com","image":{"@type":"ImageObject","inLanguage":"en-GB","@id":"https:\/\/secure.gravatar.com\/avatar\/68592660ad6347fad0fb587f8d5d8f1a7b44961362f56e4f2cd524feb87e9069?s=96&d=mm&r=g","url":"https:\/\/secure.gravatar.com\/avatar\/68592660ad6347fad0fb587f8d5d8f1a7b44961362f56e4f2cd524feb87e9069?s=96&d=mm&r=g","contentUrl":"https:\/\/secure.gravatar.com\/avatar\/68592660ad6347fad0fb587f8d5d8f1a7b44961362f56e4f2cd524feb87e9069?s=96&d=mm&r=g","caption":"dmcsrbija.com@gmail.com"},"sameAs":["https:\/\/dmcsrb.com"],"url":"https:\/\/dmcsrb.com\/en\/author\/dmcsrbija-comgmail-com\/"}]}},"_links":{"self":[{"href":"https:\/\/dmcsrb.com\/en\/wp-json\/wp\/v2\/posts\/904636","targetHints":{"allow":["GET"]}}],"collection":[{"href":"https:\/\/dmcsrb.com\/en\/wp-json\/wp\/v2\/posts"}],"about":[{"href":"https:\/\/dmcsrb.com\/en\/wp-json\/wp\/v2\/types\/post"}],"author":[{"embeddable":true,"href":"https:\/\/dmcsrb.com\/en\/wp-json\/wp\/v2\/users\/1"}],"replies":[{"embeddable":true,"href":"https:\/\/dmcsrb.com\/en\/wp-json\/wp\/v2\/comments?post=904636"}],"version-history":[{"count":1,"href":"https:\/\/dmcsrb.com\/en\/wp-json\/wp\/v2\/posts\/904636\/revisions"}],"predecessor-version":[{"id":918574,"href":"https:\/\/dmcsrb.com\/en\/wp-json\/wp\/v2\/posts\/904636\/revisions\/918574"}],"wp:featuredmedia":[{"embeddable":true,"href":"https:\/\/dmcsrb.com\/en\/wp-json\/wp\/v2\/media\/690664"}],"wp:attachment":[{"href":"https:\/\/dmcsrb.com\/en\/wp-json\/wp\/v2\/media?parent=904636"}],"wp:term":[{"taxonomy":"category","embeddable":true,"href":"https:\/\/dmcsrb.com\/en\/wp-json\/wp\/v2\/categories?post=904636"},{"taxonomy":"post_tag","embeddable":true,"href":"https:\/\/dmcsrb.com\/en\/wp-json\/wp\/v2\/tags?post=904636"},{"taxonomy":"naslovna","embeddable":true,"href":"https:\/\/dmcsrb.com\/en\/wp-json\/wp\/v2\/naslovna?post=904636"}],"curies":[{"name":"wp","href":"https:\/\/api.w.org\/{rel}","templated":true}]}}