{"id":904366,"date":"2026-01-04T08:26:00","date_gmt":"2026-01-04T07:26:00","guid":{"rendered":"https:\/\/gradski.me\/?p=904366"},"modified":"2026-01-04T08:26:00","modified_gmt":"2026-01-04T07:26:00","slug":"vlada-osniva-agenciju-za-zeljeznice-ukida-se-uprava-za-zeljeznice-2","status":"publish","type":"post","link":"https:\/\/dmcsrb.com\/en\/ekonomija\/vlada-osniva-agenciju-za-zeljeznice-ukida-se-uprava-za-zeljeznice-2\/","title":{"rendered":"Vlada osniva Agenciju za \u017eeljeznice, ukida se Uprava za \u017eeljeznice"},"content":{"rendered":"<p><\/p>\n\n\n\n<p>Novom odlukom predvi\u0111eno je osnivanje Agencije za \u017eeljeznice kao pravnog lica koje \u0107e obavljati poslove od javnog interesa u oblasti \u017eeljezni\u010dkog saobra\u0107aja. Sjedi\u0161te Agencije bi\u0107e u Podgorici, a njen rad i nadle\u017enosti bi\u0107e ure\u0111eni zakonom, ovom odlukom, kao i Statutom Agencije, objavljeno je na sajtu Vlade.<\/p>\n\n\n\n<p>\u201cOrgani Agencije bi\u0107e Savjet Agencije, koji \u010dine predsjednik i dva \u010dlana, kao i direktor Agencije. Do imenovanja direktora, Agenciju \u0107e predstavljati i zastupati predsjednik Savjeta. Predsjednik i \u010dlanovi Savjeta svoju funkciju obavlja\u0107e profesionalno\u201d, pi\u0161e u Odluci.<\/p>\n\n\n\n<p>Unutra\u0161nja organizacija, kao i druga pitanja od zna\u010daja za rad Agencije, bi\u0107e ure\u0111eni Statutom i aktom o organizaciji i sistematizaciji.<\/p>\n\n\n\n<p>\u201cDanom po\u010detka rada Agencije, nova institucija preuze\u0107e sve poslove, predmete, arhivu, dokumentaciju, prostorije, opremu, sredstva za rad, kao i druga materijalna i nematerijalna dobra koja su do tada bila u nadle\u017enosti Uprave za \u017eeljeznice\u201d, poja\u0161njeno je u Odluci.<\/p>\n\n\n\n<p>Radnje neophodne za upis Agencije u Centralni registar privrednih subjekata i po\u010detak njenog rada, u ime osniva\u010da, sprove\u0161\u0107e na\u010delnica Slu\u017ebe za op\u0161te poslove i ljudske resurse Ministarstva saobra\u0107aja <strong>Biljana Mrdovi\u0107<\/strong>.<\/p>\n\n\n\n<p>Odluka \u0107e stupiti na snagu danom objavljivanja u Slu\u017ebenom listu Crne Gore, a primjenjiva\u0107e se od 7. januara 2026. godine.<\/p>","protected":false},"excerpt":{"rendered":"<p>Vlada Crne Gore donijela je 31. decembra 2025. godine Odluku o osnivanju Agencije za \u017eeljeznice, koja\u00a0\u0107e formalno biti osnovana 7. januara ove godine, kada prestaje sa radom Uprava za \u017eeljeznice. Odluka je usvojena bez odr\u017eavanja sjednice, putem pribavljenih saglasnosti ve\u0107ine \u010dlanova Vlade, prenosi CdM.<\/p>","protected":false},"author":1,"featured_media":878833,"comment_status":"open","ping_status":"open","sticky":false,"template":"","format":"standard","meta":{"_acf_changed":false,"footnotes":""},"categories":[27],"tags":[5398,1068],"naslovna":[],"class_list":["post-904366","post","type-post","status-publish","format-standard","has-post-thumbnail","hentry","category-ekonomija","tag-agencija-za-zeljeznice","tag-zeljeznica"],"acf":[],"yoast_head":"<!-- This site is optimized with the Yoast SEO plugin v27.0 - https:\/\/yoast.com\/product\/yoast-seo-wordpress\/ -->\n<title>Vlada osniva Agenciju za \u017eeljeznice, ukida se Uprava za \u017eeljeznice - dmcsrb.com<\/title>\n<meta name=\"robots\" content=\"index, follow, max-snippet:-1, max-image-preview:large, max-video-preview:-1\" \/>\n<link rel=\"canonical\" href=\"https:\/\/dmcsrb.com\/en\/ekonomija\/vlada-osniva-agenciju-za-zeljeznice-ukida-se-uprava-za-zeljeznice-2\/\" \/>\n<meta property=\"og:locale\" content=\"en_GB\" \/>\n<meta property=\"og:type\" content=\"article\" \/>\n<meta property=\"og:title\" content=\"Vlada osniva Agenciju za \u017eeljeznice, ukida se Uprava za \u017eeljeznice - dmcsrb.com\" \/>\n<meta property=\"og:description\" content=\"Vlada Crne Gore donijela je 31. decembra 2025. godine Odluku o osnivanju Agencije za \u017eeljeznice, koja\u00a0\u0107e formalno biti osnovana 7. januara ove godine, kada prestaje sa radom Uprava za \u017eeljeznice. Odluka je usvojena bez odr\u017eavanja sjednice, putem pribavljenih saglasnosti ve\u0107ine \u010dlanova Vlade, prenosi CdM.\" \/>\n<meta property=\"og:url\" content=\"https:\/\/dmcsrb.com\/en\/ekonomija\/vlada-osniva-agenciju-za-zeljeznice-ukida-se-uprava-za-zeljeznice-2\/\" \/>\n<meta property=\"og:site_name\" content=\"dmcsrb.com\" \/>\n<meta property=\"article:published_time\" content=\"2026-01-04T07:26:00+00:00\" \/>\n<meta property=\"og:image\" content=\"https:\/\/dmcsrb.com\/wp-content\/uploads\/2025\/11\/voz.jpg\" \/>\n\t<meta property=\"og:image:width\" content=\"1838\" \/>\n\t<meta property=\"og:image:height\" content=\"881\" \/>\n\t<meta property=\"og:image:type\" content=\"image\/jpeg\" \/>\n<meta name=\"author\" content=\"dmcsrbija.com@gmail.com\" \/>\n<meta name=\"twitter:card\" content=\"summary_large_image\" \/>\n<meta name=\"twitter:label1\" content=\"Written by\" \/>\n\t<meta name=\"twitter:data1\" content=\"dmcsrbija.com@gmail.com\" \/>\n\t<meta name=\"twitter:label2\" content=\"Estimated reading time\" \/>\n\t<meta name=\"twitter:data2\" content=\"1 minute\" \/>\n<script type=\"application\/ld+json\" class=\"yoast-schema-graph\">{\"@context\":\"https:\/\/schema.org\",\"@graph\":[{\"@type\":\"Article\",\"@id\":\"https:\/\/dmcsrb.com\/ekonomija\/vlada-osniva-agenciju-za-zeljeznice-ukida-se-uprava-za-zeljeznice-2\/#article\",\"isPartOf\":{\"@id\":\"https:\/\/dmcsrb.com\/ekonomija\/vlada-osniva-agenciju-za-zeljeznice-ukida-se-uprava-za-zeljeznice-2\/\"},\"author\":{\"name\":\"dmcsrbija.com@gmail.com\",\"@id\":\"https:\/\/dmcsrb.com\/#\/schema\/person\/5c39170f12db1b8b457732d0b5c854e2\"},\"headline\":\"Vlada osniva Agenciju za \u017eeljeznice, ukida se Uprava za \u017eeljeznice\",\"datePublished\":\"2026-01-04T07:26:00+00:00\",\"mainEntityOfPage\":{\"@id\":\"https:\/\/dmcsrb.com\/ekonomija\/vlada-osniva-agenciju-za-zeljeznice-ukida-se-uprava-za-zeljeznice-2\/\"},\"wordCount\":226,\"commentCount\":0,\"image\":{\"@id\":\"https:\/\/dmcsrb.com\/ekonomija\/vlada-osniva-agenciju-za-zeljeznice-ukida-se-uprava-za-zeljeznice-2\/#primaryimage\"},\"thumbnailUrl\":\"https:\/\/dmcsrb.com\/wp-content\/uploads\/2025\/11\/voz.jpg\",\"keywords\":[\"agencija za \u017eeljeznice\",\"\u017eeljeznica\"],\"articleSection\":[\"Ekonomija\"],\"inLanguage\":\"en-GB\",\"potentialAction\":[{\"@type\":\"CommentAction\",\"name\":\"Comment\",\"target\":[\"https:\/\/dmcsrb.com\/ekonomija\/vlada-osniva-agenciju-za-zeljeznice-ukida-se-uprava-za-zeljeznice-2\/#respond\"]}]},{\"@type\":\"WebPage\",\"@id\":\"https:\/\/dmcsrb.com\/ekonomija\/vlada-osniva-agenciju-za-zeljeznice-ukida-se-uprava-za-zeljeznice-2\/\",\"url\":\"https:\/\/dmcsrb.com\/ekonomija\/vlada-osniva-agenciju-za-zeljeznice-ukida-se-uprava-za-zeljeznice-2\/\",\"name\":\"Vlada osniva Agenciju za \u017eeljeznice, ukida se Uprava za \u017eeljeznice - dmcsrb.com\",\"isPartOf\":{\"@id\":\"https:\/\/dmcsrb.com\/#website\"},\"primaryImageOfPage\":{\"@id\":\"https:\/\/dmcsrb.com\/ekonomija\/vlada-osniva-agenciju-za-zeljeznice-ukida-se-uprava-za-zeljeznice-2\/#primaryimage\"},\"image\":{\"@id\":\"https:\/\/dmcsrb.com\/ekonomija\/vlada-osniva-agenciju-za-zeljeznice-ukida-se-uprava-za-zeljeznice-2\/#primaryimage\"},\"thumbnailUrl\":\"https:\/\/dmcsrb.com\/wp-content\/uploads\/2025\/11\/voz.jpg\",\"datePublished\":\"2026-01-04T07:26:00+00:00\",\"author\":{\"@id\":\"https:\/\/dmcsrb.com\/#\/schema\/person\/5c39170f12db1b8b457732d0b5c854e2\"},\"breadcrumb\":{\"@id\":\"https:\/\/dmcsrb.com\/ekonomija\/vlada-osniva-agenciju-za-zeljeznice-ukida-se-uprava-za-zeljeznice-2\/#breadcrumb\"},\"inLanguage\":\"en-GB\",\"potentialAction\":[{\"@type\":\"ReadAction\",\"target\":[\"https:\/\/dmcsrb.com\/ekonomija\/vlada-osniva-agenciju-za-zeljeznice-ukida-se-uprava-za-zeljeznice-2\/\"]}]},{\"@type\":\"ImageObject\",\"inLanguage\":\"en-GB\",\"@id\":\"https:\/\/dmcsrb.com\/ekonomija\/vlada-osniva-agenciju-za-zeljeznice-ukida-se-uprava-za-zeljeznice-2\/#primaryimage\",\"url\":\"https:\/\/dmcsrb.com\/wp-content\/uploads\/2025\/11\/voz.jpg\",\"contentUrl\":\"https:\/\/dmcsrb.com\/wp-content\/uploads\/2025\/11\/voz.jpg\",\"width\":1838,\"height\":881,\"caption\":\"Foto: RTV Podgorica\"},{\"@type\":\"BreadcrumbList\",\"@id\":\"https:\/\/dmcsrb.com\/ekonomija\/vlada-osniva-agenciju-za-zeljeznice-ukida-se-uprava-za-zeljeznice-2\/#breadcrumb\",\"itemListElement\":[{\"@type\":\"ListItem\",\"position\":1,\"name\":\"Home\",\"item\":\"https:\/\/dmcsrb.com\/\"},{\"@type\":\"ListItem\",\"position\":2,\"name\":\"Vlada osniva Agenciju za \u017eeljeznice, ukida se Uprava za \u017eeljeznice\"}]},{\"@type\":\"WebSite\",\"@id\":\"https:\/\/dmcsrb.com\/#website\",\"url\":\"https:\/\/dmcsrb.com\/\",\"name\":\"dmcsrb.com\",\"description\":\"\",\"potentialAction\":[{\"@type\":\"SearchAction\",\"target\":{\"@type\":\"EntryPoint\",\"urlTemplate\":\"https:\/\/dmcsrb.com\/?s={search_term_string}\"},\"query-input\":{\"@type\":\"PropertyValueSpecification\",\"valueRequired\":true,\"valueName\":\"search_term_string\"}}],\"inLanguage\":\"en-GB\"},{\"@type\":\"Person\",\"@id\":\"https:\/\/dmcsrb.com\/#\/schema\/person\/5c39170f12db1b8b457732d0b5c854e2\",\"name\":\"dmcsrbija.com@gmail.com\",\"image\":{\"@type\":\"ImageObject\",\"inLanguage\":\"en-GB\",\"@id\":\"https:\/\/dmcsrb.com\/#\/schema\/person\/image\/\",\"url\":\"https:\/\/secure.gravatar.com\/avatar\/68592660ad6347fad0fb587f8d5d8f1a7b44961362f56e4f2cd524feb87e9069?s=96&d=mm&r=g\",\"contentUrl\":\"https:\/\/secure.gravatar.com\/avatar\/68592660ad6347fad0fb587f8d5d8f1a7b44961362f56e4f2cd524feb87e9069?s=96&d=mm&r=g\",\"caption\":\"dmcsrbija.com@gmail.com\"},\"sameAs\":[\"https:\/\/dmcsrb.com\"],\"url\":\"https:\/\/dmcsrb.com\/en\/author\/dmcsrbija-comgmail-com\/\"}]}<\/script>\n<!-- \/ Yoast SEO plugin. -->","yoast_head_json":{"title":"Vlada osniva Agenciju za \u017eeljeznice, ukida se Uprava za \u017eeljeznice - dmcsrb.com","robots":{"index":"index","follow":"follow","max-snippet":"max-snippet:-1","max-image-preview":"max-image-preview:large","max-video-preview":"max-video-preview:-1"},"canonical":"https:\/\/dmcsrb.com\/en\/ekonomija\/vlada-osniva-agenciju-za-zeljeznice-ukida-se-uprava-za-zeljeznice-2\/","og_locale":"en_GB","og_type":"article","og_title":"Vlada osniva Agenciju za \u017eeljeznice, ukida se Uprava za \u017eeljeznice - dmcsrb.com","og_description":"Vlada Crne Gore donijela je 31. decembra 2025. godine Odluku o osnivanju Agencije za \u017eeljeznice, koja\u00a0\u0107e formalno biti osnovana 7. januara ove godine, kada prestaje sa radom Uprava za \u017eeljeznice. Odluka je usvojena bez odr\u017eavanja sjednice, putem pribavljenih saglasnosti ve\u0107ine \u010dlanova Vlade, prenosi CdM.","og_url":"https:\/\/dmcsrb.com\/en\/ekonomija\/vlada-osniva-agenciju-za-zeljeznice-ukida-se-uprava-za-zeljeznice-2\/","og_site_name":"dmcsrb.com","article_published_time":"2026-01-04T07:26:00+00:00","og_image":[{"width":1838,"height":881,"url":"https:\/\/dmcsrb.com\/wp-content\/uploads\/2025\/11\/voz.jpg","type":"image\/jpeg"}],"author":"dmcsrbija.com@gmail.com","twitter_card":"summary_large_image","twitter_misc":{"Written by":"dmcsrbija.com@gmail.com","Estimated reading time":"1 minute"},"schema":{"@context":"https:\/\/schema.org","@graph":[{"@type":"Article","@id":"https:\/\/dmcsrb.com\/ekonomija\/vlada-osniva-agenciju-za-zeljeznice-ukida-se-uprava-za-zeljeznice-2\/#article","isPartOf":{"@id":"https:\/\/dmcsrb.com\/ekonomija\/vlada-osniva-agenciju-za-zeljeznice-ukida-se-uprava-za-zeljeznice-2\/"},"author":{"name":"dmcsrbija.com@gmail.com","@id":"https:\/\/dmcsrb.com\/#\/schema\/person\/5c39170f12db1b8b457732d0b5c854e2"},"headline":"Vlada osniva Agenciju za \u017eeljeznice, ukida se Uprava za \u017eeljeznice","datePublished":"2026-01-04T07:26:00+00:00","mainEntityOfPage":{"@id":"https:\/\/dmcsrb.com\/ekonomija\/vlada-osniva-agenciju-za-zeljeznice-ukida-se-uprava-za-zeljeznice-2\/"},"wordCount":226,"commentCount":0,"image":{"@id":"https:\/\/dmcsrb.com\/ekonomija\/vlada-osniva-agenciju-za-zeljeznice-ukida-se-uprava-za-zeljeznice-2\/#primaryimage"},"thumbnailUrl":"https:\/\/dmcsrb.com\/wp-content\/uploads\/2025\/11\/voz.jpg","keywords":["agencija za \u017eeljeznice","\u017eeljeznica"],"articleSection":["Ekonomija"],"inLanguage":"en-GB","potentialAction":[{"@type":"CommentAction","name":"Comment","target":["https:\/\/dmcsrb.com\/ekonomija\/vlada-osniva-agenciju-za-zeljeznice-ukida-se-uprava-za-zeljeznice-2\/#respond"]}]},{"@type":"WebPage","@id":"https:\/\/dmcsrb.com\/ekonomija\/vlada-osniva-agenciju-za-zeljeznice-ukida-se-uprava-za-zeljeznice-2\/","url":"https:\/\/dmcsrb.com\/ekonomija\/vlada-osniva-agenciju-za-zeljeznice-ukida-se-uprava-za-zeljeznice-2\/","name":"Vlada osniva Agenciju za \u017eeljeznice, ukida se Uprava za \u017eeljeznice - dmcsrb.com","isPartOf":{"@id":"https:\/\/dmcsrb.com\/#website"},"primaryImageOfPage":{"@id":"https:\/\/dmcsrb.com\/ekonomija\/vlada-osniva-agenciju-za-zeljeznice-ukida-se-uprava-za-zeljeznice-2\/#primaryimage"},"image":{"@id":"https:\/\/dmcsrb.com\/ekonomija\/vlada-osniva-agenciju-za-zeljeznice-ukida-se-uprava-za-zeljeznice-2\/#primaryimage"},"thumbnailUrl":"https:\/\/dmcsrb.com\/wp-content\/uploads\/2025\/11\/voz.jpg","datePublished":"2026-01-04T07:26:00+00:00","author":{"@id":"https:\/\/dmcsrb.com\/#\/schema\/person\/5c39170f12db1b8b457732d0b5c854e2"},"breadcrumb":{"@id":"https:\/\/dmcsrb.com\/ekonomija\/vlada-osniva-agenciju-za-zeljeznice-ukida-se-uprava-za-zeljeznice-2\/#breadcrumb"},"inLanguage":"en-GB","potentialAction":[{"@type":"ReadAction","target":["https:\/\/dmcsrb.com\/ekonomija\/vlada-osniva-agenciju-za-zeljeznice-ukida-se-uprava-za-zeljeznice-2\/"]}]},{"@type":"ImageObject","inLanguage":"en-GB","@id":"https:\/\/dmcsrb.com\/ekonomija\/vlada-osniva-agenciju-za-zeljeznice-ukida-se-uprava-za-zeljeznice-2\/#primaryimage","url":"https:\/\/dmcsrb.com\/wp-content\/uploads\/2025\/11\/voz.jpg","contentUrl":"https:\/\/dmcsrb.com\/wp-content\/uploads\/2025\/11\/voz.jpg","width":1838,"height":881,"caption":"Foto: RTV Podgorica"},{"@type":"BreadcrumbList","@id":"https:\/\/dmcsrb.com\/ekonomija\/vlada-osniva-agenciju-za-zeljeznice-ukida-se-uprava-za-zeljeznice-2\/#breadcrumb","itemListElement":[{"@type":"ListItem","position":1,"name":"Home","item":"https:\/\/dmcsrb.com\/"},{"@type":"ListItem","position":2,"name":"Vlada osniva Agenciju za \u017eeljeznice, ukida se Uprava za \u017eeljeznice"}]},{"@type":"WebSite","@id":"https:\/\/dmcsrb.com\/#website","url":"https:\/\/dmcsrb.com\/","name":"dmcsrb.com","description":"","potentialAction":[{"@type":"SearchAction","target":{"@type":"EntryPoint","urlTemplate":"https:\/\/dmcsrb.com\/?s={search_term_string}"},"query-input":{"@type":"PropertyValueSpecification","valueRequired":true,"valueName":"search_term_string"}}],"inLanguage":"en-GB"},{"@type":"Person","@id":"https:\/\/dmcsrb.com\/#\/schema\/person\/5c39170f12db1b8b457732d0b5c854e2","name":"dmcsrbija.com@gmail.com","image":{"@type":"ImageObject","inLanguage":"en-GB","@id":"https:\/\/dmcsrb.com\/#\/schema\/person\/image\/","url":"https:\/\/secure.gravatar.com\/avatar\/68592660ad6347fad0fb587f8d5d8f1a7b44961362f56e4f2cd524feb87e9069?s=96&d=mm&r=g","contentUrl":"https:\/\/secure.gravatar.com\/avatar\/68592660ad6347fad0fb587f8d5d8f1a7b44961362f56e4f2cd524feb87e9069?s=96&d=mm&r=g","caption":"dmcsrbija.com@gmail.com"},"sameAs":["https:\/\/dmcsrb.com"],"url":"https:\/\/dmcsrb.com\/en\/author\/dmcsrbija-comgmail-com\/"}]}},"_links":{"self":[{"href":"https:\/\/dmcsrb.com\/en\/wp-json\/wp\/v2\/posts\/904366","targetHints":{"allow":["GET"]}}],"collection":[{"href":"https:\/\/dmcsrb.com\/en\/wp-json\/wp\/v2\/posts"}],"about":[{"href":"https:\/\/dmcsrb.com\/en\/wp-json\/wp\/v2\/types\/post"}],"author":[{"embeddable":true,"href":"https:\/\/dmcsrb.com\/en\/wp-json\/wp\/v2\/users\/1"}],"replies":[{"embeddable":true,"href":"https:\/\/dmcsrb.com\/en\/wp-json\/wp\/v2\/comments?post=904366"}],"version-history":[{"count":0,"href":"https:\/\/dmcsrb.com\/en\/wp-json\/wp\/v2\/posts\/904366\/revisions"}],"wp:featuredmedia":[{"embeddable":true,"href":"https:\/\/dmcsrb.com\/en\/wp-json\/wp\/v2\/media\/878833"}],"wp:attachment":[{"href":"https:\/\/dmcsrb.com\/en\/wp-json\/wp\/v2\/media?parent=904366"}],"wp:term":[{"taxonomy":"category","embeddable":true,"href":"https:\/\/dmcsrb.com\/en\/wp-json\/wp\/v2\/categories?post=904366"},{"taxonomy":"post_tag","embeddable":true,"href":"https:\/\/dmcsrb.com\/en\/wp-json\/wp\/v2\/tags?post=904366"},{"taxonomy":"naslovna","embeddable":true,"href":"https:\/\/dmcsrb.com\/en\/wp-json\/wp\/v2\/naslovna?post=904366"}],"curies":[{"name":"wp","href":"https:\/\/api.w.org\/{rel}","templated":true}]}}