{"id":904295,"date":"2026-01-03T20:30:00","date_gmt":"2026-01-03T19:30:00","guid":{"rendered":"https:\/\/gradski.me\/?p=904295"},"modified":"2026-01-03T20:30:00","modified_gmt":"2026-01-03T19:30:00","slug":"stojanovic-wizz-air-baza-u-podgorici-nece-ugroziti-poslovanje-air-montenegra-3","status":"publish","type":"post","link":"https:\/\/dmcsrb.com\/en\/ekonomija\/stojanovic-wizz-air-baza-u-podgorici-nece-ugroziti-poslovanje-air-montenegra-3\/","title":{"rendered":"Stojanovi\u0107: Wizz Air baza u Podgorici ne\u0107e ugroziti poslovanje Air Montenegra"},"content":{"rendered":"<p><\/p>\n\n\n\n<p>Odluka Wizz Aira da otvori cjelogodi\u0161nju bazu u Podgorici, uz odr\u017eavanje do 23 linije od kojih se pojedine poput Pariza, Rima i Ljubljane pokalapaju sa letovima AIR Montenegra ne\u0107e ugroziti poslovanje nacionalne avio kompanije, ka\u017ee izvr\u0161ni direktor Vuk Stojanovi\u0107.<\/p>\n\n\n\n<p>&#8220;Izvjesno je da Wizz Air donosi ozbiljne izazove za na\u0161u kompaniju, izvjesno je da \u0107emo morati da se malo i mi tu prilagodimo dodatnoj konkurenciji, ali ne do\u017eivljavamo to kao bilo \u0161to negativno za Air Montenegro. iako \u0107e mo\u017eda biti nekih finansijski negativnih posljedica u odre\u0111enim periodima godine, u odre\u0111enim trenutcima ili na odre\u0111enim linijama&#8221;, kazao je Stojanovi\u0107.<\/p>\n\n\n\n<p>A za rad i poslovanje nacionalnog avio prevoznika,ka\u017ee Stojanovi\u0107, ne\u0107e biti promjena kakva god da bude odluka Vlade o davanju vazdu\u0161nih luka pod koncesiju.<\/p>\n\n\n\n<p>&#8220;Nisam neko ko preferira koncesiju, me\u0111utim, ukoliko koncesija zaista donosi odnos finansijskih koristi za Crnu Goru i sa druge strane neku bolju dostupnost i neko veoma brzo unapre\u0111enje infrastrukture koja se ti\u010de aerodroma nije ni to opcija od koje treba bje\u017eati. Ne mislim da \u0107e se desiti bilo kakve zna\u010dajnije promjene ili ote\u017eavaju\u0107e okolnosti po nacionalni airline ukoliko vlasnik aerodroma ili u krajnjoj liniji onaj ko upravlja aerodromima ne bude dr\u017eava&#8221;, naveo je on.<\/p>\n\n\n\n<p>U godini pred nama,nacionalni avio prevoznik planira pro\u0161irenje flote,a najavljuju i nove linije.<\/p>\n\n\n\n<p>&#8220;Posmatramo neke tri destinacije, tu \u010dak ne\u0161to i u regionu, ex Jugoslavija, neke dodatke makar tokom ljetnje turisti\u010dke sezone i ne\u0161to \u0161to se ti\u010de centralne Evrope. O\u010dekujemo jo\u0161 jednu uspje\u0161nu godinu, godinu u kojoj \u0107emo narasti za jo\u0161 jedan avion, za \u010detvrti avion koji \u0107e, vrlo izvjesno sad mo\u017eemo re\u0107i da \u0107e se desiti takva stvar, da \u0107emo imati kompletnu flotu pod na\u0161om kontrolom, ne\u0107e biti vi\u0161e aviona kojima operi\u0161u druge aviokompanije, kojima upravljaju druge posade&#8221;, istakao je Stojanovi\u0107.<\/p>\n\n\n\n<p>U planu nacionalnog prevoznika je i povratak na tr\u017ei\u0161te Izraela, \u0161to \u0107e zavisiti od globalne situacije. A, zbog odluke Vlade da uvede vize gra\u0111anima Turske i smanjenja broja putnika nacionalna avio kompanija pretrpjela gubitke od vi\u0161e stotina hiljada eura.<\/p>","protected":false},"excerpt":{"rendered":"<p>Izvr\u0161ni direktor nacionalne kompanije Vuk Stojanovi\u0107 za RTCG je govorio o planovima za godinu pred nama, a komentarisao je i kako \u0107e otvaranje baze Wizzer-a i 23 nove avio linije od kojih se pojedine poklapaju sa letovima AIR Montenegra odraziti na poslovanje nacionalnog avio prevoznika.<\/p>","protected":false},"author":1,"featured_media":740268,"comment_status":"open","ping_status":"open","sticky":false,"template":"","format":"standard","meta":{"_acf_changed":false,"footnotes":""},"categories":[27],"tags":[5393,5394,5395],"naslovna":[],"class_list":["post-904295","post","type-post","status-publish","format-standard","has-post-thumbnail","hentry","category-ekonomija","tag-air-montenegro","tag-vuk-stojanovic","tag-wizz-air"],"acf":[],"yoast_head":"<!-- This site is optimized with the Yoast SEO plugin v27.0 - https:\/\/yoast.com\/product\/yoast-seo-wordpress\/ -->\n<title>Stojanovi\u0107: Wizz Air baza u Podgorici ne\u0107e ugroziti poslovanje Air Montenegra - dmcsrb.com<\/title>\n<meta name=\"robots\" content=\"index, follow, max-snippet:-1, max-image-preview:large, max-video-preview:-1\" \/>\n<link rel=\"canonical\" href=\"https:\/\/dmcsrb.com\/en\/ekonomija\/stojanovic-wizz-air-baza-u-podgorici-nece-ugroziti-poslovanje-air-montenegra-3\/\" \/>\n<meta property=\"og:locale\" content=\"en_GB\" \/>\n<meta property=\"og:type\" content=\"article\" \/>\n<meta property=\"og:title\" content=\"Stojanovi\u0107: Wizz Air baza u Podgorici ne\u0107e ugroziti poslovanje Air Montenegra - dmcsrb.com\" \/>\n<meta property=\"og:description\" content=\"Izvr\u0161ni direktor nacionalne kompanije Vuk Stojanovi\u0107 za RTCG je govorio o planovima za godinu pred nama, a komentarisao je i kako \u0107e otvaranje baze Wizzer-a i 23 nove avio linije od kojih se pojedine poklapaju sa letovima AIR Montenegra odraziti na poslovanje nacionalnog avio prevoznika.\" \/>\n<meta property=\"og:url\" content=\"https:\/\/dmcsrb.com\/en\/ekonomija\/stojanovic-wizz-air-baza-u-podgorici-nece-ugroziti-poslovanje-air-montenegra-3\/\" \/>\n<meta property=\"og:site_name\" content=\"dmcsrb.com\" \/>\n<meta property=\"article:published_time\" content=\"2026-01-03T19:30:00+00:00\" \/>\n<meta property=\"og:image\" content=\"https:\/\/dmcsrb.com\/wp-content\/uploads\/2025\/04\/Vuk-Stojanovic-direktor-ToMontenegro-foto-gradski.jpg\" \/>\n\t<meta property=\"og:image:width\" content=\"1608\" \/>\n\t<meta property=\"og:image:height\" content=\"938\" \/>\n\t<meta property=\"og:image:type\" content=\"image\/jpeg\" \/>\n<meta name=\"author\" content=\"dmcsrbija.com@gmail.com\" \/>\n<meta name=\"twitter:card\" content=\"summary_large_image\" \/>\n<meta name=\"twitter:label1\" content=\"Written by\" \/>\n\t<meta name=\"twitter:data1\" content=\"dmcsrbija.com@gmail.com\" \/>\n\t<meta name=\"twitter:label2\" content=\"Estimated reading time\" \/>\n\t<meta name=\"twitter:data2\" content=\"2 minutes\" \/>\n<script type=\"application\/ld+json\" class=\"yoast-schema-graph\">{\"@context\":\"https:\/\/schema.org\",\"@graph\":[{\"@type\":\"Article\",\"@id\":\"https:\/\/dmcsrb.com\/ekonomija\/stojanovic-wizz-air-baza-u-podgorici-nece-ugroziti-poslovanje-air-montenegra-3\/#article\",\"isPartOf\":{\"@id\":\"https:\/\/dmcsrb.com\/ekonomija\/stojanovic-wizz-air-baza-u-podgorici-nece-ugroziti-poslovanje-air-montenegra-3\/\"},\"author\":{\"name\":\"dmcsrbija.com@gmail.com\",\"@id\":\"https:\/\/dmcsrb.com\/#\/schema\/person\/5c39170f12db1b8b457732d0b5c854e2\"},\"headline\":\"Stojanovi\u0107: Wizz Air baza u Podgorici ne\u0107e ugroziti poslovanje Air Montenegra\",\"datePublished\":\"2026-01-03T19:30:00+00:00\",\"mainEntityOfPage\":{\"@id\":\"https:\/\/dmcsrb.com\/ekonomija\/stojanovic-wizz-air-baza-u-podgorici-nece-ugroziti-poslovanje-air-montenegra-3\/\"},\"wordCount\":379,\"commentCount\":0,\"image\":{\"@id\":\"https:\/\/dmcsrb.com\/ekonomija\/stojanovic-wizz-air-baza-u-podgorici-nece-ugroziti-poslovanje-air-montenegra-3\/#primaryimage\"},\"thumbnailUrl\":\"https:\/\/dmcsrb.com\/wp-content\/uploads\/2025\/04\/Vuk-Stojanovic-direktor-ToMontenegro-foto-gradski.jpg\",\"keywords\":[\"Air Montenegro\",\"Vuk Stojanovi\u0107\",\"Wizz Air\"],\"articleSection\":[\"Ekonomija\"],\"inLanguage\":\"en-GB\",\"potentialAction\":[{\"@type\":\"CommentAction\",\"name\":\"Comment\",\"target\":[\"https:\/\/dmcsrb.com\/ekonomija\/stojanovic-wizz-air-baza-u-podgorici-nece-ugroziti-poslovanje-air-montenegra-3\/#respond\"]}]},{\"@type\":\"WebPage\",\"@id\":\"https:\/\/dmcsrb.com\/ekonomija\/stojanovic-wizz-air-baza-u-podgorici-nece-ugroziti-poslovanje-air-montenegra-3\/\",\"url\":\"https:\/\/dmcsrb.com\/ekonomija\/stojanovic-wizz-air-baza-u-podgorici-nece-ugroziti-poslovanje-air-montenegra-3\/\",\"name\":\"Stojanovi\u0107: Wizz Air baza u Podgorici ne\u0107e ugroziti poslovanje Air Montenegra - dmcsrb.com\",\"isPartOf\":{\"@id\":\"https:\/\/dmcsrb.com\/#website\"},\"primaryImageOfPage\":{\"@id\":\"https:\/\/dmcsrb.com\/ekonomija\/stojanovic-wizz-air-baza-u-podgorici-nece-ugroziti-poslovanje-air-montenegra-3\/#primaryimage\"},\"image\":{\"@id\":\"https:\/\/dmcsrb.com\/ekonomija\/stojanovic-wizz-air-baza-u-podgorici-nece-ugroziti-poslovanje-air-montenegra-3\/#primaryimage\"},\"thumbnailUrl\":\"https:\/\/dmcsrb.com\/wp-content\/uploads\/2025\/04\/Vuk-Stojanovic-direktor-ToMontenegro-foto-gradski.jpg\",\"datePublished\":\"2026-01-03T19:30:00+00:00\",\"author\":{\"@id\":\"https:\/\/dmcsrb.com\/#\/schema\/person\/5c39170f12db1b8b457732d0b5c854e2\"},\"breadcrumb\":{\"@id\":\"https:\/\/dmcsrb.com\/ekonomija\/stojanovic-wizz-air-baza-u-podgorici-nece-ugroziti-poslovanje-air-montenegra-3\/#breadcrumb\"},\"inLanguage\":\"en-GB\",\"potentialAction\":[{\"@type\":\"ReadAction\",\"target\":[\"https:\/\/dmcsrb.com\/ekonomija\/stojanovic-wizz-air-baza-u-podgorici-nece-ugroziti-poslovanje-air-montenegra-3\/\"]}]},{\"@type\":\"ImageObject\",\"inLanguage\":\"en-GB\",\"@id\":\"https:\/\/dmcsrb.com\/ekonomija\/stojanovic-wizz-air-baza-u-podgorici-nece-ugroziti-poslovanje-air-montenegra-3\/#primaryimage\",\"url\":\"https:\/\/dmcsrb.com\/wp-content\/uploads\/2025\/04\/Vuk-Stojanovic-direktor-ToMontenegro-foto-gradski.jpg\",\"contentUrl\":\"https:\/\/dmcsrb.com\/wp-content\/uploads\/2025\/04\/Vuk-Stojanovic-direktor-ToMontenegro-foto-gradski.jpg\",\"width\":1608,\"height\":938,\"caption\":\"Foto: Gradski.me\"},{\"@type\":\"BreadcrumbList\",\"@id\":\"https:\/\/dmcsrb.com\/ekonomija\/stojanovic-wizz-air-baza-u-podgorici-nece-ugroziti-poslovanje-air-montenegra-3\/#breadcrumb\",\"itemListElement\":[{\"@type\":\"ListItem\",\"position\":1,\"name\":\"Home\",\"item\":\"https:\/\/dmcsrb.com\/\"},{\"@type\":\"ListItem\",\"position\":2,\"name\":\"Stojanovi\u0107: Wizz Air baza u Podgorici ne\u0107e ugroziti poslovanje Air Montenegra\"}]},{\"@type\":\"WebSite\",\"@id\":\"https:\/\/dmcsrb.com\/#website\",\"url\":\"https:\/\/dmcsrb.com\/\",\"name\":\"dmcsrb.com\",\"description\":\"\",\"potentialAction\":[{\"@type\":\"SearchAction\",\"target\":{\"@type\":\"EntryPoint\",\"urlTemplate\":\"https:\/\/dmcsrb.com\/?s={search_term_string}\"},\"query-input\":{\"@type\":\"PropertyValueSpecification\",\"valueRequired\":true,\"valueName\":\"search_term_string\"}}],\"inLanguage\":\"en-GB\"},{\"@type\":\"Person\",\"@id\":\"https:\/\/dmcsrb.com\/#\/schema\/person\/5c39170f12db1b8b457732d0b5c854e2\",\"name\":\"dmcsrbija.com@gmail.com\",\"image\":{\"@type\":\"ImageObject\",\"inLanguage\":\"en-GB\",\"@id\":\"https:\/\/dmcsrb.com\/#\/schema\/person\/image\/\",\"url\":\"https:\/\/secure.gravatar.com\/avatar\/68592660ad6347fad0fb587f8d5d8f1a7b44961362f56e4f2cd524feb87e9069?s=96&d=mm&r=g\",\"contentUrl\":\"https:\/\/secure.gravatar.com\/avatar\/68592660ad6347fad0fb587f8d5d8f1a7b44961362f56e4f2cd524feb87e9069?s=96&d=mm&r=g\",\"caption\":\"dmcsrbija.com@gmail.com\"},\"sameAs\":[\"https:\/\/dmcsrb.com\"],\"url\":\"https:\/\/dmcsrb.com\/en\/author\/dmcsrbija-comgmail-com\/\"}]}<\/script>\n<!-- \/ Yoast SEO plugin. -->","yoast_head_json":{"title":"Stojanovi\u0107: Wizz Air baza u Podgorici ne\u0107e ugroziti poslovanje Air Montenegra - dmcsrb.com","robots":{"index":"index","follow":"follow","max-snippet":"max-snippet:-1","max-image-preview":"max-image-preview:large","max-video-preview":"max-video-preview:-1"},"canonical":"https:\/\/dmcsrb.com\/en\/ekonomija\/stojanovic-wizz-air-baza-u-podgorici-nece-ugroziti-poslovanje-air-montenegra-3\/","og_locale":"en_GB","og_type":"article","og_title":"Stojanovi\u0107: Wizz Air baza u Podgorici ne\u0107e ugroziti poslovanje Air Montenegra - dmcsrb.com","og_description":"Izvr\u0161ni direktor nacionalne kompanije Vuk Stojanovi\u0107 za RTCG je govorio o planovima za godinu pred nama, a komentarisao je i kako \u0107e otvaranje baze Wizzer-a i 23 nove avio linije od kojih se pojedine poklapaju sa letovima AIR Montenegra odraziti na poslovanje nacionalnog avio prevoznika.","og_url":"https:\/\/dmcsrb.com\/en\/ekonomija\/stojanovic-wizz-air-baza-u-podgorici-nece-ugroziti-poslovanje-air-montenegra-3\/","og_site_name":"dmcsrb.com","article_published_time":"2026-01-03T19:30:00+00:00","og_image":[{"width":1608,"height":938,"url":"https:\/\/dmcsrb.com\/wp-content\/uploads\/2025\/04\/Vuk-Stojanovic-direktor-ToMontenegro-foto-gradski.jpg","type":"image\/jpeg"}],"author":"dmcsrbija.com@gmail.com","twitter_card":"summary_large_image","twitter_misc":{"Written by":"dmcsrbija.com@gmail.com","Estimated reading time":"2 minutes"},"schema":{"@context":"https:\/\/schema.org","@graph":[{"@type":"Article","@id":"https:\/\/dmcsrb.com\/ekonomija\/stojanovic-wizz-air-baza-u-podgorici-nece-ugroziti-poslovanje-air-montenegra-3\/#article","isPartOf":{"@id":"https:\/\/dmcsrb.com\/ekonomija\/stojanovic-wizz-air-baza-u-podgorici-nece-ugroziti-poslovanje-air-montenegra-3\/"},"author":{"name":"dmcsrbija.com@gmail.com","@id":"https:\/\/dmcsrb.com\/#\/schema\/person\/5c39170f12db1b8b457732d0b5c854e2"},"headline":"Stojanovi\u0107: Wizz Air baza u Podgorici ne\u0107e ugroziti poslovanje Air Montenegra","datePublished":"2026-01-03T19:30:00+00:00","mainEntityOfPage":{"@id":"https:\/\/dmcsrb.com\/ekonomija\/stojanovic-wizz-air-baza-u-podgorici-nece-ugroziti-poslovanje-air-montenegra-3\/"},"wordCount":379,"commentCount":0,"image":{"@id":"https:\/\/dmcsrb.com\/ekonomija\/stojanovic-wizz-air-baza-u-podgorici-nece-ugroziti-poslovanje-air-montenegra-3\/#primaryimage"},"thumbnailUrl":"https:\/\/dmcsrb.com\/wp-content\/uploads\/2025\/04\/Vuk-Stojanovic-direktor-ToMontenegro-foto-gradski.jpg","keywords":["Air Montenegro","Vuk Stojanovi\u0107","Wizz Air"],"articleSection":["Ekonomija"],"inLanguage":"en-GB","potentialAction":[{"@type":"CommentAction","name":"Comment","target":["https:\/\/dmcsrb.com\/ekonomija\/stojanovic-wizz-air-baza-u-podgorici-nece-ugroziti-poslovanje-air-montenegra-3\/#respond"]}]},{"@type":"WebPage","@id":"https:\/\/dmcsrb.com\/ekonomija\/stojanovic-wizz-air-baza-u-podgorici-nece-ugroziti-poslovanje-air-montenegra-3\/","url":"https:\/\/dmcsrb.com\/ekonomija\/stojanovic-wizz-air-baza-u-podgorici-nece-ugroziti-poslovanje-air-montenegra-3\/","name":"Stojanovi\u0107: Wizz Air baza u Podgorici ne\u0107e ugroziti poslovanje Air Montenegra - dmcsrb.com","isPartOf":{"@id":"https:\/\/dmcsrb.com\/#website"},"primaryImageOfPage":{"@id":"https:\/\/dmcsrb.com\/ekonomija\/stojanovic-wizz-air-baza-u-podgorici-nece-ugroziti-poslovanje-air-montenegra-3\/#primaryimage"},"image":{"@id":"https:\/\/dmcsrb.com\/ekonomija\/stojanovic-wizz-air-baza-u-podgorici-nece-ugroziti-poslovanje-air-montenegra-3\/#primaryimage"},"thumbnailUrl":"https:\/\/dmcsrb.com\/wp-content\/uploads\/2025\/04\/Vuk-Stojanovic-direktor-ToMontenegro-foto-gradski.jpg","datePublished":"2026-01-03T19:30:00+00:00","author":{"@id":"https:\/\/dmcsrb.com\/#\/schema\/person\/5c39170f12db1b8b457732d0b5c854e2"},"breadcrumb":{"@id":"https:\/\/dmcsrb.com\/ekonomija\/stojanovic-wizz-air-baza-u-podgorici-nece-ugroziti-poslovanje-air-montenegra-3\/#breadcrumb"},"inLanguage":"en-GB","potentialAction":[{"@type":"ReadAction","target":["https:\/\/dmcsrb.com\/ekonomija\/stojanovic-wizz-air-baza-u-podgorici-nece-ugroziti-poslovanje-air-montenegra-3\/"]}]},{"@type":"ImageObject","inLanguage":"en-GB","@id":"https:\/\/dmcsrb.com\/ekonomija\/stojanovic-wizz-air-baza-u-podgorici-nece-ugroziti-poslovanje-air-montenegra-3\/#primaryimage","url":"https:\/\/dmcsrb.com\/wp-content\/uploads\/2025\/04\/Vuk-Stojanovic-direktor-ToMontenegro-foto-gradski.jpg","contentUrl":"https:\/\/dmcsrb.com\/wp-content\/uploads\/2025\/04\/Vuk-Stojanovic-direktor-ToMontenegro-foto-gradski.jpg","width":1608,"height":938,"caption":"Foto: Gradski.me"},{"@type":"BreadcrumbList","@id":"https:\/\/dmcsrb.com\/ekonomija\/stojanovic-wizz-air-baza-u-podgorici-nece-ugroziti-poslovanje-air-montenegra-3\/#breadcrumb","itemListElement":[{"@type":"ListItem","position":1,"name":"Home","item":"https:\/\/dmcsrb.com\/"},{"@type":"ListItem","position":2,"name":"Stojanovi\u0107: Wizz Air baza u Podgorici ne\u0107e ugroziti poslovanje Air Montenegra"}]},{"@type":"WebSite","@id":"https:\/\/dmcsrb.com\/#website","url":"https:\/\/dmcsrb.com\/","name":"dmcsrb.com","description":"","potentialAction":[{"@type":"SearchAction","target":{"@type":"EntryPoint","urlTemplate":"https:\/\/dmcsrb.com\/?s={search_term_string}"},"query-input":{"@type":"PropertyValueSpecification","valueRequired":true,"valueName":"search_term_string"}}],"inLanguage":"en-GB"},{"@type":"Person","@id":"https:\/\/dmcsrb.com\/#\/schema\/person\/5c39170f12db1b8b457732d0b5c854e2","name":"dmcsrbija.com@gmail.com","image":{"@type":"ImageObject","inLanguage":"en-GB","@id":"https:\/\/dmcsrb.com\/#\/schema\/person\/image\/","url":"https:\/\/secure.gravatar.com\/avatar\/68592660ad6347fad0fb587f8d5d8f1a7b44961362f56e4f2cd524feb87e9069?s=96&d=mm&r=g","contentUrl":"https:\/\/secure.gravatar.com\/avatar\/68592660ad6347fad0fb587f8d5d8f1a7b44961362f56e4f2cd524feb87e9069?s=96&d=mm&r=g","caption":"dmcsrbija.com@gmail.com"},"sameAs":["https:\/\/dmcsrb.com"],"url":"https:\/\/dmcsrb.com\/en\/author\/dmcsrbija-comgmail-com\/"}]}},"_links":{"self":[{"href":"https:\/\/dmcsrb.com\/en\/wp-json\/wp\/v2\/posts\/904295","targetHints":{"allow":["GET"]}}],"collection":[{"href":"https:\/\/dmcsrb.com\/en\/wp-json\/wp\/v2\/posts"}],"about":[{"href":"https:\/\/dmcsrb.com\/en\/wp-json\/wp\/v2\/types\/post"}],"author":[{"embeddable":true,"href":"https:\/\/dmcsrb.com\/en\/wp-json\/wp\/v2\/users\/1"}],"replies":[{"embeddable":true,"href":"https:\/\/dmcsrb.com\/en\/wp-json\/wp\/v2\/comments?post=904295"}],"version-history":[{"count":0,"href":"https:\/\/dmcsrb.com\/en\/wp-json\/wp\/v2\/posts\/904295\/revisions"}],"wp:featuredmedia":[{"embeddable":true,"href":"https:\/\/dmcsrb.com\/en\/wp-json\/wp\/v2\/media\/740268"}],"wp:attachment":[{"href":"https:\/\/dmcsrb.com\/en\/wp-json\/wp\/v2\/media?parent=904295"}],"wp:term":[{"taxonomy":"category","embeddable":true,"href":"https:\/\/dmcsrb.com\/en\/wp-json\/wp\/v2\/categories?post=904295"},{"taxonomy":"post_tag","embeddable":true,"href":"https:\/\/dmcsrb.com\/en\/wp-json\/wp\/v2\/tags?post=904295"},{"taxonomy":"naslovna","embeddable":true,"href":"https:\/\/dmcsrb.com\/en\/wp-json\/wp\/v2\/naslovna?post=904295"}],"curies":[{"name":"wp","href":"https:\/\/api.w.org\/{rel}","templated":true}]}}