{"id":904271,"date":"2026-01-03T19:45:00","date_gmt":"2026-01-03T18:45:00","guid":{"rendered":"https:\/\/gradski.me\/?p=904271"},"modified":"2026-01-03T19:45:00","modified_gmt":"2026-01-03T18:45:00","slug":"sirom-venecuele-rasporedjena-vojska-ministar-odbrane-napali-su-nas-ali-nas-nece-slomiti-2","status":"publish","type":"post","link":"https:\/\/dmcsrb.com\/en\/svijet\/sirom-venecuele-rasporedjena-vojska-ministar-odbrane-napali-su-nas-ali-nas-nece-slomiti-2\/","title":{"rendered":"\u0160irom Venecuele raspore\u0111ena vojska; Ministar odbrane: Napali su nas, ali nas ne\u0107e slomiti"},"content":{"rendered":"<p><\/p>\n\n\n\n<p><strong>Marko Rubio<\/strong>&nbsp;je nakon hap\u0161enja Madura na dru\u0161tvenoj mre\u017ei X podijelio staru objavu u kojoj je o\u0161tro osu\u0111ivao venecuelanskog predsjednika i njegovu vlast.<\/p>\n\n\n\n<p>\u201eMaduro nije predsjednik Venecuele i njegov re\u017eim nije legitimna vlada\u201c, naveo je Rubio u toj objavi. Dodao je da je Maduro \u201ena \u010delu Kartela Los Soles, narkoteroristi\u010dke organizacije koja je preuzela kontrolu nad dr\u017eavom\u201c i da je optu\u017een za ubacivanje droge u Sjedinjene Dr\u017eave.<\/p>\n\n\n\n<p>Ta objava, koju je Rubio podijelio u vidu snimka ekrana, bila je me\u0111u njegovim prvim javnim istupima nakon \u0161to je Tramp objavio vijest o Madurovom hap\u0161enju.<\/p>\n\n\n\n<p>Ameri\u010dki zvani\u010dnici za sada nijesu iznijeli detalje o tome kada \u0107e Maduro biti izveden pred sud, ali potvr\u0111uju da \u0107e se protiv njega u SAD-u voditi krivi\u010dni postupak, s posebnim naglaskom na optu\u017ebe povezane s me\u0111unarodnim krijum\u010darenjem droge.<\/p>\n\n\n\n<figure class=\"wp-block-embed is-type-wp-embed is-provider-gradski-portal wp-block-embed-gradski-portal\"><div class=\"wp-block-embed__wrapper\">\n<blockquote class=\"wp-embedded-content\" data-secret=\"J7EcwqBq05\"><a href=\"https:\/\/gradski.me\/tramp-akciju-smo-planirali-cetiri-dana-ranije-rekao-sam-maduru-da-se-preda\/\">Tramp: SAD \u0107e do tranzicije upravljati Venecuelom, akciju hap\u0161enja Madura smo planirali \u010detiri dana ranije<\/a><\/blockquote><iframe loading=\"lazy\" class=\"wp-embedded-content\" sandbox=\"allow-scripts\" security=\"restricted\" style=\"position: absolute; visibility: hidden;\" title=\"&#132;Tramp: SAD \u0107e do tranzicije upravljati Venecuelom, akciju hap\u0161enja Madura smo planirali \u010detiri dana ranije&#147; &#8212; Gradski portal\" src=\"https:\/\/gradski.me\/tramp-akciju-smo-planirali-cetiri-dana-ranije-rekao-sam-maduru-da-se-preda\/embed\/#?secret=Ll5nBrEfo2#?secret=J7EcwqBq05\" data-secret=\"J7EcwqBq05\" width=\"500\" height=\"282\" frameborder=\"0\" marginwidth=\"0\" marginheight=\"0\" scrolling=\"no\"><\/iframe>\n<\/div><\/figure>\n\n\n\n<p><strong>Kina \u0161okirana ameri\u010dkim napadima, osu\u0111uje hap\u0161enje Madura<\/strong><\/p>\n\n\n\n<p>Kinesko Ministarstvo vanjskih poslova o\u0161tro je reagovalo na de\u0161avanja u Venecueli, osudiv\u0161i ameri\u010dke vojne napade i hap\u0161enje predsjednika Nikolasa Madura.<\/p>\n\n\n\n<p>Iz Pekinga je poru\u010deno da vojna operacija predstavlja grubo kr\u0161enje me\u0111unarodnog prava. U saop\u0161tenju se navodi da je Kina \u201eduboko \u0161okirana i sna\u017eno osu\u0111uje upotrebu sile Sjedinjenih Ameri\u010dkih Dr\u017eava protiv suverene dr\u017eave, kao i primjenu sile protiv njenog predsjednika\u201c.<\/p>\n\n\n\n<p>\u201eKina se odlu\u010dno protivi ovakvom hegemonisti\u010dkom pona\u0161anju SAD-a, koje ozbiljno kr\u0161i me\u0111unarodno pravo, podriva suverenitet Venecuele i ugro\u017eava mir i bezbjednost u Latinskoj Americi i na Karibima\u201c, navodi se u saop\u0161tenju.<\/p>\n\n\n\n<p>Na kraju je upu\u0107en i direktan poziv Va\u0161ingtonu da po\u0161tuje me\u0111unarodno pravo. \u201ePozivamo Sjedinjene Ameri\u010dke Dr\u017eave da se pridr\u017eavaju svrhe i principa Povelje Ujedinjenih nacija i da prestanu da kr\u0161e suverenitet i bezbjednost drugih dr\u017eava\u201c, poru\u010dilo je kinesko ministarstvo.<\/p>\n\n\n\n<p>Ameri\u010dki predsjednik Donald Tramp potvrdio je da su SAD izvele napade na Venecuelu i da je predsjednik te zemlje Nikolas Maduro uhap\u0161en. Tramp je naveo da je operacija uslijedila nakon vi\u0161emjese\u010dnih optu\u017ebi protiv Madura, uklju\u010duju\u0107i navode o umije\u0161anosti u trgovinu drogom i osporavanje legitimiteta njegove vlasti.<\/p>\n\n\n\n<p>Va\u0161ington nije direktno vojno intervenisao u Latinskoj Americi jo\u0161 od invazije na Panamu 1989. godine, kada je sa vlasti svrgnut tada\u0161nji vojni lider Manuel Norijega, tako\u0111e pod optu\u017ebama za trgovinu drogom.<\/p>\n\n\n\n<p>\u201eSjedinjene Ameri\u010dke Dr\u017eave uspje\u0161no su izvele velike napade protiv Venecuele i njenog lidera, predsjednika Nikolasa Madura, koji je zajedno sa suprugom zarobljen i avionom preba\u010den iz zemlje\u201c, naveo je Tramp u objavi na dru\u0161tvenoj mre\u017ei Truth Social.<\/p>\n\n\n\n<p>Uo\u010di napada, SAD su optu\u017eile Madura da predvodi \u201enarko-dr\u017eavu\u201c, kao i za izbornu prevaru na predsjedni\u010dkim izborima odr\u017eanim pro\u0161le godine, za koje opozicija tvrdi da je na njima odnijela ubjedljivu pobjedu. Maduro je ranije tvrdio da Va\u0161ington \u017eeli kontrolu nad venecuelanskim naftnim rezervama, najve\u0107im na svijetu.<\/p>\n\n\n\n<p>Venecuelanska vlada saop\u0161tila je da je u napadima bilo poginulih civila i pripadnika vojske, ali zasad nije iznijela ta\u010dne podatke o broju \u017ertava.<\/p>\n\n\n\n<p><strong>Venecuela tra\u017ei hitan sastanak Savjeta bezbjednosti Ujedinjenih nacija<\/strong><\/p>\n\n\n\n<p>Venecuela je zatra\u017eila hitan sastanak Savjeta bezbjednosti Ujedinjenih nacija kao odgovor na ameri\u010dki napad na zemlju, izjavio je ministar spoljnih poslova Ivan Gil Pinto.<\/p>\n\n\n\n<p>&#8220;Nijedan kukavi\u010dki napad ne\u0107e nadvladati snagu ovog naroda, koji \u0107e iza\u0107i kao pobjednik,\u201c rekao je na Telegramu, dijele\u0107i pismo poslato UN-u.<\/p>\n\n\n\n<figure class=\"wp-block-embed is-type-wp-embed is-provider-gradski-portal wp-block-embed-gradski-portal\"><div class=\"wp-block-embed__wrapper\">\n<blockquote class=\"wp-embedded-content\" data-secret=\"EFhjWzOAg7\"><a href=\"https:\/\/gradski.me\/venecuela-trazi-hitan-sastanak-savjeta-bezbjednosti-un\/\">Venecuela tra\u017ei hitan sastanak Savjeta bezbjednosti UN<\/a><\/blockquote><iframe loading=\"lazy\" class=\"wp-embedded-content\" sandbox=\"allow-scripts\" security=\"restricted\" style=\"position: absolute; visibility: hidden;\" title=\"&#132;Venecuela tra\u017ei hitan sastanak Savjeta bezbjednosti UN&#147; &#8212; Gradski portal\" src=\"https:\/\/gradski.me\/venecuela-trazi-hitan-sastanak-savjeta-bezbjednosti-un\/embed\/#?secret=OJcl1dqcSl#?secret=EFhjWzOAg7\" data-secret=\"EFhjWzOAg7\" width=\"500\" height=\"282\" frameborder=\"0\" marginwidth=\"0\" marginheight=\"0\" scrolling=\"no\"><\/iframe>\n<\/div><\/figure>\n\n\n\n<p><strong>Tramp: Bila je to briljantna operacija<\/strong><\/p>\n\n\n\n<p>U prvoj reakciji na ameri\u010dke operacije u Venecueli Donald Tramp je &#8220;New York Times&#8221; rekao da je to bila &#8220;briljantna operacija.\u201c<\/p>\n\n\n\n<p>U telefonskom intervjuu za list dodao je: \u201eMnogo dobrog planiranja i mnogo sjajnih, zaista sjajnih vojnika i sjajnih ljudi.\u201c<\/p>\n\n\n\n<p>Na pitanje da li je za operacije tra\u017eio odobrenje Kongresa, kao i \u0161ta slijedi za Venecuelu, Tramp je rekao da \u0107e na ta pitanja odgovoriti tokom konferencije za novinare u Mar-a-Lagu koje je zakazana u 11 \u010dasova po isto\u010dnoameri\u010dkom vremenu, odnosno u 16 \u010dasova po vremenu u Velikoj Britaniji.<\/p>\n\n\n\n<p><strong>Starmer: Velika Britanija nije uklju\u010dena u napad<\/strong><\/p>\n\n\n\n<p>Britanski premijer Kir Starmer rekao je danas, u reakciji na vojnu akciju ameri\u010dkog predsjednika Donalda Trampa u Venecueli, da Velika Britanija nije ni na koji na\u010din uklju\u010dena u tu operaciju.<\/p>\n\n\n\n<p>\u201e\u017delim prvo to da ustanovim. \u017delim da razgovaram s predsjednikom Trampom, \u017eelim da razgovaram sa saveznicima. Mogu vrlo jasno da ka\u017eem da mi nismo uklju\u010deni\u2026 i ja uvijek ka\u017eem i vjerujem da treba da podr\u017eavamo me\u0111unarodno pravo\u201c, izjavio je Starmer, prenosi britanski Gardijan.<\/p>\n\n\n\n<p><strong>Potpredsjednica Rodrigez: Zahtijevamo hitan dokaz da je Maduro \u017eiv<\/strong><\/p>\n\n\n\n<p>Potpredsjednica Venecuele ka\u017ee da vlada ne zna gdje se nalaze&nbsp;Nikolas Maduro ili Silija Flores.<\/p>\n\n\n\n<p>Potpredsjednica Delsi Rodrigez dodaje u audio-snimku emitovanom na dr\u017eavnoj televiziji da \u201ezahtijavaju hitan dokaz da je \u017eiv\u201c.<\/p>\n\n\n\n<p><strong>Ameri\u010dka uprava za avijaciju zabranila komercijalne letove iznad Venecuele<\/strong><\/p>\n\n\n\n<p>Federalna uprava za avijaciju SAD (FAA) zabranila je komercijalne letove iznad Venecuele zbog &#8220;aktivnih vojnih dejstava&#8221;, navodi Si-Bi-Es.<\/p>\n\n\n\n<p>FAA je izdala naredbu kojom se ameri\u010dkim komercijalnim avio-prevoznicima zabranjuje letjenje na svim visinama iznad teritorije Venecuele, navode\u0107i kao razlog &#8220;rizike po bezbjednost letjenja povezane s teku\u0107om vojnom aktivno\u0161\u0107u&#8221;.<\/p>\n\n\n\n<p>Obavje\u0161tenje je izdato u dva sata ujutru po lokalnom vremenu u Karakasu (jedan sat po isto\u010dnom vremenu u SAD) u subotu, a na snazi je do jedan sat poslije pono\u0107i u nedjelju po vremenu u Karakasu.<\/p>\n\n\n\n<p>Naredba se ne odnosi na strane ili vojne avione.<\/p>\n\n\n\n<p><strong>Vlada Venecuele osudila napade&nbsp;<\/strong><\/p>\n\n\n\n<p>&#8220;Venecuela odbacuje, osu\u0111uje i pred me\u0111unarodnom zajednicom iznosi najo\u0161triji protest zbog izuzetno te\u0161ke vojne agresije koju je izvr\u0161ila vlada Sjedinjenih Ameri\u010dkih Dr\u017eava na teritoriji Venecuele&#8221;, saop\u0161tila je vlada Venecuele, prenosi Bi-Bi-Si.<\/p>\n\n\n\n<p><strong>Iran osu\u0111uje SAD i optu\u017euje ih za napade na Venecuelu<\/strong><\/p>\n\n\n\n<p>Iran je osudio Sjedinjene Ameri\u010dke Dr\u017eave, optu\u017euju\u0107i ih da su jutros izvele napade u Venecueli. Iransko ministarstvo spoljnih poslova navelo je da je napad \u201egrubo kr\u0161enje nacionalnog suvereniteta i teritorijalnog integriteta\u201c.<\/p>\n\n\n\n<p>Tako\u0111e je pozvalo Savjet bezbjednosti Ujedinjenih nacija da \u201eodmah reaguje kako bi zaustavio nezakonitu agresiju\u201c i da se odgovorni pozovu na odgovornost.<\/p>\n\n\n\n<p>Bijela ku\u0107a se za sada nije oglasila povodom ovih izvje\u0161taja.<\/p>\n\n\n\n<p>Predsjednik SAD Donald Tramp naredio je napade na objekte u Venecueli u subotu ujutru, uklju\u010duju\u0107i i vojne, potvrdili su ameri\u010dki zvani\u010dnici SAD za Si-Bi-Es njuz.<\/p>\n\n\n\n<p>Tramp je dao zeleno svjetlo ameri\u010dkoj vojsci za izvo\u0111enje kopnenih udara u Venecueli nekoliko dana prije nego \u0161to je operacija zaista zapo\u010deta, rekla su za Si-Bi-Es njuz dva zvani\u010dnika SAD, koja su \u017eeljela da ostanu anonimna.<\/p>\n\n\n\n<p>Vojni zvani\u010dnici su, prema njihovim rije\u010dima, razmatrali mogu\u0107nost izvo\u0111enja misije na Bo\u017ei\u0107, ali su prioritet dobili ameri\u010dki vazdu\u0161ni udari u Nigeriji na mete povezane sa Islamskom dr\u017eavom.<\/p>\n\n\n\n<p>Dani nakon Bo\u017ei\u0107a otvorili su nove mogu\u0107nosti za napade ameri\u010dkoj vojsci, ali je operacija odlo\u017eena zbog vremenskih uslova. Zvani\u010dnici su naveli da je ameri\u010dka vojska \u017eeljela meteorolo\u0161ke uslove koji bi pove\u0107ali \u0161anse za uspje\u0161nu misiju.<\/p>\n\n\n\n<p>Kako navodi Rojters, pozivaju\u0107i se na o\u010device, nad gradom se vije dim, a oblast u okolini vojne baze u ju\u017enom dijelu Karakasa ostala je bez struje.<\/p>\n\n\n\n<p>Pentagon se nije odmah oglasio povodom zahtjeva za komentar.<\/p>\n\n\n\n<p>Prema prvim fotografijama s ulica Karakasa, mo\u017ee se vidjeti kako su brojni pripadnici vojske iza\u0161li na ulice i da obezbje\u0111uju i predsjedni\u010dku palatu u glavnom gradu Venecuele.<\/p>\n\n\n\n<p>Tako\u0111e, stanovnici u blizini predsjedni\u010dke palate u Mirafloresu evakuisani su sa ovog podru\u010dja.<\/p>\n\n\n\n<p>Prva eksplozija zabilje\u017eena je oko 01.50 po lokalnom vremenu.<\/p>\n\n\n\n<p>&#8220;Jedna je bila toliko jaka da mi se prozor tresao poslije nje&#8221;, izjavila je dopisnica Si-En-Ena na \u0161panskom Osmari Ernandes.<\/p>\n\n\n\n<p>Vi\u0161e djelova grada bilo je bez struje, a novinari CNN u venecuelanskoj prijestonici \u010duli su zvuk aviona nakon eksplozija.<\/p>\n\n\n\n<p>&#8220;Zvuk me probudio, a kada sam pogledao kroz prozor, vidio sam oblake dima kako se kre\u0107u prema La Karloti&#8221;, rekao je stanovnik Las Mercedesa.<\/p>\n\n\n\n<p>U La Karloti se nalaze vazdu\u0161na baza Generalisimo de Miranda i vojni aerodrom.<\/p>\n\n\n\n<p><strong>Eksplozije u blizini Ministarstva odbrane i Komande vojske<\/strong><\/p>\n\n\n\n<p>Iz El Valea, na jugozapadu glavnog grada, prijavljene su eksplozije u Fort Tiuni, gdje se nalaze sjedi\u0161te Ministarstva odbrane i Komanda vojske. U me\u0111uvremenu, stanovnici Kumbres de kuruma, u blizini drugog ulaza u Fort Tiunu, tako\u0111e su prijavili da su \u010duli eksplozije.<\/p>\n\n\n\n<p>Jedan snimak koji je CNN pribavio i verifikovao prikazuje dva stuba dima kako se uzdi\u017eu u no\u0107no nebo iznad gradskih svjetala. Na dnu jednog od stubova vidi se narand\u017easti sjaj. Zatim se na drugoj lokaciji nakratko pojavljuje bljesak, pra\u0107en tupim, sna\u017enim zvukom.<\/p>\n\n\n\n<p>Venecuelanski mediji &#8220;Efecto Cocuyo&#8221; i &#8220;Tal Cual Digital&#8221; izvijestili su da su se eksplozije \u010dule i u saveznoj dr\u017eavi La Gvaira sjeverno od Karakasa i du\u017e obale zemlje, kao i u Higueroteu, gradu na obali u saveznoj dr\u017eavi Miranda.<\/p>\n\n\n\n<p>Predsjednik SAD Donald Tramp vi\u0161e puta je najavljivao kopnene operacije u Venecueli, u okviru napora da izvr\u0161i pritisak na predsjednika Nikolasa Madura da napusti vlast.<\/p>\n\n\n\n<p>Ti napori uklju\u010duju pro\u0161irene sankcije, poja\u010dano ameri\u010dko vojno prisustvo u regionu i vi\u0161e od dvadeset udara na brodove za koje se navodi da su umije\u0161ani u trgovinu drogom u Tihom okeanu i Karipskom moru.<\/p>\n\n\n\n<p>U oktobru je Tramp rekao da je ovlastio CIA da djeluje unutar Venecuele kako bi suzbila ilegalne tokove migranata i droge iz ove ju\u017enoameri\u010dke zemlje.<\/p>","protected":false},"excerpt":{"rendered":"<p>Predsjednik SAD Donald Tramp se oglasio nakon jutro\u0161njih napada na Venecuelu i potvrdio da je predsjednik te zemlje Nikolas Maduro uhva\u0107em i avionom udaljen iz dr\u017eave. U glavnom gradu Venecuele Karakasu oko jedan sat iza pono\u0107i odjeknule su eksplozije, poslije kojih su grad nadlijeteli avioni u niskom letu, prenio je Aso\u0161iejted pres. Predsjednik Venecuele Nikolas Maduro jutros je proglasio vanredno stanje.<\/p>","protected":false},"author":1,"featured_media":904272,"comment_status":"open","ping_status":"open","sticky":false,"template":"","format":"standard","meta":{"_acf_changed":false,"footnotes":""},"categories":[144],"tags":[2248,195,673],"naslovna":[],"class_list":["post-904271","post","type-post","status-publish","format-standard","has-post-thumbnail","hentry","category-svijet","tag-nikolas-maduro","tag-sad","tag-venecuela"],"acf":[],"yoast_head":"<!-- This site is optimized with the Yoast SEO plugin v27.0 - https:\/\/yoast.com\/product\/yoast-seo-wordpress\/ -->\n<title>\u0160irom Venecuele raspore\u0111ena vojska; Ministar odbrane: Napali su nas, ali nas ne\u0107e slomiti - dmcsrb.com<\/title>\n<meta name=\"robots\" content=\"index, follow, max-snippet:-1, max-image-preview:large, max-video-preview:-1\" \/>\n<link rel=\"canonical\" href=\"https:\/\/dmcsrb.com\/en\/svijet\/sirom-venecuele-rasporedjena-vojska-ministar-odbrane-napali-su-nas-ali-nas-nece-slomiti-2\/\" \/>\n<meta property=\"og:locale\" content=\"en_GB\" \/>\n<meta property=\"og:type\" content=\"article\" \/>\n<meta property=\"og:title\" content=\"\u0160irom Venecuele raspore\u0111ena vojska; Ministar odbrane: Napali su nas, ali nas ne\u0107e slomiti - dmcsrb.com\" \/>\n<meta property=\"og:description\" content=\"Predsjednik SAD Donald Tramp se oglasio nakon jutro\u0161njih napada na Venecuelu i potvrdio da je predsjednik te zemlje Nikolas Maduro uhva\u0107em i avionom udaljen iz dr\u017eave. U glavnom gradu Venecuele Karakasu oko jedan sat iza pono\u0107i odjeknule su eksplozije, poslije kojih su grad nadlijeteli avioni u niskom letu, prenio je Aso\u0161iejted pres. Predsjednik Venecuele Nikolas Maduro jutros je proglasio vanredno stanje.\" \/>\n<meta property=\"og:url\" content=\"https:\/\/dmcsrb.com\/en\/svijet\/sirom-venecuele-rasporedjena-vojska-ministar-odbrane-napali-su-nas-ali-nas-nece-slomiti-2\/\" \/>\n<meta property=\"og:site_name\" content=\"dmcsrb.com\" \/>\n<meta property=\"article:published_time\" content=\"2026-01-03T18:45:00+00:00\" \/>\n<meta property=\"og:image\" content=\"https:\/\/dmcsrb.com\/wp-content\/uploads\/2026\/01\/Venecuela-nakon-hapsenja-Madura-ulice-foto-AP-1.jpg\" \/>\n\t<meta property=\"og:image:width\" content=\"977\" \/>\n\t<meta property=\"og:image:height\" content=\"628\" \/>\n\t<meta property=\"og:image:type\" content=\"image\/jpeg\" \/>\n<meta name=\"author\" content=\"dmcsrbija.com@gmail.com\" \/>\n<meta name=\"twitter:card\" content=\"summary_large_image\" \/>\n<meta name=\"twitter:label1\" content=\"Written by\" \/>\n\t<meta name=\"twitter:data1\" content=\"dmcsrbija.com@gmail.com\" \/>\n\t<meta name=\"twitter:label2\" content=\"Estimated reading time\" \/>\n\t<meta name=\"twitter:data2\" content=\"8 minutes\" \/>\n<script type=\"application\/ld+json\" class=\"yoast-schema-graph\">{\"@context\":\"https:\/\/schema.org\",\"@graph\":[{\"@type\":\"Article\",\"@id\":\"https:\/\/dmcsrb.com\/svijet\/sirom-venecuele-rasporedjena-vojska-ministar-odbrane-napali-su-nas-ali-nas-nece-slomiti-2\/#article\",\"isPartOf\":{\"@id\":\"https:\/\/dmcsrb.com\/svijet\/sirom-venecuele-rasporedjena-vojska-ministar-odbrane-napali-su-nas-ali-nas-nece-slomiti-2\/\"},\"author\":{\"name\":\"dmcsrbija.com@gmail.com\",\"@id\":\"https:\/\/dmcsrb.com\/#\/schema\/person\/5c39170f12db1b8b457732d0b5c854e2\"},\"headline\":\"\u0160irom Venecuele raspore\u0111ena vojska; Ministar odbrane: Napali su nas, ali nas ne\u0107e slomiti\",\"datePublished\":\"2026-01-03T18:45:00+00:00\",\"mainEntityOfPage\":{\"@id\":\"https:\/\/dmcsrb.com\/svijet\/sirom-venecuele-rasporedjena-vojska-ministar-odbrane-napali-su-nas-ali-nas-nece-slomiti-2\/\"},\"wordCount\":1637,\"commentCount\":0,\"image\":{\"@id\":\"https:\/\/dmcsrb.com\/svijet\/sirom-venecuele-rasporedjena-vojska-ministar-odbrane-napali-su-nas-ali-nas-nece-slomiti-2\/#primaryimage\"},\"thumbnailUrl\":\"https:\/\/dmcsrb.com\/wp-content\/uploads\/2026\/01\/Venecuela-nakon-hapsenja-Madura-ulice-foto-AP-1.jpg\",\"keywords\":[\"Nikolas Maduro\",\"SAD\",\"venecuela\"],\"articleSection\":[\"Svijet\"],\"inLanguage\":\"en-GB\",\"potentialAction\":[{\"@type\":\"CommentAction\",\"name\":\"Comment\",\"target\":[\"https:\/\/dmcsrb.com\/svijet\/sirom-venecuele-rasporedjena-vojska-ministar-odbrane-napali-su-nas-ali-nas-nece-slomiti-2\/#respond\"]}]},{\"@type\":\"WebPage\",\"@id\":\"https:\/\/dmcsrb.com\/svijet\/sirom-venecuele-rasporedjena-vojska-ministar-odbrane-napali-su-nas-ali-nas-nece-slomiti-2\/\",\"url\":\"https:\/\/dmcsrb.com\/svijet\/sirom-venecuele-rasporedjena-vojska-ministar-odbrane-napali-su-nas-ali-nas-nece-slomiti-2\/\",\"name\":\"\u0160irom Venecuele raspore\u0111ena vojska; Ministar odbrane: Napali su nas, ali nas ne\u0107e slomiti - dmcsrb.com\",\"isPartOf\":{\"@id\":\"https:\/\/dmcsrb.com\/#website\"},\"primaryImageOfPage\":{\"@id\":\"https:\/\/dmcsrb.com\/svijet\/sirom-venecuele-rasporedjena-vojska-ministar-odbrane-napali-su-nas-ali-nas-nece-slomiti-2\/#primaryimage\"},\"image\":{\"@id\":\"https:\/\/dmcsrb.com\/svijet\/sirom-venecuele-rasporedjena-vojska-ministar-odbrane-napali-su-nas-ali-nas-nece-slomiti-2\/#primaryimage\"},\"thumbnailUrl\":\"https:\/\/dmcsrb.com\/wp-content\/uploads\/2026\/01\/Venecuela-nakon-hapsenja-Madura-ulice-foto-AP-1.jpg\",\"datePublished\":\"2026-01-03T18:45:00+00:00\",\"author\":{\"@id\":\"https:\/\/dmcsrb.com\/#\/schema\/person\/5c39170f12db1b8b457732d0b5c854e2\"},\"breadcrumb\":{\"@id\":\"https:\/\/dmcsrb.com\/svijet\/sirom-venecuele-rasporedjena-vojska-ministar-odbrane-napali-su-nas-ali-nas-nece-slomiti-2\/#breadcrumb\"},\"inLanguage\":\"en-GB\",\"potentialAction\":[{\"@type\":\"ReadAction\",\"target\":[\"https:\/\/dmcsrb.com\/svijet\/sirom-venecuele-rasporedjena-vojska-ministar-odbrane-napali-su-nas-ali-nas-nece-slomiti-2\/\"]}]},{\"@type\":\"ImageObject\",\"inLanguage\":\"en-GB\",\"@id\":\"https:\/\/dmcsrb.com\/svijet\/sirom-venecuele-rasporedjena-vojska-ministar-odbrane-napali-su-nas-ali-nas-nece-slomiti-2\/#primaryimage\",\"url\":\"https:\/\/dmcsrb.com\/wp-content\/uploads\/2026\/01\/Venecuela-nakon-hapsenja-Madura-ulice-foto-AP-1.jpg\",\"contentUrl\":\"https:\/\/dmcsrb.com\/wp-content\/uploads\/2026\/01\/Venecuela-nakon-hapsenja-Madura-ulice-foto-AP-1.jpg\",\"width\":977,\"height\":628,\"caption\":\"Foto: AP\"},{\"@type\":\"BreadcrumbList\",\"@id\":\"https:\/\/dmcsrb.com\/svijet\/sirom-venecuele-rasporedjena-vojska-ministar-odbrane-napali-su-nas-ali-nas-nece-slomiti-2\/#breadcrumb\",\"itemListElement\":[{\"@type\":\"ListItem\",\"position\":1,\"name\":\"Home\",\"item\":\"https:\/\/dmcsrb.com\/\"},{\"@type\":\"ListItem\",\"position\":2,\"name\":\"\u0160irom Venecuele raspore\u0111ena vojska; Ministar odbrane: Napali su nas, ali nas ne\u0107e slomiti\"}]},{\"@type\":\"WebSite\",\"@id\":\"https:\/\/dmcsrb.com\/#website\",\"url\":\"https:\/\/dmcsrb.com\/\",\"name\":\"dmcsrb.com\",\"description\":\"\",\"potentialAction\":[{\"@type\":\"SearchAction\",\"target\":{\"@type\":\"EntryPoint\",\"urlTemplate\":\"https:\/\/dmcsrb.com\/?s={search_term_string}\"},\"query-input\":{\"@type\":\"PropertyValueSpecification\",\"valueRequired\":true,\"valueName\":\"search_term_string\"}}],\"inLanguage\":\"en-GB\"},{\"@type\":\"Person\",\"@id\":\"https:\/\/dmcsrb.com\/#\/schema\/person\/5c39170f12db1b8b457732d0b5c854e2\",\"name\":\"dmcsrbija.com@gmail.com\",\"image\":{\"@type\":\"ImageObject\",\"inLanguage\":\"en-GB\",\"@id\":\"https:\/\/dmcsrb.com\/#\/schema\/person\/image\/\",\"url\":\"https:\/\/secure.gravatar.com\/avatar\/68592660ad6347fad0fb587f8d5d8f1a7b44961362f56e4f2cd524feb87e9069?s=96&d=mm&r=g\",\"contentUrl\":\"https:\/\/secure.gravatar.com\/avatar\/68592660ad6347fad0fb587f8d5d8f1a7b44961362f56e4f2cd524feb87e9069?s=96&d=mm&r=g\",\"caption\":\"dmcsrbija.com@gmail.com\"},\"sameAs\":[\"https:\/\/dmcsrb.com\"],\"url\":\"https:\/\/dmcsrb.com\/en\/author\/dmcsrbija-comgmail-com\/\"}]}<\/script>\n<!-- \/ Yoast SEO plugin. -->","yoast_head_json":{"title":"\u0160irom Venecuele raspore\u0111ena vojska; Ministar odbrane: Napali su nas, ali nas ne\u0107e slomiti - dmcsrb.com","robots":{"index":"index","follow":"follow","max-snippet":"max-snippet:-1","max-image-preview":"max-image-preview:large","max-video-preview":"max-video-preview:-1"},"canonical":"https:\/\/dmcsrb.com\/en\/svijet\/sirom-venecuele-rasporedjena-vojska-ministar-odbrane-napali-su-nas-ali-nas-nece-slomiti-2\/","og_locale":"en_GB","og_type":"article","og_title":"\u0160irom Venecuele raspore\u0111ena vojska; Ministar odbrane: Napali su nas, ali nas ne\u0107e slomiti - dmcsrb.com","og_description":"Predsjednik SAD Donald Tramp se oglasio nakon jutro\u0161njih napada na Venecuelu i potvrdio da je predsjednik te zemlje Nikolas Maduro uhva\u0107em i avionom udaljen iz dr\u017eave. U glavnom gradu Venecuele Karakasu oko jedan sat iza pono\u0107i odjeknule su eksplozije, poslije kojih su grad nadlijeteli avioni u niskom letu, prenio je Aso\u0161iejted pres. Predsjednik Venecuele Nikolas Maduro jutros je proglasio vanredno stanje.","og_url":"https:\/\/dmcsrb.com\/en\/svijet\/sirom-venecuele-rasporedjena-vojska-ministar-odbrane-napali-su-nas-ali-nas-nece-slomiti-2\/","og_site_name":"dmcsrb.com","article_published_time":"2026-01-03T18:45:00+00:00","og_image":[{"width":977,"height":628,"url":"https:\/\/dmcsrb.com\/wp-content\/uploads\/2026\/01\/Venecuela-nakon-hapsenja-Madura-ulice-foto-AP-1.jpg","type":"image\/jpeg"}],"author":"dmcsrbija.com@gmail.com","twitter_card":"summary_large_image","twitter_misc":{"Written by":"dmcsrbija.com@gmail.com","Estimated reading time":"8 minutes"},"schema":{"@context":"https:\/\/schema.org","@graph":[{"@type":"Article","@id":"https:\/\/dmcsrb.com\/svijet\/sirom-venecuele-rasporedjena-vojska-ministar-odbrane-napali-su-nas-ali-nas-nece-slomiti-2\/#article","isPartOf":{"@id":"https:\/\/dmcsrb.com\/svijet\/sirom-venecuele-rasporedjena-vojska-ministar-odbrane-napali-su-nas-ali-nas-nece-slomiti-2\/"},"author":{"name":"dmcsrbija.com@gmail.com","@id":"https:\/\/dmcsrb.com\/#\/schema\/person\/5c39170f12db1b8b457732d0b5c854e2"},"headline":"\u0160irom Venecuele raspore\u0111ena vojska; Ministar odbrane: Napali su nas, ali nas ne\u0107e slomiti","datePublished":"2026-01-03T18:45:00+00:00","mainEntityOfPage":{"@id":"https:\/\/dmcsrb.com\/svijet\/sirom-venecuele-rasporedjena-vojska-ministar-odbrane-napali-su-nas-ali-nas-nece-slomiti-2\/"},"wordCount":1637,"commentCount":0,"image":{"@id":"https:\/\/dmcsrb.com\/svijet\/sirom-venecuele-rasporedjena-vojska-ministar-odbrane-napali-su-nas-ali-nas-nece-slomiti-2\/#primaryimage"},"thumbnailUrl":"https:\/\/dmcsrb.com\/wp-content\/uploads\/2026\/01\/Venecuela-nakon-hapsenja-Madura-ulice-foto-AP-1.jpg","keywords":["Nikolas Maduro","SAD","venecuela"],"articleSection":["Svijet"],"inLanguage":"en-GB","potentialAction":[{"@type":"CommentAction","name":"Comment","target":["https:\/\/dmcsrb.com\/svijet\/sirom-venecuele-rasporedjena-vojska-ministar-odbrane-napali-su-nas-ali-nas-nece-slomiti-2\/#respond"]}]},{"@type":"WebPage","@id":"https:\/\/dmcsrb.com\/svijet\/sirom-venecuele-rasporedjena-vojska-ministar-odbrane-napali-su-nas-ali-nas-nece-slomiti-2\/","url":"https:\/\/dmcsrb.com\/svijet\/sirom-venecuele-rasporedjena-vojska-ministar-odbrane-napali-su-nas-ali-nas-nece-slomiti-2\/","name":"\u0160irom Venecuele raspore\u0111ena vojska; Ministar odbrane: Napali su nas, ali nas ne\u0107e slomiti - dmcsrb.com","isPartOf":{"@id":"https:\/\/dmcsrb.com\/#website"},"primaryImageOfPage":{"@id":"https:\/\/dmcsrb.com\/svijet\/sirom-venecuele-rasporedjena-vojska-ministar-odbrane-napali-su-nas-ali-nas-nece-slomiti-2\/#primaryimage"},"image":{"@id":"https:\/\/dmcsrb.com\/svijet\/sirom-venecuele-rasporedjena-vojska-ministar-odbrane-napali-su-nas-ali-nas-nece-slomiti-2\/#primaryimage"},"thumbnailUrl":"https:\/\/dmcsrb.com\/wp-content\/uploads\/2026\/01\/Venecuela-nakon-hapsenja-Madura-ulice-foto-AP-1.jpg","datePublished":"2026-01-03T18:45:00+00:00","author":{"@id":"https:\/\/dmcsrb.com\/#\/schema\/person\/5c39170f12db1b8b457732d0b5c854e2"},"breadcrumb":{"@id":"https:\/\/dmcsrb.com\/svijet\/sirom-venecuele-rasporedjena-vojska-ministar-odbrane-napali-su-nas-ali-nas-nece-slomiti-2\/#breadcrumb"},"inLanguage":"en-GB","potentialAction":[{"@type":"ReadAction","target":["https:\/\/dmcsrb.com\/svijet\/sirom-venecuele-rasporedjena-vojska-ministar-odbrane-napali-su-nas-ali-nas-nece-slomiti-2\/"]}]},{"@type":"ImageObject","inLanguage":"en-GB","@id":"https:\/\/dmcsrb.com\/svijet\/sirom-venecuele-rasporedjena-vojska-ministar-odbrane-napali-su-nas-ali-nas-nece-slomiti-2\/#primaryimage","url":"https:\/\/dmcsrb.com\/wp-content\/uploads\/2026\/01\/Venecuela-nakon-hapsenja-Madura-ulice-foto-AP-1.jpg","contentUrl":"https:\/\/dmcsrb.com\/wp-content\/uploads\/2026\/01\/Venecuela-nakon-hapsenja-Madura-ulice-foto-AP-1.jpg","width":977,"height":628,"caption":"Foto: AP"},{"@type":"BreadcrumbList","@id":"https:\/\/dmcsrb.com\/svijet\/sirom-venecuele-rasporedjena-vojska-ministar-odbrane-napali-su-nas-ali-nas-nece-slomiti-2\/#breadcrumb","itemListElement":[{"@type":"ListItem","position":1,"name":"Home","item":"https:\/\/dmcsrb.com\/"},{"@type":"ListItem","position":2,"name":"\u0160irom Venecuele raspore\u0111ena vojska; Ministar odbrane: Napali su nas, ali nas ne\u0107e slomiti"}]},{"@type":"WebSite","@id":"https:\/\/dmcsrb.com\/#website","url":"https:\/\/dmcsrb.com\/","name":"dmcsrb.com","description":"","potentialAction":[{"@type":"SearchAction","target":{"@type":"EntryPoint","urlTemplate":"https:\/\/dmcsrb.com\/?s={search_term_string}"},"query-input":{"@type":"PropertyValueSpecification","valueRequired":true,"valueName":"search_term_string"}}],"inLanguage":"en-GB"},{"@type":"Person","@id":"https:\/\/dmcsrb.com\/#\/schema\/person\/5c39170f12db1b8b457732d0b5c854e2","name":"dmcsrbija.com@gmail.com","image":{"@type":"ImageObject","inLanguage":"en-GB","@id":"https:\/\/dmcsrb.com\/#\/schema\/person\/image\/","url":"https:\/\/secure.gravatar.com\/avatar\/68592660ad6347fad0fb587f8d5d8f1a7b44961362f56e4f2cd524feb87e9069?s=96&d=mm&r=g","contentUrl":"https:\/\/secure.gravatar.com\/avatar\/68592660ad6347fad0fb587f8d5d8f1a7b44961362f56e4f2cd524feb87e9069?s=96&d=mm&r=g","caption":"dmcsrbija.com@gmail.com"},"sameAs":["https:\/\/dmcsrb.com"],"url":"https:\/\/dmcsrb.com\/en\/author\/dmcsrbija-comgmail-com\/"}]}},"_links":{"self":[{"href":"https:\/\/dmcsrb.com\/en\/wp-json\/wp\/v2\/posts\/904271","targetHints":{"allow":["GET"]}}],"collection":[{"href":"https:\/\/dmcsrb.com\/en\/wp-json\/wp\/v2\/posts"}],"about":[{"href":"https:\/\/dmcsrb.com\/en\/wp-json\/wp\/v2\/types\/post"}],"author":[{"embeddable":true,"href":"https:\/\/dmcsrb.com\/en\/wp-json\/wp\/v2\/users\/1"}],"replies":[{"embeddable":true,"href":"https:\/\/dmcsrb.com\/en\/wp-json\/wp\/v2\/comments?post=904271"}],"version-history":[{"count":0,"href":"https:\/\/dmcsrb.com\/en\/wp-json\/wp\/v2\/posts\/904271\/revisions"}],"wp:featuredmedia":[{"embeddable":true,"href":"https:\/\/dmcsrb.com\/en\/wp-json\/wp\/v2\/media\/904272"}],"wp:attachment":[{"href":"https:\/\/dmcsrb.com\/en\/wp-json\/wp\/v2\/media?parent=904271"}],"wp:term":[{"taxonomy":"category","embeddable":true,"href":"https:\/\/dmcsrb.com\/en\/wp-json\/wp\/v2\/categories?post=904271"},{"taxonomy":"post_tag","embeddable":true,"href":"https:\/\/dmcsrb.com\/en\/wp-json\/wp\/v2\/tags?post=904271"},{"taxonomy":"naslovna","embeddable":true,"href":"https:\/\/dmcsrb.com\/en\/wp-json\/wp\/v2\/naslovna?post=904271"}],"curies":[{"name":"wp","href":"https:\/\/api.w.org\/{rel}","templated":true}]}}