{"id":904212,"date":"2026-01-03T17:35:00","date_gmt":"2026-01-03T16:35:00","guid":{"rendered":"https:\/\/gradski.me\/?p=904212"},"modified":"2026-01-03T17:35:00","modified_gmt":"2026-01-03T16:35:00","slug":"ataman-nezadovoljan-sudjenjem-u-derbiju-2","status":"publish","type":"post","link":"https:\/\/dmcsrb.com\/en\/sport\/ataman-nezadovoljan-sudjenjem-u-derbiju-2\/","title":{"rendered":"Ataman nezadovoljan su\u0111enjem u derbiju"},"content":{"rendered":"<p>Turski stru\u010dnjak prvo je odao priznanje asu Olimpijakosa Sa\u0161u Vezenkovau na sjajnoj partiji.<\/p>\n\n\n\n<p>&#8220;Prije svega, \u010destitam Vezenkovu, jer je \u017eelio da poka\u017ee da je vrhunski krilni centar. Mi na toj poziciji nismo imali nikoga\u201c, rekao je Ataman i dodao:<\/p>\n\n\n\n<p>&#8220;Na\u0161i krilni centri Ernangomes i Mitoglu nisu postigli nijedan poen, kao \u0161to je i obi\u010dno slu\u010daj na derbijima. Sa\u0161a je preuzeo odgovornost i postigao 24 poena.\u201c<\/p>\n\n\n\n<p>Potom osuo paljbu na arbitre, a posebno je napomenu odnos u slobodnim bacanjima.<\/p>\n\n\n\n<p>&#8220;\u010cestitam i sudijama, koje svaki put kada do\u0111u ovdje \u017eele da poka\u017eu da su najbolji. Sa ovakvim su\u0111enjem ve\u010deras, mogli bi da imaju mjesto u finalu. Slobodna bacanja su bila 18-28 u korist Olimpijakosa. Znam da \u0107e me Evroliga kazniti zbog ovoga \u0161to govorim, ali im jo\u0161 jednom \u010destitam. Nisu dozvolili da iko uti\u010de. Poku\u0161ali smo da se borimo, ali ako proma\u0161ujete toliko \u0161uteva i oslanjate se samo na jednog igra\u010da, Kendrika Nana, ne mo\u017eete da pobijedite Olimpijakos.\u201c<\/p>\n\n\n\n<p>Panatinaikos je tako do\u017eivio sedmi poraz, dok ekipa Jorgosa Barcokasa ima skor 11-7.<\/p>","protected":false},"excerpt":{"rendered":"<p>Trener Panatinaikosa Ergin Ataman nije bio zadovoljan su\u0111enjem na evroliga\u0161kom derbiju sa Olimpijakosom, koji je njegov tim izgubio 87:82.<\/p>","protected":false},"author":1,"featured_media":421565,"comment_status":"open","ping_status":"open","sticky":false,"template":"","format":"standard","meta":{"_acf_changed":false,"footnotes":""},"categories":[148],"tags":[5381,5382,671],"naslovna":[],"class_list":["post-904212","post","type-post","status-publish","format-standard","has-post-thumbnail","hentry","category-sport","tag-ergin-ataman","tag-olimpijakos","tag-panatinaikos"],"acf":[],"yoast_head":"<!-- This site is optimized with the Yoast SEO plugin v27.4 - https:\/\/yoast.com\/product\/yoast-seo-wordpress\/ -->\n<title>Ataman nezadovoljan su\u0111enjem u derbiju - dmcsrb.com<\/title>\n<meta name=\"robots\" content=\"index, follow, max-snippet:-1, max-image-preview:large, max-video-preview:-1\" \/>\n<link rel=\"canonical\" href=\"https:\/\/dmcsrb.com\/en\/sport\/ataman-nezadovoljan-sudjenjem-u-derbiju-2\/\" \/>\n<meta property=\"og:locale\" content=\"en_GB\" \/>\n<meta property=\"og:type\" content=\"article\" \/>\n<meta property=\"og:title\" content=\"Ataman nezadovoljan su\u0111enjem u derbiju - dmcsrb.com\" \/>\n<meta property=\"og:description\" content=\"Trener Panatinaikosa Ergin Ataman nije bio zadovoljan su\u0111enjem na evroliga\u0161kom derbiju sa Olimpijakosom, koji je njegov tim izgubio 87:82.\" \/>\n<meta property=\"og:url\" content=\"https:\/\/dmcsrb.com\/en\/sport\/ataman-nezadovoljan-sudjenjem-u-derbiju-2\/\" \/>\n<meta property=\"og:site_name\" content=\"dmcsrb.com\" \/>\n<meta property=\"article:published_time\" content=\"2026-01-03T16:35:00+00:00\" \/>\n<meta property=\"og:image\" content=\"https:\/\/dmcsrb.com\/wp-content\/uploads\/2023\/06\/Ataman-Panathinaikos-BC-Twitter.jpg\" \/>\n\t<meta property=\"og:image:width\" content=\"850\" \/>\n\t<meta property=\"og:image:height\" content=\"1028\" \/>\n\t<meta property=\"og:image:type\" content=\"image\/jpeg\" \/>\n<meta name=\"author\" content=\"dmcsrbija.com@gmail.com\" \/>\n<meta name=\"twitter:card\" content=\"summary_large_image\" \/>\n<meta name=\"twitter:label1\" content=\"Written by\" \/>\n\t<meta name=\"twitter:data1\" content=\"dmcsrbija.com@gmail.com\" \/>\n\t<meta name=\"twitter:label2\" content=\"Estimated reading time\" \/>\n\t<meta name=\"twitter:data2\" content=\"1 minute\" \/>\n<script type=\"application\/ld+json\" class=\"yoast-schema-graph\">{\"@context\":\"https:\\\/\\\/schema.org\",\"@graph\":[{\"@type\":\"Article\",\"@id\":\"https:\\\/\\\/dmcsrb.com\\\/sport\\\/ataman-nezadovoljan-sudjenjem-u-derbiju-2\\\/#article\",\"isPartOf\":{\"@id\":\"https:\\\/\\\/dmcsrb.com\\\/sport\\\/ataman-nezadovoljan-sudjenjem-u-derbiju-2\\\/\"},\"author\":{\"name\":\"dmcsrbija.com@gmail.com\",\"@id\":\"https:\\\/\\\/dmcsrb.com\\\/#\\\/schema\\\/person\\\/5c39170f12db1b8b457732d0b5c854e2\"},\"headline\":\"Ataman nezadovoljan su\u0111enjem u derbiju\",\"datePublished\":\"2026-01-03T16:35:00+00:00\",\"mainEntityOfPage\":{\"@id\":\"https:\\\/\\\/dmcsrb.com\\\/sport\\\/ataman-nezadovoljan-sudjenjem-u-derbiju-2\\\/\"},\"wordCount\":191,\"commentCount\":0,\"image\":{\"@id\":\"https:\\\/\\\/dmcsrb.com\\\/sport\\\/ataman-nezadovoljan-sudjenjem-u-derbiju-2\\\/#primaryimage\"},\"thumbnailUrl\":\"https:\\\/\\\/dmcsrb.com\\\/wp-content\\\/uploads\\\/2023\\\/06\\\/Ataman-Panathinaikos-BC-Twitter.jpg\",\"keywords\":[\"Ergin Ataman\",\"Olimpijakos\",\"Panatinaikos\"],\"articleSection\":[\"Sport\"],\"inLanguage\":\"en-GB\",\"potentialAction\":[{\"@type\":\"CommentAction\",\"name\":\"Comment\",\"target\":[\"https:\\\/\\\/dmcsrb.com\\\/sport\\\/ataman-nezadovoljan-sudjenjem-u-derbiju-2\\\/#respond\"]}]},{\"@type\":\"WebPage\",\"@id\":\"https:\\\/\\\/dmcsrb.com\\\/sport\\\/ataman-nezadovoljan-sudjenjem-u-derbiju-2\\\/\",\"url\":\"https:\\\/\\\/dmcsrb.com\\\/sport\\\/ataman-nezadovoljan-sudjenjem-u-derbiju-2\\\/\",\"name\":\"Ataman nezadovoljan su\u0111enjem u derbiju - dmcsrb.com\",\"isPartOf\":{\"@id\":\"https:\\\/\\\/dmcsrb.com\\\/#website\"},\"primaryImageOfPage\":{\"@id\":\"https:\\\/\\\/dmcsrb.com\\\/sport\\\/ataman-nezadovoljan-sudjenjem-u-derbiju-2\\\/#primaryimage\"},\"image\":{\"@id\":\"https:\\\/\\\/dmcsrb.com\\\/sport\\\/ataman-nezadovoljan-sudjenjem-u-derbiju-2\\\/#primaryimage\"},\"thumbnailUrl\":\"https:\\\/\\\/dmcsrb.com\\\/wp-content\\\/uploads\\\/2023\\\/06\\\/Ataman-Panathinaikos-BC-Twitter.jpg\",\"datePublished\":\"2026-01-03T16:35:00+00:00\",\"author\":{\"@id\":\"https:\\\/\\\/dmcsrb.com\\\/#\\\/schema\\\/person\\\/5c39170f12db1b8b457732d0b5c854e2\"},\"breadcrumb\":{\"@id\":\"https:\\\/\\\/dmcsrb.com\\\/sport\\\/ataman-nezadovoljan-sudjenjem-u-derbiju-2\\\/#breadcrumb\"},\"inLanguage\":\"en-GB\",\"potentialAction\":[{\"@type\":\"ReadAction\",\"target\":[\"https:\\\/\\\/dmcsrb.com\\\/sport\\\/ataman-nezadovoljan-sudjenjem-u-derbiju-2\\\/\"]}]},{\"@type\":\"ImageObject\",\"inLanguage\":\"en-GB\",\"@id\":\"https:\\\/\\\/dmcsrb.com\\\/sport\\\/ataman-nezadovoljan-sudjenjem-u-derbiju-2\\\/#primaryimage\",\"url\":\"https:\\\/\\\/dmcsrb.com\\\/wp-content\\\/uploads\\\/2023\\\/06\\\/Ataman-Panathinaikos-BC-Twitter.jpg\",\"contentUrl\":\"https:\\\/\\\/dmcsrb.com\\\/wp-content\\\/uploads\\\/2023\\\/06\\\/Ataman-Panathinaikos-BC-Twitter.jpg\",\"width\":850,\"height\":1028,\"caption\":\"Foto: Panathinaikos BC\\\/Twitter\"},{\"@type\":\"BreadcrumbList\",\"@id\":\"https:\\\/\\\/dmcsrb.com\\\/sport\\\/ataman-nezadovoljan-sudjenjem-u-derbiju-2\\\/#breadcrumb\",\"itemListElement\":[{\"@type\":\"ListItem\",\"position\":1,\"name\":\"Home\",\"item\":\"https:\\\/\\\/dmcsrb.com\\\/\"},{\"@type\":\"ListItem\",\"position\":2,\"name\":\"Ataman nezadovoljan su\u0111enjem u derbiju\"}]},{\"@type\":\"WebSite\",\"@id\":\"https:\\\/\\\/dmcsrb.com\\\/#website\",\"url\":\"https:\\\/\\\/dmcsrb.com\\\/\",\"name\":\"dmcsrb.com\",\"description\":\"\",\"potentialAction\":[{\"@type\":\"SearchAction\",\"target\":{\"@type\":\"EntryPoint\",\"urlTemplate\":\"https:\\\/\\\/dmcsrb.com\\\/?s={search_term_string}\"},\"query-input\":{\"@type\":\"PropertyValueSpecification\",\"valueRequired\":true,\"valueName\":\"search_term_string\"}}],\"inLanguage\":\"en-GB\"},{\"@type\":\"Person\",\"@id\":\"https:\\\/\\\/dmcsrb.com\\\/#\\\/schema\\\/person\\\/5c39170f12db1b8b457732d0b5c854e2\",\"name\":\"dmcsrbija.com@gmail.com\",\"image\":{\"@type\":\"ImageObject\",\"inLanguage\":\"en-GB\",\"@id\":\"https:\\\/\\\/secure.gravatar.com\\\/avatar\\\/68592660ad6347fad0fb587f8d5d8f1a7b44961362f56e4f2cd524feb87e9069?s=96&d=mm&r=g\",\"url\":\"https:\\\/\\\/secure.gravatar.com\\\/avatar\\\/68592660ad6347fad0fb587f8d5d8f1a7b44961362f56e4f2cd524feb87e9069?s=96&d=mm&r=g\",\"contentUrl\":\"https:\\\/\\\/secure.gravatar.com\\\/avatar\\\/68592660ad6347fad0fb587f8d5d8f1a7b44961362f56e4f2cd524feb87e9069?s=96&d=mm&r=g\",\"caption\":\"dmcsrbija.com@gmail.com\"},\"sameAs\":[\"https:\\\/\\\/dmcsrb.com\"],\"url\":\"https:\\\/\\\/dmcsrb.com\\\/en\\\/author\\\/dmcsrbija-comgmail-com\\\/\"}]}<\/script>\n<!-- \/ Yoast SEO plugin. -->","yoast_head_json":{"title":"Ataman nezadovoljan su\u0111enjem u derbiju - dmcsrb.com","robots":{"index":"index","follow":"follow","max-snippet":"max-snippet:-1","max-image-preview":"max-image-preview:large","max-video-preview":"max-video-preview:-1"},"canonical":"https:\/\/dmcsrb.com\/en\/sport\/ataman-nezadovoljan-sudjenjem-u-derbiju-2\/","og_locale":"en_GB","og_type":"article","og_title":"Ataman nezadovoljan su\u0111enjem u derbiju - dmcsrb.com","og_description":"Trener Panatinaikosa Ergin Ataman nije bio zadovoljan su\u0111enjem na evroliga\u0161kom derbiju sa Olimpijakosom, koji je njegov tim izgubio 87:82.","og_url":"https:\/\/dmcsrb.com\/en\/sport\/ataman-nezadovoljan-sudjenjem-u-derbiju-2\/","og_site_name":"dmcsrb.com","article_published_time":"2026-01-03T16:35:00+00:00","og_image":[{"width":850,"height":1028,"url":"https:\/\/dmcsrb.com\/wp-content\/uploads\/2023\/06\/Ataman-Panathinaikos-BC-Twitter.jpg","type":"image\/jpeg"}],"author":"dmcsrbija.com@gmail.com","twitter_card":"summary_large_image","twitter_misc":{"Written by":"dmcsrbija.com@gmail.com","Estimated reading time":"1 minute"},"schema":{"@context":"https:\/\/schema.org","@graph":[{"@type":"Article","@id":"https:\/\/dmcsrb.com\/sport\/ataman-nezadovoljan-sudjenjem-u-derbiju-2\/#article","isPartOf":{"@id":"https:\/\/dmcsrb.com\/sport\/ataman-nezadovoljan-sudjenjem-u-derbiju-2\/"},"author":{"name":"dmcsrbija.com@gmail.com","@id":"https:\/\/dmcsrb.com\/#\/schema\/person\/5c39170f12db1b8b457732d0b5c854e2"},"headline":"Ataman nezadovoljan su\u0111enjem u derbiju","datePublished":"2026-01-03T16:35:00+00:00","mainEntityOfPage":{"@id":"https:\/\/dmcsrb.com\/sport\/ataman-nezadovoljan-sudjenjem-u-derbiju-2\/"},"wordCount":191,"commentCount":0,"image":{"@id":"https:\/\/dmcsrb.com\/sport\/ataman-nezadovoljan-sudjenjem-u-derbiju-2\/#primaryimage"},"thumbnailUrl":"https:\/\/dmcsrb.com\/wp-content\/uploads\/2023\/06\/Ataman-Panathinaikos-BC-Twitter.jpg","keywords":["Ergin Ataman","Olimpijakos","Panatinaikos"],"articleSection":["Sport"],"inLanguage":"en-GB","potentialAction":[{"@type":"CommentAction","name":"Comment","target":["https:\/\/dmcsrb.com\/sport\/ataman-nezadovoljan-sudjenjem-u-derbiju-2\/#respond"]}]},{"@type":"WebPage","@id":"https:\/\/dmcsrb.com\/sport\/ataman-nezadovoljan-sudjenjem-u-derbiju-2\/","url":"https:\/\/dmcsrb.com\/sport\/ataman-nezadovoljan-sudjenjem-u-derbiju-2\/","name":"Ataman nezadovoljan su\u0111enjem u derbiju - dmcsrb.com","isPartOf":{"@id":"https:\/\/dmcsrb.com\/#website"},"primaryImageOfPage":{"@id":"https:\/\/dmcsrb.com\/sport\/ataman-nezadovoljan-sudjenjem-u-derbiju-2\/#primaryimage"},"image":{"@id":"https:\/\/dmcsrb.com\/sport\/ataman-nezadovoljan-sudjenjem-u-derbiju-2\/#primaryimage"},"thumbnailUrl":"https:\/\/dmcsrb.com\/wp-content\/uploads\/2023\/06\/Ataman-Panathinaikos-BC-Twitter.jpg","datePublished":"2026-01-03T16:35:00+00:00","author":{"@id":"https:\/\/dmcsrb.com\/#\/schema\/person\/5c39170f12db1b8b457732d0b5c854e2"},"breadcrumb":{"@id":"https:\/\/dmcsrb.com\/sport\/ataman-nezadovoljan-sudjenjem-u-derbiju-2\/#breadcrumb"},"inLanguage":"en-GB","potentialAction":[{"@type":"ReadAction","target":["https:\/\/dmcsrb.com\/sport\/ataman-nezadovoljan-sudjenjem-u-derbiju-2\/"]}]},{"@type":"ImageObject","inLanguage":"en-GB","@id":"https:\/\/dmcsrb.com\/sport\/ataman-nezadovoljan-sudjenjem-u-derbiju-2\/#primaryimage","url":"https:\/\/dmcsrb.com\/wp-content\/uploads\/2023\/06\/Ataman-Panathinaikos-BC-Twitter.jpg","contentUrl":"https:\/\/dmcsrb.com\/wp-content\/uploads\/2023\/06\/Ataman-Panathinaikos-BC-Twitter.jpg","width":850,"height":1028,"caption":"Foto: Panathinaikos BC\/Twitter"},{"@type":"BreadcrumbList","@id":"https:\/\/dmcsrb.com\/sport\/ataman-nezadovoljan-sudjenjem-u-derbiju-2\/#breadcrumb","itemListElement":[{"@type":"ListItem","position":1,"name":"Home","item":"https:\/\/dmcsrb.com\/"},{"@type":"ListItem","position":2,"name":"Ataman nezadovoljan su\u0111enjem u derbiju"}]},{"@type":"WebSite","@id":"https:\/\/dmcsrb.com\/#website","url":"https:\/\/dmcsrb.com\/","name":"dmcsrb.com","description":"","potentialAction":[{"@type":"SearchAction","target":{"@type":"EntryPoint","urlTemplate":"https:\/\/dmcsrb.com\/?s={search_term_string}"},"query-input":{"@type":"PropertyValueSpecification","valueRequired":true,"valueName":"search_term_string"}}],"inLanguage":"en-GB"},{"@type":"Person","@id":"https:\/\/dmcsrb.com\/#\/schema\/person\/5c39170f12db1b8b457732d0b5c854e2","name":"dmcsrbija.com@gmail.com","image":{"@type":"ImageObject","inLanguage":"en-GB","@id":"https:\/\/secure.gravatar.com\/avatar\/68592660ad6347fad0fb587f8d5d8f1a7b44961362f56e4f2cd524feb87e9069?s=96&d=mm&r=g","url":"https:\/\/secure.gravatar.com\/avatar\/68592660ad6347fad0fb587f8d5d8f1a7b44961362f56e4f2cd524feb87e9069?s=96&d=mm&r=g","contentUrl":"https:\/\/secure.gravatar.com\/avatar\/68592660ad6347fad0fb587f8d5d8f1a7b44961362f56e4f2cd524feb87e9069?s=96&d=mm&r=g","caption":"dmcsrbija.com@gmail.com"},"sameAs":["https:\/\/dmcsrb.com"],"url":"https:\/\/dmcsrb.com\/en\/author\/dmcsrbija-comgmail-com\/"}]}},"_links":{"self":[{"href":"https:\/\/dmcsrb.com\/en\/wp-json\/wp\/v2\/posts\/904212","targetHints":{"allow":["GET"]}}],"collection":[{"href":"https:\/\/dmcsrb.com\/en\/wp-json\/wp\/v2\/posts"}],"about":[{"href":"https:\/\/dmcsrb.com\/en\/wp-json\/wp\/v2\/types\/post"}],"author":[{"embeddable":true,"href":"https:\/\/dmcsrb.com\/en\/wp-json\/wp\/v2\/users\/1"}],"replies":[{"embeddable":true,"href":"https:\/\/dmcsrb.com\/en\/wp-json\/wp\/v2\/comments?post=904212"}],"version-history":[{"count":0,"href":"https:\/\/dmcsrb.com\/en\/wp-json\/wp\/v2\/posts\/904212\/revisions"}],"wp:featuredmedia":[{"embeddable":true,"href":"https:\/\/dmcsrb.com\/en\/wp-json\/wp\/v2\/media\/421565"}],"wp:attachment":[{"href":"https:\/\/dmcsrb.com\/en\/wp-json\/wp\/v2\/media?parent=904212"}],"wp:term":[{"taxonomy":"category","embeddable":true,"href":"https:\/\/dmcsrb.com\/en\/wp-json\/wp\/v2\/categories?post=904212"},{"taxonomy":"post_tag","embeddable":true,"href":"https:\/\/dmcsrb.com\/en\/wp-json\/wp\/v2\/tags?post=904212"},{"taxonomy":"naslovna","embeddable":true,"href":"https:\/\/dmcsrb.com\/en\/wp-json\/wp\/v2\/naslovna?post=904212"}],"curies":[{"name":"wp","href":"https:\/\/api.w.org\/{rel}","templated":true}]}}