{"id":903980,"date":"2026-01-02T14:17:00","date_gmt":"2026-01-02T13:17:00","guid":{"rendered":"https:\/\/gradski.me\/?p=903980"},"modified":"2026-01-02T14:17:00","modified_gmt":"2026-01-02T13:17:00","slug":"janovic-dio-partija-vlasti-radikalizacijom-pokusava-da-mobilise-clanstvo-2","status":"publish","type":"post","link":"https:\/\/dmcsrb.com\/en\/politika\/janovic-dio-partija-vlasti-radikalizacijom-pokusava-da-mobilise-clanstvo-2\/","title":{"rendered":"Janovi\u0107: Dio partija vlasti radikalizacijom poku\u0161ava da mobili\u0161e \u010dlanstvo"},"content":{"rendered":"<p><\/p>\n\n\n\n<p>Janovi\u0107 je, u intervjuu agenciji MINA, rekao da vjeruje da Crna Gora mo\u017ee iskoristiti povoljnu politi\u010dku klimu unutar Evropska unije (EU) i postati \u010dlanica u narednih nekoliko godina, ukoliko politi\u010dari budu zajedni\u010dki rje\u0161avali otvorena pitanja i budu odgovorni prema svojim obavezama.&nbsp;<\/p>\n\n\n\n<p>On je upozorio da \u0107e, ako ne bude takve vrste politi\u010dkog dogovora i odgovornosti, taj cilj biti daleko.&nbsp;<\/p>\n\n\n\n<p>\u201eNa\u017ealost, pla\u0161im se da dio partija koje \u010dine vladaju\u0107u koaliciju ve\u0107 zauzima startnu poziciju za naredne izbore i poku\u0161ava da radikalizacijom mobili\u0161e svoje \u010dlanstvo. To se prije svega odnosi na otvaranje starih identitetskih pitanja koja su i do sada odvla\u010dila pa\u017enju gra\u0111ana od onoga \u0161to je puno va\u017enije &#8211; ekonomskog boljitka svih nas\u201c, kazao je Janovi\u0107.<\/p>\n\n\n\n<p>On je, govore\u0107i o klju\u010dnim reformama, rekao da \u0107e prijem Crne Gore u EU zavisiti prije svega od dosljednog ispunjavanja obaveza iz poglavlja 23 i 24.&nbsp;<\/p>\n\n\n\n<p>\u201eU pitanju je, ne samo usvajanje dobrih zakona, nego i njihovo kvalitetno sprovo\u0111enje, a to je mogu\u0107e samo ako imamo istovremeno sinergiju sve tri grane vlasti \u2013 zakonodavne, izvr\u0161ne i sudske\u201c, rekao je Janovi\u0107.&nbsp;<\/p>\n\n\n\n<p>Kako je naveo, ako bilo koja od tri grane vlasti ne bude na visini zadatka, put Crne Gore prema EU, i pored politi\u010dke volje \u010dlanica, bi\u0107e usporen.&nbsp;<\/p>\n\n\n\n<p>\u201eNe treba zaboraviti da vladavina zakona podrazumijeva jednakost gra\u0111ana pred zakonom. Da budem do kraja jasan: pravila i zakoni moraju da va\u017ee jednako za sve i ne smiju da zavise od politi\u010dke volje partija na vlasti\u201c, istakao je Janovi\u0107.<\/p>\n\n\n\n<p>Upitan razmi\u0161lja li o osnivanju nove politi\u010dke partije, on je odgovorio da odluka da i dalje nastavi da se bavi politikom pokazuje da i ta mogu\u0107nost postoji.<\/p>\n\n\n\n<p>\u201eDa li \u0107e se to desiti, u kojoj politi\u010dkoj formi ili obliku, kao i svi drugi detalji, zavisi\u0107e od procjene mogu\u0107nosti i ambijenta\u201c, dodao je Janovi\u0107.&nbsp;<\/p>\n\n\n\n<p>On je istakao da je svoje ime izgradio prije ulaska u politiku, da je ostvaren li\u010dno i profesionalno, pa nema potrebu da se ikome pravda ili dokazuje.&nbsp;<\/p>\n\n\n\n<p>Janovi\u0107 je naglasio da je jedino \u0161to ga zanima &#8211; da Crnoj Gori i gra\u0111anima bude bolje.&nbsp;<\/p>\n\n\n\n<p>\u201eJednako kao dok sam kao kapiten predvodio na\u0161u reprezentaciju do uspjeha i uvijek vodio ra\u010duna da svojim izjavama ne dijelim nego spajam ljude. Nakon svake na\u0161e sportske pobjede ponosno sam izjavljivao da je to pobjeda cijele Crne Gore i svih njenih gra\u0111ana\u201c, rekao je Janovi\u0107 i dodao da je zato, kao ministar i sada poslanik, uvijek znao koliko je va\u017eno slati takve poruke.&nbsp;<\/p>\n\n\n\n<p>On smatra da je Crna Gora danas u problemu.&nbsp;<\/p>\n\n\n\n<p>\u201eSa jedne strane imamo dramati\u010dni populizam, bujanje nacionalizma, osje\u0107aj nestabilnosti kod gra\u0111ana, blamiranje i neozbiljnost institucija, vrijednosno propadanje, a sa druge politiku koja ne daje rezultate, bez strategije i cilja\u201c, smatra Janovi\u0107.&nbsp;<\/p>\n\n\n\n<p>On je kazao da se uvijek borio na fer na\u010din, svjestan da se rezultati ra\u010dunaju, i dodao da razumije da ljudi koji su se samo bavili politikom i iza kojih ne stoje realni rezultati, bez obzira iz koje partije dolaze, te\u0161ko mogu to da razumiju.&nbsp;<\/p>\n\n\n\n<p>\u201eZato smatram da politikom treba da se bavimo na druga\u010diji na\u010din i sa vi\u0161e li\u010dne i profesionalne odgovornosti. Iza pri\u010de mora stajati integritet li\u010dnosti i integritet politi\u010dke ponude\u201c, naglasio je Janovi\u0107.&nbsp;<\/p>\n\n\n\n<p>On je poru\u010dio da \u0107e svako ko \u017eeli da Crna Gora ide naprijed i pobje\u0111uje u njemu imati saveznika, dok je, kako je dodao, spreman da \u201estane na crtu\u201c svakom ko to ne \u017eeli.<\/p>\n\n\n\n<p>Janovi\u0107 je, govore\u0107i o djelovanju u parlamentu kao nezavisni poslanik, rekao da vjeruje da je i do sada pokazao odgovoran odnos prema poslani\u010dkim obavezama na plenarnim sjednicama i u radu skup\u0161tinskih odbora.&nbsp;<\/p>\n\n\n\n<p>\u201eVa\u017eno je da probleme jasno defini\u0161emo i da ih rje\u0161avamo. Sve \u0161to sam smatrao ranije, smatram i danas, ni za milimetar svoja stanovi\u0161ta i pogled na vrijednosti va\u017ene za na\u0161e dru\u0161tvo i dr\u017eavu nijesam promijenio, niti imam namjeru\u201c, rekao je Janovi\u0107.&nbsp;<\/p>\n\n\n\n<p>On je poru\u010dio da \u0107e se prema svemu \u0161to smatra va\u017enim za napredak Crne Gore, njene interese i interese gra\u0111ana, bez obzira da li predlozi dolaze od vlasti ili opozicije, odnijeti odgovorno i sa du\u017enom pa\u017enjom.&nbsp;<\/p>\n\n\n\n<p>Janovi\u0107 smatra da na\u010din na koji je funkcionisao parlament krajem godine &#8211; ogroman broj zakona koji su prolazili skup\u0161tinsku proceduru bez mogu\u0107nosti prave rasprave i potom i\u0161li na glasanje, govori o neodgovornosti, bahatosti i spremnosti vlasti da zloupotrijebi \u010dinjenicu da imaju opoziciju koja \u017eeli Crnu Goru u EU.&nbsp;<\/p>\n\n\n\n<p>\u201eZakoni se usvajaju na brzinu zbog kratkog vremena koje je ostavljeno, i zato sa jedne strane gubimo na kvalitetu, a sa druge kod gra\u0111ana stvaramo utisak neozbiljnosti\u201c, dodao je Janovi\u0107.&nbsp;<\/p>\n\n\n\n<p>On je upitao da li iko smatra da je bilo koji poslanik u Skup\u0161tini u stanju da pro\u010dita, sagleda i ozbiljno se odnese prema desetinama zakonskih predloga koji su ostavljeni za par dana pred kraj godine.&nbsp;<\/p>\n\n\n\n<p>\u201eKada se tu dodaju i amandmani sa kojim se ti isti predlozi zakona su\u0161tinski mijenjaju u posljednjem trenutku da bi se interes neke partije vlasti ili nekog iz vlasti &#8220;zavr\u0161io&#8221;, a sve pod pla\u0161tom ubrzavanja na\u0161eg puta ka EU, onda je definitivno jasno u kakvom problemu se danas nalazimo\u201c, kazao je Janovi\u0107.&nbsp;<\/p>\n\n\n\n<p>Kako je istakao, aktuelna vlast je u dosada\u0161njem radu pokazala da nije dorasla brojnim izazovima koji su se na\u0161li pred dr\u017eavom.&nbsp;<\/p>\n\n\n\n<p>Janovi\u0107 je naveo da su nova zadu\u017eivanja, nerealna obe\u0107anja, velika ka\u0161njenja sa realizacijom infrastrukturnih objekata, ga\u0161enja nacionalnih kompanija, koketiranje sa istorijskim revizionizmom i uru\u0161avanje vrijednosti na kojima po\u010diva crnogorsko drustvo, osnovna obilje\u017eja najglomaznije Vlade u istoriji Crne Gore.&nbsp;<\/p>\n\n\n\n<p>\u201eTe\u0161ko da mo\u017eemo pobrojati sve proma\u0161aje, bez obzira na \u010dinjenicu da smo zatvorili pet poglavlja u posljednjem trenutku, manje na\u0161om zaslugom, a vi\u0161e zbog \u010dinjenice da nas EU o\u010digledno nosi na le\u0111ima do \u010dlanstva\u201c, rekao je Janovi\u0107.&nbsp;<\/p>\n\n\n\n<p>On je naglasio da sve to, kao i proma\u0161aji bez bilo kakve odgovornosti, govore da je jako va\u017eno kakva \u0107e Crna Gora uop\u0161te sti\u0107i do EU, ako se tako nastavi.&nbsp;<\/p>\n\n\n\n<p>Janovi\u0107 je rekao da \u0107e kao nezavisni poslanik djelovati samostalno, kao opozicioni poslanik, navode\u0107i da, bez obzira na sve lo\u0161e \u0161to rade partije na vlasti, i opozicija ima dio odgovornost za ono \u0161to se de\u0161ava u crnogorskom dru\u0161tvu.<\/p>","protected":false},"excerpt":{"rendered":"<p>Dio partija vladaju\u0107e koalicije ve\u0107 zauzima startnu poziciju za naredne izbore i poku\u0161ava da radikalizacijom mobili\u0161e svoje \u010dlanstvo, otvaranjem identitetskih pitanja koja odvla\u010de pa\u017enju gra\u0111ana sa va\u017enijih stvari, ocijenio je nezavisni poslanik Nikola Janovi\u0107.<\/p>","protected":false},"author":1,"featured_media":782065,"comment_status":"open","ping_status":"open","sticky":false,"template":"","format":"standard","meta":{"_acf_changed":false,"footnotes":""},"categories":[12],"tags":[1140],"naslovna":[],"class_list":["post-903980","post","type-post","status-publish","format-standard","has-post-thumbnail","hentry","category-politika","tag-nikola-janovic"],"acf":[],"yoast_head":"<!-- This site is optimized with the Yoast SEO plugin v27.4 - https:\/\/yoast.com\/product\/yoast-seo-wordpress\/ -->\n<title>Janovi\u0107: Dio partija vlasti radikalizacijom poku\u0161ava da mobili\u0161e \u010dlanstvo - dmcsrb.com<\/title>\n<meta name=\"robots\" content=\"index, follow, max-snippet:-1, max-image-preview:large, max-video-preview:-1\" \/>\n<link rel=\"canonical\" href=\"https:\/\/dmcsrb.com\/en\/politika\/janovic-dio-partija-vlasti-radikalizacijom-pokusava-da-mobilise-clanstvo-2\/\" \/>\n<meta property=\"og:locale\" content=\"en_GB\" \/>\n<meta property=\"og:type\" content=\"article\" \/>\n<meta property=\"og:title\" content=\"Janovi\u0107: Dio partija vlasti radikalizacijom poku\u0161ava da mobili\u0161e \u010dlanstvo - dmcsrb.com\" \/>\n<meta property=\"og:description\" content=\"Dio partija vladaju\u0107e koalicije ve\u0107 zauzima startnu poziciju za naredne izbore i poku\u0161ava da radikalizacijom mobili\u0161e svoje \u010dlanstvo, otvaranjem identitetskih pitanja koja odvla\u010de pa\u017enju gra\u0111ana sa va\u017enijih stvari, ocijenio je nezavisni poslanik Nikola Janovi\u0107.\" \/>\n<meta property=\"og:url\" content=\"https:\/\/dmcsrb.com\/en\/politika\/janovic-dio-partija-vlasti-radikalizacijom-pokusava-da-mobilise-clanstvo-2\/\" \/>\n<meta property=\"og:site_name\" content=\"dmcsrb.com\" \/>\n<meta property=\"article:published_time\" content=\"2026-01-02T13:17:00+00:00\" \/>\n<meta property=\"og:image\" content=\"https:\/\/dmcsrb.com\/wp-content\/uploads\/2025\/06\/Nikola-Janovic.jpg\" \/>\n\t<meta property=\"og:image:width\" content=\"1833\" \/>\n\t<meta property=\"og:image:height\" content=\"882\" \/>\n\t<meta property=\"og:image:type\" content=\"image\/jpeg\" \/>\n<meta name=\"author\" content=\"dmcsrbija.com@gmail.com\" \/>\n<meta name=\"twitter:card\" content=\"summary_large_image\" \/>\n<meta name=\"twitter:label1\" content=\"Written by\" \/>\n\t<meta name=\"twitter:data1\" content=\"dmcsrbija.com@gmail.com\" \/>\n\t<meta name=\"twitter:label2\" content=\"Estimated reading time\" \/>\n\t<meta name=\"twitter:data2\" content=\"6 minutes\" \/>\n<script type=\"application\/ld+json\" class=\"yoast-schema-graph\">{\"@context\":\"https:\\\/\\\/schema.org\",\"@graph\":[{\"@type\":\"Article\",\"@id\":\"https:\\\/\\\/dmcsrb.com\\\/politika\\\/janovic-dio-partija-vlasti-radikalizacijom-pokusava-da-mobilise-clanstvo-2\\\/#article\",\"isPartOf\":{\"@id\":\"https:\\\/\\\/dmcsrb.com\\\/politika\\\/janovic-dio-partija-vlasti-radikalizacijom-pokusava-da-mobilise-clanstvo-2\\\/\"},\"author\":{\"name\":\"dmcsrbija.com@gmail.com\",\"@id\":\"https:\\\/\\\/dmcsrb.com\\\/#\\\/schema\\\/person\\\/5c39170f12db1b8b457732d0b5c854e2\"},\"headline\":\"Janovi\u0107: Dio partija vlasti radikalizacijom poku\u0161ava da mobili\u0161e \u010dlanstvo\",\"datePublished\":\"2026-01-02T13:17:00+00:00\",\"mainEntityOfPage\":{\"@id\":\"https:\\\/\\\/dmcsrb.com\\\/politika\\\/janovic-dio-partija-vlasti-radikalizacijom-pokusava-da-mobilise-clanstvo-2\\\/\"},\"wordCount\":1128,\"commentCount\":0,\"image\":{\"@id\":\"https:\\\/\\\/dmcsrb.com\\\/politika\\\/janovic-dio-partija-vlasti-radikalizacijom-pokusava-da-mobilise-clanstvo-2\\\/#primaryimage\"},\"thumbnailUrl\":\"https:\\\/\\\/dmcsrb.com\\\/wp-content\\\/uploads\\\/2025\\\/06\\\/Nikola-Janovic.jpg\",\"keywords\":[\"Nikola Janovi\u0107\"],\"articleSection\":[\"Politika\"],\"inLanguage\":\"en-GB\",\"potentialAction\":[{\"@type\":\"CommentAction\",\"name\":\"Comment\",\"target\":[\"https:\\\/\\\/dmcsrb.com\\\/politika\\\/janovic-dio-partija-vlasti-radikalizacijom-pokusava-da-mobilise-clanstvo-2\\\/#respond\"]}]},{\"@type\":\"WebPage\",\"@id\":\"https:\\\/\\\/dmcsrb.com\\\/politika\\\/janovic-dio-partija-vlasti-radikalizacijom-pokusava-da-mobilise-clanstvo-2\\\/\",\"url\":\"https:\\\/\\\/dmcsrb.com\\\/politika\\\/janovic-dio-partija-vlasti-radikalizacijom-pokusava-da-mobilise-clanstvo-2\\\/\",\"name\":\"Janovi\u0107: Dio partija vlasti radikalizacijom poku\u0161ava da mobili\u0161e \u010dlanstvo - dmcsrb.com\",\"isPartOf\":{\"@id\":\"https:\\\/\\\/dmcsrb.com\\\/#website\"},\"primaryImageOfPage\":{\"@id\":\"https:\\\/\\\/dmcsrb.com\\\/politika\\\/janovic-dio-partija-vlasti-radikalizacijom-pokusava-da-mobilise-clanstvo-2\\\/#primaryimage\"},\"image\":{\"@id\":\"https:\\\/\\\/dmcsrb.com\\\/politika\\\/janovic-dio-partija-vlasti-radikalizacijom-pokusava-da-mobilise-clanstvo-2\\\/#primaryimage\"},\"thumbnailUrl\":\"https:\\\/\\\/dmcsrb.com\\\/wp-content\\\/uploads\\\/2025\\\/06\\\/Nikola-Janovic.jpg\",\"datePublished\":\"2026-01-02T13:17:00+00:00\",\"author\":{\"@id\":\"https:\\\/\\\/dmcsrb.com\\\/#\\\/schema\\\/person\\\/5c39170f12db1b8b457732d0b5c854e2\"},\"breadcrumb\":{\"@id\":\"https:\\\/\\\/dmcsrb.com\\\/politika\\\/janovic-dio-partija-vlasti-radikalizacijom-pokusava-da-mobilise-clanstvo-2\\\/#breadcrumb\"},\"inLanguage\":\"en-GB\",\"potentialAction\":[{\"@type\":\"ReadAction\",\"target\":[\"https:\\\/\\\/dmcsrb.com\\\/politika\\\/janovic-dio-partija-vlasti-radikalizacijom-pokusava-da-mobilise-clanstvo-2\\\/\"]}]},{\"@type\":\"ImageObject\",\"inLanguage\":\"en-GB\",\"@id\":\"https:\\\/\\\/dmcsrb.com\\\/politika\\\/janovic-dio-partija-vlasti-radikalizacijom-pokusava-da-mobilise-clanstvo-2\\\/#primaryimage\",\"url\":\"https:\\\/\\\/dmcsrb.com\\\/wp-content\\\/uploads\\\/2025\\\/06\\\/Nikola-Janovic.jpg\",\"contentUrl\":\"https:\\\/\\\/dmcsrb.com\\\/wp-content\\\/uploads\\\/2025\\\/06\\\/Nikola-Janovic.jpg\",\"width\":1833,\"height\":882,\"caption\":\"Foto: Gradski.me\"},{\"@type\":\"BreadcrumbList\",\"@id\":\"https:\\\/\\\/dmcsrb.com\\\/politika\\\/janovic-dio-partija-vlasti-radikalizacijom-pokusava-da-mobilise-clanstvo-2\\\/#breadcrumb\",\"itemListElement\":[{\"@type\":\"ListItem\",\"position\":1,\"name\":\"Home\",\"item\":\"https:\\\/\\\/dmcsrb.com\\\/\"},{\"@type\":\"ListItem\",\"position\":2,\"name\":\"Janovi\u0107: Dio partija vlasti radikalizacijom poku\u0161ava da mobili\u0161e \u010dlanstvo\"}]},{\"@type\":\"WebSite\",\"@id\":\"https:\\\/\\\/dmcsrb.com\\\/#website\",\"url\":\"https:\\\/\\\/dmcsrb.com\\\/\",\"name\":\"dmcsrb.com\",\"description\":\"\",\"potentialAction\":[{\"@type\":\"SearchAction\",\"target\":{\"@type\":\"EntryPoint\",\"urlTemplate\":\"https:\\\/\\\/dmcsrb.com\\\/?s={search_term_string}\"},\"query-input\":{\"@type\":\"PropertyValueSpecification\",\"valueRequired\":true,\"valueName\":\"search_term_string\"}}],\"inLanguage\":\"en-GB\"},{\"@type\":\"Person\",\"@id\":\"https:\\\/\\\/dmcsrb.com\\\/#\\\/schema\\\/person\\\/5c39170f12db1b8b457732d0b5c854e2\",\"name\":\"dmcsrbija.com@gmail.com\",\"image\":{\"@type\":\"ImageObject\",\"inLanguage\":\"en-GB\",\"@id\":\"https:\\\/\\\/secure.gravatar.com\\\/avatar\\\/68592660ad6347fad0fb587f8d5d8f1a7b44961362f56e4f2cd524feb87e9069?s=96&d=mm&r=g\",\"url\":\"https:\\\/\\\/secure.gravatar.com\\\/avatar\\\/68592660ad6347fad0fb587f8d5d8f1a7b44961362f56e4f2cd524feb87e9069?s=96&d=mm&r=g\",\"contentUrl\":\"https:\\\/\\\/secure.gravatar.com\\\/avatar\\\/68592660ad6347fad0fb587f8d5d8f1a7b44961362f56e4f2cd524feb87e9069?s=96&d=mm&r=g\",\"caption\":\"dmcsrbija.com@gmail.com\"},\"sameAs\":[\"https:\\\/\\\/dmcsrb.com\"],\"url\":\"https:\\\/\\\/dmcsrb.com\\\/en\\\/author\\\/dmcsrbija-comgmail-com\\\/\"}]}<\/script>\n<!-- \/ Yoast SEO plugin. -->","yoast_head_json":{"title":"Janovi\u0107: Dio partija vlasti radikalizacijom poku\u0161ava da mobili\u0161e \u010dlanstvo - dmcsrb.com","robots":{"index":"index","follow":"follow","max-snippet":"max-snippet:-1","max-image-preview":"max-image-preview:large","max-video-preview":"max-video-preview:-1"},"canonical":"https:\/\/dmcsrb.com\/en\/politika\/janovic-dio-partija-vlasti-radikalizacijom-pokusava-da-mobilise-clanstvo-2\/","og_locale":"en_GB","og_type":"article","og_title":"Janovi\u0107: Dio partija vlasti radikalizacijom poku\u0161ava da mobili\u0161e \u010dlanstvo - dmcsrb.com","og_description":"Dio partija vladaju\u0107e koalicije ve\u0107 zauzima startnu poziciju za naredne izbore i poku\u0161ava da radikalizacijom mobili\u0161e svoje \u010dlanstvo, otvaranjem identitetskih pitanja koja odvla\u010de pa\u017enju gra\u0111ana sa va\u017enijih stvari, ocijenio je nezavisni poslanik Nikola Janovi\u0107.","og_url":"https:\/\/dmcsrb.com\/en\/politika\/janovic-dio-partija-vlasti-radikalizacijom-pokusava-da-mobilise-clanstvo-2\/","og_site_name":"dmcsrb.com","article_published_time":"2026-01-02T13:17:00+00:00","og_image":[{"width":1833,"height":882,"url":"https:\/\/dmcsrb.com\/wp-content\/uploads\/2025\/06\/Nikola-Janovic.jpg","type":"image\/jpeg"}],"author":"dmcsrbija.com@gmail.com","twitter_card":"summary_large_image","twitter_misc":{"Written by":"dmcsrbija.com@gmail.com","Estimated reading time":"6 minutes"},"schema":{"@context":"https:\/\/schema.org","@graph":[{"@type":"Article","@id":"https:\/\/dmcsrb.com\/politika\/janovic-dio-partija-vlasti-radikalizacijom-pokusava-da-mobilise-clanstvo-2\/#article","isPartOf":{"@id":"https:\/\/dmcsrb.com\/politika\/janovic-dio-partija-vlasti-radikalizacijom-pokusava-da-mobilise-clanstvo-2\/"},"author":{"name":"dmcsrbija.com@gmail.com","@id":"https:\/\/dmcsrb.com\/#\/schema\/person\/5c39170f12db1b8b457732d0b5c854e2"},"headline":"Janovi\u0107: Dio partija vlasti radikalizacijom poku\u0161ava da mobili\u0161e \u010dlanstvo","datePublished":"2026-01-02T13:17:00+00:00","mainEntityOfPage":{"@id":"https:\/\/dmcsrb.com\/politika\/janovic-dio-partija-vlasti-radikalizacijom-pokusava-da-mobilise-clanstvo-2\/"},"wordCount":1128,"commentCount":0,"image":{"@id":"https:\/\/dmcsrb.com\/politika\/janovic-dio-partija-vlasti-radikalizacijom-pokusava-da-mobilise-clanstvo-2\/#primaryimage"},"thumbnailUrl":"https:\/\/dmcsrb.com\/wp-content\/uploads\/2025\/06\/Nikola-Janovic.jpg","keywords":["Nikola Janovi\u0107"],"articleSection":["Politika"],"inLanguage":"en-GB","potentialAction":[{"@type":"CommentAction","name":"Comment","target":["https:\/\/dmcsrb.com\/politika\/janovic-dio-partija-vlasti-radikalizacijom-pokusava-da-mobilise-clanstvo-2\/#respond"]}]},{"@type":"WebPage","@id":"https:\/\/dmcsrb.com\/politika\/janovic-dio-partija-vlasti-radikalizacijom-pokusava-da-mobilise-clanstvo-2\/","url":"https:\/\/dmcsrb.com\/politika\/janovic-dio-partija-vlasti-radikalizacijom-pokusava-da-mobilise-clanstvo-2\/","name":"Janovi\u0107: Dio partija vlasti radikalizacijom poku\u0161ava da mobili\u0161e \u010dlanstvo - dmcsrb.com","isPartOf":{"@id":"https:\/\/dmcsrb.com\/#website"},"primaryImageOfPage":{"@id":"https:\/\/dmcsrb.com\/politika\/janovic-dio-partija-vlasti-radikalizacijom-pokusava-da-mobilise-clanstvo-2\/#primaryimage"},"image":{"@id":"https:\/\/dmcsrb.com\/politika\/janovic-dio-partija-vlasti-radikalizacijom-pokusava-da-mobilise-clanstvo-2\/#primaryimage"},"thumbnailUrl":"https:\/\/dmcsrb.com\/wp-content\/uploads\/2025\/06\/Nikola-Janovic.jpg","datePublished":"2026-01-02T13:17:00+00:00","author":{"@id":"https:\/\/dmcsrb.com\/#\/schema\/person\/5c39170f12db1b8b457732d0b5c854e2"},"breadcrumb":{"@id":"https:\/\/dmcsrb.com\/politika\/janovic-dio-partija-vlasti-radikalizacijom-pokusava-da-mobilise-clanstvo-2\/#breadcrumb"},"inLanguage":"en-GB","potentialAction":[{"@type":"ReadAction","target":["https:\/\/dmcsrb.com\/politika\/janovic-dio-partija-vlasti-radikalizacijom-pokusava-da-mobilise-clanstvo-2\/"]}]},{"@type":"ImageObject","inLanguage":"en-GB","@id":"https:\/\/dmcsrb.com\/politika\/janovic-dio-partija-vlasti-radikalizacijom-pokusava-da-mobilise-clanstvo-2\/#primaryimage","url":"https:\/\/dmcsrb.com\/wp-content\/uploads\/2025\/06\/Nikola-Janovic.jpg","contentUrl":"https:\/\/dmcsrb.com\/wp-content\/uploads\/2025\/06\/Nikola-Janovic.jpg","width":1833,"height":882,"caption":"Foto: Gradski.me"},{"@type":"BreadcrumbList","@id":"https:\/\/dmcsrb.com\/politika\/janovic-dio-partija-vlasti-radikalizacijom-pokusava-da-mobilise-clanstvo-2\/#breadcrumb","itemListElement":[{"@type":"ListItem","position":1,"name":"Home","item":"https:\/\/dmcsrb.com\/"},{"@type":"ListItem","position":2,"name":"Janovi\u0107: Dio partija vlasti radikalizacijom poku\u0161ava da mobili\u0161e \u010dlanstvo"}]},{"@type":"WebSite","@id":"https:\/\/dmcsrb.com\/#website","url":"https:\/\/dmcsrb.com\/","name":"dmcsrb.com","description":"","potentialAction":[{"@type":"SearchAction","target":{"@type":"EntryPoint","urlTemplate":"https:\/\/dmcsrb.com\/?s={search_term_string}"},"query-input":{"@type":"PropertyValueSpecification","valueRequired":true,"valueName":"search_term_string"}}],"inLanguage":"en-GB"},{"@type":"Person","@id":"https:\/\/dmcsrb.com\/#\/schema\/person\/5c39170f12db1b8b457732d0b5c854e2","name":"dmcsrbija.com@gmail.com","image":{"@type":"ImageObject","inLanguage":"en-GB","@id":"https:\/\/secure.gravatar.com\/avatar\/68592660ad6347fad0fb587f8d5d8f1a7b44961362f56e4f2cd524feb87e9069?s=96&d=mm&r=g","url":"https:\/\/secure.gravatar.com\/avatar\/68592660ad6347fad0fb587f8d5d8f1a7b44961362f56e4f2cd524feb87e9069?s=96&d=mm&r=g","contentUrl":"https:\/\/secure.gravatar.com\/avatar\/68592660ad6347fad0fb587f8d5d8f1a7b44961362f56e4f2cd524feb87e9069?s=96&d=mm&r=g","caption":"dmcsrbija.com@gmail.com"},"sameAs":["https:\/\/dmcsrb.com"],"url":"https:\/\/dmcsrb.com\/en\/author\/dmcsrbija-comgmail-com\/"}]}},"_links":{"self":[{"href":"https:\/\/dmcsrb.com\/en\/wp-json\/wp\/v2\/posts\/903980","targetHints":{"allow":["GET"]}}],"collection":[{"href":"https:\/\/dmcsrb.com\/en\/wp-json\/wp\/v2\/posts"}],"about":[{"href":"https:\/\/dmcsrb.com\/en\/wp-json\/wp\/v2\/types\/post"}],"author":[{"embeddable":true,"href":"https:\/\/dmcsrb.com\/en\/wp-json\/wp\/v2\/users\/1"}],"replies":[{"embeddable":true,"href":"https:\/\/dmcsrb.com\/en\/wp-json\/wp\/v2\/comments?post=903980"}],"version-history":[{"count":0,"href":"https:\/\/dmcsrb.com\/en\/wp-json\/wp\/v2\/posts\/903980\/revisions"}],"wp:featuredmedia":[{"embeddable":true,"href":"https:\/\/dmcsrb.com\/en\/wp-json\/wp\/v2\/media\/782065"}],"wp:attachment":[{"href":"https:\/\/dmcsrb.com\/en\/wp-json\/wp\/v2\/media?parent=903980"}],"wp:term":[{"taxonomy":"category","embeddable":true,"href":"https:\/\/dmcsrb.com\/en\/wp-json\/wp\/v2\/categories?post=903980"},{"taxonomy":"post_tag","embeddable":true,"href":"https:\/\/dmcsrb.com\/en\/wp-json\/wp\/v2\/tags?post=903980"},{"taxonomy":"naslovna","embeddable":true,"href":"https:\/\/dmcsrb.com\/en\/wp-json\/wp\/v2\/naslovna?post=903980"}],"curies":[{"name":"wp","href":"https:\/\/api.w.org\/{rel}","templated":true}]}}