{"id":903754,"date":"2026-01-01T17:34:00","date_gmt":"2026-01-01T16:34:00","guid":{"rendered":"https:\/\/gradski.me\/?p=903754"},"modified":"2026-01-01T17:34:00","modified_gmt":"2026-01-01T16:34:00","slug":"novogodisnja-noc-u-skoplju-dijete-ranjeno-u-glavu-ubijen-turcin-2","status":"publish","type":"post","link":"https:\/\/dmcsrb.com\/en\/region\/novogodisnja-noc-u-skoplju-dijete-ranjeno-u-glavu-ubijen-turcin-2\/","title":{"rendered":"Novogodi\u0161nja no\u0107 u Skoplju: Dijete ranjeno u glavu, ubijen Tur\u010din"},"content":{"rendered":"<p><\/p>\n\n\n\n<p>Hitne slu\u017ebe su u Skoplju intervenisale i u osam slu\u010dajeva fizi\u010dkog napada, gdje je \u0161est osoba zadobilo lak\u0161e povrede, uklju\u010duju\u0107i jednog pacijenta sa povr\u0161inskom ubodnom ranom na le\u0111ima.<\/p>\n\n\n\n<p>Bila je to te\u0161ka no\u0107 sa skopske bolnice Hirur\u0161ke klinike u Skoplju koje su imale puno vi\u0161e posla u odnosu na prethdone godine. Ljekari ukazuju da je ve\u0107ina slu\u010dajeva od pro\u0161le no\u0107i povezana sa pretjeranim konzumiranjem alkohola.\u2003<\/p>\n\n\n\n<p>Najozbiljniji incident je prijem dvogodi\u0161njeg djeteta na odjeljenje intenzivne njege sa prostrelnom ranom glave od vatrenog oru\u017eja, \u010diji identitet i okolnosti povre\u0111ivanja jo\u0161 nisu zvani\u010dno saop\u0161teni.<\/p>\n\n\n\n<p>Dijete je u \u017eivotnoj opasnosti, kao i tridesetogodi\u0161nji mu\u0161karac koji je prona\u0111en nakon pada sa visine u oblasti Bunjakovca i odmah je podvrgnut hitnoj operaciji ki\u010dme.<\/p>\n\n\n\n<p>Slu\u010daj je potvrdio i ministar unutra\u0161njih poslova, Pan\u010de To\u0161kovski.<\/p>\n\n\n\n<p>&#8220;Dvogodi\u0161nje dijete je te\u0161ko povrije\u0111eno i njegov \u017eivot je u opasnosti. U pitanju je metalni fragment, ali u ovom trenutku ne mo\u017eemo sa sigurno\u0161\u0107u re\u0107i kako je ta\u010dno do\u0161lo do povrede&#8221;, rekao je on na konferenciji za novinare, prenosi Tanjug.<\/p>\n\n\n\n<p>To\u0161kovski je tako\u0111e rekao da je jedna osoba poginula, a druga te\u0161ko povrije\u0111ena u incidentu koji se dogodio na skopskoj \u010dar\u0161iji. \u017drtva je turski dr\u017eavljanin, a ubistvo je po\u010dinjeno o\u0161trim predmetom, prenijeli su skopski mediji.<\/p>","protected":false},"excerpt":{"rendered":"<p>Dvogodi\u0161nje dijete sa prostrelnom ranom glave i 20 povrije\u0111enih pirotehni\u010dkim sredstvima primljeno je tokom novogodi\u0161nje no\u0107i u skopske bolnice, a jedan dr\u017eavljanin Turske je smrtno stradao na skopskoj \u010dar\u0161iji.<\/p>","protected":false},"author":1,"featured_media":903755,"comment_status":"open","ping_status":"open","sticky":false,"template":"","format":"standard","meta":{"_acf_changed":false,"footnotes":""},"categories":[103],"tags":[5294,2846],"naslovna":[],"class_list":["post-903754","post","type-post","status-publish","format-standard","has-post-thumbnail","hentry","category-region","tag-makedonija","tag-skoplje"],"acf":[],"yoast_head":"<!-- This site is optimized with the Yoast SEO plugin v27.0 - https:\/\/yoast.com\/product\/yoast-seo-wordpress\/ -->\n<title>Novogodi\u0161nja no\u0107 u Skoplju: Dijete ranjeno u glavu, ubijen Tur\u010din - dmcsrb.com<\/title>\n<meta name=\"robots\" content=\"index, follow, max-snippet:-1, max-image-preview:large, max-video-preview:-1\" \/>\n<link rel=\"canonical\" href=\"https:\/\/dmcsrb.com\/en\/region\/novogodisnja-noc-u-skoplju-dijete-ranjeno-u-glavu-ubijen-turcin-2\/\" \/>\n<meta property=\"og:locale\" content=\"en_GB\" \/>\n<meta property=\"og:type\" content=\"article\" \/>\n<meta property=\"og:title\" content=\"Novogodi\u0161nja no\u0107 u Skoplju: Dijete ranjeno u glavu, ubijen Tur\u010din - dmcsrb.com\" \/>\n<meta property=\"og:description\" content=\"Dvogodi\u0161nje dijete sa prostrelnom ranom glave i 20 povrije\u0111enih pirotehni\u010dkim sredstvima primljeno je tokom novogodi\u0161nje no\u0107i u skopske bolnice, a jedan dr\u017eavljanin Turske je smrtno stradao na skopskoj \u010dar\u0161iji.\" \/>\n<meta property=\"og:url\" content=\"https:\/\/dmcsrb.com\/en\/region\/novogodisnja-noc-u-skoplju-dijete-ranjeno-u-glavu-ubijen-turcin-2\/\" \/>\n<meta property=\"og:site_name\" content=\"dmcsrb.com\" \/>\n<meta property=\"article:published_time\" content=\"2026-01-01T16:34:00+00:00\" \/>\n<meta property=\"og:image\" content=\"https:\/\/dmcsrb.com\/wp-content\/uploads\/2026\/01\/skopje-4733697_1280-1.jpg\" \/>\n\t<meta property=\"og:image:width\" content=\"1280\" \/>\n\t<meta property=\"og:image:height\" content=\"853\" \/>\n\t<meta property=\"og:image:type\" content=\"image\/jpeg\" \/>\n<meta name=\"author\" content=\"dmcsrbija.com@gmail.com\" \/>\n<meta name=\"twitter:card\" content=\"summary_large_image\" \/>\n<meta name=\"twitter:label1\" content=\"Written by\" \/>\n\t<meta name=\"twitter:data1\" content=\"dmcsrbija.com@gmail.com\" \/>\n\t<meta name=\"twitter:label2\" content=\"Estimated reading time\" \/>\n\t<meta name=\"twitter:data2\" content=\"1 minute\" \/>\n<script type=\"application\/ld+json\" class=\"yoast-schema-graph\">{\"@context\":\"https:\/\/schema.org\",\"@graph\":[{\"@type\":\"Article\",\"@id\":\"https:\/\/dmcsrb.com\/region\/novogodisnja-noc-u-skoplju-dijete-ranjeno-u-glavu-ubijen-turcin-2\/#article\",\"isPartOf\":{\"@id\":\"https:\/\/dmcsrb.com\/region\/novogodisnja-noc-u-skoplju-dijete-ranjeno-u-glavu-ubijen-turcin-2\/\"},\"author\":{\"name\":\"dmcsrbija.com@gmail.com\",\"@id\":\"https:\/\/dmcsrb.com\/#\/schema\/person\/5c39170f12db1b8b457732d0b5c854e2\"},\"headline\":\"Novogodi\u0161nja no\u0107 u Skoplju: Dijete ranjeno u glavu, ubijen Tur\u010din\",\"datePublished\":\"2026-01-01T16:34:00+00:00\",\"mainEntityOfPage\":{\"@id\":\"https:\/\/dmcsrb.com\/region\/novogodisnja-noc-u-skoplju-dijete-ranjeno-u-glavu-ubijen-turcin-2\/\"},\"wordCount\":257,\"commentCount\":0,\"image\":{\"@id\":\"https:\/\/dmcsrb.com\/region\/novogodisnja-noc-u-skoplju-dijete-ranjeno-u-glavu-ubijen-turcin-2\/#primaryimage\"},\"thumbnailUrl\":\"https:\/\/dmcsrb.com\/wp-content\/uploads\/2026\/01\/skopje-4733697_1280-1.jpg\",\"keywords\":[\"Makedonija\",\"skoplje\"],\"articleSection\":[\"Region\"],\"inLanguage\":\"en-GB\",\"potentialAction\":[{\"@type\":\"CommentAction\",\"name\":\"Comment\",\"target\":[\"https:\/\/dmcsrb.com\/region\/novogodisnja-noc-u-skoplju-dijete-ranjeno-u-glavu-ubijen-turcin-2\/#respond\"]}]},{\"@type\":\"WebPage\",\"@id\":\"https:\/\/dmcsrb.com\/region\/novogodisnja-noc-u-skoplju-dijete-ranjeno-u-glavu-ubijen-turcin-2\/\",\"url\":\"https:\/\/dmcsrb.com\/region\/novogodisnja-noc-u-skoplju-dijete-ranjeno-u-glavu-ubijen-turcin-2\/\",\"name\":\"Novogodi\u0161nja no\u0107 u Skoplju: Dijete ranjeno u glavu, ubijen Tur\u010din - dmcsrb.com\",\"isPartOf\":{\"@id\":\"https:\/\/dmcsrb.com\/#website\"},\"primaryImageOfPage\":{\"@id\":\"https:\/\/dmcsrb.com\/region\/novogodisnja-noc-u-skoplju-dijete-ranjeno-u-glavu-ubijen-turcin-2\/#primaryimage\"},\"image\":{\"@id\":\"https:\/\/dmcsrb.com\/region\/novogodisnja-noc-u-skoplju-dijete-ranjeno-u-glavu-ubijen-turcin-2\/#primaryimage\"},\"thumbnailUrl\":\"https:\/\/dmcsrb.com\/wp-content\/uploads\/2026\/01\/skopje-4733697_1280-1.jpg\",\"datePublished\":\"2026-01-01T16:34:00+00:00\",\"author\":{\"@id\":\"https:\/\/dmcsrb.com\/#\/schema\/person\/5c39170f12db1b8b457732d0b5c854e2\"},\"breadcrumb\":{\"@id\":\"https:\/\/dmcsrb.com\/region\/novogodisnja-noc-u-skoplju-dijete-ranjeno-u-glavu-ubijen-turcin-2\/#breadcrumb\"},\"inLanguage\":\"en-GB\",\"potentialAction\":[{\"@type\":\"ReadAction\",\"target\":[\"https:\/\/dmcsrb.com\/region\/novogodisnja-noc-u-skoplju-dijete-ranjeno-u-glavu-ubijen-turcin-2\/\"]}]},{\"@type\":\"ImageObject\",\"inLanguage\":\"en-GB\",\"@id\":\"https:\/\/dmcsrb.com\/region\/novogodisnja-noc-u-skoplju-dijete-ranjeno-u-glavu-ubijen-turcin-2\/#primaryimage\",\"url\":\"https:\/\/dmcsrb.com\/wp-content\/uploads\/2026\/01\/skopje-4733697_1280-1.jpg\",\"contentUrl\":\"https:\/\/dmcsrb.com\/wp-content\/uploads\/2026\/01\/skopje-4733697_1280-1.jpg\",\"width\":1280,\"height\":853,\"caption\":\"foto: Pixabay\"},{\"@type\":\"BreadcrumbList\",\"@id\":\"https:\/\/dmcsrb.com\/region\/novogodisnja-noc-u-skoplju-dijete-ranjeno-u-glavu-ubijen-turcin-2\/#breadcrumb\",\"itemListElement\":[{\"@type\":\"ListItem\",\"position\":1,\"name\":\"Home\",\"item\":\"https:\/\/dmcsrb.com\/\"},{\"@type\":\"ListItem\",\"position\":2,\"name\":\"Novogodi\u0161nja no\u0107 u Skoplju: Dijete ranjeno u glavu, ubijen Tur\u010din\"}]},{\"@type\":\"WebSite\",\"@id\":\"https:\/\/dmcsrb.com\/#website\",\"url\":\"https:\/\/dmcsrb.com\/\",\"name\":\"dmcsrb.com\",\"description\":\"\",\"potentialAction\":[{\"@type\":\"SearchAction\",\"target\":{\"@type\":\"EntryPoint\",\"urlTemplate\":\"https:\/\/dmcsrb.com\/?s={search_term_string}\"},\"query-input\":{\"@type\":\"PropertyValueSpecification\",\"valueRequired\":true,\"valueName\":\"search_term_string\"}}],\"inLanguage\":\"en-GB\"},{\"@type\":\"Person\",\"@id\":\"https:\/\/dmcsrb.com\/#\/schema\/person\/5c39170f12db1b8b457732d0b5c854e2\",\"name\":\"dmcsrbija.com@gmail.com\",\"image\":{\"@type\":\"ImageObject\",\"inLanguage\":\"en-GB\",\"@id\":\"https:\/\/dmcsrb.com\/#\/schema\/person\/image\/\",\"url\":\"https:\/\/secure.gravatar.com\/avatar\/68592660ad6347fad0fb587f8d5d8f1a7b44961362f56e4f2cd524feb87e9069?s=96&d=mm&r=g\",\"contentUrl\":\"https:\/\/secure.gravatar.com\/avatar\/68592660ad6347fad0fb587f8d5d8f1a7b44961362f56e4f2cd524feb87e9069?s=96&d=mm&r=g\",\"caption\":\"dmcsrbija.com@gmail.com\"},\"sameAs\":[\"https:\/\/dmcsrb.com\"],\"url\":\"https:\/\/dmcsrb.com\/en\/author\/dmcsrbija-comgmail-com\/\"}]}<\/script>\n<!-- \/ Yoast SEO plugin. -->","yoast_head_json":{"title":"Novogodi\u0161nja no\u0107 u Skoplju: Dijete ranjeno u glavu, ubijen Tur\u010din - dmcsrb.com","robots":{"index":"index","follow":"follow","max-snippet":"max-snippet:-1","max-image-preview":"max-image-preview:large","max-video-preview":"max-video-preview:-1"},"canonical":"https:\/\/dmcsrb.com\/en\/region\/novogodisnja-noc-u-skoplju-dijete-ranjeno-u-glavu-ubijen-turcin-2\/","og_locale":"en_GB","og_type":"article","og_title":"Novogodi\u0161nja no\u0107 u Skoplju: Dijete ranjeno u glavu, ubijen Tur\u010din - dmcsrb.com","og_description":"Dvogodi\u0161nje dijete sa prostrelnom ranom glave i 20 povrije\u0111enih pirotehni\u010dkim sredstvima primljeno je tokom novogodi\u0161nje no\u0107i u skopske bolnice, a jedan dr\u017eavljanin Turske je smrtno stradao na skopskoj \u010dar\u0161iji.","og_url":"https:\/\/dmcsrb.com\/en\/region\/novogodisnja-noc-u-skoplju-dijete-ranjeno-u-glavu-ubijen-turcin-2\/","og_site_name":"dmcsrb.com","article_published_time":"2026-01-01T16:34:00+00:00","og_image":[{"width":1280,"height":853,"url":"https:\/\/dmcsrb.com\/wp-content\/uploads\/2026\/01\/skopje-4733697_1280-1.jpg","type":"image\/jpeg"}],"author":"dmcsrbija.com@gmail.com","twitter_card":"summary_large_image","twitter_misc":{"Written by":"dmcsrbija.com@gmail.com","Estimated reading time":"1 minute"},"schema":{"@context":"https:\/\/schema.org","@graph":[{"@type":"Article","@id":"https:\/\/dmcsrb.com\/region\/novogodisnja-noc-u-skoplju-dijete-ranjeno-u-glavu-ubijen-turcin-2\/#article","isPartOf":{"@id":"https:\/\/dmcsrb.com\/region\/novogodisnja-noc-u-skoplju-dijete-ranjeno-u-glavu-ubijen-turcin-2\/"},"author":{"name":"dmcsrbija.com@gmail.com","@id":"https:\/\/dmcsrb.com\/#\/schema\/person\/5c39170f12db1b8b457732d0b5c854e2"},"headline":"Novogodi\u0161nja no\u0107 u Skoplju: Dijete ranjeno u glavu, ubijen Tur\u010din","datePublished":"2026-01-01T16:34:00+00:00","mainEntityOfPage":{"@id":"https:\/\/dmcsrb.com\/region\/novogodisnja-noc-u-skoplju-dijete-ranjeno-u-glavu-ubijen-turcin-2\/"},"wordCount":257,"commentCount":0,"image":{"@id":"https:\/\/dmcsrb.com\/region\/novogodisnja-noc-u-skoplju-dijete-ranjeno-u-glavu-ubijen-turcin-2\/#primaryimage"},"thumbnailUrl":"https:\/\/dmcsrb.com\/wp-content\/uploads\/2026\/01\/skopje-4733697_1280-1.jpg","keywords":["Makedonija","skoplje"],"articleSection":["Region"],"inLanguage":"en-GB","potentialAction":[{"@type":"CommentAction","name":"Comment","target":["https:\/\/dmcsrb.com\/region\/novogodisnja-noc-u-skoplju-dijete-ranjeno-u-glavu-ubijen-turcin-2\/#respond"]}]},{"@type":"WebPage","@id":"https:\/\/dmcsrb.com\/region\/novogodisnja-noc-u-skoplju-dijete-ranjeno-u-glavu-ubijen-turcin-2\/","url":"https:\/\/dmcsrb.com\/region\/novogodisnja-noc-u-skoplju-dijete-ranjeno-u-glavu-ubijen-turcin-2\/","name":"Novogodi\u0161nja no\u0107 u Skoplju: Dijete ranjeno u glavu, ubijen Tur\u010din - dmcsrb.com","isPartOf":{"@id":"https:\/\/dmcsrb.com\/#website"},"primaryImageOfPage":{"@id":"https:\/\/dmcsrb.com\/region\/novogodisnja-noc-u-skoplju-dijete-ranjeno-u-glavu-ubijen-turcin-2\/#primaryimage"},"image":{"@id":"https:\/\/dmcsrb.com\/region\/novogodisnja-noc-u-skoplju-dijete-ranjeno-u-glavu-ubijen-turcin-2\/#primaryimage"},"thumbnailUrl":"https:\/\/dmcsrb.com\/wp-content\/uploads\/2026\/01\/skopje-4733697_1280-1.jpg","datePublished":"2026-01-01T16:34:00+00:00","author":{"@id":"https:\/\/dmcsrb.com\/#\/schema\/person\/5c39170f12db1b8b457732d0b5c854e2"},"breadcrumb":{"@id":"https:\/\/dmcsrb.com\/region\/novogodisnja-noc-u-skoplju-dijete-ranjeno-u-glavu-ubijen-turcin-2\/#breadcrumb"},"inLanguage":"en-GB","potentialAction":[{"@type":"ReadAction","target":["https:\/\/dmcsrb.com\/region\/novogodisnja-noc-u-skoplju-dijete-ranjeno-u-glavu-ubijen-turcin-2\/"]}]},{"@type":"ImageObject","inLanguage":"en-GB","@id":"https:\/\/dmcsrb.com\/region\/novogodisnja-noc-u-skoplju-dijete-ranjeno-u-glavu-ubijen-turcin-2\/#primaryimage","url":"https:\/\/dmcsrb.com\/wp-content\/uploads\/2026\/01\/skopje-4733697_1280-1.jpg","contentUrl":"https:\/\/dmcsrb.com\/wp-content\/uploads\/2026\/01\/skopje-4733697_1280-1.jpg","width":1280,"height":853,"caption":"foto: Pixabay"},{"@type":"BreadcrumbList","@id":"https:\/\/dmcsrb.com\/region\/novogodisnja-noc-u-skoplju-dijete-ranjeno-u-glavu-ubijen-turcin-2\/#breadcrumb","itemListElement":[{"@type":"ListItem","position":1,"name":"Home","item":"https:\/\/dmcsrb.com\/"},{"@type":"ListItem","position":2,"name":"Novogodi\u0161nja no\u0107 u Skoplju: Dijete ranjeno u glavu, ubijen Tur\u010din"}]},{"@type":"WebSite","@id":"https:\/\/dmcsrb.com\/#website","url":"https:\/\/dmcsrb.com\/","name":"dmcsrb.com","description":"","potentialAction":[{"@type":"SearchAction","target":{"@type":"EntryPoint","urlTemplate":"https:\/\/dmcsrb.com\/?s={search_term_string}"},"query-input":{"@type":"PropertyValueSpecification","valueRequired":true,"valueName":"search_term_string"}}],"inLanguage":"en-GB"},{"@type":"Person","@id":"https:\/\/dmcsrb.com\/#\/schema\/person\/5c39170f12db1b8b457732d0b5c854e2","name":"dmcsrbija.com@gmail.com","image":{"@type":"ImageObject","inLanguage":"en-GB","@id":"https:\/\/dmcsrb.com\/#\/schema\/person\/image\/","url":"https:\/\/secure.gravatar.com\/avatar\/68592660ad6347fad0fb587f8d5d8f1a7b44961362f56e4f2cd524feb87e9069?s=96&d=mm&r=g","contentUrl":"https:\/\/secure.gravatar.com\/avatar\/68592660ad6347fad0fb587f8d5d8f1a7b44961362f56e4f2cd524feb87e9069?s=96&d=mm&r=g","caption":"dmcsrbija.com@gmail.com"},"sameAs":["https:\/\/dmcsrb.com"],"url":"https:\/\/dmcsrb.com\/en\/author\/dmcsrbija-comgmail-com\/"}]}},"_links":{"self":[{"href":"https:\/\/dmcsrb.com\/en\/wp-json\/wp\/v2\/posts\/903754","targetHints":{"allow":["GET"]}}],"collection":[{"href":"https:\/\/dmcsrb.com\/en\/wp-json\/wp\/v2\/posts"}],"about":[{"href":"https:\/\/dmcsrb.com\/en\/wp-json\/wp\/v2\/types\/post"}],"author":[{"embeddable":true,"href":"https:\/\/dmcsrb.com\/en\/wp-json\/wp\/v2\/users\/1"}],"replies":[{"embeddable":true,"href":"https:\/\/dmcsrb.com\/en\/wp-json\/wp\/v2\/comments?post=903754"}],"version-history":[{"count":0,"href":"https:\/\/dmcsrb.com\/en\/wp-json\/wp\/v2\/posts\/903754\/revisions"}],"wp:featuredmedia":[{"embeddable":true,"href":"https:\/\/dmcsrb.com\/en\/wp-json\/wp\/v2\/media\/903755"}],"wp:attachment":[{"href":"https:\/\/dmcsrb.com\/en\/wp-json\/wp\/v2\/media?parent=903754"}],"wp:term":[{"taxonomy":"category","embeddable":true,"href":"https:\/\/dmcsrb.com\/en\/wp-json\/wp\/v2\/categories?post=903754"},{"taxonomy":"post_tag","embeddable":true,"href":"https:\/\/dmcsrb.com\/en\/wp-json\/wp\/v2\/tags?post=903754"},{"taxonomy":"naslovna","embeddable":true,"href":"https:\/\/dmcsrb.com\/en\/wp-json\/wp\/v2\/naslovna?post=903754"}],"curies":[{"name":"wp","href":"https:\/\/api.w.org\/{rel}","templated":true}]}}