{"id":903745,"date":"2026-01-01T16:38:00","date_gmt":"2026-01-01T15:38:00","guid":{"rendered":"https:\/\/gradski.me\/?p=903745"},"modified":"2026-01-01T16:38:00","modified_gmt":"2026-01-01T15:38:00","slug":"papa-zapoceo-novu-godinu-apelom-za-mir-2","status":"publish","type":"post","link":"https:\/\/dmcsrb.com\/en\/svijet\/papa-zapoceo-novu-godinu-apelom-za-mir-2\/","title":{"rendered":"Papa zapo\u010deo novu godinu apelom za mir"},"content":{"rendered":"<p><\/p>\n\n\n\n<p><\/p>\n\n\n\n<p>Na Novu godinu, papa je predvodio sve\u010danu misu u Bazilici Svetog Petra, a potom se obratio vjernicima tokom posebne podnevne molitve iz svoje radne sobe koja gleda na Trg Svetog Petra.<\/p>\n\n\n\n<p>Trg je, uprkos vedrom i hladnom danu, bio ispunjen vjernicima i turistima.<\/p>\n\n\n\n<p>Podsje\u0107aju\u0107i da 1. januar Katoli\u010dka crkva obilje\u017eava kao Svjetski dan mira, papa Lav XIV iskoristio je ovu priliku da uputi sna\u017enu poruku i molitvu.<\/p>\n\n\n\n<p>\u201cPomolimo se svi zajedno za mir: prije svega me\u0111u narodima ranjenim ratovima i patnjom, ali i u na\u0161im domovima, u porodicama povrije\u0111enim nasiljem ili bolom\u201d, poru\u010dio je papa.<\/p>\n\n\n\n<p>Nakon intenzivnog bo\u017ei\u0107nog perioda, papa Lav XIV ima\u0107e nekoliko dana odmora prije nego \u0161to 6. januara bude predvodio proslavu Bogojavljenja.<\/p>\n\n\n\n<p>Tog dana on \u0107e zvani\u010dno zatvoriti i Svetu godinu 2025, jubilej koji se obilje\u017eava jednom u \u010detvrt vijeka i zbog \u010dega je u Rim do\u0161lo vi\u0161e miliona hodo\u010dasnika iz cijelog svijeta.<\/p>\n\n\n\n<p>Odmah potom, papa \u0107e predsjedavati dvodnevnim sastankom cjelokupnog Kardinalskog zbora, kako kardinala koji su u\u010destvovali u njegovom izboru, tako i onih starijih od 80 godina koji, iako nisu u\u010destvovali u konklavi, ostaju \u010dlanovi ovog tijela.<\/p>\n\n\n\n<p>Time papa Lav XIV obnavlja tradiciju koju je papa Franja uglavnom izbjegavao, a koja podrazumijeva redovno okupljanje kardinala radi savjetovanja o upravljanju Katoli\u010dkom crkvom, koja danas broji oko 1,4 milijarde vjernika \u0161irom svijeta.<\/p>","protected":false},"excerpt":{"rendered":"<p>Papa\u00a0Lav XIV\u00a0zapo\u010deo je 2026. godinu danas apelom za mir, posebno se osvrnuv\u0161i na zemlje \u201ckrvlju natopljene sukobima\u201d i porodice ranjene nasiljem.<\/p>","protected":false},"author":1,"featured_media":825539,"comment_status":"open","ping_status":"open","sticky":false,"template":"","format":"standard","meta":{"_acf_changed":false,"footnotes":""},"categories":[144],"tags":[5291,5292],"naslovna":[],"class_list":["post-903745","post","type-post","status-publish","format-standard","has-post-thumbnail","hentry","category-svijet","tag-apel-za-mir","tag-papa"],"acf":[],"yoast_head":"<!-- This site is optimized with the Yoast SEO plugin v27.0 - https:\/\/yoast.com\/product\/yoast-seo-wordpress\/ -->\n<title>Papa zapo\u010deo novu godinu apelom za mir - dmcsrb.com<\/title>\n<meta name=\"robots\" content=\"index, follow, max-snippet:-1, max-image-preview:large, max-video-preview:-1\" \/>\n<link rel=\"canonical\" href=\"https:\/\/dmcsrb.com\/en\/svijet\/papa-zapoceo-novu-godinu-apelom-za-mir-2\/\" \/>\n<meta property=\"og:locale\" content=\"en_GB\" \/>\n<meta property=\"og:type\" content=\"article\" \/>\n<meta property=\"og:title\" content=\"Papa zapo\u010deo novu godinu apelom za mir - dmcsrb.com\" \/>\n<meta property=\"og:description\" content=\"Papa\u00a0Lav XIV\u00a0zapo\u010deo je 2026. godinu danas apelom za mir, posebno se osvrnuv\u0161i na zemlje \u201ckrvlju natopljene sukobima\u201d i porodice ranjene nasiljem.\" \/>\n<meta property=\"og:url\" content=\"https:\/\/dmcsrb.com\/en\/svijet\/papa-zapoceo-novu-godinu-apelom-za-mir-2\/\" \/>\n<meta property=\"og:site_name\" content=\"dmcsrb.com\" \/>\n<meta property=\"article:published_time\" content=\"2026-01-01T15:38:00+00:00\" \/>\n<meta property=\"og:image\" content=\"https:\/\/dmcsrb.com\/wp-content\/uploads\/2025\/09\/papa-lav-xiv-Vatican-Media-via-AP-tanjug-681e2de209143.webp\" \/>\n\t<meta property=\"og:image:width\" content=\"1920\" \/>\n\t<meta property=\"og:image:height\" content=\"1079\" \/>\n\t<meta property=\"og:image:type\" content=\"image\/webp\" \/>\n<meta name=\"author\" content=\"dmcsrbija.com@gmail.com\" \/>\n<meta name=\"twitter:card\" content=\"summary_large_image\" \/>\n<meta name=\"twitter:label1\" content=\"Written by\" \/>\n\t<meta name=\"twitter:data1\" content=\"dmcsrbija.com@gmail.com\" \/>\n\t<meta name=\"twitter:label2\" content=\"Estimated reading time\" \/>\n\t<meta name=\"twitter:data2\" content=\"1 minute\" \/>\n<script type=\"application\/ld+json\" class=\"yoast-schema-graph\">{\"@context\":\"https:\/\/schema.org\",\"@graph\":[{\"@type\":\"Article\",\"@id\":\"https:\/\/dmcsrb.com\/svijet\/papa-zapoceo-novu-godinu-apelom-za-mir-2\/#article\",\"isPartOf\":{\"@id\":\"https:\/\/dmcsrb.com\/svijet\/papa-zapoceo-novu-godinu-apelom-za-mir-2\/\"},\"author\":{\"name\":\"dmcsrbija.com@gmail.com\",\"@id\":\"https:\/\/dmcsrb.com\/#\/schema\/person\/5c39170f12db1b8b457732d0b5c854e2\"},\"headline\":\"Papa zapo\u010deo novu godinu apelom za mir\",\"datePublished\":\"2026-01-01T15:38:00+00:00\",\"mainEntityOfPage\":{\"@id\":\"https:\/\/dmcsrb.com\/svijet\/papa-zapoceo-novu-godinu-apelom-za-mir-2\/\"},\"wordCount\":238,\"commentCount\":0,\"image\":{\"@id\":\"https:\/\/dmcsrb.com\/svijet\/papa-zapoceo-novu-godinu-apelom-za-mir-2\/#primaryimage\"},\"thumbnailUrl\":\"https:\/\/dmcsrb.com\/wp-content\/uploads\/2025\/09\/papa-lav-xiv-Vatican-Media-via-AP-tanjug-681e2de209143.webp\",\"keywords\":[\"apel za mir\",\"Papa\"],\"articleSection\":[\"Svijet\"],\"inLanguage\":\"en-GB\",\"potentialAction\":[{\"@type\":\"CommentAction\",\"name\":\"Comment\",\"target\":[\"https:\/\/dmcsrb.com\/svijet\/papa-zapoceo-novu-godinu-apelom-za-mir-2\/#respond\"]}]},{\"@type\":\"WebPage\",\"@id\":\"https:\/\/dmcsrb.com\/svijet\/papa-zapoceo-novu-godinu-apelom-za-mir-2\/\",\"url\":\"https:\/\/dmcsrb.com\/svijet\/papa-zapoceo-novu-godinu-apelom-za-mir-2\/\",\"name\":\"Papa zapo\u010deo novu godinu apelom za mir - dmcsrb.com\",\"isPartOf\":{\"@id\":\"https:\/\/dmcsrb.com\/#website\"},\"primaryImageOfPage\":{\"@id\":\"https:\/\/dmcsrb.com\/svijet\/papa-zapoceo-novu-godinu-apelom-za-mir-2\/#primaryimage\"},\"image\":{\"@id\":\"https:\/\/dmcsrb.com\/svijet\/papa-zapoceo-novu-godinu-apelom-za-mir-2\/#primaryimage\"},\"thumbnailUrl\":\"https:\/\/dmcsrb.com\/wp-content\/uploads\/2025\/09\/papa-lav-xiv-Vatican-Media-via-AP-tanjug-681e2de209143.webp\",\"datePublished\":\"2026-01-01T15:38:00+00:00\",\"author\":{\"@id\":\"https:\/\/dmcsrb.com\/#\/schema\/person\/5c39170f12db1b8b457732d0b5c854e2\"},\"breadcrumb\":{\"@id\":\"https:\/\/dmcsrb.com\/svijet\/papa-zapoceo-novu-godinu-apelom-za-mir-2\/#breadcrumb\"},\"inLanguage\":\"en-GB\",\"potentialAction\":[{\"@type\":\"ReadAction\",\"target\":[\"https:\/\/dmcsrb.com\/svijet\/papa-zapoceo-novu-godinu-apelom-za-mir-2\/\"]}]},{\"@type\":\"ImageObject\",\"inLanguage\":\"en-GB\",\"@id\":\"https:\/\/dmcsrb.com\/svijet\/papa-zapoceo-novu-godinu-apelom-za-mir-2\/#primaryimage\",\"url\":\"https:\/\/dmcsrb.com\/wp-content\/uploads\/2025\/09\/papa-lav-xiv-Vatican-Media-via-AP-tanjug-681e2de209143.webp\",\"contentUrl\":\"https:\/\/dmcsrb.com\/wp-content\/uploads\/2025\/09\/papa-lav-xiv-Vatican-Media-via-AP-tanjug-681e2de209143.webp\",\"width\":1920,\"height\":1079,\"caption\":\"Foto: AP\"},{\"@type\":\"BreadcrumbList\",\"@id\":\"https:\/\/dmcsrb.com\/svijet\/papa-zapoceo-novu-godinu-apelom-za-mir-2\/#breadcrumb\",\"itemListElement\":[{\"@type\":\"ListItem\",\"position\":1,\"name\":\"Home\",\"item\":\"https:\/\/dmcsrb.com\/\"},{\"@type\":\"ListItem\",\"position\":2,\"name\":\"Papa zapo\u010deo novu godinu apelom za mir\"}]},{\"@type\":\"WebSite\",\"@id\":\"https:\/\/dmcsrb.com\/#website\",\"url\":\"https:\/\/dmcsrb.com\/\",\"name\":\"dmcsrb.com\",\"description\":\"\",\"potentialAction\":[{\"@type\":\"SearchAction\",\"target\":{\"@type\":\"EntryPoint\",\"urlTemplate\":\"https:\/\/dmcsrb.com\/?s={search_term_string}\"},\"query-input\":{\"@type\":\"PropertyValueSpecification\",\"valueRequired\":true,\"valueName\":\"search_term_string\"}}],\"inLanguage\":\"en-GB\"},{\"@type\":\"Person\",\"@id\":\"https:\/\/dmcsrb.com\/#\/schema\/person\/5c39170f12db1b8b457732d0b5c854e2\",\"name\":\"dmcsrbija.com@gmail.com\",\"image\":{\"@type\":\"ImageObject\",\"inLanguage\":\"en-GB\",\"@id\":\"https:\/\/dmcsrb.com\/#\/schema\/person\/image\/\",\"url\":\"https:\/\/secure.gravatar.com\/avatar\/68592660ad6347fad0fb587f8d5d8f1a7b44961362f56e4f2cd524feb87e9069?s=96&d=mm&r=g\",\"contentUrl\":\"https:\/\/secure.gravatar.com\/avatar\/68592660ad6347fad0fb587f8d5d8f1a7b44961362f56e4f2cd524feb87e9069?s=96&d=mm&r=g\",\"caption\":\"dmcsrbija.com@gmail.com\"},\"sameAs\":[\"https:\/\/dmcsrb.com\"],\"url\":\"https:\/\/dmcsrb.com\/en\/author\/dmcsrbija-comgmail-com\/\"}]}<\/script>\n<!-- \/ Yoast SEO plugin. -->","yoast_head_json":{"title":"Papa zapo\u010deo novu godinu apelom za mir - dmcsrb.com","robots":{"index":"index","follow":"follow","max-snippet":"max-snippet:-1","max-image-preview":"max-image-preview:large","max-video-preview":"max-video-preview:-1"},"canonical":"https:\/\/dmcsrb.com\/en\/svijet\/papa-zapoceo-novu-godinu-apelom-za-mir-2\/","og_locale":"en_GB","og_type":"article","og_title":"Papa zapo\u010deo novu godinu apelom za mir - dmcsrb.com","og_description":"Papa\u00a0Lav XIV\u00a0zapo\u010deo je 2026. godinu danas apelom za mir, posebno se osvrnuv\u0161i na zemlje \u201ckrvlju natopljene sukobima\u201d i porodice ranjene nasiljem.","og_url":"https:\/\/dmcsrb.com\/en\/svijet\/papa-zapoceo-novu-godinu-apelom-za-mir-2\/","og_site_name":"dmcsrb.com","article_published_time":"2026-01-01T15:38:00+00:00","og_image":[{"width":1920,"height":1079,"url":"https:\/\/dmcsrb.com\/wp-content\/uploads\/2025\/09\/papa-lav-xiv-Vatican-Media-via-AP-tanjug-681e2de209143.webp","type":"image\/webp"}],"author":"dmcsrbija.com@gmail.com","twitter_card":"summary_large_image","twitter_misc":{"Written by":"dmcsrbija.com@gmail.com","Estimated reading time":"1 minute"},"schema":{"@context":"https:\/\/schema.org","@graph":[{"@type":"Article","@id":"https:\/\/dmcsrb.com\/svijet\/papa-zapoceo-novu-godinu-apelom-za-mir-2\/#article","isPartOf":{"@id":"https:\/\/dmcsrb.com\/svijet\/papa-zapoceo-novu-godinu-apelom-za-mir-2\/"},"author":{"name":"dmcsrbija.com@gmail.com","@id":"https:\/\/dmcsrb.com\/#\/schema\/person\/5c39170f12db1b8b457732d0b5c854e2"},"headline":"Papa zapo\u010deo novu godinu apelom za mir","datePublished":"2026-01-01T15:38:00+00:00","mainEntityOfPage":{"@id":"https:\/\/dmcsrb.com\/svijet\/papa-zapoceo-novu-godinu-apelom-za-mir-2\/"},"wordCount":238,"commentCount":0,"image":{"@id":"https:\/\/dmcsrb.com\/svijet\/papa-zapoceo-novu-godinu-apelom-za-mir-2\/#primaryimage"},"thumbnailUrl":"https:\/\/dmcsrb.com\/wp-content\/uploads\/2025\/09\/papa-lav-xiv-Vatican-Media-via-AP-tanjug-681e2de209143.webp","keywords":["apel za mir","Papa"],"articleSection":["Svijet"],"inLanguage":"en-GB","potentialAction":[{"@type":"CommentAction","name":"Comment","target":["https:\/\/dmcsrb.com\/svijet\/papa-zapoceo-novu-godinu-apelom-za-mir-2\/#respond"]}]},{"@type":"WebPage","@id":"https:\/\/dmcsrb.com\/svijet\/papa-zapoceo-novu-godinu-apelom-za-mir-2\/","url":"https:\/\/dmcsrb.com\/svijet\/papa-zapoceo-novu-godinu-apelom-za-mir-2\/","name":"Papa zapo\u010deo novu godinu apelom za mir - dmcsrb.com","isPartOf":{"@id":"https:\/\/dmcsrb.com\/#website"},"primaryImageOfPage":{"@id":"https:\/\/dmcsrb.com\/svijet\/papa-zapoceo-novu-godinu-apelom-za-mir-2\/#primaryimage"},"image":{"@id":"https:\/\/dmcsrb.com\/svijet\/papa-zapoceo-novu-godinu-apelom-za-mir-2\/#primaryimage"},"thumbnailUrl":"https:\/\/dmcsrb.com\/wp-content\/uploads\/2025\/09\/papa-lav-xiv-Vatican-Media-via-AP-tanjug-681e2de209143.webp","datePublished":"2026-01-01T15:38:00+00:00","author":{"@id":"https:\/\/dmcsrb.com\/#\/schema\/person\/5c39170f12db1b8b457732d0b5c854e2"},"breadcrumb":{"@id":"https:\/\/dmcsrb.com\/svijet\/papa-zapoceo-novu-godinu-apelom-za-mir-2\/#breadcrumb"},"inLanguage":"en-GB","potentialAction":[{"@type":"ReadAction","target":["https:\/\/dmcsrb.com\/svijet\/papa-zapoceo-novu-godinu-apelom-za-mir-2\/"]}]},{"@type":"ImageObject","inLanguage":"en-GB","@id":"https:\/\/dmcsrb.com\/svijet\/papa-zapoceo-novu-godinu-apelom-za-mir-2\/#primaryimage","url":"https:\/\/dmcsrb.com\/wp-content\/uploads\/2025\/09\/papa-lav-xiv-Vatican-Media-via-AP-tanjug-681e2de209143.webp","contentUrl":"https:\/\/dmcsrb.com\/wp-content\/uploads\/2025\/09\/papa-lav-xiv-Vatican-Media-via-AP-tanjug-681e2de209143.webp","width":1920,"height":1079,"caption":"Foto: AP"},{"@type":"BreadcrumbList","@id":"https:\/\/dmcsrb.com\/svijet\/papa-zapoceo-novu-godinu-apelom-za-mir-2\/#breadcrumb","itemListElement":[{"@type":"ListItem","position":1,"name":"Home","item":"https:\/\/dmcsrb.com\/"},{"@type":"ListItem","position":2,"name":"Papa zapo\u010deo novu godinu apelom za mir"}]},{"@type":"WebSite","@id":"https:\/\/dmcsrb.com\/#website","url":"https:\/\/dmcsrb.com\/","name":"dmcsrb.com","description":"","potentialAction":[{"@type":"SearchAction","target":{"@type":"EntryPoint","urlTemplate":"https:\/\/dmcsrb.com\/?s={search_term_string}"},"query-input":{"@type":"PropertyValueSpecification","valueRequired":true,"valueName":"search_term_string"}}],"inLanguage":"en-GB"},{"@type":"Person","@id":"https:\/\/dmcsrb.com\/#\/schema\/person\/5c39170f12db1b8b457732d0b5c854e2","name":"dmcsrbija.com@gmail.com","image":{"@type":"ImageObject","inLanguage":"en-GB","@id":"https:\/\/dmcsrb.com\/#\/schema\/person\/image\/","url":"https:\/\/secure.gravatar.com\/avatar\/68592660ad6347fad0fb587f8d5d8f1a7b44961362f56e4f2cd524feb87e9069?s=96&d=mm&r=g","contentUrl":"https:\/\/secure.gravatar.com\/avatar\/68592660ad6347fad0fb587f8d5d8f1a7b44961362f56e4f2cd524feb87e9069?s=96&d=mm&r=g","caption":"dmcsrbija.com@gmail.com"},"sameAs":["https:\/\/dmcsrb.com"],"url":"https:\/\/dmcsrb.com\/en\/author\/dmcsrbija-comgmail-com\/"}]}},"_links":{"self":[{"href":"https:\/\/dmcsrb.com\/en\/wp-json\/wp\/v2\/posts\/903745","targetHints":{"allow":["GET"]}}],"collection":[{"href":"https:\/\/dmcsrb.com\/en\/wp-json\/wp\/v2\/posts"}],"about":[{"href":"https:\/\/dmcsrb.com\/en\/wp-json\/wp\/v2\/types\/post"}],"author":[{"embeddable":true,"href":"https:\/\/dmcsrb.com\/en\/wp-json\/wp\/v2\/users\/1"}],"replies":[{"embeddable":true,"href":"https:\/\/dmcsrb.com\/en\/wp-json\/wp\/v2\/comments?post=903745"}],"version-history":[{"count":0,"href":"https:\/\/dmcsrb.com\/en\/wp-json\/wp\/v2\/posts\/903745\/revisions"}],"wp:featuredmedia":[{"embeddable":true,"href":"https:\/\/dmcsrb.com\/en\/wp-json\/wp\/v2\/media\/825539"}],"wp:attachment":[{"href":"https:\/\/dmcsrb.com\/en\/wp-json\/wp\/v2\/media?parent=903745"}],"wp:term":[{"taxonomy":"category","embeddable":true,"href":"https:\/\/dmcsrb.com\/en\/wp-json\/wp\/v2\/categories?post=903745"},{"taxonomy":"post_tag","embeddable":true,"href":"https:\/\/dmcsrb.com\/en\/wp-json\/wp\/v2\/tags?post=903745"},{"taxonomy":"naslovna","embeddable":true,"href":"https:\/\/dmcsrb.com\/en\/wp-json\/wp\/v2\/naslovna?post=903745"}],"curies":[{"name":"wp","href":"https:\/\/api.w.org\/{rel}","templated":true}]}}