{"id":903726,"date":"2026-01-01T14:58:00","date_gmt":"2026-01-01T13:58:00","guid":{"rendered":"https:\/\/gradski.me\/?p=903726"},"modified":"2026-01-01T14:58:00","modified_gmt":"2026-01-01T13:58:00","slug":"dvije-titule-prvaka-drzave-za-boksere-rada-2","status":"publish","type":"post","link":"https:\/\/dmcsrb.com\/en\/sport\/dvije-titule-prvaka-drzave-za-boksere-rada-2\/","title":{"rendered":"Dvije titule prvaka dr\u017eave za boksere Rada"},"content":{"rendered":"<p>Izveo je trener Vesko Pileti\u0107 na ring troje takmi\u010dara i svi su se okitili medaljama &#8211; zlatnim Teofana Milo\u0161evi\u0107, koja je progla\u0161ena za najbolju takmi\u010darku na prvenstvu i senior Viktor Duki\u0107, koji titulu prvaka dr\u017eave osvojio u superte\u0161koj kategoriji te bronzom Sreten Vujisi\u0107.\u00a0<\/p>\n\n\n\n<p>&#8211; Teofana i Viktor su opravdali o\u010dekivanja, po\u0161to su osvojili titule prvaka dr\u017eave. Uz to, Teofana je progla\u0161ena za najbolju takmi\u010darku. Viktor je u finalu imao me\u010d sa odli\u010dnim Mom\u010dilom Prelevi\u0107em iz BK Zlati\u010danin i u svom stilu, predstaviv\u0161i se na najbolji na\u010din osvojio je zlatnu medalju i titulu prvaka dr\u017eave u superte\u0161koj kategoriji. \u010cestitam Teofani i Viktoru osvajanje zlatnih medalja. Tre\u0107i na\u0161 takmi\u010dar Sreten Vujisi\u0107 se sastao u polufinalu sa najboljim takmi\u010darem u uzrastu mladih Vukom Dabovi\u0107em iz BK Power boksing. U svom prvom me\u010du u boksu, Sreten se lavovski i sa znanjem borio sa iskusnijim takmi\u010darem.&nbsp;Nakon me\u010da ljekari su u bolnici na snimku vidjeli prelom nosa, i on \u0107e ovih dana biti operisan. \u017delim Sretenu brz oporavak i \u010destitam na osvojenoj bronzanoj medalji, na hrabrosti, smirenosti i&nbsp;znanju, rekao je trener Bokserskog kluba Rad Veselin Pileti\u0107.<\/p>\n\n\n\n<p><\/p>","protected":false},"excerpt":{"rendered":"<p>Veoma uspje\u0161an nastup na Pojedina\u010dnom prvenstvu Crne Gore u boksu imao je Bokserski klub Rad. <\/p>","protected":false},"author":1,"featured_media":903727,"comment_status":"open","ping_status":"open","sticky":false,"template":"","format":"standard","meta":{"_acf_changed":false,"footnotes":""},"categories":[148],"tags":[5281,5282,5283],"naslovna":[],"class_list":["post-903726","post","type-post","status-publish","format-standard","has-post-thumbnail","hentry","category-sport","tag-bk-rad","tag-teofana-milosevic","tag-vasko-piletic"],"acf":[],"yoast_head":"<!-- This site is optimized with the Yoast SEO plugin v27.0 - https:\/\/yoast.com\/product\/yoast-seo-wordpress\/ -->\n<title>Dvije titule prvaka dr\u017eave za boksere Rada - dmcsrb.com<\/title>\n<meta name=\"robots\" content=\"index, follow, max-snippet:-1, max-image-preview:large, max-video-preview:-1\" \/>\n<link rel=\"canonical\" href=\"https:\/\/dmcsrb.com\/en\/sport\/dvije-titule-prvaka-drzave-za-boksere-rada-2\/\" \/>\n<meta property=\"og:locale\" content=\"en_GB\" \/>\n<meta property=\"og:type\" content=\"article\" \/>\n<meta property=\"og:title\" content=\"Dvije titule prvaka dr\u017eave za boksere Rada - dmcsrb.com\" \/>\n<meta property=\"og:description\" content=\"Veoma uspje\u0161an nastup na Pojedina\u010dnom prvenstvu Crne Gore u boksu imao je Bokserski klub Rad.\" \/>\n<meta property=\"og:url\" content=\"https:\/\/dmcsrb.com\/en\/sport\/dvije-titule-prvaka-drzave-za-boksere-rada-2\/\" \/>\n<meta property=\"og:site_name\" content=\"dmcsrb.com\" \/>\n<meta property=\"article:published_time\" content=\"2026-01-01T13:58:00+00:00\" \/>\n<meta property=\"og:image\" content=\"https:\/\/dmcsrb.com\/wp-content\/uploads\/2026\/01\/Piletic-sa-pulenima-BK-Rad-1.jpg\" \/>\n\t<meta property=\"og:image:width\" content=\"1024\" \/>\n\t<meta property=\"og:image:height\" content=\"1365\" \/>\n\t<meta property=\"og:image:type\" content=\"image\/jpeg\" \/>\n<meta name=\"author\" content=\"dmcsrbija.com@gmail.com\" \/>\n<meta name=\"twitter:card\" content=\"summary_large_image\" \/>\n<meta name=\"twitter:label1\" content=\"Written by\" \/>\n\t<meta name=\"twitter:data1\" content=\"dmcsrbija.com@gmail.com\" \/>\n\t<meta name=\"twitter:label2\" content=\"Estimated reading time\" \/>\n\t<meta name=\"twitter:data2\" content=\"1 minute\" \/>\n<script type=\"application\/ld+json\" class=\"yoast-schema-graph\">{\"@context\":\"https:\/\/schema.org\",\"@graph\":[{\"@type\":\"Article\",\"@id\":\"https:\/\/dmcsrb.com\/sport\/dvije-titule-prvaka-drzave-za-boksere-rada-2\/#article\",\"isPartOf\":{\"@id\":\"https:\/\/dmcsrb.com\/sport\/dvije-titule-prvaka-drzave-za-boksere-rada-2\/\"},\"author\":{\"name\":\"dmcsrbija.com@gmail.com\",\"@id\":\"https:\/\/dmcsrb.com\/#\/schema\/person\/5c39170f12db1b8b457732d0b5c854e2\"},\"headline\":\"Dvije titule prvaka dr\u017eave za boksere Rada\",\"datePublished\":\"2026-01-01T13:58:00+00:00\",\"mainEntityOfPage\":{\"@id\":\"https:\/\/dmcsrb.com\/sport\/dvije-titule-prvaka-drzave-za-boksere-rada-2\/\"},\"wordCount\":218,\"commentCount\":0,\"image\":{\"@id\":\"https:\/\/dmcsrb.com\/sport\/dvije-titule-prvaka-drzave-za-boksere-rada-2\/#primaryimage\"},\"thumbnailUrl\":\"https:\/\/dmcsrb.com\/wp-content\/uploads\/2026\/01\/Piletic-sa-pulenima-BK-Rad-1.jpg\",\"keywords\":[\"BK Rad\",\"Teofana Milo\u0161evi\u0107\",\"Vasko Pileti\u0107\"],\"articleSection\":[\"Sport\"],\"inLanguage\":\"en-GB\",\"potentialAction\":[{\"@type\":\"CommentAction\",\"name\":\"Comment\",\"target\":[\"https:\/\/dmcsrb.com\/sport\/dvije-titule-prvaka-drzave-za-boksere-rada-2\/#respond\"]}]},{\"@type\":\"WebPage\",\"@id\":\"https:\/\/dmcsrb.com\/sport\/dvije-titule-prvaka-drzave-za-boksere-rada-2\/\",\"url\":\"https:\/\/dmcsrb.com\/sport\/dvije-titule-prvaka-drzave-za-boksere-rada-2\/\",\"name\":\"Dvije titule prvaka dr\u017eave za boksere Rada - dmcsrb.com\",\"isPartOf\":{\"@id\":\"https:\/\/dmcsrb.com\/#website\"},\"primaryImageOfPage\":{\"@id\":\"https:\/\/dmcsrb.com\/sport\/dvije-titule-prvaka-drzave-za-boksere-rada-2\/#primaryimage\"},\"image\":{\"@id\":\"https:\/\/dmcsrb.com\/sport\/dvije-titule-prvaka-drzave-za-boksere-rada-2\/#primaryimage\"},\"thumbnailUrl\":\"https:\/\/dmcsrb.com\/wp-content\/uploads\/2026\/01\/Piletic-sa-pulenima-BK-Rad-1.jpg\",\"datePublished\":\"2026-01-01T13:58:00+00:00\",\"author\":{\"@id\":\"https:\/\/dmcsrb.com\/#\/schema\/person\/5c39170f12db1b8b457732d0b5c854e2\"},\"breadcrumb\":{\"@id\":\"https:\/\/dmcsrb.com\/sport\/dvije-titule-prvaka-drzave-za-boksere-rada-2\/#breadcrumb\"},\"inLanguage\":\"en-GB\",\"potentialAction\":[{\"@type\":\"ReadAction\",\"target\":[\"https:\/\/dmcsrb.com\/sport\/dvije-titule-prvaka-drzave-za-boksere-rada-2\/\"]}]},{\"@type\":\"ImageObject\",\"inLanguage\":\"en-GB\",\"@id\":\"https:\/\/dmcsrb.com\/sport\/dvije-titule-prvaka-drzave-za-boksere-rada-2\/#primaryimage\",\"url\":\"https:\/\/dmcsrb.com\/wp-content\/uploads\/2026\/01\/Piletic-sa-pulenima-BK-Rad-1.jpg\",\"contentUrl\":\"https:\/\/dmcsrb.com\/wp-content\/uploads\/2026\/01\/Piletic-sa-pulenima-BK-Rad-1.jpg\",\"width\":1024,\"height\":1365,\"caption\":\"Foto: BK Rad\"},{\"@type\":\"BreadcrumbList\",\"@id\":\"https:\/\/dmcsrb.com\/sport\/dvije-titule-prvaka-drzave-za-boksere-rada-2\/#breadcrumb\",\"itemListElement\":[{\"@type\":\"ListItem\",\"position\":1,\"name\":\"Home\",\"item\":\"https:\/\/dmcsrb.com\/\"},{\"@type\":\"ListItem\",\"position\":2,\"name\":\"Dvije titule prvaka dr\u017eave za boksere Rada\"}]},{\"@type\":\"WebSite\",\"@id\":\"https:\/\/dmcsrb.com\/#website\",\"url\":\"https:\/\/dmcsrb.com\/\",\"name\":\"dmcsrb.com\",\"description\":\"\",\"potentialAction\":[{\"@type\":\"SearchAction\",\"target\":{\"@type\":\"EntryPoint\",\"urlTemplate\":\"https:\/\/dmcsrb.com\/?s={search_term_string}\"},\"query-input\":{\"@type\":\"PropertyValueSpecification\",\"valueRequired\":true,\"valueName\":\"search_term_string\"}}],\"inLanguage\":\"en-GB\"},{\"@type\":\"Person\",\"@id\":\"https:\/\/dmcsrb.com\/#\/schema\/person\/5c39170f12db1b8b457732d0b5c854e2\",\"name\":\"dmcsrbija.com@gmail.com\",\"image\":{\"@type\":\"ImageObject\",\"inLanguage\":\"en-GB\",\"@id\":\"https:\/\/dmcsrb.com\/#\/schema\/person\/image\/\",\"url\":\"https:\/\/secure.gravatar.com\/avatar\/68592660ad6347fad0fb587f8d5d8f1a7b44961362f56e4f2cd524feb87e9069?s=96&d=mm&r=g\",\"contentUrl\":\"https:\/\/secure.gravatar.com\/avatar\/68592660ad6347fad0fb587f8d5d8f1a7b44961362f56e4f2cd524feb87e9069?s=96&d=mm&r=g\",\"caption\":\"dmcsrbija.com@gmail.com\"},\"sameAs\":[\"https:\/\/dmcsrb.com\"],\"url\":\"https:\/\/dmcsrb.com\/en\/author\/dmcsrbija-comgmail-com\/\"}]}<\/script>\n<!-- \/ Yoast SEO plugin. -->","yoast_head_json":{"title":"Dvije titule prvaka dr\u017eave za boksere Rada - dmcsrb.com","robots":{"index":"index","follow":"follow","max-snippet":"max-snippet:-1","max-image-preview":"max-image-preview:large","max-video-preview":"max-video-preview:-1"},"canonical":"https:\/\/dmcsrb.com\/en\/sport\/dvije-titule-prvaka-drzave-za-boksere-rada-2\/","og_locale":"en_GB","og_type":"article","og_title":"Dvije titule prvaka dr\u017eave za boksere Rada - dmcsrb.com","og_description":"Veoma uspje\u0161an nastup na Pojedina\u010dnom prvenstvu Crne Gore u boksu imao je Bokserski klub Rad.","og_url":"https:\/\/dmcsrb.com\/en\/sport\/dvije-titule-prvaka-drzave-za-boksere-rada-2\/","og_site_name":"dmcsrb.com","article_published_time":"2026-01-01T13:58:00+00:00","og_image":[{"width":1024,"height":1365,"url":"https:\/\/dmcsrb.com\/wp-content\/uploads\/2026\/01\/Piletic-sa-pulenima-BK-Rad-1.jpg","type":"image\/jpeg"}],"author":"dmcsrbija.com@gmail.com","twitter_card":"summary_large_image","twitter_misc":{"Written by":"dmcsrbija.com@gmail.com","Estimated reading time":"1 minute"},"schema":{"@context":"https:\/\/schema.org","@graph":[{"@type":"Article","@id":"https:\/\/dmcsrb.com\/sport\/dvije-titule-prvaka-drzave-za-boksere-rada-2\/#article","isPartOf":{"@id":"https:\/\/dmcsrb.com\/sport\/dvije-titule-prvaka-drzave-za-boksere-rada-2\/"},"author":{"name":"dmcsrbija.com@gmail.com","@id":"https:\/\/dmcsrb.com\/#\/schema\/person\/5c39170f12db1b8b457732d0b5c854e2"},"headline":"Dvije titule prvaka dr\u017eave za boksere Rada","datePublished":"2026-01-01T13:58:00+00:00","mainEntityOfPage":{"@id":"https:\/\/dmcsrb.com\/sport\/dvije-titule-prvaka-drzave-za-boksere-rada-2\/"},"wordCount":218,"commentCount":0,"image":{"@id":"https:\/\/dmcsrb.com\/sport\/dvije-titule-prvaka-drzave-za-boksere-rada-2\/#primaryimage"},"thumbnailUrl":"https:\/\/dmcsrb.com\/wp-content\/uploads\/2026\/01\/Piletic-sa-pulenima-BK-Rad-1.jpg","keywords":["BK Rad","Teofana Milo\u0161evi\u0107","Vasko Pileti\u0107"],"articleSection":["Sport"],"inLanguage":"en-GB","potentialAction":[{"@type":"CommentAction","name":"Comment","target":["https:\/\/dmcsrb.com\/sport\/dvije-titule-prvaka-drzave-za-boksere-rada-2\/#respond"]}]},{"@type":"WebPage","@id":"https:\/\/dmcsrb.com\/sport\/dvije-titule-prvaka-drzave-za-boksere-rada-2\/","url":"https:\/\/dmcsrb.com\/sport\/dvije-titule-prvaka-drzave-za-boksere-rada-2\/","name":"Dvije titule prvaka dr\u017eave za boksere Rada - dmcsrb.com","isPartOf":{"@id":"https:\/\/dmcsrb.com\/#website"},"primaryImageOfPage":{"@id":"https:\/\/dmcsrb.com\/sport\/dvije-titule-prvaka-drzave-za-boksere-rada-2\/#primaryimage"},"image":{"@id":"https:\/\/dmcsrb.com\/sport\/dvije-titule-prvaka-drzave-za-boksere-rada-2\/#primaryimage"},"thumbnailUrl":"https:\/\/dmcsrb.com\/wp-content\/uploads\/2026\/01\/Piletic-sa-pulenima-BK-Rad-1.jpg","datePublished":"2026-01-01T13:58:00+00:00","author":{"@id":"https:\/\/dmcsrb.com\/#\/schema\/person\/5c39170f12db1b8b457732d0b5c854e2"},"breadcrumb":{"@id":"https:\/\/dmcsrb.com\/sport\/dvije-titule-prvaka-drzave-za-boksere-rada-2\/#breadcrumb"},"inLanguage":"en-GB","potentialAction":[{"@type":"ReadAction","target":["https:\/\/dmcsrb.com\/sport\/dvije-titule-prvaka-drzave-za-boksere-rada-2\/"]}]},{"@type":"ImageObject","inLanguage":"en-GB","@id":"https:\/\/dmcsrb.com\/sport\/dvije-titule-prvaka-drzave-za-boksere-rada-2\/#primaryimage","url":"https:\/\/dmcsrb.com\/wp-content\/uploads\/2026\/01\/Piletic-sa-pulenima-BK-Rad-1.jpg","contentUrl":"https:\/\/dmcsrb.com\/wp-content\/uploads\/2026\/01\/Piletic-sa-pulenima-BK-Rad-1.jpg","width":1024,"height":1365,"caption":"Foto: BK Rad"},{"@type":"BreadcrumbList","@id":"https:\/\/dmcsrb.com\/sport\/dvije-titule-prvaka-drzave-za-boksere-rada-2\/#breadcrumb","itemListElement":[{"@type":"ListItem","position":1,"name":"Home","item":"https:\/\/dmcsrb.com\/"},{"@type":"ListItem","position":2,"name":"Dvije titule prvaka dr\u017eave za boksere Rada"}]},{"@type":"WebSite","@id":"https:\/\/dmcsrb.com\/#website","url":"https:\/\/dmcsrb.com\/","name":"dmcsrb.com","description":"","potentialAction":[{"@type":"SearchAction","target":{"@type":"EntryPoint","urlTemplate":"https:\/\/dmcsrb.com\/?s={search_term_string}"},"query-input":{"@type":"PropertyValueSpecification","valueRequired":true,"valueName":"search_term_string"}}],"inLanguage":"en-GB"},{"@type":"Person","@id":"https:\/\/dmcsrb.com\/#\/schema\/person\/5c39170f12db1b8b457732d0b5c854e2","name":"dmcsrbija.com@gmail.com","image":{"@type":"ImageObject","inLanguage":"en-GB","@id":"https:\/\/dmcsrb.com\/#\/schema\/person\/image\/","url":"https:\/\/secure.gravatar.com\/avatar\/68592660ad6347fad0fb587f8d5d8f1a7b44961362f56e4f2cd524feb87e9069?s=96&d=mm&r=g","contentUrl":"https:\/\/secure.gravatar.com\/avatar\/68592660ad6347fad0fb587f8d5d8f1a7b44961362f56e4f2cd524feb87e9069?s=96&d=mm&r=g","caption":"dmcsrbija.com@gmail.com"},"sameAs":["https:\/\/dmcsrb.com"],"url":"https:\/\/dmcsrb.com\/en\/author\/dmcsrbija-comgmail-com\/"}]}},"_links":{"self":[{"href":"https:\/\/dmcsrb.com\/en\/wp-json\/wp\/v2\/posts\/903726","targetHints":{"allow":["GET"]}}],"collection":[{"href":"https:\/\/dmcsrb.com\/en\/wp-json\/wp\/v2\/posts"}],"about":[{"href":"https:\/\/dmcsrb.com\/en\/wp-json\/wp\/v2\/types\/post"}],"author":[{"embeddable":true,"href":"https:\/\/dmcsrb.com\/en\/wp-json\/wp\/v2\/users\/1"}],"replies":[{"embeddable":true,"href":"https:\/\/dmcsrb.com\/en\/wp-json\/wp\/v2\/comments?post=903726"}],"version-history":[{"count":0,"href":"https:\/\/dmcsrb.com\/en\/wp-json\/wp\/v2\/posts\/903726\/revisions"}],"wp:featuredmedia":[{"embeddable":true,"href":"https:\/\/dmcsrb.com\/en\/wp-json\/wp\/v2\/media\/903727"}],"wp:attachment":[{"href":"https:\/\/dmcsrb.com\/en\/wp-json\/wp\/v2\/media?parent=903726"}],"wp:term":[{"taxonomy":"category","embeddable":true,"href":"https:\/\/dmcsrb.com\/en\/wp-json\/wp\/v2\/categories?post=903726"},{"taxonomy":"post_tag","embeddable":true,"href":"https:\/\/dmcsrb.com\/en\/wp-json\/wp\/v2\/tags?post=903726"},{"taxonomy":"naslovna","embeddable":true,"href":"https:\/\/dmcsrb.com\/en\/wp-json\/wp\/v2\/naslovna?post=903726"}],"curies":[{"name":"wp","href":"https:\/\/api.w.org\/{rel}","templated":true}]}}