{"id":903711,"date":"2026-01-01T15:24:00","date_gmt":"2026-01-01T14:24:00","guid":{"rendered":"https:\/\/gradski.me\/?p=903711"},"modified":"2026-01-01T15:24:00","modified_gmt":"2026-01-01T14:24:00","slug":"hrvatska-od-danas-sama-nadzire-svoj-vazdusni-prostor-uz-pomoc-aviona-rafale-2","status":"publish","type":"post","link":"https:\/\/dmcsrb.com\/en\/region\/hrvatska-od-danas-sama-nadzire-svoj-vazdusni-prostor-uz-pomoc-aviona-rafale-2\/","title":{"rendered":"Hrvatska od danas sama nadzire svoj vazdu\u0161ni prostor uz pomo\u0107 aviona &#8220;Rafale&#8221;"},"content":{"rendered":"<p><br><br><\/p>\n\n\n\n<p>Nadzor \u0107e biti sprovo\u0111en 24 sata dnevno sedam dana u nedjelji prema NATO standardima i procedurama i nacionalnim propisima.<\/p>\n\n\n\n<p>Tokom prelaznog perioda obuke hrvatskih pilota, mirnodopski zadatak nadzora i za\u0161tite vazdu\u0161nog prostora Hrvatske privremeno je sprovo\u0111ena iz vazduhoplovnih baza u susjednim dr\u017eavama \u010dlanicama NATO-a \u2013 Italije i Ma\u0111arske, prenose hrvatski mediji.<\/p>\n\n\n\n<p>Hrvatska ina\u010de ima 12 ovakvih vi\u0161enamjenskih aviona, a posljednji je stigao u aprilu ove godine.<\/p>\n\n\n\n<p>Eskadrila Rafalea \u010dini okosnicu sposobnosti Hrvatskog ratnog zrakoplovstva te zna\u010dajno pridonosi ja\u010danju nacionalne sigurnosti, odvra\u0107anja i odbrambene sposobnosti Republike Hrvatske u sklopu NATO-a. Kompletiranjem eskadrile, Hrvatska ne samo da dose\u017ee novi nivo borbene spremnosti, ve\u0107 i dodatno u\u010dvr\u0161\u0107uje svoj polo\u017eaj unutar Saveza, poru\u010dili su.<\/p>","protected":false},"excerpt":{"rendered":"<p>Hrvatska je danas preuzela nadzor i za\u0161titu vazdu\u0161nog prostora vi\u0161enamjenskim borbenim avionima Rafale u okviru NATO integrisanog sistema protivvazdu\u0161ne i protiraketne odbrane.<\/p>","protected":false},"author":1,"featured_media":577931,"comment_status":"open","ping_status":"open","sticky":false,"template":"","format":"standard","meta":{"_acf_changed":false,"footnotes":""},"categories":[103],"tags":[806,5279,290,5280],"naslovna":[],"class_list":["post-903711","post","type-post","status-publish","format-standard","has-post-thumbnail","hentry","category-region","tag-hrvatska","tag-nadzor","tag-nebo","tag-rafale"],"acf":[],"yoast_head":"<!-- This site is optimized with the Yoast SEO plugin v27.4 - https:\/\/yoast.com\/product\/yoast-seo-wordpress\/ -->\n<title>Hrvatska od danas sama nadzire svoj vazdu\u0161ni prostor uz pomo\u0107 aviona &quot;Rafale&quot; - dmcsrb.com<\/title>\n<meta name=\"robots\" content=\"index, follow, max-snippet:-1, max-image-preview:large, max-video-preview:-1\" \/>\n<link rel=\"canonical\" href=\"https:\/\/dmcsrb.com\/en\/region\/hrvatska-od-danas-sama-nadzire-svoj-vazdusni-prostor-uz-pomoc-aviona-rafale-2\/\" \/>\n<meta property=\"og:locale\" content=\"en_GB\" \/>\n<meta property=\"og:type\" content=\"article\" \/>\n<meta property=\"og:title\" content=\"Hrvatska od danas sama nadzire svoj vazdu\u0161ni prostor uz pomo\u0107 aviona &quot;Rafale&quot; - dmcsrb.com\" \/>\n<meta property=\"og:description\" content=\"Hrvatska je danas preuzela nadzor i za\u0161titu vazdu\u0161nog prostora vi\u0161enamjenskim borbenim avionima Rafale u okviru NATO integrisanog sistema protivvazdu\u0161ne i protiraketne odbrane.\" \/>\n<meta property=\"og:url\" content=\"https:\/\/dmcsrb.com\/en\/region\/hrvatska-od-danas-sama-nadzire-svoj-vazdusni-prostor-uz-pomoc-aviona-rafale-2\/\" \/>\n<meta property=\"og:site_name\" content=\"dmcsrb.com\" \/>\n<meta property=\"article:published_time\" content=\"2026-01-01T14:24:00+00:00\" \/>\n<meta property=\"og:image\" content=\"https:\/\/dmcsrb.com\/wp-content\/uploads\/2024\/07\/Hrvatska-zastava-foto-pixabay.jpg\" \/>\n\t<meta property=\"og:image:width\" content=\"948\" \/>\n\t<meta property=\"og:image:height\" content=\"617\" \/>\n\t<meta property=\"og:image:type\" content=\"image\/jpeg\" \/>\n<meta name=\"author\" content=\"dmcsrbija.com@gmail.com\" \/>\n<meta name=\"twitter:card\" content=\"summary_large_image\" \/>\n<meta name=\"twitter:label1\" content=\"Written by\" \/>\n\t<meta name=\"twitter:data1\" content=\"dmcsrbija.com@gmail.com\" \/>\n\t<meta name=\"twitter:label2\" content=\"Estimated reading time\" \/>\n\t<meta name=\"twitter:data2\" content=\"1 minute\" \/>\n<script type=\"application\/ld+json\" class=\"yoast-schema-graph\">{\"@context\":\"https:\\\/\\\/schema.org\",\"@graph\":[{\"@type\":\"Article\",\"@id\":\"https:\\\/\\\/dmcsrb.com\\\/region\\\/hrvatska-od-danas-sama-nadzire-svoj-vazdusni-prostor-uz-pomoc-aviona-rafale-2\\\/#article\",\"isPartOf\":{\"@id\":\"https:\\\/\\\/dmcsrb.com\\\/region\\\/hrvatska-od-danas-sama-nadzire-svoj-vazdusni-prostor-uz-pomoc-aviona-rafale-2\\\/\"},\"author\":{\"name\":\"dmcsrbija.com@gmail.com\",\"@id\":\"https:\\\/\\\/dmcsrb.com\\\/#\\\/schema\\\/person\\\/5c39170f12db1b8b457732d0b5c854e2\"},\"headline\":\"Hrvatska od danas sama nadzire svoj vazdu\u0161ni prostor uz pomo\u0107 aviona &#8220;Rafale&#8221;\",\"datePublished\":\"2026-01-01T14:24:00+00:00\",\"mainEntityOfPage\":{\"@id\":\"https:\\\/\\\/dmcsrb.com\\\/region\\\/hrvatska-od-danas-sama-nadzire-svoj-vazdusni-prostor-uz-pomoc-aviona-rafale-2\\\/\"},\"wordCount\":136,\"commentCount\":0,\"image\":{\"@id\":\"https:\\\/\\\/dmcsrb.com\\\/region\\\/hrvatska-od-danas-sama-nadzire-svoj-vazdusni-prostor-uz-pomoc-aviona-rafale-2\\\/#primaryimage\"},\"thumbnailUrl\":\"https:\\\/\\\/dmcsrb.com\\\/wp-content\\\/uploads\\\/2024\\\/07\\\/Hrvatska-zastava-foto-pixabay.jpg\",\"keywords\":[\"Hrvatska\",\"nadzor\",\"Nebo\",\"Rafale\"],\"articleSection\":[\"Region\"],\"inLanguage\":\"en-GB\",\"potentialAction\":[{\"@type\":\"CommentAction\",\"name\":\"Comment\",\"target\":[\"https:\\\/\\\/dmcsrb.com\\\/region\\\/hrvatska-od-danas-sama-nadzire-svoj-vazdusni-prostor-uz-pomoc-aviona-rafale-2\\\/#respond\"]}]},{\"@type\":\"WebPage\",\"@id\":\"https:\\\/\\\/dmcsrb.com\\\/region\\\/hrvatska-od-danas-sama-nadzire-svoj-vazdusni-prostor-uz-pomoc-aviona-rafale-2\\\/\",\"url\":\"https:\\\/\\\/dmcsrb.com\\\/region\\\/hrvatska-od-danas-sama-nadzire-svoj-vazdusni-prostor-uz-pomoc-aviona-rafale-2\\\/\",\"name\":\"Hrvatska od danas sama nadzire svoj vazdu\u0161ni prostor uz pomo\u0107 aviona \\\"Rafale\\\" - dmcsrb.com\",\"isPartOf\":{\"@id\":\"https:\\\/\\\/dmcsrb.com\\\/#website\"},\"primaryImageOfPage\":{\"@id\":\"https:\\\/\\\/dmcsrb.com\\\/region\\\/hrvatska-od-danas-sama-nadzire-svoj-vazdusni-prostor-uz-pomoc-aviona-rafale-2\\\/#primaryimage\"},\"image\":{\"@id\":\"https:\\\/\\\/dmcsrb.com\\\/region\\\/hrvatska-od-danas-sama-nadzire-svoj-vazdusni-prostor-uz-pomoc-aviona-rafale-2\\\/#primaryimage\"},\"thumbnailUrl\":\"https:\\\/\\\/dmcsrb.com\\\/wp-content\\\/uploads\\\/2024\\\/07\\\/Hrvatska-zastava-foto-pixabay.jpg\",\"datePublished\":\"2026-01-01T14:24:00+00:00\",\"author\":{\"@id\":\"https:\\\/\\\/dmcsrb.com\\\/#\\\/schema\\\/person\\\/5c39170f12db1b8b457732d0b5c854e2\"},\"breadcrumb\":{\"@id\":\"https:\\\/\\\/dmcsrb.com\\\/region\\\/hrvatska-od-danas-sama-nadzire-svoj-vazdusni-prostor-uz-pomoc-aviona-rafale-2\\\/#breadcrumb\"},\"inLanguage\":\"en-GB\",\"potentialAction\":[{\"@type\":\"ReadAction\",\"target\":[\"https:\\\/\\\/dmcsrb.com\\\/region\\\/hrvatska-od-danas-sama-nadzire-svoj-vazdusni-prostor-uz-pomoc-aviona-rafale-2\\\/\"]}]},{\"@type\":\"ImageObject\",\"inLanguage\":\"en-GB\",\"@id\":\"https:\\\/\\\/dmcsrb.com\\\/region\\\/hrvatska-od-danas-sama-nadzire-svoj-vazdusni-prostor-uz-pomoc-aviona-rafale-2\\\/#primaryimage\",\"url\":\"https:\\\/\\\/dmcsrb.com\\\/wp-content\\\/uploads\\\/2024\\\/07\\\/Hrvatska-zastava-foto-pixabay.jpg\",\"contentUrl\":\"https:\\\/\\\/dmcsrb.com\\\/wp-content\\\/uploads\\\/2024\\\/07\\\/Hrvatska-zastava-foto-pixabay.jpg\",\"width\":948,\"height\":617,\"caption\":\"Foto: Pixabay\"},{\"@type\":\"BreadcrumbList\",\"@id\":\"https:\\\/\\\/dmcsrb.com\\\/region\\\/hrvatska-od-danas-sama-nadzire-svoj-vazdusni-prostor-uz-pomoc-aviona-rafale-2\\\/#breadcrumb\",\"itemListElement\":[{\"@type\":\"ListItem\",\"position\":1,\"name\":\"Home\",\"item\":\"https:\\\/\\\/dmcsrb.com\\\/\"},{\"@type\":\"ListItem\",\"position\":2,\"name\":\"Hrvatska od danas sama nadzire svoj vazdu\u0161ni prostor uz pomo\u0107 aviona &#8220;Rafale&#8221;\"}]},{\"@type\":\"WebSite\",\"@id\":\"https:\\\/\\\/dmcsrb.com\\\/#website\",\"url\":\"https:\\\/\\\/dmcsrb.com\\\/\",\"name\":\"dmcsrb.com\",\"description\":\"\",\"potentialAction\":[{\"@type\":\"SearchAction\",\"target\":{\"@type\":\"EntryPoint\",\"urlTemplate\":\"https:\\\/\\\/dmcsrb.com\\\/?s={search_term_string}\"},\"query-input\":{\"@type\":\"PropertyValueSpecification\",\"valueRequired\":true,\"valueName\":\"search_term_string\"}}],\"inLanguage\":\"en-GB\"},{\"@type\":\"Person\",\"@id\":\"https:\\\/\\\/dmcsrb.com\\\/#\\\/schema\\\/person\\\/5c39170f12db1b8b457732d0b5c854e2\",\"name\":\"dmcsrbija.com@gmail.com\",\"image\":{\"@type\":\"ImageObject\",\"inLanguage\":\"en-GB\",\"@id\":\"https:\\\/\\\/secure.gravatar.com\\\/avatar\\\/68592660ad6347fad0fb587f8d5d8f1a7b44961362f56e4f2cd524feb87e9069?s=96&d=mm&r=g\",\"url\":\"https:\\\/\\\/secure.gravatar.com\\\/avatar\\\/68592660ad6347fad0fb587f8d5d8f1a7b44961362f56e4f2cd524feb87e9069?s=96&d=mm&r=g\",\"contentUrl\":\"https:\\\/\\\/secure.gravatar.com\\\/avatar\\\/68592660ad6347fad0fb587f8d5d8f1a7b44961362f56e4f2cd524feb87e9069?s=96&d=mm&r=g\",\"caption\":\"dmcsrbija.com@gmail.com\"},\"sameAs\":[\"https:\\\/\\\/dmcsrb.com\"],\"url\":\"https:\\\/\\\/dmcsrb.com\\\/en\\\/author\\\/dmcsrbija-comgmail-com\\\/\"}]}<\/script>\n<!-- \/ Yoast SEO plugin. -->","yoast_head_json":{"title":"Hrvatska od danas sama nadzire svoj vazdu\u0161ni prostor uz pomo\u0107 aviona \"Rafale\" - dmcsrb.com","robots":{"index":"index","follow":"follow","max-snippet":"max-snippet:-1","max-image-preview":"max-image-preview:large","max-video-preview":"max-video-preview:-1"},"canonical":"https:\/\/dmcsrb.com\/en\/region\/hrvatska-od-danas-sama-nadzire-svoj-vazdusni-prostor-uz-pomoc-aviona-rafale-2\/","og_locale":"en_GB","og_type":"article","og_title":"Hrvatska od danas sama nadzire svoj vazdu\u0161ni prostor uz pomo\u0107 aviona \"Rafale\" - dmcsrb.com","og_description":"Hrvatska je danas preuzela nadzor i za\u0161titu vazdu\u0161nog prostora vi\u0161enamjenskim borbenim avionima Rafale u okviru NATO integrisanog sistema protivvazdu\u0161ne i protiraketne odbrane.","og_url":"https:\/\/dmcsrb.com\/en\/region\/hrvatska-od-danas-sama-nadzire-svoj-vazdusni-prostor-uz-pomoc-aviona-rafale-2\/","og_site_name":"dmcsrb.com","article_published_time":"2026-01-01T14:24:00+00:00","og_image":[{"width":948,"height":617,"url":"https:\/\/dmcsrb.com\/wp-content\/uploads\/2024\/07\/Hrvatska-zastava-foto-pixabay.jpg","type":"image\/jpeg"}],"author":"dmcsrbija.com@gmail.com","twitter_card":"summary_large_image","twitter_misc":{"Written by":"dmcsrbija.com@gmail.com","Estimated reading time":"1 minute"},"schema":{"@context":"https:\/\/schema.org","@graph":[{"@type":"Article","@id":"https:\/\/dmcsrb.com\/region\/hrvatska-od-danas-sama-nadzire-svoj-vazdusni-prostor-uz-pomoc-aviona-rafale-2\/#article","isPartOf":{"@id":"https:\/\/dmcsrb.com\/region\/hrvatska-od-danas-sama-nadzire-svoj-vazdusni-prostor-uz-pomoc-aviona-rafale-2\/"},"author":{"name":"dmcsrbija.com@gmail.com","@id":"https:\/\/dmcsrb.com\/#\/schema\/person\/5c39170f12db1b8b457732d0b5c854e2"},"headline":"Hrvatska od danas sama nadzire svoj vazdu\u0161ni prostor uz pomo\u0107 aviona &#8220;Rafale&#8221;","datePublished":"2026-01-01T14:24:00+00:00","mainEntityOfPage":{"@id":"https:\/\/dmcsrb.com\/region\/hrvatska-od-danas-sama-nadzire-svoj-vazdusni-prostor-uz-pomoc-aviona-rafale-2\/"},"wordCount":136,"commentCount":0,"image":{"@id":"https:\/\/dmcsrb.com\/region\/hrvatska-od-danas-sama-nadzire-svoj-vazdusni-prostor-uz-pomoc-aviona-rafale-2\/#primaryimage"},"thumbnailUrl":"https:\/\/dmcsrb.com\/wp-content\/uploads\/2024\/07\/Hrvatska-zastava-foto-pixabay.jpg","keywords":["Hrvatska","nadzor","Nebo","Rafale"],"articleSection":["Region"],"inLanguage":"en-GB","potentialAction":[{"@type":"CommentAction","name":"Comment","target":["https:\/\/dmcsrb.com\/region\/hrvatska-od-danas-sama-nadzire-svoj-vazdusni-prostor-uz-pomoc-aviona-rafale-2\/#respond"]}]},{"@type":"WebPage","@id":"https:\/\/dmcsrb.com\/region\/hrvatska-od-danas-sama-nadzire-svoj-vazdusni-prostor-uz-pomoc-aviona-rafale-2\/","url":"https:\/\/dmcsrb.com\/region\/hrvatska-od-danas-sama-nadzire-svoj-vazdusni-prostor-uz-pomoc-aviona-rafale-2\/","name":"Hrvatska od danas sama nadzire svoj vazdu\u0161ni prostor uz pomo\u0107 aviona \"Rafale\" - dmcsrb.com","isPartOf":{"@id":"https:\/\/dmcsrb.com\/#website"},"primaryImageOfPage":{"@id":"https:\/\/dmcsrb.com\/region\/hrvatska-od-danas-sama-nadzire-svoj-vazdusni-prostor-uz-pomoc-aviona-rafale-2\/#primaryimage"},"image":{"@id":"https:\/\/dmcsrb.com\/region\/hrvatska-od-danas-sama-nadzire-svoj-vazdusni-prostor-uz-pomoc-aviona-rafale-2\/#primaryimage"},"thumbnailUrl":"https:\/\/dmcsrb.com\/wp-content\/uploads\/2024\/07\/Hrvatska-zastava-foto-pixabay.jpg","datePublished":"2026-01-01T14:24:00+00:00","author":{"@id":"https:\/\/dmcsrb.com\/#\/schema\/person\/5c39170f12db1b8b457732d0b5c854e2"},"breadcrumb":{"@id":"https:\/\/dmcsrb.com\/region\/hrvatska-od-danas-sama-nadzire-svoj-vazdusni-prostor-uz-pomoc-aviona-rafale-2\/#breadcrumb"},"inLanguage":"en-GB","potentialAction":[{"@type":"ReadAction","target":["https:\/\/dmcsrb.com\/region\/hrvatska-od-danas-sama-nadzire-svoj-vazdusni-prostor-uz-pomoc-aviona-rafale-2\/"]}]},{"@type":"ImageObject","inLanguage":"en-GB","@id":"https:\/\/dmcsrb.com\/region\/hrvatska-od-danas-sama-nadzire-svoj-vazdusni-prostor-uz-pomoc-aviona-rafale-2\/#primaryimage","url":"https:\/\/dmcsrb.com\/wp-content\/uploads\/2024\/07\/Hrvatska-zastava-foto-pixabay.jpg","contentUrl":"https:\/\/dmcsrb.com\/wp-content\/uploads\/2024\/07\/Hrvatska-zastava-foto-pixabay.jpg","width":948,"height":617,"caption":"Foto: Pixabay"},{"@type":"BreadcrumbList","@id":"https:\/\/dmcsrb.com\/region\/hrvatska-od-danas-sama-nadzire-svoj-vazdusni-prostor-uz-pomoc-aviona-rafale-2\/#breadcrumb","itemListElement":[{"@type":"ListItem","position":1,"name":"Home","item":"https:\/\/dmcsrb.com\/"},{"@type":"ListItem","position":2,"name":"Hrvatska od danas sama nadzire svoj vazdu\u0161ni prostor uz pomo\u0107 aviona &#8220;Rafale&#8221;"}]},{"@type":"WebSite","@id":"https:\/\/dmcsrb.com\/#website","url":"https:\/\/dmcsrb.com\/","name":"dmcsrb.com","description":"","potentialAction":[{"@type":"SearchAction","target":{"@type":"EntryPoint","urlTemplate":"https:\/\/dmcsrb.com\/?s={search_term_string}"},"query-input":{"@type":"PropertyValueSpecification","valueRequired":true,"valueName":"search_term_string"}}],"inLanguage":"en-GB"},{"@type":"Person","@id":"https:\/\/dmcsrb.com\/#\/schema\/person\/5c39170f12db1b8b457732d0b5c854e2","name":"dmcsrbija.com@gmail.com","image":{"@type":"ImageObject","inLanguage":"en-GB","@id":"https:\/\/secure.gravatar.com\/avatar\/68592660ad6347fad0fb587f8d5d8f1a7b44961362f56e4f2cd524feb87e9069?s=96&d=mm&r=g","url":"https:\/\/secure.gravatar.com\/avatar\/68592660ad6347fad0fb587f8d5d8f1a7b44961362f56e4f2cd524feb87e9069?s=96&d=mm&r=g","contentUrl":"https:\/\/secure.gravatar.com\/avatar\/68592660ad6347fad0fb587f8d5d8f1a7b44961362f56e4f2cd524feb87e9069?s=96&d=mm&r=g","caption":"dmcsrbija.com@gmail.com"},"sameAs":["https:\/\/dmcsrb.com"],"url":"https:\/\/dmcsrb.com\/en\/author\/dmcsrbija-comgmail-com\/"}]}},"_links":{"self":[{"href":"https:\/\/dmcsrb.com\/en\/wp-json\/wp\/v2\/posts\/903711","targetHints":{"allow":["GET"]}}],"collection":[{"href":"https:\/\/dmcsrb.com\/en\/wp-json\/wp\/v2\/posts"}],"about":[{"href":"https:\/\/dmcsrb.com\/en\/wp-json\/wp\/v2\/types\/post"}],"author":[{"embeddable":true,"href":"https:\/\/dmcsrb.com\/en\/wp-json\/wp\/v2\/users\/1"}],"replies":[{"embeddable":true,"href":"https:\/\/dmcsrb.com\/en\/wp-json\/wp\/v2\/comments?post=903711"}],"version-history":[{"count":0,"href":"https:\/\/dmcsrb.com\/en\/wp-json\/wp\/v2\/posts\/903711\/revisions"}],"wp:featuredmedia":[{"embeddable":true,"href":"https:\/\/dmcsrb.com\/en\/wp-json\/wp\/v2\/media\/577931"}],"wp:attachment":[{"href":"https:\/\/dmcsrb.com\/en\/wp-json\/wp\/v2\/media?parent=903711"}],"wp:term":[{"taxonomy":"category","embeddable":true,"href":"https:\/\/dmcsrb.com\/en\/wp-json\/wp\/v2\/categories?post=903711"},{"taxonomy":"post_tag","embeddable":true,"href":"https:\/\/dmcsrb.com\/en\/wp-json\/wp\/v2\/tags?post=903711"},{"taxonomy":"naslovna","embeddable":true,"href":"https:\/\/dmcsrb.com\/en\/wp-json\/wp\/v2\/naslovna?post=903711"}],"curies":[{"name":"wp","href":"https:\/\/api.w.org\/{rel}","templated":true}]}}