{"id":903687,"date":"2026-01-01T13:07:00","date_gmt":"2026-01-01T12:07:00","guid":{"rendered":"https:\/\/gradski.me\/?p=903687"},"modified":"2026-01-01T13:07:00","modified_gmt":"2026-01-01T12:07:00","slug":"janovic-sverc-je-bio-drzavni-posao-a-kriminalci-heroji-2","status":"publish","type":"post","link":"https:\/\/dmcsrb.com\/en\/drustvo\/janovic-sverc-je-bio-drzavni-posao-a-kriminalci-heroji-2\/","title":{"rendered":"Janovi\u0107: \u0160verc je bio dr\u017eavni posao, a kriminalci heroji"},"content":{"rendered":"<p><br><\/p>\n\n\n\n<p><\/p>\n\n\n\n<p>U intervjuu \u201cVijestima\u201d govorio je o hibridnom ratu, kriminalnim strukturama u institucijama, starom naslje\u0111u slu\u017ebi i mjerama za ja\u010danje otpornosti dr\u017eave.<\/p>\n\n\n\n<p>\u201cAgencija registruje stalno interesovanje stranog faktora za pojedine crnogorske institucije i pojedine sfere politi\u010dkog i ekonomskog \u017eivota. Dobijanje tendera na najzna\u010dajnijim infrastrukturnim projektima, stvaranje prostora za ulazak stranih kompanija u oblasti digitalizacije, privatizacije samo su neki od interesa koji se kriju iza djelovanja tre\u0107ih strana. Poku\u0161aji uticaja na donosioce odluka, mije\u0161anje u izborne procese, kadrovanje u oblastima od strate\u0161kog zna\u010daja bili su izra\u017eeni posljednjih godina i Crna Gora mora postati otpornija na ovakvo djelovanje. Agencija u saradnji sa drugim institucijama, me\u0111u kojima su izuzetno va\u017eni Specijalno dr\u017eavno tu\u017eila\u0161tvo (SDT) i Uprava policije (UP), radi na suzbijanju ovakvih aktivnosti\u201d, rekao je on.<\/p>\n\n\n\n<p>Koji su danas najve\u0107i bezbjednosni izazovi za Crnu Goru i kako ih ANB rangira po prioritetima?<\/p>\n\n\n\n<p>Bezbjednosni izazovi u Crnoj Gori ne razlikuju se u odnosu na druge evropske zemlje. I pored percepcije da je organizovani kriminal vode\u0107i bezbjednosni izazov, uticaj rata u Ukrajini na \u010ditavu Evropu je nesumnjivo najeve\u0107i problem posljednjih decenija. Partnerstvo u ovim kriznim vremenima je na\u0161a obaveza i dokaz jedinstva. Hibridne prijetnje i rat dezinformacijama sastavni su dio prijetnji vezanih za aktuelni vojni sukob. Organizovani kriminal i problemi koji ga prate preko korupcije i pranja novca svakako su problem sa kojim se suo\u010dava na\u0161a zemlja i region. Region je u zadnje tri decenije bio optere\u0107en ratovima, promjenama granica i nestabilnostima na politi\u010dkom i ekonomskom planu. Sve to je doprinijelo razvoju organizovanog kriminala koji je zahvaljuju\u0107i kompromisima izme\u0111u nekada\u0161njih politi\u010dkih elita i organizovanih kriminalnih grupa (OKG) uspio da se sna\u017eno infiltrira u sve pore dru\u0161tva. Najve\u0107i bezbjednosni izazovi pored navednih su i ekonomska bezbjednost, pranje novca i korupcija kojima je Crna Gora stalno izlo\u017eena. Ulazak kapitala iz sumnjivih izvora, poku\u0161aji preuzimanja strate\u0161ki va\u017enih kompanija, pranje novca i korupcija jedna su od va\u017enijih oblasti kojima se mora posvetiti sve ve\u0107a pa\u017enja.<\/p>\n\n\n\n<p>A energetska i sajber bezbjednost?<\/p>\n\n\n\n<p>Energetska bezbjednost je va\u017ean aspekat nezavisnosti svake dr\u017eave \u0161to je posljednjih godina naro\u010dito do\u0161lo do izra\u017eaja u velikom broju evropskih dr\u017eava. U kombinaciji sa klimatskim promjenama koje direktno uti\u010du na potro\u0161nju i proizvodnju energije, ova oblast postaje sve zna\u010dajniji faktor u bezbjednosnom smislu.<\/p>\n\n\n\n<p>Sajber prijetnje i napad na dr\u017eavne sisteme definitivno su zna\u010dajna opasnost po na\u0161u nacionalnu bezbjednost. Crna Gora je, na\u017ealost, ve\u0107 imala takva iskustva i neophodan je dalji razvoj otpornosti na ovakve izazove. Razvoj vje\u0161ta\u010dke inteligencije unosi ogromne promjene i njena upotreba predstavlja izazov za \u010ditav svijet. Agencija je u procesu tehni\u010dke modernizacije i ja\u010danja kadrovskih kapaciteta.<\/p>\n\n\n\n<p>Teritorija Crne Gore se nalazi na va\u017enoj strate\u0161koj poziciji zbog koje je izlo\u017eena razli\u010ditim izazovima.<\/p>\n\n\n\n<p>Luka Bar je va\u017ean strate\u0161ki resurs koji se poku\u0161ava zloupotrijebiti od strane me\u0111unarodnih kriminalnih organizacija za \u0161verc oru\u017eja, cigareta i narkotika. Ratni sukobi posljednjih godina uticali su na porast tra\u017enje svih vrsta oru\u017eja i enormnih profita te je samim tim do\u0161lo do pove\u0107ane opasnosti od zloupotrebe na\u0161e teritorije od strane kriminalnih organizacija i drugih aktera odnosno dr\u017eava proizvo\u0111a\u010da i zemalja ili teroristi\u010dkih organizacija koje zbog sankcija tra\u017ee na\u010dine za nabavku vojne opreme. Tradicionalne balkanske krijum\u010darske rute posljednjih godina su naro\u010dito kori\u0161tene za kretanje migranata prema zemljama EU kao krajnjoj destinaciji. ANB je posve\u0107ena pra\u0107enju ovog fenomena i davanju doprinosa u kolektivnoj bezbjednosti NATO i EU zemalja.<\/p>\n\n\n\n<p>Koliko su jake veze kriminalnih klanova sa strukturama mo\u0107i i postoji li rizik od infiltracije kriminalnih grupa u policiju, tu\u017eila\u0161tvo i lokalne uprave?<\/p>\n\n\n\n<p>Uspjeh i snaga kriminalnih grupa na Balkanu mjeri se stepenom povezanosti sa dr\u017eavnim strukturama na srednjim i vi\u0161im nivoima. I nisu samo dr\u017eavne strukture na meti ve\u0107 i alternative tim strukturama, jer kriminal uvijek tra\u017ei rezervne opcije preko kojih \u0107e zadr\u017eati ste\u010dene pozicije.<\/p>\n\n\n\n<p>Godinama je ta veza sa pojedincima iz institucija omogu\u0107avala kriminalnim organizacijama odre\u0111en stepen za\u0161tite a sa druge strane strukturama mo\u0107i unutar institucija nezakonito boga\u0107enje i sprovo\u0111enje odre\u0111enih politi\u010dkih ciljeva koji su \u010desto bili sakriveni iza navodno nacionalnih i dr\u017eavnih interesa. Tako je \u0161verc cigareta bio progla\u0161en za \u201cdr\u017eavni posao\u201d, pojedine vo\u0111e organizovanih kriminalnih grupa su prikazivani kao nacionalni heroji, a svi protivnici su svrstavani u izdajnike. Sa druge strane, na ruku su i\u0161le interesne grupacije sakrivene iz vjerskih simbola koje su tako\u0111e prihvatile vezu sa organizovanim kriminalom kao legitimnim oru\u0111em u borbi za dru\u0161tvene promjene.<\/p>","protected":false},"excerpt":{"rendered":"<p>Direktor Agencije za nacionalnu bezbjednost Ivica Janovi\u0107 ka\u017ee da su kompromisi izme\u0111u nekada\u0161njih politi\u010dkih struktura i organizovanog kriminala omogu\u0107ili duboku infiltraciju u institucije, dok strani akteri i danas poku\u0161avaju da uti\u010du na klju\u010dne bezbjednosne i ekonomske odluke Crne Gore.<\/p>","protected":false},"author":1,"featured_media":770330,"comment_status":"open","ping_status":"open","sticky":false,"template":"","format":"standard","meta":{"_acf_changed":false,"footnotes":""},"categories":[2],"tags":[5014,5265,5266,3765],"naslovna":[],"class_list":["post-903687","post","type-post","status-publish","format-standard","has-post-thumbnail","hentry","category-drustvo","tag-anb","tag-drzavni-posao","tag-ivica-janovic","tag-sverc"],"acf":[],"yoast_head":"<!-- This site is optimized with the Yoast SEO plugin v27.0 - https:\/\/yoast.com\/product\/yoast-seo-wordpress\/ -->\n<title>Janovi\u0107: \u0160verc je bio dr\u017eavni posao, a kriminalci heroji - dmcsrb.com<\/title>\n<meta name=\"robots\" content=\"index, follow, max-snippet:-1, max-image-preview:large, max-video-preview:-1\" \/>\n<link rel=\"canonical\" href=\"https:\/\/dmcsrb.com\/en\/drustvo\/janovic-sverc-je-bio-drzavni-posao-a-kriminalci-heroji-2\/\" \/>\n<meta property=\"og:locale\" content=\"en_GB\" \/>\n<meta property=\"og:type\" content=\"article\" \/>\n<meta property=\"og:title\" content=\"Janovi\u0107: \u0160verc je bio dr\u017eavni posao, a kriminalci heroji - dmcsrb.com\" \/>\n<meta property=\"og:description\" content=\"Direktor Agencije za nacionalnu bezbjednost Ivica Janovi\u0107 ka\u017ee da su kompromisi izme\u0111u nekada\u0161njih politi\u010dkih struktura i organizovanog kriminala omogu\u0107ili duboku infiltraciju u institucije, dok strani akteri i danas poku\u0161avaju da uti\u010du na klju\u010dne bezbjednosne i ekonomske odluke Crne Gore.\" \/>\n<meta property=\"og:url\" content=\"https:\/\/dmcsrb.com\/en\/drustvo\/janovic-sverc-je-bio-drzavni-posao-a-kriminalci-heroji-2\/\" \/>\n<meta property=\"og:site_name\" content=\"dmcsrb.com\" \/>\n<meta property=\"article:published_time\" content=\"2026-01-01T12:07:00+00:00\" \/>\n<meta property=\"og:image\" content=\"https:\/\/dmcsrb.com\/wp-content\/uploads\/2025\/06\/ivica-janovic.jpg\" \/>\n\t<meta property=\"og:image:width\" content=\"747\" \/>\n\t<meta property=\"og:image:height\" content=\"498\" \/>\n\t<meta property=\"og:image:type\" content=\"image\/jpeg\" \/>\n<meta name=\"author\" content=\"dmcsrbija.com@gmail.com\" \/>\n<meta name=\"twitter:card\" content=\"summary_large_image\" \/>\n<meta name=\"twitter:label1\" content=\"Written by\" \/>\n\t<meta name=\"twitter:data1\" content=\"dmcsrbija.com@gmail.com\" \/>\n\t<meta name=\"twitter:label2\" content=\"Estimated reading time\" \/>\n\t<meta name=\"twitter:data2\" content=\"4 minutes\" \/>\n<script type=\"application\/ld+json\" class=\"yoast-schema-graph\">{\"@context\":\"https:\/\/schema.org\",\"@graph\":[{\"@type\":\"Article\",\"@id\":\"https:\/\/dmcsrb.com\/drustvo\/janovic-sverc-je-bio-drzavni-posao-a-kriminalci-heroji-2\/#article\",\"isPartOf\":{\"@id\":\"https:\/\/dmcsrb.com\/drustvo\/janovic-sverc-je-bio-drzavni-posao-a-kriminalci-heroji-2\/\"},\"author\":{\"name\":\"dmcsrbija.com@gmail.com\",\"@id\":\"https:\/\/dmcsrb.com\/#\/schema\/person\/5c39170f12db1b8b457732d0b5c854e2\"},\"headline\":\"Janovi\u0107: \u0160verc je bio dr\u017eavni posao, a kriminalci heroji\",\"datePublished\":\"2026-01-01T12:07:00+00:00\",\"mainEntityOfPage\":{\"@id\":\"https:\/\/dmcsrb.com\/drustvo\/janovic-sverc-je-bio-drzavni-posao-a-kriminalci-heroji-2\/\"},\"wordCount\":817,\"commentCount\":0,\"image\":{\"@id\":\"https:\/\/dmcsrb.com\/drustvo\/janovic-sverc-je-bio-drzavni-posao-a-kriminalci-heroji-2\/#primaryimage\"},\"thumbnailUrl\":\"https:\/\/dmcsrb.com\/wp-content\/uploads\/2025\/06\/ivica-janovic.jpg\",\"keywords\":[\"ANB\",\"dr\u017eavni posao\",\"Ivica Janovi\u0107\",\"\u0161verc\"],\"articleSection\":[\"Dru\u0161tvo\"],\"inLanguage\":\"en-GB\",\"potentialAction\":[{\"@type\":\"CommentAction\",\"name\":\"Comment\",\"target\":[\"https:\/\/dmcsrb.com\/drustvo\/janovic-sverc-je-bio-drzavni-posao-a-kriminalci-heroji-2\/#respond\"]}]},{\"@type\":\"WebPage\",\"@id\":\"https:\/\/dmcsrb.com\/drustvo\/janovic-sverc-je-bio-drzavni-posao-a-kriminalci-heroji-2\/\",\"url\":\"https:\/\/dmcsrb.com\/drustvo\/janovic-sverc-je-bio-drzavni-posao-a-kriminalci-heroji-2\/\",\"name\":\"Janovi\u0107: \u0160verc je bio dr\u017eavni posao, a kriminalci heroji - dmcsrb.com\",\"isPartOf\":{\"@id\":\"https:\/\/dmcsrb.com\/#website\"},\"primaryImageOfPage\":{\"@id\":\"https:\/\/dmcsrb.com\/drustvo\/janovic-sverc-je-bio-drzavni-posao-a-kriminalci-heroji-2\/#primaryimage\"},\"image\":{\"@id\":\"https:\/\/dmcsrb.com\/drustvo\/janovic-sverc-je-bio-drzavni-posao-a-kriminalci-heroji-2\/#primaryimage\"},\"thumbnailUrl\":\"https:\/\/dmcsrb.com\/wp-content\/uploads\/2025\/06\/ivica-janovic.jpg\",\"datePublished\":\"2026-01-01T12:07:00+00:00\",\"author\":{\"@id\":\"https:\/\/dmcsrb.com\/#\/schema\/person\/5c39170f12db1b8b457732d0b5c854e2\"},\"breadcrumb\":{\"@id\":\"https:\/\/dmcsrb.com\/drustvo\/janovic-sverc-je-bio-drzavni-posao-a-kriminalci-heroji-2\/#breadcrumb\"},\"inLanguage\":\"en-GB\",\"potentialAction\":[{\"@type\":\"ReadAction\",\"target\":[\"https:\/\/dmcsrb.com\/drustvo\/janovic-sverc-je-bio-drzavni-posao-a-kriminalci-heroji-2\/\"]}]},{\"@type\":\"ImageObject\",\"inLanguage\":\"en-GB\",\"@id\":\"https:\/\/dmcsrb.com\/drustvo\/janovic-sverc-je-bio-drzavni-posao-a-kriminalci-heroji-2\/#primaryimage\",\"url\":\"https:\/\/dmcsrb.com\/wp-content\/uploads\/2025\/06\/ivica-janovic.jpg\",\"contentUrl\":\"https:\/\/dmcsrb.com\/wp-content\/uploads\/2025\/06\/ivica-janovic.jpg\",\"width\":747,\"height\":498,\"caption\":\"Foto: Vlada Crne Gore\"},{\"@type\":\"BreadcrumbList\",\"@id\":\"https:\/\/dmcsrb.com\/drustvo\/janovic-sverc-je-bio-drzavni-posao-a-kriminalci-heroji-2\/#breadcrumb\",\"itemListElement\":[{\"@type\":\"ListItem\",\"position\":1,\"name\":\"Home\",\"item\":\"https:\/\/dmcsrb.com\/\"},{\"@type\":\"ListItem\",\"position\":2,\"name\":\"Janovi\u0107: \u0160verc je bio dr\u017eavni posao, a kriminalci heroji\"}]},{\"@type\":\"WebSite\",\"@id\":\"https:\/\/dmcsrb.com\/#website\",\"url\":\"https:\/\/dmcsrb.com\/\",\"name\":\"dmcsrb.com\",\"description\":\"\",\"potentialAction\":[{\"@type\":\"SearchAction\",\"target\":{\"@type\":\"EntryPoint\",\"urlTemplate\":\"https:\/\/dmcsrb.com\/?s={search_term_string}\"},\"query-input\":{\"@type\":\"PropertyValueSpecification\",\"valueRequired\":true,\"valueName\":\"search_term_string\"}}],\"inLanguage\":\"en-GB\"},{\"@type\":\"Person\",\"@id\":\"https:\/\/dmcsrb.com\/#\/schema\/person\/5c39170f12db1b8b457732d0b5c854e2\",\"name\":\"dmcsrbija.com@gmail.com\",\"image\":{\"@type\":\"ImageObject\",\"inLanguage\":\"en-GB\",\"@id\":\"https:\/\/dmcsrb.com\/#\/schema\/person\/image\/\",\"url\":\"https:\/\/secure.gravatar.com\/avatar\/68592660ad6347fad0fb587f8d5d8f1a7b44961362f56e4f2cd524feb87e9069?s=96&d=mm&r=g\",\"contentUrl\":\"https:\/\/secure.gravatar.com\/avatar\/68592660ad6347fad0fb587f8d5d8f1a7b44961362f56e4f2cd524feb87e9069?s=96&d=mm&r=g\",\"caption\":\"dmcsrbija.com@gmail.com\"},\"sameAs\":[\"https:\/\/dmcsrb.com\"],\"url\":\"https:\/\/dmcsrb.com\/en\/author\/dmcsrbija-comgmail-com\/\"}]}<\/script>\n<!-- \/ Yoast SEO plugin. -->","yoast_head_json":{"title":"Janovi\u0107: \u0160verc je bio dr\u017eavni posao, a kriminalci heroji - dmcsrb.com","robots":{"index":"index","follow":"follow","max-snippet":"max-snippet:-1","max-image-preview":"max-image-preview:large","max-video-preview":"max-video-preview:-1"},"canonical":"https:\/\/dmcsrb.com\/en\/drustvo\/janovic-sverc-je-bio-drzavni-posao-a-kriminalci-heroji-2\/","og_locale":"en_GB","og_type":"article","og_title":"Janovi\u0107: \u0160verc je bio dr\u017eavni posao, a kriminalci heroji - dmcsrb.com","og_description":"Direktor Agencije za nacionalnu bezbjednost Ivica Janovi\u0107 ka\u017ee da su kompromisi izme\u0111u nekada\u0161njih politi\u010dkih struktura i organizovanog kriminala omogu\u0107ili duboku infiltraciju u institucije, dok strani akteri i danas poku\u0161avaju da uti\u010du na klju\u010dne bezbjednosne i ekonomske odluke Crne Gore.","og_url":"https:\/\/dmcsrb.com\/en\/drustvo\/janovic-sverc-je-bio-drzavni-posao-a-kriminalci-heroji-2\/","og_site_name":"dmcsrb.com","article_published_time":"2026-01-01T12:07:00+00:00","og_image":[{"width":747,"height":498,"url":"https:\/\/dmcsrb.com\/wp-content\/uploads\/2025\/06\/ivica-janovic.jpg","type":"image\/jpeg"}],"author":"dmcsrbija.com@gmail.com","twitter_card":"summary_large_image","twitter_misc":{"Written by":"dmcsrbija.com@gmail.com","Estimated reading time":"4 minutes"},"schema":{"@context":"https:\/\/schema.org","@graph":[{"@type":"Article","@id":"https:\/\/dmcsrb.com\/drustvo\/janovic-sverc-je-bio-drzavni-posao-a-kriminalci-heroji-2\/#article","isPartOf":{"@id":"https:\/\/dmcsrb.com\/drustvo\/janovic-sverc-je-bio-drzavni-posao-a-kriminalci-heroji-2\/"},"author":{"name":"dmcsrbija.com@gmail.com","@id":"https:\/\/dmcsrb.com\/#\/schema\/person\/5c39170f12db1b8b457732d0b5c854e2"},"headline":"Janovi\u0107: \u0160verc je bio dr\u017eavni posao, a kriminalci heroji","datePublished":"2026-01-01T12:07:00+00:00","mainEntityOfPage":{"@id":"https:\/\/dmcsrb.com\/drustvo\/janovic-sverc-je-bio-drzavni-posao-a-kriminalci-heroji-2\/"},"wordCount":817,"commentCount":0,"image":{"@id":"https:\/\/dmcsrb.com\/drustvo\/janovic-sverc-je-bio-drzavni-posao-a-kriminalci-heroji-2\/#primaryimage"},"thumbnailUrl":"https:\/\/dmcsrb.com\/wp-content\/uploads\/2025\/06\/ivica-janovic.jpg","keywords":["ANB","dr\u017eavni posao","Ivica Janovi\u0107","\u0161verc"],"articleSection":["Dru\u0161tvo"],"inLanguage":"en-GB","potentialAction":[{"@type":"CommentAction","name":"Comment","target":["https:\/\/dmcsrb.com\/drustvo\/janovic-sverc-je-bio-drzavni-posao-a-kriminalci-heroji-2\/#respond"]}]},{"@type":"WebPage","@id":"https:\/\/dmcsrb.com\/drustvo\/janovic-sverc-je-bio-drzavni-posao-a-kriminalci-heroji-2\/","url":"https:\/\/dmcsrb.com\/drustvo\/janovic-sverc-je-bio-drzavni-posao-a-kriminalci-heroji-2\/","name":"Janovi\u0107: \u0160verc je bio dr\u017eavni posao, a kriminalci heroji - dmcsrb.com","isPartOf":{"@id":"https:\/\/dmcsrb.com\/#website"},"primaryImageOfPage":{"@id":"https:\/\/dmcsrb.com\/drustvo\/janovic-sverc-je-bio-drzavni-posao-a-kriminalci-heroji-2\/#primaryimage"},"image":{"@id":"https:\/\/dmcsrb.com\/drustvo\/janovic-sverc-je-bio-drzavni-posao-a-kriminalci-heroji-2\/#primaryimage"},"thumbnailUrl":"https:\/\/dmcsrb.com\/wp-content\/uploads\/2025\/06\/ivica-janovic.jpg","datePublished":"2026-01-01T12:07:00+00:00","author":{"@id":"https:\/\/dmcsrb.com\/#\/schema\/person\/5c39170f12db1b8b457732d0b5c854e2"},"breadcrumb":{"@id":"https:\/\/dmcsrb.com\/drustvo\/janovic-sverc-je-bio-drzavni-posao-a-kriminalci-heroji-2\/#breadcrumb"},"inLanguage":"en-GB","potentialAction":[{"@type":"ReadAction","target":["https:\/\/dmcsrb.com\/drustvo\/janovic-sverc-je-bio-drzavni-posao-a-kriminalci-heroji-2\/"]}]},{"@type":"ImageObject","inLanguage":"en-GB","@id":"https:\/\/dmcsrb.com\/drustvo\/janovic-sverc-je-bio-drzavni-posao-a-kriminalci-heroji-2\/#primaryimage","url":"https:\/\/dmcsrb.com\/wp-content\/uploads\/2025\/06\/ivica-janovic.jpg","contentUrl":"https:\/\/dmcsrb.com\/wp-content\/uploads\/2025\/06\/ivica-janovic.jpg","width":747,"height":498,"caption":"Foto: Vlada Crne Gore"},{"@type":"BreadcrumbList","@id":"https:\/\/dmcsrb.com\/drustvo\/janovic-sverc-je-bio-drzavni-posao-a-kriminalci-heroji-2\/#breadcrumb","itemListElement":[{"@type":"ListItem","position":1,"name":"Home","item":"https:\/\/dmcsrb.com\/"},{"@type":"ListItem","position":2,"name":"Janovi\u0107: \u0160verc je bio dr\u017eavni posao, a kriminalci heroji"}]},{"@type":"WebSite","@id":"https:\/\/dmcsrb.com\/#website","url":"https:\/\/dmcsrb.com\/","name":"dmcsrb.com","description":"","potentialAction":[{"@type":"SearchAction","target":{"@type":"EntryPoint","urlTemplate":"https:\/\/dmcsrb.com\/?s={search_term_string}"},"query-input":{"@type":"PropertyValueSpecification","valueRequired":true,"valueName":"search_term_string"}}],"inLanguage":"en-GB"},{"@type":"Person","@id":"https:\/\/dmcsrb.com\/#\/schema\/person\/5c39170f12db1b8b457732d0b5c854e2","name":"dmcsrbija.com@gmail.com","image":{"@type":"ImageObject","inLanguage":"en-GB","@id":"https:\/\/dmcsrb.com\/#\/schema\/person\/image\/","url":"https:\/\/secure.gravatar.com\/avatar\/68592660ad6347fad0fb587f8d5d8f1a7b44961362f56e4f2cd524feb87e9069?s=96&d=mm&r=g","contentUrl":"https:\/\/secure.gravatar.com\/avatar\/68592660ad6347fad0fb587f8d5d8f1a7b44961362f56e4f2cd524feb87e9069?s=96&d=mm&r=g","caption":"dmcsrbija.com@gmail.com"},"sameAs":["https:\/\/dmcsrb.com"],"url":"https:\/\/dmcsrb.com\/en\/author\/dmcsrbija-comgmail-com\/"}]}},"_links":{"self":[{"href":"https:\/\/dmcsrb.com\/en\/wp-json\/wp\/v2\/posts\/903687","targetHints":{"allow":["GET"]}}],"collection":[{"href":"https:\/\/dmcsrb.com\/en\/wp-json\/wp\/v2\/posts"}],"about":[{"href":"https:\/\/dmcsrb.com\/en\/wp-json\/wp\/v2\/types\/post"}],"author":[{"embeddable":true,"href":"https:\/\/dmcsrb.com\/en\/wp-json\/wp\/v2\/users\/1"}],"replies":[{"embeddable":true,"href":"https:\/\/dmcsrb.com\/en\/wp-json\/wp\/v2\/comments?post=903687"}],"version-history":[{"count":0,"href":"https:\/\/dmcsrb.com\/en\/wp-json\/wp\/v2\/posts\/903687\/revisions"}],"wp:featuredmedia":[{"embeddable":true,"href":"https:\/\/dmcsrb.com\/en\/wp-json\/wp\/v2\/media\/770330"}],"wp:attachment":[{"href":"https:\/\/dmcsrb.com\/en\/wp-json\/wp\/v2\/media?parent=903687"}],"wp:term":[{"taxonomy":"category","embeddable":true,"href":"https:\/\/dmcsrb.com\/en\/wp-json\/wp\/v2\/categories?post=903687"},{"taxonomy":"post_tag","embeddable":true,"href":"https:\/\/dmcsrb.com\/en\/wp-json\/wp\/v2\/tags?post=903687"},{"taxonomy":"naslovna","embeddable":true,"href":"https:\/\/dmcsrb.com\/en\/wp-json\/wp\/v2\/naslovna?post=903687"}],"curies":[{"name":"wp","href":"https:\/\/api.w.org\/{rel}","templated":true}]}}