{"id":903660,"date":"2026-01-01T15:57:00","date_gmt":"2026-01-01T14:57:00","guid":{"rendered":"https:\/\/gradski.me\/?p=903660"},"modified":"2026-01-01T15:57:00","modified_gmt":"2026-01-01T14:57:00","slug":"kipar-preuzeo-predsjedavanje-eu-2","status":"publish","type":"post","link":"https:\/\/dmcsrb.com\/en\/svijet\/kipar-preuzeo-predsjedavanje-eu-2\/","title":{"rendered":"Kipar preuzeo predsjedavanje EU"},"content":{"rendered":"<p><\/p>\n\n\n\n<p>Crna Gora je do sada privremeno zatvorilla 12 poglavlja, a preostalo je jo\u0161 21.<\/p>\n\n\n\n<p>Predstavljaju\u0107i u decembru pro\u0161le godine prioritete, logo i moto predsjedavanja EU kiparski predsednik Nikos Hristodulidis rekao da se Evropa i ranije suo\u010davala sa slo\u017eenim krizama, \u010dak i egzistencijalnom, i da je morala da odgovori razvijaju\u0107i se.<\/p>\n\n\n\n<p>On je dodao da su nova obelje\u017eja intenzitet, pluralizam i kompleksnost izazova.<\/p>\n\n\n\n<p>&#8220;Autonomija je slede\u0107i korak u evoluciji projekta evropske integracije. Potrebna nam je Evropa bez podjela&#8221;, istakao je kiparski predsjednik, prenosi N1.<\/p>\n\n\n\n<p><br>Hristodulidis je poru\u010dio da je pro\u0161irena Unija ja\u010da i bezbjednija Unija i da je pro\u0161irenje geostrate\u0161ka neophodnost i investicija u evropsku budu\u0107nost.<\/p>\n\n\n\n<p>&#8220;Zajedno moramo nastaviti da radimo na ponovnom ujedinjenju Evrope. Kiparsko predsjedavanje \u0107e marljivo raditi na unapre\u0111enju pro\u0161irenja&#8221;, istakao je u poruci pred preuzimanje predsedavanja Hristodulidis.<\/p>\n\n\n\n<p>Crnogorski premijer kazao je u Skup\u0161tini da zatvaranje svih preostalih poglavlja u pregovorima sa EU+ naredne godine treba da bude u fokusu svima u Crnoj Gori \u2013 izvr\u0161noj vlasti, parlamentu i drugim institucijama.<\/p>\n\n\n\n<p>Spaji\u0107 je kazao da je naredna godina sudbonosna za Crnu Goru jer \u0107e, kako je naveo, biti zatvoreno preostalo 21 poglavlje u pregovorima sa EU.<\/p>","protected":false},"excerpt":{"rendered":"<p>Kipar je danas preuzeo \u0161estomjese\u010dno predsjedavanje Evropskom unijom (EU), na po\u010detku godine u kojoj Crna Gora planira da zatvori sva preostala pogavlja u pregovorima.<\/p>","protected":false},"author":1,"featured_media":495608,"comment_status":"open","ping_status":"open","sticky":false,"template":"","format":"standard","meta":{"_acf_changed":false,"footnotes":""},"categories":[144],"tags":[10,3595],"naslovna":[],"class_list":["post-903660","post","type-post","status-publish","format-standard","has-post-thumbnail","hentry","category-svijet","tag-eu","tag-kipar"],"acf":[],"yoast_head":"<!-- This site is optimized with the Yoast SEO plugin v27.4 - https:\/\/yoast.com\/product\/yoast-seo-wordpress\/ -->\n<title>Kipar preuzeo predsjedavanje EU - dmcsrb.com<\/title>\n<meta name=\"robots\" content=\"index, follow, max-snippet:-1, max-image-preview:large, max-video-preview:-1\" \/>\n<link rel=\"canonical\" href=\"https:\/\/dmcsrb.com\/en\/svijet\/kipar-preuzeo-predsjedavanje-eu-2\/\" \/>\n<meta property=\"og:locale\" content=\"en_GB\" \/>\n<meta property=\"og:type\" content=\"article\" \/>\n<meta property=\"og:title\" content=\"Kipar preuzeo predsjedavanje EU - dmcsrb.com\" \/>\n<meta property=\"og:description\" content=\"Kipar je danas preuzeo \u0161estomjese\u010dno predsjedavanje Evropskom unijom (EU), na po\u010detku godine u kojoj Crna Gora planira da zatvori sva preostala pogavlja u pregovorima.\" \/>\n<meta property=\"og:url\" content=\"https:\/\/dmcsrb.com\/en\/svijet\/kipar-preuzeo-predsjedavanje-eu-2\/\" \/>\n<meta property=\"og:site_name\" content=\"dmcsrb.com\" \/>\n<meta property=\"article:published_time\" content=\"2026-01-01T14:57:00+00:00\" \/>\n<meta property=\"og:image\" content=\"https:\/\/dmcsrb.com\/wp-content\/uploads\/2024\/02\/EU-zastave-foto-AP-Virginia-Mayo.jpg\" \/>\n\t<meta property=\"og:image:width\" content=\"1019\" \/>\n\t<meta property=\"og:image:height\" content=\"637\" \/>\n\t<meta property=\"og:image:type\" content=\"image\/jpeg\" \/>\n<meta name=\"author\" content=\"dmcsrbija.com@gmail.com\" \/>\n<meta name=\"twitter:card\" content=\"summary_large_image\" \/>\n<meta name=\"twitter:label1\" content=\"Written by\" \/>\n\t<meta name=\"twitter:data1\" content=\"dmcsrbija.com@gmail.com\" \/>\n\t<meta name=\"twitter:label2\" content=\"Estimated reading time\" \/>\n\t<meta name=\"twitter:data2\" content=\"1 minute\" \/>\n<script type=\"application\/ld+json\" class=\"yoast-schema-graph\">{\"@context\":\"https:\\\/\\\/schema.org\",\"@graph\":[{\"@type\":\"Article\",\"@id\":\"https:\\\/\\\/dmcsrb.com\\\/svijet\\\/kipar-preuzeo-predsjedavanje-eu-2\\\/#article\",\"isPartOf\":{\"@id\":\"https:\\\/\\\/dmcsrb.com\\\/svijet\\\/kipar-preuzeo-predsjedavanje-eu-2\\\/\"},\"author\":{\"name\":\"dmcsrbija.com@gmail.com\",\"@id\":\"https:\\\/\\\/dmcsrb.com\\\/#\\\/schema\\\/person\\\/5c39170f12db1b8b457732d0b5c854e2\"},\"headline\":\"Kipar preuzeo predsjedavanje EU\",\"datePublished\":\"2026-01-01T14:57:00+00:00\",\"mainEntityOfPage\":{\"@id\":\"https:\\\/\\\/dmcsrb.com\\\/svijet\\\/kipar-preuzeo-predsjedavanje-eu-2\\\/\"},\"wordCount\":205,\"commentCount\":0,\"image\":{\"@id\":\"https:\\\/\\\/dmcsrb.com\\\/svijet\\\/kipar-preuzeo-predsjedavanje-eu-2\\\/#primaryimage\"},\"thumbnailUrl\":\"https:\\\/\\\/dmcsrb.com\\\/wp-content\\\/uploads\\\/2024\\\/02\\\/EU-zastave-foto-AP-Virginia-Mayo.jpg\",\"keywords\":[\"EU\",\"Kipar\"],\"articleSection\":[\"Svijet\"],\"inLanguage\":\"en-GB\",\"potentialAction\":[{\"@type\":\"CommentAction\",\"name\":\"Comment\",\"target\":[\"https:\\\/\\\/dmcsrb.com\\\/svijet\\\/kipar-preuzeo-predsjedavanje-eu-2\\\/#respond\"]}]},{\"@type\":\"WebPage\",\"@id\":\"https:\\\/\\\/dmcsrb.com\\\/svijet\\\/kipar-preuzeo-predsjedavanje-eu-2\\\/\",\"url\":\"https:\\\/\\\/dmcsrb.com\\\/svijet\\\/kipar-preuzeo-predsjedavanje-eu-2\\\/\",\"name\":\"Kipar preuzeo predsjedavanje EU - dmcsrb.com\",\"isPartOf\":{\"@id\":\"https:\\\/\\\/dmcsrb.com\\\/#website\"},\"primaryImageOfPage\":{\"@id\":\"https:\\\/\\\/dmcsrb.com\\\/svijet\\\/kipar-preuzeo-predsjedavanje-eu-2\\\/#primaryimage\"},\"image\":{\"@id\":\"https:\\\/\\\/dmcsrb.com\\\/svijet\\\/kipar-preuzeo-predsjedavanje-eu-2\\\/#primaryimage\"},\"thumbnailUrl\":\"https:\\\/\\\/dmcsrb.com\\\/wp-content\\\/uploads\\\/2024\\\/02\\\/EU-zastave-foto-AP-Virginia-Mayo.jpg\",\"datePublished\":\"2026-01-01T14:57:00+00:00\",\"author\":{\"@id\":\"https:\\\/\\\/dmcsrb.com\\\/#\\\/schema\\\/person\\\/5c39170f12db1b8b457732d0b5c854e2\"},\"breadcrumb\":{\"@id\":\"https:\\\/\\\/dmcsrb.com\\\/svijet\\\/kipar-preuzeo-predsjedavanje-eu-2\\\/#breadcrumb\"},\"inLanguage\":\"en-GB\",\"potentialAction\":[{\"@type\":\"ReadAction\",\"target\":[\"https:\\\/\\\/dmcsrb.com\\\/svijet\\\/kipar-preuzeo-predsjedavanje-eu-2\\\/\"]}]},{\"@type\":\"ImageObject\",\"inLanguage\":\"en-GB\",\"@id\":\"https:\\\/\\\/dmcsrb.com\\\/svijet\\\/kipar-preuzeo-predsjedavanje-eu-2\\\/#primaryimage\",\"url\":\"https:\\\/\\\/dmcsrb.com\\\/wp-content\\\/uploads\\\/2024\\\/02\\\/EU-zastave-foto-AP-Virginia-Mayo.jpg\",\"contentUrl\":\"https:\\\/\\\/dmcsrb.com\\\/wp-content\\\/uploads\\\/2024\\\/02\\\/EU-zastave-foto-AP-Virginia-Mayo.jpg\",\"width\":1019,\"height\":637,\"caption\":\"Foto: AP\"},{\"@type\":\"BreadcrumbList\",\"@id\":\"https:\\\/\\\/dmcsrb.com\\\/svijet\\\/kipar-preuzeo-predsjedavanje-eu-2\\\/#breadcrumb\",\"itemListElement\":[{\"@type\":\"ListItem\",\"position\":1,\"name\":\"Home\",\"item\":\"https:\\\/\\\/dmcsrb.com\\\/\"},{\"@type\":\"ListItem\",\"position\":2,\"name\":\"Kipar preuzeo predsjedavanje EU\"}]},{\"@type\":\"WebSite\",\"@id\":\"https:\\\/\\\/dmcsrb.com\\\/#website\",\"url\":\"https:\\\/\\\/dmcsrb.com\\\/\",\"name\":\"dmcsrb.com\",\"description\":\"\",\"potentialAction\":[{\"@type\":\"SearchAction\",\"target\":{\"@type\":\"EntryPoint\",\"urlTemplate\":\"https:\\\/\\\/dmcsrb.com\\\/?s={search_term_string}\"},\"query-input\":{\"@type\":\"PropertyValueSpecification\",\"valueRequired\":true,\"valueName\":\"search_term_string\"}}],\"inLanguage\":\"en-GB\"},{\"@type\":\"Person\",\"@id\":\"https:\\\/\\\/dmcsrb.com\\\/#\\\/schema\\\/person\\\/5c39170f12db1b8b457732d0b5c854e2\",\"name\":\"dmcsrbija.com@gmail.com\",\"image\":{\"@type\":\"ImageObject\",\"inLanguage\":\"en-GB\",\"@id\":\"https:\\\/\\\/secure.gravatar.com\\\/avatar\\\/68592660ad6347fad0fb587f8d5d8f1a7b44961362f56e4f2cd524feb87e9069?s=96&d=mm&r=g\",\"url\":\"https:\\\/\\\/secure.gravatar.com\\\/avatar\\\/68592660ad6347fad0fb587f8d5d8f1a7b44961362f56e4f2cd524feb87e9069?s=96&d=mm&r=g\",\"contentUrl\":\"https:\\\/\\\/secure.gravatar.com\\\/avatar\\\/68592660ad6347fad0fb587f8d5d8f1a7b44961362f56e4f2cd524feb87e9069?s=96&d=mm&r=g\",\"caption\":\"dmcsrbija.com@gmail.com\"},\"sameAs\":[\"https:\\\/\\\/dmcsrb.com\"],\"url\":\"https:\\\/\\\/dmcsrb.com\\\/en\\\/author\\\/dmcsrbija-comgmail-com\\\/\"}]}<\/script>\n<!-- \/ Yoast SEO plugin. -->","yoast_head_json":{"title":"Kipar preuzeo predsjedavanje EU - dmcsrb.com","robots":{"index":"index","follow":"follow","max-snippet":"max-snippet:-1","max-image-preview":"max-image-preview:large","max-video-preview":"max-video-preview:-1"},"canonical":"https:\/\/dmcsrb.com\/en\/svijet\/kipar-preuzeo-predsjedavanje-eu-2\/","og_locale":"en_GB","og_type":"article","og_title":"Kipar preuzeo predsjedavanje EU - dmcsrb.com","og_description":"Kipar je danas preuzeo \u0161estomjese\u010dno predsjedavanje Evropskom unijom (EU), na po\u010detku godine u kojoj Crna Gora planira da zatvori sva preostala pogavlja u pregovorima.","og_url":"https:\/\/dmcsrb.com\/en\/svijet\/kipar-preuzeo-predsjedavanje-eu-2\/","og_site_name":"dmcsrb.com","article_published_time":"2026-01-01T14:57:00+00:00","og_image":[{"width":1019,"height":637,"url":"https:\/\/dmcsrb.com\/wp-content\/uploads\/2024\/02\/EU-zastave-foto-AP-Virginia-Mayo.jpg","type":"image\/jpeg"}],"author":"dmcsrbija.com@gmail.com","twitter_card":"summary_large_image","twitter_misc":{"Written by":"dmcsrbija.com@gmail.com","Estimated reading time":"1 minute"},"schema":{"@context":"https:\/\/schema.org","@graph":[{"@type":"Article","@id":"https:\/\/dmcsrb.com\/svijet\/kipar-preuzeo-predsjedavanje-eu-2\/#article","isPartOf":{"@id":"https:\/\/dmcsrb.com\/svijet\/kipar-preuzeo-predsjedavanje-eu-2\/"},"author":{"name":"dmcsrbija.com@gmail.com","@id":"https:\/\/dmcsrb.com\/#\/schema\/person\/5c39170f12db1b8b457732d0b5c854e2"},"headline":"Kipar preuzeo predsjedavanje EU","datePublished":"2026-01-01T14:57:00+00:00","mainEntityOfPage":{"@id":"https:\/\/dmcsrb.com\/svijet\/kipar-preuzeo-predsjedavanje-eu-2\/"},"wordCount":205,"commentCount":0,"image":{"@id":"https:\/\/dmcsrb.com\/svijet\/kipar-preuzeo-predsjedavanje-eu-2\/#primaryimage"},"thumbnailUrl":"https:\/\/dmcsrb.com\/wp-content\/uploads\/2024\/02\/EU-zastave-foto-AP-Virginia-Mayo.jpg","keywords":["EU","Kipar"],"articleSection":["Svijet"],"inLanguage":"en-GB","potentialAction":[{"@type":"CommentAction","name":"Comment","target":["https:\/\/dmcsrb.com\/svijet\/kipar-preuzeo-predsjedavanje-eu-2\/#respond"]}]},{"@type":"WebPage","@id":"https:\/\/dmcsrb.com\/svijet\/kipar-preuzeo-predsjedavanje-eu-2\/","url":"https:\/\/dmcsrb.com\/svijet\/kipar-preuzeo-predsjedavanje-eu-2\/","name":"Kipar preuzeo predsjedavanje EU - dmcsrb.com","isPartOf":{"@id":"https:\/\/dmcsrb.com\/#website"},"primaryImageOfPage":{"@id":"https:\/\/dmcsrb.com\/svijet\/kipar-preuzeo-predsjedavanje-eu-2\/#primaryimage"},"image":{"@id":"https:\/\/dmcsrb.com\/svijet\/kipar-preuzeo-predsjedavanje-eu-2\/#primaryimage"},"thumbnailUrl":"https:\/\/dmcsrb.com\/wp-content\/uploads\/2024\/02\/EU-zastave-foto-AP-Virginia-Mayo.jpg","datePublished":"2026-01-01T14:57:00+00:00","author":{"@id":"https:\/\/dmcsrb.com\/#\/schema\/person\/5c39170f12db1b8b457732d0b5c854e2"},"breadcrumb":{"@id":"https:\/\/dmcsrb.com\/svijet\/kipar-preuzeo-predsjedavanje-eu-2\/#breadcrumb"},"inLanguage":"en-GB","potentialAction":[{"@type":"ReadAction","target":["https:\/\/dmcsrb.com\/svijet\/kipar-preuzeo-predsjedavanje-eu-2\/"]}]},{"@type":"ImageObject","inLanguage":"en-GB","@id":"https:\/\/dmcsrb.com\/svijet\/kipar-preuzeo-predsjedavanje-eu-2\/#primaryimage","url":"https:\/\/dmcsrb.com\/wp-content\/uploads\/2024\/02\/EU-zastave-foto-AP-Virginia-Mayo.jpg","contentUrl":"https:\/\/dmcsrb.com\/wp-content\/uploads\/2024\/02\/EU-zastave-foto-AP-Virginia-Mayo.jpg","width":1019,"height":637,"caption":"Foto: AP"},{"@type":"BreadcrumbList","@id":"https:\/\/dmcsrb.com\/svijet\/kipar-preuzeo-predsjedavanje-eu-2\/#breadcrumb","itemListElement":[{"@type":"ListItem","position":1,"name":"Home","item":"https:\/\/dmcsrb.com\/"},{"@type":"ListItem","position":2,"name":"Kipar preuzeo predsjedavanje EU"}]},{"@type":"WebSite","@id":"https:\/\/dmcsrb.com\/#website","url":"https:\/\/dmcsrb.com\/","name":"dmcsrb.com","description":"","potentialAction":[{"@type":"SearchAction","target":{"@type":"EntryPoint","urlTemplate":"https:\/\/dmcsrb.com\/?s={search_term_string}"},"query-input":{"@type":"PropertyValueSpecification","valueRequired":true,"valueName":"search_term_string"}}],"inLanguage":"en-GB"},{"@type":"Person","@id":"https:\/\/dmcsrb.com\/#\/schema\/person\/5c39170f12db1b8b457732d0b5c854e2","name":"dmcsrbija.com@gmail.com","image":{"@type":"ImageObject","inLanguage":"en-GB","@id":"https:\/\/secure.gravatar.com\/avatar\/68592660ad6347fad0fb587f8d5d8f1a7b44961362f56e4f2cd524feb87e9069?s=96&d=mm&r=g","url":"https:\/\/secure.gravatar.com\/avatar\/68592660ad6347fad0fb587f8d5d8f1a7b44961362f56e4f2cd524feb87e9069?s=96&d=mm&r=g","contentUrl":"https:\/\/secure.gravatar.com\/avatar\/68592660ad6347fad0fb587f8d5d8f1a7b44961362f56e4f2cd524feb87e9069?s=96&d=mm&r=g","caption":"dmcsrbija.com@gmail.com"},"sameAs":["https:\/\/dmcsrb.com"],"url":"https:\/\/dmcsrb.com\/en\/author\/dmcsrbija-comgmail-com\/"}]}},"_links":{"self":[{"href":"https:\/\/dmcsrb.com\/en\/wp-json\/wp\/v2\/posts\/903660","targetHints":{"allow":["GET"]}}],"collection":[{"href":"https:\/\/dmcsrb.com\/en\/wp-json\/wp\/v2\/posts"}],"about":[{"href":"https:\/\/dmcsrb.com\/en\/wp-json\/wp\/v2\/types\/post"}],"author":[{"embeddable":true,"href":"https:\/\/dmcsrb.com\/en\/wp-json\/wp\/v2\/users\/1"}],"replies":[{"embeddable":true,"href":"https:\/\/dmcsrb.com\/en\/wp-json\/wp\/v2\/comments?post=903660"}],"version-history":[{"count":0,"href":"https:\/\/dmcsrb.com\/en\/wp-json\/wp\/v2\/posts\/903660\/revisions"}],"wp:featuredmedia":[{"embeddable":true,"href":"https:\/\/dmcsrb.com\/en\/wp-json\/wp\/v2\/media\/495608"}],"wp:attachment":[{"href":"https:\/\/dmcsrb.com\/en\/wp-json\/wp\/v2\/media?parent=903660"}],"wp:term":[{"taxonomy":"category","embeddable":true,"href":"https:\/\/dmcsrb.com\/en\/wp-json\/wp\/v2\/categories?post=903660"},{"taxonomy":"post_tag","embeddable":true,"href":"https:\/\/dmcsrb.com\/en\/wp-json\/wp\/v2\/tags?post=903660"},{"taxonomy":"naslovna","embeddable":true,"href":"https:\/\/dmcsrb.com\/en\/wp-json\/wp\/v2\/naslovna?post=903660"}],"curies":[{"name":"wp","href":"https:\/\/api.w.org\/{rel}","templated":true}]}}