{"id":903647,"date":"2026-01-01T12:12:00","date_gmt":"2026-01-01T11:12:00","guid":{"rendered":"https:\/\/gradski.me\/?p=903647"},"modified":"2026-01-01T12:12:00","modified_gmt":"2026-01-01T11:12:00","slug":"tragicna-proslava-nove-godine-u-njemackoj-dva-mladica-poginula-koristeci-pirotehniku-2","status":"publish","type":"post","link":"https:\/\/dmcsrb.com\/en\/svijet\/tragicna-proslava-nove-godine-u-njemackoj-dva-mladica-poginula-koristeci-pirotehniku-2\/","title":{"rendered":"Tragi\u010dna proslava Nove godine u Njema\u010dkoj: Dva mladi\u0107a poginula koriste\u0107i pirotehniku"},"content":{"rendered":"<p>Kako pi\u0161e njema\u010dki Bild, prva \u017ertva je preminula jo\u0161 i prije pono\u0107i, odnosno pola sata do kraja 2025. godine.<\/p>\n\n\n\n<p>On je poku\u0161ao lansirati pirotehniku koju je sam napravio kod ku\u0107e, a ona mu je eksplodirala u lice. Doktor koji je do\u0161ao na mjesto doga\u0111aja poku\u0161ao ga je o\u017eiviti, ali mu to nije uspjelo.<\/p>\n\n\n\n<p>Manje od sat vremena nakon ovog nemilog doga\u0111aja, hitne slu\u017ebe u Bilefildu su dobile novi poziv zbog identi\u010dnog razloga.<\/p>\n\n\n\n<p>Kao i u prethodnom slu\u010daju, 18-godi\u0161nji mu\u0161karac je poku\u0161ao aktivirati pirotehniku iz ku\u0107ne radinosti te je ona odmah eksplodirala, \u0161to je rezultiralo smr\u0107u.<\/p>","protected":false},"excerpt":{"rendered":"<p>U njema\u010dkom gradu Bilefildu je sino\u0107 do\u0161lo do dva smrtna slu\u010daja zbog kori\u0161\u0107enja pirotehni\u010dkih sredstava, a u oba su poginuli 18-godi\u0161nji mu\u0161karci.<\/p>","protected":false},"author":1,"featured_media":494938,"comment_status":"open","ping_status":"open","sticky":false,"template":"","format":"standard","meta":{"_acf_changed":false,"footnotes":""},"categories":[144],"tags":[58,4836],"naslovna":[],"class_list":["post-903647","post","type-post","status-publish","format-standard","has-post-thumbnail","hentry","category-svijet","tag-njemacka","tag-pirotehnika"],"acf":[],"yoast_head":"<!-- This site is optimized with the Yoast SEO plugin v27.0 - https:\/\/yoast.com\/product\/yoast-seo-wordpress\/ -->\n<title>Tragi\u010dna proslava Nove godine u Njema\u010dkoj: Dva mladi\u0107a poginula koriste\u0107i pirotehniku - dmcsrb.com<\/title>\n<meta name=\"robots\" content=\"index, follow, max-snippet:-1, max-image-preview:large, max-video-preview:-1\" \/>\n<link rel=\"canonical\" href=\"https:\/\/dmcsrb.com\/en\/svijet\/tragicna-proslava-nove-godine-u-njemackoj-dva-mladica-poginula-koristeci-pirotehniku-2\/\" \/>\n<meta property=\"og:locale\" content=\"en_GB\" \/>\n<meta property=\"og:type\" content=\"article\" \/>\n<meta property=\"og:title\" content=\"Tragi\u010dna proslava Nove godine u Njema\u010dkoj: Dva mladi\u0107a poginula koriste\u0107i pirotehniku - dmcsrb.com\" \/>\n<meta property=\"og:description\" content=\"U njema\u010dkom gradu Bilefildu je sino\u0107 do\u0161lo do dva smrtna slu\u010daja zbog kori\u0161\u0107enja pirotehni\u010dkih sredstava, a u oba su poginuli 18-godi\u0161nji mu\u0161karci.\" \/>\n<meta property=\"og:url\" content=\"https:\/\/dmcsrb.com\/en\/svijet\/tragicna-proslava-nove-godine-u-njemackoj-dva-mladica-poginula-koristeci-pirotehniku-2\/\" \/>\n<meta property=\"og:site_name\" content=\"dmcsrb.com\" \/>\n<meta property=\"article:published_time\" content=\"2026-01-01T11:12:00+00:00\" \/>\n<meta property=\"og:image\" content=\"https:\/\/dmcsrb.com\/wp-content\/uploads\/2024\/02\/ambulanta-bolnica-pixabay.jpg\" \/>\n\t<meta property=\"og:image:width\" content=\"1258\" \/>\n\t<meta property=\"og:image:height\" content=\"752\" \/>\n\t<meta property=\"og:image:type\" content=\"image\/jpeg\" \/>\n<meta name=\"author\" content=\"dmcsrbija.com@gmail.com\" \/>\n<meta name=\"twitter:card\" content=\"summary_large_image\" \/>\n<meta name=\"twitter:label1\" content=\"Written by\" \/>\n\t<meta name=\"twitter:data1\" content=\"dmcsrbija.com@gmail.com\" \/>\n\t<meta name=\"twitter:label2\" content=\"Estimated reading time\" \/>\n\t<meta name=\"twitter:data2\" content=\"1 minute\" \/>\n<script type=\"application\/ld+json\" class=\"yoast-schema-graph\">{\"@context\":\"https:\/\/schema.org\",\"@graph\":[{\"@type\":\"Article\",\"@id\":\"https:\/\/dmcsrb.com\/svijet\/tragicna-proslava-nove-godine-u-njemackoj-dva-mladica-poginula-koristeci-pirotehniku-2\/#article\",\"isPartOf\":{\"@id\":\"https:\/\/dmcsrb.com\/svijet\/tragicna-proslava-nove-godine-u-njemackoj-dva-mladica-poginula-koristeci-pirotehniku-2\/\"},\"author\":{\"name\":\"dmcsrbija.com@gmail.com\",\"@id\":\"https:\/\/dmcsrb.com\/#\/schema\/person\/5c39170f12db1b8b457732d0b5c854e2\"},\"headline\":\"Tragi\u010dna proslava Nove godine u Njema\u010dkoj: Dva mladi\u0107a poginula koriste\u0107i pirotehniku\",\"datePublished\":\"2026-01-01T11:12:00+00:00\",\"mainEntityOfPage\":{\"@id\":\"https:\/\/dmcsrb.com\/svijet\/tragicna-proslava-nove-godine-u-njemackoj-dva-mladica-poginula-koristeci-pirotehniku-2\/\"},\"wordCount\":127,\"commentCount\":0,\"image\":{\"@id\":\"https:\/\/dmcsrb.com\/svijet\/tragicna-proslava-nove-godine-u-njemackoj-dva-mladica-poginula-koristeci-pirotehniku-2\/#primaryimage\"},\"thumbnailUrl\":\"https:\/\/dmcsrb.com\/wp-content\/uploads\/2024\/02\/ambulanta-bolnica-pixabay.jpg\",\"keywords\":[\"Njema\u010dka\",\"Pirotehnika\"],\"articleSection\":[\"Svijet\"],\"inLanguage\":\"en-GB\",\"potentialAction\":[{\"@type\":\"CommentAction\",\"name\":\"Comment\",\"target\":[\"https:\/\/dmcsrb.com\/svijet\/tragicna-proslava-nove-godine-u-njemackoj-dva-mladica-poginula-koristeci-pirotehniku-2\/#respond\"]}]},{\"@type\":\"WebPage\",\"@id\":\"https:\/\/dmcsrb.com\/svijet\/tragicna-proslava-nove-godine-u-njemackoj-dva-mladica-poginula-koristeci-pirotehniku-2\/\",\"url\":\"https:\/\/dmcsrb.com\/svijet\/tragicna-proslava-nove-godine-u-njemackoj-dva-mladica-poginula-koristeci-pirotehniku-2\/\",\"name\":\"Tragi\u010dna proslava Nove godine u Njema\u010dkoj: Dva mladi\u0107a poginula koriste\u0107i pirotehniku - dmcsrb.com\",\"isPartOf\":{\"@id\":\"https:\/\/dmcsrb.com\/#website\"},\"primaryImageOfPage\":{\"@id\":\"https:\/\/dmcsrb.com\/svijet\/tragicna-proslava-nove-godine-u-njemackoj-dva-mladica-poginula-koristeci-pirotehniku-2\/#primaryimage\"},\"image\":{\"@id\":\"https:\/\/dmcsrb.com\/svijet\/tragicna-proslava-nove-godine-u-njemackoj-dva-mladica-poginula-koristeci-pirotehniku-2\/#primaryimage\"},\"thumbnailUrl\":\"https:\/\/dmcsrb.com\/wp-content\/uploads\/2024\/02\/ambulanta-bolnica-pixabay.jpg\",\"datePublished\":\"2026-01-01T11:12:00+00:00\",\"author\":{\"@id\":\"https:\/\/dmcsrb.com\/#\/schema\/person\/5c39170f12db1b8b457732d0b5c854e2\"},\"breadcrumb\":{\"@id\":\"https:\/\/dmcsrb.com\/svijet\/tragicna-proslava-nove-godine-u-njemackoj-dva-mladica-poginula-koristeci-pirotehniku-2\/#breadcrumb\"},\"inLanguage\":\"en-GB\",\"potentialAction\":[{\"@type\":\"ReadAction\",\"target\":[\"https:\/\/dmcsrb.com\/svijet\/tragicna-proslava-nove-godine-u-njemackoj-dva-mladica-poginula-koristeci-pirotehniku-2\/\"]}]},{\"@type\":\"ImageObject\",\"inLanguage\":\"en-GB\",\"@id\":\"https:\/\/dmcsrb.com\/svijet\/tragicna-proslava-nove-godine-u-njemackoj-dva-mladica-poginula-koristeci-pirotehniku-2\/#primaryimage\",\"url\":\"https:\/\/dmcsrb.com\/wp-content\/uploads\/2024\/02\/ambulanta-bolnica-pixabay.jpg\",\"contentUrl\":\"https:\/\/dmcsrb.com\/wp-content\/uploads\/2024\/02\/ambulanta-bolnica-pixabay.jpg\",\"width\":1258,\"height\":752,\"caption\":\"Foto: Pixabay\"},{\"@type\":\"BreadcrumbList\",\"@id\":\"https:\/\/dmcsrb.com\/svijet\/tragicna-proslava-nove-godine-u-njemackoj-dva-mladica-poginula-koristeci-pirotehniku-2\/#breadcrumb\",\"itemListElement\":[{\"@type\":\"ListItem\",\"position\":1,\"name\":\"Home\",\"item\":\"https:\/\/dmcsrb.com\/\"},{\"@type\":\"ListItem\",\"position\":2,\"name\":\"Tragi\u010dna proslava Nove godine u Njema\u010dkoj: Dva mladi\u0107a poginula koriste\u0107i pirotehniku\"}]},{\"@type\":\"WebSite\",\"@id\":\"https:\/\/dmcsrb.com\/#website\",\"url\":\"https:\/\/dmcsrb.com\/\",\"name\":\"dmcsrb.com\",\"description\":\"\",\"potentialAction\":[{\"@type\":\"SearchAction\",\"target\":{\"@type\":\"EntryPoint\",\"urlTemplate\":\"https:\/\/dmcsrb.com\/?s={search_term_string}\"},\"query-input\":{\"@type\":\"PropertyValueSpecification\",\"valueRequired\":true,\"valueName\":\"search_term_string\"}}],\"inLanguage\":\"en-GB\"},{\"@type\":\"Person\",\"@id\":\"https:\/\/dmcsrb.com\/#\/schema\/person\/5c39170f12db1b8b457732d0b5c854e2\",\"name\":\"dmcsrbija.com@gmail.com\",\"image\":{\"@type\":\"ImageObject\",\"inLanguage\":\"en-GB\",\"@id\":\"https:\/\/dmcsrb.com\/#\/schema\/person\/image\/\",\"url\":\"https:\/\/secure.gravatar.com\/avatar\/68592660ad6347fad0fb587f8d5d8f1a7b44961362f56e4f2cd524feb87e9069?s=96&d=mm&r=g\",\"contentUrl\":\"https:\/\/secure.gravatar.com\/avatar\/68592660ad6347fad0fb587f8d5d8f1a7b44961362f56e4f2cd524feb87e9069?s=96&d=mm&r=g\",\"caption\":\"dmcsrbija.com@gmail.com\"},\"sameAs\":[\"https:\/\/dmcsrb.com\"],\"url\":\"https:\/\/dmcsrb.com\/en\/author\/dmcsrbija-comgmail-com\/\"}]}<\/script>\n<!-- \/ Yoast SEO plugin. -->","yoast_head_json":{"title":"Tragi\u010dna proslava Nove godine u Njema\u010dkoj: Dva mladi\u0107a poginula koriste\u0107i pirotehniku - dmcsrb.com","robots":{"index":"index","follow":"follow","max-snippet":"max-snippet:-1","max-image-preview":"max-image-preview:large","max-video-preview":"max-video-preview:-1"},"canonical":"https:\/\/dmcsrb.com\/en\/svijet\/tragicna-proslava-nove-godine-u-njemackoj-dva-mladica-poginula-koristeci-pirotehniku-2\/","og_locale":"en_GB","og_type":"article","og_title":"Tragi\u010dna proslava Nove godine u Njema\u010dkoj: Dva mladi\u0107a poginula koriste\u0107i pirotehniku - dmcsrb.com","og_description":"U njema\u010dkom gradu Bilefildu je sino\u0107 do\u0161lo do dva smrtna slu\u010daja zbog kori\u0161\u0107enja pirotehni\u010dkih sredstava, a u oba su poginuli 18-godi\u0161nji mu\u0161karci.","og_url":"https:\/\/dmcsrb.com\/en\/svijet\/tragicna-proslava-nove-godine-u-njemackoj-dva-mladica-poginula-koristeci-pirotehniku-2\/","og_site_name":"dmcsrb.com","article_published_time":"2026-01-01T11:12:00+00:00","og_image":[{"width":1258,"height":752,"url":"https:\/\/dmcsrb.com\/wp-content\/uploads\/2024\/02\/ambulanta-bolnica-pixabay.jpg","type":"image\/jpeg"}],"author":"dmcsrbija.com@gmail.com","twitter_card":"summary_large_image","twitter_misc":{"Written by":"dmcsrbija.com@gmail.com","Estimated reading time":"1 minute"},"schema":{"@context":"https:\/\/schema.org","@graph":[{"@type":"Article","@id":"https:\/\/dmcsrb.com\/svijet\/tragicna-proslava-nove-godine-u-njemackoj-dva-mladica-poginula-koristeci-pirotehniku-2\/#article","isPartOf":{"@id":"https:\/\/dmcsrb.com\/svijet\/tragicna-proslava-nove-godine-u-njemackoj-dva-mladica-poginula-koristeci-pirotehniku-2\/"},"author":{"name":"dmcsrbija.com@gmail.com","@id":"https:\/\/dmcsrb.com\/#\/schema\/person\/5c39170f12db1b8b457732d0b5c854e2"},"headline":"Tragi\u010dna proslava Nove godine u Njema\u010dkoj: Dva mladi\u0107a poginula koriste\u0107i pirotehniku","datePublished":"2026-01-01T11:12:00+00:00","mainEntityOfPage":{"@id":"https:\/\/dmcsrb.com\/svijet\/tragicna-proslava-nove-godine-u-njemackoj-dva-mladica-poginula-koristeci-pirotehniku-2\/"},"wordCount":127,"commentCount":0,"image":{"@id":"https:\/\/dmcsrb.com\/svijet\/tragicna-proslava-nove-godine-u-njemackoj-dva-mladica-poginula-koristeci-pirotehniku-2\/#primaryimage"},"thumbnailUrl":"https:\/\/dmcsrb.com\/wp-content\/uploads\/2024\/02\/ambulanta-bolnica-pixabay.jpg","keywords":["Njema\u010dka","Pirotehnika"],"articleSection":["Svijet"],"inLanguage":"en-GB","potentialAction":[{"@type":"CommentAction","name":"Comment","target":["https:\/\/dmcsrb.com\/svijet\/tragicna-proslava-nove-godine-u-njemackoj-dva-mladica-poginula-koristeci-pirotehniku-2\/#respond"]}]},{"@type":"WebPage","@id":"https:\/\/dmcsrb.com\/svijet\/tragicna-proslava-nove-godine-u-njemackoj-dva-mladica-poginula-koristeci-pirotehniku-2\/","url":"https:\/\/dmcsrb.com\/svijet\/tragicna-proslava-nove-godine-u-njemackoj-dva-mladica-poginula-koristeci-pirotehniku-2\/","name":"Tragi\u010dna proslava Nove godine u Njema\u010dkoj: Dva mladi\u0107a poginula koriste\u0107i pirotehniku - dmcsrb.com","isPartOf":{"@id":"https:\/\/dmcsrb.com\/#website"},"primaryImageOfPage":{"@id":"https:\/\/dmcsrb.com\/svijet\/tragicna-proslava-nove-godine-u-njemackoj-dva-mladica-poginula-koristeci-pirotehniku-2\/#primaryimage"},"image":{"@id":"https:\/\/dmcsrb.com\/svijet\/tragicna-proslava-nove-godine-u-njemackoj-dva-mladica-poginula-koristeci-pirotehniku-2\/#primaryimage"},"thumbnailUrl":"https:\/\/dmcsrb.com\/wp-content\/uploads\/2024\/02\/ambulanta-bolnica-pixabay.jpg","datePublished":"2026-01-01T11:12:00+00:00","author":{"@id":"https:\/\/dmcsrb.com\/#\/schema\/person\/5c39170f12db1b8b457732d0b5c854e2"},"breadcrumb":{"@id":"https:\/\/dmcsrb.com\/svijet\/tragicna-proslava-nove-godine-u-njemackoj-dva-mladica-poginula-koristeci-pirotehniku-2\/#breadcrumb"},"inLanguage":"en-GB","potentialAction":[{"@type":"ReadAction","target":["https:\/\/dmcsrb.com\/svijet\/tragicna-proslava-nove-godine-u-njemackoj-dva-mladica-poginula-koristeci-pirotehniku-2\/"]}]},{"@type":"ImageObject","inLanguage":"en-GB","@id":"https:\/\/dmcsrb.com\/svijet\/tragicna-proslava-nove-godine-u-njemackoj-dva-mladica-poginula-koristeci-pirotehniku-2\/#primaryimage","url":"https:\/\/dmcsrb.com\/wp-content\/uploads\/2024\/02\/ambulanta-bolnica-pixabay.jpg","contentUrl":"https:\/\/dmcsrb.com\/wp-content\/uploads\/2024\/02\/ambulanta-bolnica-pixabay.jpg","width":1258,"height":752,"caption":"Foto: Pixabay"},{"@type":"BreadcrumbList","@id":"https:\/\/dmcsrb.com\/svijet\/tragicna-proslava-nove-godine-u-njemackoj-dva-mladica-poginula-koristeci-pirotehniku-2\/#breadcrumb","itemListElement":[{"@type":"ListItem","position":1,"name":"Home","item":"https:\/\/dmcsrb.com\/"},{"@type":"ListItem","position":2,"name":"Tragi\u010dna proslava Nove godine u Njema\u010dkoj: Dva mladi\u0107a poginula koriste\u0107i pirotehniku"}]},{"@type":"WebSite","@id":"https:\/\/dmcsrb.com\/#website","url":"https:\/\/dmcsrb.com\/","name":"dmcsrb.com","description":"","potentialAction":[{"@type":"SearchAction","target":{"@type":"EntryPoint","urlTemplate":"https:\/\/dmcsrb.com\/?s={search_term_string}"},"query-input":{"@type":"PropertyValueSpecification","valueRequired":true,"valueName":"search_term_string"}}],"inLanguage":"en-GB"},{"@type":"Person","@id":"https:\/\/dmcsrb.com\/#\/schema\/person\/5c39170f12db1b8b457732d0b5c854e2","name":"dmcsrbija.com@gmail.com","image":{"@type":"ImageObject","inLanguage":"en-GB","@id":"https:\/\/dmcsrb.com\/#\/schema\/person\/image\/","url":"https:\/\/secure.gravatar.com\/avatar\/68592660ad6347fad0fb587f8d5d8f1a7b44961362f56e4f2cd524feb87e9069?s=96&d=mm&r=g","contentUrl":"https:\/\/secure.gravatar.com\/avatar\/68592660ad6347fad0fb587f8d5d8f1a7b44961362f56e4f2cd524feb87e9069?s=96&d=mm&r=g","caption":"dmcsrbija.com@gmail.com"},"sameAs":["https:\/\/dmcsrb.com"],"url":"https:\/\/dmcsrb.com\/en\/author\/dmcsrbija-comgmail-com\/"}]}},"_links":{"self":[{"href":"https:\/\/dmcsrb.com\/en\/wp-json\/wp\/v2\/posts\/903647","targetHints":{"allow":["GET"]}}],"collection":[{"href":"https:\/\/dmcsrb.com\/en\/wp-json\/wp\/v2\/posts"}],"about":[{"href":"https:\/\/dmcsrb.com\/en\/wp-json\/wp\/v2\/types\/post"}],"author":[{"embeddable":true,"href":"https:\/\/dmcsrb.com\/en\/wp-json\/wp\/v2\/users\/1"}],"replies":[{"embeddable":true,"href":"https:\/\/dmcsrb.com\/en\/wp-json\/wp\/v2\/comments?post=903647"}],"version-history":[{"count":0,"href":"https:\/\/dmcsrb.com\/en\/wp-json\/wp\/v2\/posts\/903647\/revisions"}],"wp:featuredmedia":[{"embeddable":true,"href":"https:\/\/dmcsrb.com\/en\/wp-json\/wp\/v2\/media\/494938"}],"wp:attachment":[{"href":"https:\/\/dmcsrb.com\/en\/wp-json\/wp\/v2\/media?parent=903647"}],"wp:term":[{"taxonomy":"category","embeddable":true,"href":"https:\/\/dmcsrb.com\/en\/wp-json\/wp\/v2\/categories?post=903647"},{"taxonomy":"post_tag","embeddable":true,"href":"https:\/\/dmcsrb.com\/en\/wp-json\/wp\/v2\/tags?post=903647"},{"taxonomy":"naslovna","embeddable":true,"href":"https:\/\/dmcsrb.com\/en\/wp-json\/wp\/v2\/naslovna?post=903647"}],"curies":[{"name":"wp","href":"https:\/\/api.w.org\/{rel}","templated":true}]}}