{"id":903616,"date":"2026-01-01T09:19:00","date_gmt":"2026-01-01T08:19:00","guid":{"rendered":"https:\/\/gradski.me\/?p=903616"},"modified":"2026-01-01T09:19:00","modified_gmt":"2026-01-01T08:19:00","slug":"zastave-na-cetinju-spustene-na-pola-koplja-zbog-godisnjice-tragedije-2","status":"publish","type":"post","link":"https:\/\/dmcsrb.com\/en\/drustvo\/zastave-na-cetinju-spustene-na-pola-koplja-zbog-godisnjice-tragedije-2\/","title":{"rendered":"Zastave na Cetinju spu\u0161tene na pola koplja zbog godi\u0161njice tragedije"},"content":{"rendered":"<p><\/p>\n\n\n\n<p>&#8220;Zauvijek \u0107emo \u010duvati od zaborava na\u0161e nevino stradale sugra\u0111anke i sugra\u0111ane&#8221;,napisali su iz Prijestonice Cetinje.<\/p>\n\n\n\n<figure class=\"wp-block-embed is-type-rich is-provider-twitter wp-block-embed-twitter\"><div class=\"wp-block-embed__wrapper\">\n<blockquote class=\"twitter-tweet\" data-width=\"500\" data-dnt=\"true\"><p lang=\"und\" dir=\"ltr\">Zastave na Cetinju spu\u0161tene na pola koplja<br><br>Godinu dana je od tragedije koja je zadesila Cetinje, \u010diji je epilog 13 preminulih, me\u0111u kojima dvoje djece, dok je troje gra\u0111ana te\u0161ko ranjeno.<br><br>Zauvijek \u0107emo \u010duvati od zaborava na\u0161e nevino stradale sugra\u0111anke i sugra\u0111ane. <a href=\"https:\/\/t.co\/Suptpl9KCV\">pic.twitter.com\/Suptpl9KCV<\/a><\/p>&mdash; Prijestonica Cetinje (@cetinjeme) <a href=\"https:\/\/twitter.com\/cetinjeme\/status\/2006626607054664127?ref_src=twsrc%5Etfw\">January 1, 2026<\/a><\/blockquote><script async src=\"https:\/\/platform.twitter.com\/widgets.js\" charset=\"utf-8\"><\/script>\n<\/div><\/figure>","protected":false},"excerpt":{"rendered":"<p>Godinu dana je od tragedije koja je zadesila Cetinje, \u010diji je epilog 13 preminulih, me\u0111u kojima dvoje djece, dok je troje gra\u0111ana te\u0161ko ranjeno. Zastave na Cetinju spu\u0161tene su na pola koplja.<\/p>","protected":false},"author":1,"featured_media":903618,"comment_status":"open","ping_status":"open","sticky":false,"template":"","format":"standard","meta":{"_acf_changed":false,"footnotes":""},"categories":[2],"tags":[5249,5250],"naslovna":[],"class_list":["post-903616","post","type-post","status-publish","format-standard","has-post-thumbnail","hentry","category-drustvo","tag-prijestonica-cetinje","tag-zastave"],"acf":[],"yoast_head":"<!-- This site is optimized with the Yoast SEO plugin v27.0 - https:\/\/yoast.com\/product\/yoast-seo-wordpress\/ -->\n<title>Zastave na Cetinju spu\u0161tene na pola koplja zbog godi\u0161njice tragedije - dmcsrb.com<\/title>\n<meta name=\"robots\" content=\"index, follow, max-snippet:-1, max-image-preview:large, max-video-preview:-1\" \/>\n<link rel=\"canonical\" href=\"https:\/\/dmcsrb.com\/en\/drustvo\/zastave-na-cetinju-spustene-na-pola-koplja-zbog-godisnjice-tragedije-2\/\" \/>\n<meta property=\"og:locale\" content=\"en_GB\" \/>\n<meta property=\"og:type\" content=\"article\" \/>\n<meta property=\"og:title\" content=\"Zastave na Cetinju spu\u0161tene na pola koplja zbog godi\u0161njice tragedije - dmcsrb.com\" \/>\n<meta property=\"og:description\" content=\"Godinu dana je od tragedije koja je zadesila Cetinje, \u010diji je epilog 13 preminulih, me\u0111u kojima dvoje djece, dok je troje gra\u0111ana te\u0161ko ranjeno. Zastave na Cetinju spu\u0161tene su na pola koplja.\" \/>\n<meta property=\"og:url\" content=\"https:\/\/dmcsrb.com\/en\/drustvo\/zastave-na-cetinju-spustene-na-pola-koplja-zbog-godisnjice-tragedije-2\/\" \/>\n<meta property=\"og:site_name\" content=\"dmcsrb.com\" \/>\n<meta property=\"article:published_time\" content=\"2026-01-01T08:19:00+00:00\" \/>\n<meta property=\"og:image\" content=\"https:\/\/dmcsrb.com\/wp-content\/uploads\/2026\/01\/zastave-na-pola-koplja-cetinje-foto-prijestonica-1.jpg\" \/>\n\t<meta property=\"og:image:width\" content=\"1181\" \/>\n\t<meta property=\"og:image:height\" content=\"777\" \/>\n\t<meta property=\"og:image:type\" content=\"image\/jpeg\" \/>\n<meta name=\"author\" content=\"dmcsrbija.com@gmail.com\" \/>\n<meta name=\"twitter:card\" content=\"summary_large_image\" \/>\n<meta name=\"twitter:label1\" content=\"Written by\" \/>\n\t<meta name=\"twitter:data1\" content=\"dmcsrbija.com@gmail.com\" \/>\n<script type=\"application\/ld+json\" class=\"yoast-schema-graph\">{\"@context\":\"https:\/\/schema.org\",\"@graph\":[{\"@type\":\"Article\",\"@id\":\"https:\/\/dmcsrb.com\/drustvo\/zastave-na-cetinju-spustene-na-pola-koplja-zbog-godisnjice-tragedije-2\/#article\",\"isPartOf\":{\"@id\":\"https:\/\/dmcsrb.com\/drustvo\/zastave-na-cetinju-spustene-na-pola-koplja-zbog-godisnjice-tragedije-2\/\"},\"author\":{\"name\":\"dmcsrbija.com@gmail.com\",\"@id\":\"https:\/\/dmcsrb.com\/#\/schema\/person\/5c39170f12db1b8b457732d0b5c854e2\"},\"headline\":\"Zastave na Cetinju spu\u0161tene na pola koplja zbog godi\u0161njice tragedije\",\"datePublished\":\"2026-01-01T08:19:00+00:00\",\"mainEntityOfPage\":{\"@id\":\"https:\/\/dmcsrb.com\/drustvo\/zastave-na-cetinju-spustene-na-pola-koplja-zbog-godisnjice-tragedije-2\/\"},\"wordCount\":69,\"commentCount\":0,\"image\":{\"@id\":\"https:\/\/dmcsrb.com\/drustvo\/zastave-na-cetinju-spustene-na-pola-koplja-zbog-godisnjice-tragedije-2\/#primaryimage\"},\"thumbnailUrl\":\"https:\/\/dmcsrb.com\/wp-content\/uploads\/2026\/01\/zastave-na-pola-koplja-cetinje-foto-prijestonica-1.jpg\",\"keywords\":[\"Prijestonica Cetinje\",\"Zastave\"],\"articleSection\":[\"Dru\u0161tvo\"],\"inLanguage\":\"en-GB\",\"potentialAction\":[{\"@type\":\"CommentAction\",\"name\":\"Comment\",\"target\":[\"https:\/\/dmcsrb.com\/drustvo\/zastave-na-cetinju-spustene-na-pola-koplja-zbog-godisnjice-tragedije-2\/#respond\"]}]},{\"@type\":\"WebPage\",\"@id\":\"https:\/\/dmcsrb.com\/drustvo\/zastave-na-cetinju-spustene-na-pola-koplja-zbog-godisnjice-tragedije-2\/\",\"url\":\"https:\/\/dmcsrb.com\/drustvo\/zastave-na-cetinju-spustene-na-pola-koplja-zbog-godisnjice-tragedije-2\/\",\"name\":\"Zastave na Cetinju spu\u0161tene na pola koplja zbog godi\u0161njice tragedije - dmcsrb.com\",\"isPartOf\":{\"@id\":\"https:\/\/dmcsrb.com\/#website\"},\"primaryImageOfPage\":{\"@id\":\"https:\/\/dmcsrb.com\/drustvo\/zastave-na-cetinju-spustene-na-pola-koplja-zbog-godisnjice-tragedije-2\/#primaryimage\"},\"image\":{\"@id\":\"https:\/\/dmcsrb.com\/drustvo\/zastave-na-cetinju-spustene-na-pola-koplja-zbog-godisnjice-tragedije-2\/#primaryimage\"},\"thumbnailUrl\":\"https:\/\/dmcsrb.com\/wp-content\/uploads\/2026\/01\/zastave-na-pola-koplja-cetinje-foto-prijestonica-1.jpg\",\"datePublished\":\"2026-01-01T08:19:00+00:00\",\"author\":{\"@id\":\"https:\/\/dmcsrb.com\/#\/schema\/person\/5c39170f12db1b8b457732d0b5c854e2\"},\"breadcrumb\":{\"@id\":\"https:\/\/dmcsrb.com\/drustvo\/zastave-na-cetinju-spustene-na-pola-koplja-zbog-godisnjice-tragedije-2\/#breadcrumb\"},\"inLanguage\":\"en-GB\",\"potentialAction\":[{\"@type\":\"ReadAction\",\"target\":[\"https:\/\/dmcsrb.com\/drustvo\/zastave-na-cetinju-spustene-na-pola-koplja-zbog-godisnjice-tragedije-2\/\"]}]},{\"@type\":\"ImageObject\",\"inLanguage\":\"en-GB\",\"@id\":\"https:\/\/dmcsrb.com\/drustvo\/zastave-na-cetinju-spustene-na-pola-koplja-zbog-godisnjice-tragedije-2\/#primaryimage\",\"url\":\"https:\/\/dmcsrb.com\/wp-content\/uploads\/2026\/01\/zastave-na-pola-koplja-cetinje-foto-prijestonica-1.jpg\",\"contentUrl\":\"https:\/\/dmcsrb.com\/wp-content\/uploads\/2026\/01\/zastave-na-pola-koplja-cetinje-foto-prijestonica-1.jpg\",\"width\":1181,\"height\":777,\"caption\":\"Foto: Prijestonica Cetinje\"},{\"@type\":\"BreadcrumbList\",\"@id\":\"https:\/\/dmcsrb.com\/drustvo\/zastave-na-cetinju-spustene-na-pola-koplja-zbog-godisnjice-tragedije-2\/#breadcrumb\",\"itemListElement\":[{\"@type\":\"ListItem\",\"position\":1,\"name\":\"Home\",\"item\":\"https:\/\/dmcsrb.com\/\"},{\"@type\":\"ListItem\",\"position\":2,\"name\":\"Zastave na Cetinju spu\u0161tene na pola koplja zbog godi\u0161njice tragedije\"}]},{\"@type\":\"WebSite\",\"@id\":\"https:\/\/dmcsrb.com\/#website\",\"url\":\"https:\/\/dmcsrb.com\/\",\"name\":\"dmcsrb.com\",\"description\":\"\",\"potentialAction\":[{\"@type\":\"SearchAction\",\"target\":{\"@type\":\"EntryPoint\",\"urlTemplate\":\"https:\/\/dmcsrb.com\/?s={search_term_string}\"},\"query-input\":{\"@type\":\"PropertyValueSpecification\",\"valueRequired\":true,\"valueName\":\"search_term_string\"}}],\"inLanguage\":\"en-GB\"},{\"@type\":\"Person\",\"@id\":\"https:\/\/dmcsrb.com\/#\/schema\/person\/5c39170f12db1b8b457732d0b5c854e2\",\"name\":\"dmcsrbija.com@gmail.com\",\"image\":{\"@type\":\"ImageObject\",\"inLanguage\":\"en-GB\",\"@id\":\"https:\/\/dmcsrb.com\/#\/schema\/person\/image\/\",\"url\":\"https:\/\/secure.gravatar.com\/avatar\/68592660ad6347fad0fb587f8d5d8f1a7b44961362f56e4f2cd524feb87e9069?s=96&d=mm&r=g\",\"contentUrl\":\"https:\/\/secure.gravatar.com\/avatar\/68592660ad6347fad0fb587f8d5d8f1a7b44961362f56e4f2cd524feb87e9069?s=96&d=mm&r=g\",\"caption\":\"dmcsrbija.com@gmail.com\"},\"sameAs\":[\"https:\/\/dmcsrb.com\"],\"url\":\"https:\/\/dmcsrb.com\/en\/author\/dmcsrbija-comgmail-com\/\"}]}<\/script>\n<!-- \/ Yoast SEO plugin. -->","yoast_head_json":{"title":"Zastave na Cetinju spu\u0161tene na pola koplja zbog godi\u0161njice tragedije - dmcsrb.com","robots":{"index":"index","follow":"follow","max-snippet":"max-snippet:-1","max-image-preview":"max-image-preview:large","max-video-preview":"max-video-preview:-1"},"canonical":"https:\/\/dmcsrb.com\/en\/drustvo\/zastave-na-cetinju-spustene-na-pola-koplja-zbog-godisnjice-tragedije-2\/","og_locale":"en_GB","og_type":"article","og_title":"Zastave na Cetinju spu\u0161tene na pola koplja zbog godi\u0161njice tragedije - dmcsrb.com","og_description":"Godinu dana je od tragedije koja je zadesila Cetinje, \u010diji je epilog 13 preminulih, me\u0111u kojima dvoje djece, dok je troje gra\u0111ana te\u0161ko ranjeno. Zastave na Cetinju spu\u0161tene su na pola koplja.","og_url":"https:\/\/dmcsrb.com\/en\/drustvo\/zastave-na-cetinju-spustene-na-pola-koplja-zbog-godisnjice-tragedije-2\/","og_site_name":"dmcsrb.com","article_published_time":"2026-01-01T08:19:00+00:00","og_image":[{"width":1181,"height":777,"url":"https:\/\/dmcsrb.com\/wp-content\/uploads\/2026\/01\/zastave-na-pola-koplja-cetinje-foto-prijestonica-1.jpg","type":"image\/jpeg"}],"author":"dmcsrbija.com@gmail.com","twitter_card":"summary_large_image","twitter_misc":{"Written by":"dmcsrbija.com@gmail.com"},"schema":{"@context":"https:\/\/schema.org","@graph":[{"@type":"Article","@id":"https:\/\/dmcsrb.com\/drustvo\/zastave-na-cetinju-spustene-na-pola-koplja-zbog-godisnjice-tragedije-2\/#article","isPartOf":{"@id":"https:\/\/dmcsrb.com\/drustvo\/zastave-na-cetinju-spustene-na-pola-koplja-zbog-godisnjice-tragedije-2\/"},"author":{"name":"dmcsrbija.com@gmail.com","@id":"https:\/\/dmcsrb.com\/#\/schema\/person\/5c39170f12db1b8b457732d0b5c854e2"},"headline":"Zastave na Cetinju spu\u0161tene na pola koplja zbog godi\u0161njice tragedije","datePublished":"2026-01-01T08:19:00+00:00","mainEntityOfPage":{"@id":"https:\/\/dmcsrb.com\/drustvo\/zastave-na-cetinju-spustene-na-pola-koplja-zbog-godisnjice-tragedije-2\/"},"wordCount":69,"commentCount":0,"image":{"@id":"https:\/\/dmcsrb.com\/drustvo\/zastave-na-cetinju-spustene-na-pola-koplja-zbog-godisnjice-tragedije-2\/#primaryimage"},"thumbnailUrl":"https:\/\/dmcsrb.com\/wp-content\/uploads\/2026\/01\/zastave-na-pola-koplja-cetinje-foto-prijestonica-1.jpg","keywords":["Prijestonica Cetinje","Zastave"],"articleSection":["Dru\u0161tvo"],"inLanguage":"en-GB","potentialAction":[{"@type":"CommentAction","name":"Comment","target":["https:\/\/dmcsrb.com\/drustvo\/zastave-na-cetinju-spustene-na-pola-koplja-zbog-godisnjice-tragedije-2\/#respond"]}]},{"@type":"WebPage","@id":"https:\/\/dmcsrb.com\/drustvo\/zastave-na-cetinju-spustene-na-pola-koplja-zbog-godisnjice-tragedije-2\/","url":"https:\/\/dmcsrb.com\/drustvo\/zastave-na-cetinju-spustene-na-pola-koplja-zbog-godisnjice-tragedije-2\/","name":"Zastave na Cetinju spu\u0161tene na pola koplja zbog godi\u0161njice tragedije - dmcsrb.com","isPartOf":{"@id":"https:\/\/dmcsrb.com\/#website"},"primaryImageOfPage":{"@id":"https:\/\/dmcsrb.com\/drustvo\/zastave-na-cetinju-spustene-na-pola-koplja-zbog-godisnjice-tragedije-2\/#primaryimage"},"image":{"@id":"https:\/\/dmcsrb.com\/drustvo\/zastave-na-cetinju-spustene-na-pola-koplja-zbog-godisnjice-tragedije-2\/#primaryimage"},"thumbnailUrl":"https:\/\/dmcsrb.com\/wp-content\/uploads\/2026\/01\/zastave-na-pola-koplja-cetinje-foto-prijestonica-1.jpg","datePublished":"2026-01-01T08:19:00+00:00","author":{"@id":"https:\/\/dmcsrb.com\/#\/schema\/person\/5c39170f12db1b8b457732d0b5c854e2"},"breadcrumb":{"@id":"https:\/\/dmcsrb.com\/drustvo\/zastave-na-cetinju-spustene-na-pola-koplja-zbog-godisnjice-tragedije-2\/#breadcrumb"},"inLanguage":"en-GB","potentialAction":[{"@type":"ReadAction","target":["https:\/\/dmcsrb.com\/drustvo\/zastave-na-cetinju-spustene-na-pola-koplja-zbog-godisnjice-tragedije-2\/"]}]},{"@type":"ImageObject","inLanguage":"en-GB","@id":"https:\/\/dmcsrb.com\/drustvo\/zastave-na-cetinju-spustene-na-pola-koplja-zbog-godisnjice-tragedije-2\/#primaryimage","url":"https:\/\/dmcsrb.com\/wp-content\/uploads\/2026\/01\/zastave-na-pola-koplja-cetinje-foto-prijestonica-1.jpg","contentUrl":"https:\/\/dmcsrb.com\/wp-content\/uploads\/2026\/01\/zastave-na-pola-koplja-cetinje-foto-prijestonica-1.jpg","width":1181,"height":777,"caption":"Foto: Prijestonica Cetinje"},{"@type":"BreadcrumbList","@id":"https:\/\/dmcsrb.com\/drustvo\/zastave-na-cetinju-spustene-na-pola-koplja-zbog-godisnjice-tragedije-2\/#breadcrumb","itemListElement":[{"@type":"ListItem","position":1,"name":"Home","item":"https:\/\/dmcsrb.com\/"},{"@type":"ListItem","position":2,"name":"Zastave na Cetinju spu\u0161tene na pola koplja zbog godi\u0161njice tragedije"}]},{"@type":"WebSite","@id":"https:\/\/dmcsrb.com\/#website","url":"https:\/\/dmcsrb.com\/","name":"dmcsrb.com","description":"","potentialAction":[{"@type":"SearchAction","target":{"@type":"EntryPoint","urlTemplate":"https:\/\/dmcsrb.com\/?s={search_term_string}"},"query-input":{"@type":"PropertyValueSpecification","valueRequired":true,"valueName":"search_term_string"}}],"inLanguage":"en-GB"},{"@type":"Person","@id":"https:\/\/dmcsrb.com\/#\/schema\/person\/5c39170f12db1b8b457732d0b5c854e2","name":"dmcsrbija.com@gmail.com","image":{"@type":"ImageObject","inLanguage":"en-GB","@id":"https:\/\/dmcsrb.com\/#\/schema\/person\/image\/","url":"https:\/\/secure.gravatar.com\/avatar\/68592660ad6347fad0fb587f8d5d8f1a7b44961362f56e4f2cd524feb87e9069?s=96&d=mm&r=g","contentUrl":"https:\/\/secure.gravatar.com\/avatar\/68592660ad6347fad0fb587f8d5d8f1a7b44961362f56e4f2cd524feb87e9069?s=96&d=mm&r=g","caption":"dmcsrbija.com@gmail.com"},"sameAs":["https:\/\/dmcsrb.com"],"url":"https:\/\/dmcsrb.com\/en\/author\/dmcsrbija-comgmail-com\/"}]}},"_links":{"self":[{"href":"https:\/\/dmcsrb.com\/en\/wp-json\/wp\/v2\/posts\/903616","targetHints":{"allow":["GET"]}}],"collection":[{"href":"https:\/\/dmcsrb.com\/en\/wp-json\/wp\/v2\/posts"}],"about":[{"href":"https:\/\/dmcsrb.com\/en\/wp-json\/wp\/v2\/types\/post"}],"author":[{"embeddable":true,"href":"https:\/\/dmcsrb.com\/en\/wp-json\/wp\/v2\/users\/1"}],"replies":[{"embeddable":true,"href":"https:\/\/dmcsrb.com\/en\/wp-json\/wp\/v2\/comments?post=903616"}],"version-history":[{"count":0,"href":"https:\/\/dmcsrb.com\/en\/wp-json\/wp\/v2\/posts\/903616\/revisions"}],"wp:featuredmedia":[{"embeddable":true,"href":"https:\/\/dmcsrb.com\/en\/wp-json\/wp\/v2\/media\/903618"}],"wp:attachment":[{"href":"https:\/\/dmcsrb.com\/en\/wp-json\/wp\/v2\/media?parent=903616"}],"wp:term":[{"taxonomy":"category","embeddable":true,"href":"https:\/\/dmcsrb.com\/en\/wp-json\/wp\/v2\/categories?post=903616"},{"taxonomy":"post_tag","embeddable":true,"href":"https:\/\/dmcsrb.com\/en\/wp-json\/wp\/v2\/tags?post=903616"},{"taxonomy":"naslovna","embeddable":true,"href":"https:\/\/dmcsrb.com\/en\/wp-json\/wp\/v2\/naslovna?post=903616"}],"curies":[{"name":"wp","href":"https:\/\/api.w.org\/{rel}","templated":true}]}}