{"id":903581,"date":"2026-01-01T07:39:00","date_gmt":"2026-01-01T06:39:00","guid":{"rendered":"https:\/\/gradski.me\/?p=903581"},"modified":"2026-01-01T07:39:00","modified_gmt":"2026-01-01T06:39:00","slug":"dezurne-apoteke-montefarma-za-praznike-2-2","status":"publish","type":"post","link":"https:\/\/dmcsrb.com\/en\/drustvo\/dezurne-apoteke-montefarma-za-praznike-2-2\/","title":{"rendered":"De\u017eurne apoteke Montefarma za praznike"},"content":{"rendered":"<p>Raspored se odnosi na dane&nbsp;<strong>01. i 02. januar (\u010detvrtak i petak),&nbsp;<\/strong>kao i<strong>&nbsp;06, 07. i 08. januar 2026.god. (utorak, srijeda, \u010detvrtak)<\/strong>:<\/p>\n\n\n\n<figure class=\"wp-block-table\"><table class=\"has-fixed-layout\"><tbody><tr><td colspan=\"2\"><strong>Apoteke- radno vrijeme od 07-14h<\/strong><\/td><\/tr><tr><td><em>\u201eAndrijevica\u201d-<\/em>&nbsp;Andrijevica<\/td><td><em>\u201eZdravlje\u201c-<\/em>&nbsp;Flat<\/td><\/tr><tr><td><em>\u201eGusinje\u201c<\/em>\u2013 Gusinje<\/td><td><em>\u201ePlu\u017eine\u201c-<\/em>&nbsp;Plu\u017eine<\/td><\/tr><tr><td><em>\u201eHigija\u201c<\/em>\u2013 Danilovgrad<\/td><td><em>\u201eJatros\u201c<\/em>\u2013 Ro\u017eaje<\/td><\/tr><tr><td><em>\u201eGolubovci\u201d-<\/em>&nbsp;Zeta<\/td><td>&nbsp;<em>\u201eTuzi\u201c-<\/em>&nbsp;Tuzi<\/td><\/tr><tr><td><em>\u201eDobrota\u201c-<\/em>&nbsp;Dirty<\/td><td><em>\u201eVladimir\u201c-<\/em>&nbsp;Ulcinj<\/td><\/tr><tr><td><em>\u201eFarmakon\u201c-<\/em>&nbsp;Mojkovac<\/td><td><em>\u201eJovo Dre\u010d\u201c-<\/em>&nbsp;Cetinje<\/td><\/tr><tr><td><em>\u201ePetnjica\u201c-<\/em>&nbsp;Petinjica<\/td><td><em>\u201eTopla\u201c-<\/em>&nbsp;Herceg Novi<\/td><\/tr><tr><td>\u201ePetrovac\u201c \u2013 Petrovac<\/td><td><em>\u201e\u0160avnik\u201c-<\/em>&nbsp;\u0160avnik<\/td><\/tr><tr><td><em>\u201eRiva\u201c-<\/em>&nbsp;Tivat<\/td><td><em>\u201eJadran\u201c \u2013 Ulcinj<\/em><\/td><\/tr><tr><td><em>\u201eStari grad\u201c-<\/em>&nbsp;Dirty<\/td><td><strong><em>&nbsp;\u201e\u017dabljak\u201c-<\/em><\/strong><strong>&nbsp;\u017dabljak od 09-19h<\/strong><\/td><\/tr><\/tbody><\/table><\/figure>\n\n\n\n<figure class=\"wp-block-table\"><table class=\"has-fixed-layout\"><tbody><tr><td colspan=\"2\"><strong>Apoteke- radno vrijeme od 07-20h<\/strong><\/td><\/tr><tr><td><em>\u201eHipokrat\u201d-<\/em>&nbsp;Berane<\/td><td><em>\u201eRemedija\u201c-<\/em>&nbsp;Kolasin<\/td><\/tr><tr><td><em>\u201eTopolica\u201d-<\/em>&nbsp;Bar<\/td><td><em>\u201eGojko Dari\u0107\u201c<\/em>\u2013 Nik\u0161i\u0107<\/td><\/tr><tr><td><em>\u201eEskulap\u201c<\/em>\u2013 Bijelo Polje<\/td><td><em>\u201eRisto Vukoti\u0107\u201c<\/em>\u2013 Pljevlja<\/td><\/tr><tr><td><\/td><td><\/td><\/tr><tr><td><em>\u201eMogren\u201c<\/em>\u2013 Budva<\/td><td><\/td><\/tr><\/tbody><\/table><\/figure>\n\n\n\n<p><strong><u>Apoteke de\u017eurne u Podgorici:<\/u><\/strong><\/p>\n\n\n\n<ul class=\"wp-block-list\">\n<li><em>\u201eKru\u0161evac\u201c-<\/em>Svetog Petra Cetinjskog br.45\/a, radno vrijeme 00-24h\u00a0<strong>tel. 067 148 331<\/strong><\/li>\n\n\n\n<li><em>\u201ePodgorica\u201c-<\/em>Slobode br.24 , radno vrijeme od 07-22h,\u00a0<strong>tel. 067 148 471<\/strong><\/li>\n<\/ul>\n\n\n\n<p><strong><u>Apoteka 24h de\u017eurna u Nik\u0161i\u0107u:<\/u><\/strong><\/p>\n\n\n\n<ul class=\"wp-block-list\">\n<li><em>\u201eGojko Dari\u0107 1\u201c<\/em>-ul.Narodnih heroja br.8, radno vrijeme od 00-24h,\u00a0<strong>067 148 355<\/strong><\/li>\n<\/ul>","protected":false},"excerpt":{"rendered":"<p> Tokom novogodi\u0161njih i bo\u017ei\u0107nih praznika de\u017eura\u0107e vi\u0161e Montefarmovih apoteka. <\/p>","protected":false},"author":1,"featured_media":545828,"comment_status":"open","ping_status":"open","sticky":false,"template":"","format":"standard","meta":{"_acf_changed":false,"footnotes":""},"categories":[2],"tags":[5242,227],"naslovna":[],"class_list":["post-903581","post","type-post","status-publish","format-standard","has-post-thumbnail","hentry","category-drustvo","tag-apoteke","tag-montefarm"],"acf":[],"yoast_head":"<!-- This site is optimized with the Yoast SEO plugin v27.0 - https:\/\/yoast.com\/product\/yoast-seo-wordpress\/ -->\n<title>De\u017eurne apoteke Montefarma za praznike - dmcsrb.com<\/title>\n<meta name=\"robots\" content=\"index, follow, max-snippet:-1, max-image-preview:large, max-video-preview:-1\" \/>\n<link rel=\"canonical\" href=\"https:\/\/dmcsrb.com\/en\/drustvo\/dezurne-apoteke-montefarma-za-praznike-2-2\/\" \/>\n<meta property=\"og:locale\" content=\"en_GB\" \/>\n<meta property=\"og:type\" content=\"article\" \/>\n<meta property=\"og:title\" content=\"De\u017eurne apoteke Montefarma za praznike - dmcsrb.com\" \/>\n<meta property=\"og:description\" content=\"Tokom novogodi\u0161njih i bo\u017ei\u0107nih praznika de\u017eura\u0107e vi\u0161e Montefarmovih apoteka.\" \/>\n<meta property=\"og:url\" content=\"https:\/\/dmcsrb.com\/en\/drustvo\/dezurne-apoteke-montefarma-za-praznike-2-2\/\" \/>\n<meta property=\"og:site_name\" content=\"dmcsrb.com\" \/>\n<meta property=\"article:published_time\" content=\"2026-01-01T06:39:00+00:00\" \/>\n<meta property=\"og:image\" content=\"https:\/\/dmcsrb.com\/wp-content\/uploads\/2024\/05\/Montefarm-foto-Montefarm.jpg\" \/>\n\t<meta property=\"og:image:width\" content=\"989\" \/>\n\t<meta property=\"og:image:height\" content=\"550\" \/>\n\t<meta property=\"og:image:type\" content=\"image\/jpeg\" \/>\n<meta name=\"author\" content=\"dmcsrbija.com@gmail.com\" \/>\n<meta name=\"twitter:card\" content=\"summary_large_image\" \/>\n<meta name=\"twitter:label1\" content=\"Written by\" \/>\n\t<meta name=\"twitter:data1\" content=\"dmcsrbija.com@gmail.com\" \/>\n\t<meta name=\"twitter:label2\" content=\"Estimated reading time\" \/>\n\t<meta name=\"twitter:data2\" content=\"1 minute\" \/>\n<script type=\"application\/ld+json\" class=\"yoast-schema-graph\">{\"@context\":\"https:\/\/schema.org\",\"@graph\":[{\"@type\":\"Article\",\"@id\":\"https:\/\/dmcsrb.com\/drustvo\/dezurne-apoteke-montefarma-za-praznike-2-2\/#article\",\"isPartOf\":{\"@id\":\"https:\/\/dmcsrb.com\/drustvo\/dezurne-apoteke-montefarma-za-praznike-2-2\/\"},\"author\":{\"name\":\"dmcsrbija.com@gmail.com\",\"@id\":\"https:\/\/dmcsrb.com\/#\/schema\/person\/5c39170f12db1b8b457732d0b5c854e2\"},\"headline\":\"De\u017eurne apoteke Montefarma za praznike\",\"datePublished\":\"2026-01-01T06:39:00+00:00\",\"mainEntityOfPage\":{\"@id\":\"https:\/\/dmcsrb.com\/drustvo\/dezurne-apoteke-montefarma-za-praznike-2-2\/\"},\"wordCount\":190,\"commentCount\":0,\"image\":{\"@id\":\"https:\/\/dmcsrb.com\/drustvo\/dezurne-apoteke-montefarma-za-praznike-2-2\/#primaryimage\"},\"thumbnailUrl\":\"https:\/\/dmcsrb.com\/wp-content\/uploads\/2024\/05\/Montefarm-foto-Montefarm.jpg\",\"keywords\":[\"apoteke\",\"Montefarm\"],\"articleSection\":[\"Dru\u0161tvo\"],\"inLanguage\":\"en-GB\",\"potentialAction\":[{\"@type\":\"CommentAction\",\"name\":\"Comment\",\"target\":[\"https:\/\/dmcsrb.com\/drustvo\/dezurne-apoteke-montefarma-za-praznike-2-2\/#respond\"]}]},{\"@type\":\"WebPage\",\"@id\":\"https:\/\/dmcsrb.com\/drustvo\/dezurne-apoteke-montefarma-za-praznike-2-2\/\",\"url\":\"https:\/\/dmcsrb.com\/drustvo\/dezurne-apoteke-montefarma-za-praznike-2-2\/\",\"name\":\"De\u017eurne apoteke Montefarma za praznike - dmcsrb.com\",\"isPartOf\":{\"@id\":\"https:\/\/dmcsrb.com\/#website\"},\"primaryImageOfPage\":{\"@id\":\"https:\/\/dmcsrb.com\/drustvo\/dezurne-apoteke-montefarma-za-praznike-2-2\/#primaryimage\"},\"image\":{\"@id\":\"https:\/\/dmcsrb.com\/drustvo\/dezurne-apoteke-montefarma-za-praznike-2-2\/#primaryimage\"},\"thumbnailUrl\":\"https:\/\/dmcsrb.com\/wp-content\/uploads\/2024\/05\/Montefarm-foto-Montefarm.jpg\",\"datePublished\":\"2026-01-01T06:39:00+00:00\",\"author\":{\"@id\":\"https:\/\/dmcsrb.com\/#\/schema\/person\/5c39170f12db1b8b457732d0b5c854e2\"},\"breadcrumb\":{\"@id\":\"https:\/\/dmcsrb.com\/drustvo\/dezurne-apoteke-montefarma-za-praznike-2-2\/#breadcrumb\"},\"inLanguage\":\"en-GB\",\"potentialAction\":[{\"@type\":\"ReadAction\",\"target\":[\"https:\/\/dmcsrb.com\/drustvo\/dezurne-apoteke-montefarma-za-praznike-2-2\/\"]}]},{\"@type\":\"ImageObject\",\"inLanguage\":\"en-GB\",\"@id\":\"https:\/\/dmcsrb.com\/drustvo\/dezurne-apoteke-montefarma-za-praznike-2-2\/#primaryimage\",\"url\":\"https:\/\/dmcsrb.com\/wp-content\/uploads\/2024\/05\/Montefarm-foto-Montefarm.jpg\",\"contentUrl\":\"https:\/\/dmcsrb.com\/wp-content\/uploads\/2024\/05\/Montefarm-foto-Montefarm.jpg\",\"width\":989,\"height\":550,\"caption\":\"Foto: Montefarm\"},{\"@type\":\"BreadcrumbList\",\"@id\":\"https:\/\/dmcsrb.com\/drustvo\/dezurne-apoteke-montefarma-za-praznike-2-2\/#breadcrumb\",\"itemListElement\":[{\"@type\":\"ListItem\",\"position\":1,\"name\":\"Home\",\"item\":\"https:\/\/dmcsrb.com\/\"},{\"@type\":\"ListItem\",\"position\":2,\"name\":\"De\u017eurne apoteke Montefarma za praznike\"}]},{\"@type\":\"WebSite\",\"@id\":\"https:\/\/dmcsrb.com\/#website\",\"url\":\"https:\/\/dmcsrb.com\/\",\"name\":\"dmcsrb.com\",\"description\":\"\",\"potentialAction\":[{\"@type\":\"SearchAction\",\"target\":{\"@type\":\"EntryPoint\",\"urlTemplate\":\"https:\/\/dmcsrb.com\/?s={search_term_string}\"},\"query-input\":{\"@type\":\"PropertyValueSpecification\",\"valueRequired\":true,\"valueName\":\"search_term_string\"}}],\"inLanguage\":\"en-GB\"},{\"@type\":\"Person\",\"@id\":\"https:\/\/dmcsrb.com\/#\/schema\/person\/5c39170f12db1b8b457732d0b5c854e2\",\"name\":\"dmcsrbija.com@gmail.com\",\"image\":{\"@type\":\"ImageObject\",\"inLanguage\":\"en-GB\",\"@id\":\"https:\/\/dmcsrb.com\/#\/schema\/person\/image\/\",\"url\":\"https:\/\/secure.gravatar.com\/avatar\/68592660ad6347fad0fb587f8d5d8f1a7b44961362f56e4f2cd524feb87e9069?s=96&d=mm&r=g\",\"contentUrl\":\"https:\/\/secure.gravatar.com\/avatar\/68592660ad6347fad0fb587f8d5d8f1a7b44961362f56e4f2cd524feb87e9069?s=96&d=mm&r=g\",\"caption\":\"dmcsrbija.com@gmail.com\"},\"sameAs\":[\"https:\/\/dmcsrb.com\"],\"url\":\"https:\/\/dmcsrb.com\/en\/author\/dmcsrbija-comgmail-com\/\"}]}<\/script>\n<!-- \/ Yoast SEO plugin. -->","yoast_head_json":{"title":"De\u017eurne apoteke Montefarma za praznike - dmcsrb.com","robots":{"index":"index","follow":"follow","max-snippet":"max-snippet:-1","max-image-preview":"max-image-preview:large","max-video-preview":"max-video-preview:-1"},"canonical":"https:\/\/dmcsrb.com\/en\/drustvo\/dezurne-apoteke-montefarma-za-praznike-2-2\/","og_locale":"en_GB","og_type":"article","og_title":"De\u017eurne apoteke Montefarma za praznike - dmcsrb.com","og_description":"Tokom novogodi\u0161njih i bo\u017ei\u0107nih praznika de\u017eura\u0107e vi\u0161e Montefarmovih apoteka.","og_url":"https:\/\/dmcsrb.com\/en\/drustvo\/dezurne-apoteke-montefarma-za-praznike-2-2\/","og_site_name":"dmcsrb.com","article_published_time":"2026-01-01T06:39:00+00:00","og_image":[{"width":989,"height":550,"url":"https:\/\/dmcsrb.com\/wp-content\/uploads\/2024\/05\/Montefarm-foto-Montefarm.jpg","type":"image\/jpeg"}],"author":"dmcsrbija.com@gmail.com","twitter_card":"summary_large_image","twitter_misc":{"Written by":"dmcsrbija.com@gmail.com","Estimated reading time":"1 minute"},"schema":{"@context":"https:\/\/schema.org","@graph":[{"@type":"Article","@id":"https:\/\/dmcsrb.com\/drustvo\/dezurne-apoteke-montefarma-za-praznike-2-2\/#article","isPartOf":{"@id":"https:\/\/dmcsrb.com\/drustvo\/dezurne-apoteke-montefarma-za-praznike-2-2\/"},"author":{"name":"dmcsrbija.com@gmail.com","@id":"https:\/\/dmcsrb.com\/#\/schema\/person\/5c39170f12db1b8b457732d0b5c854e2"},"headline":"De\u017eurne apoteke Montefarma za praznike","datePublished":"2026-01-01T06:39:00+00:00","mainEntityOfPage":{"@id":"https:\/\/dmcsrb.com\/drustvo\/dezurne-apoteke-montefarma-za-praznike-2-2\/"},"wordCount":190,"commentCount":0,"image":{"@id":"https:\/\/dmcsrb.com\/drustvo\/dezurne-apoteke-montefarma-za-praznike-2-2\/#primaryimage"},"thumbnailUrl":"https:\/\/dmcsrb.com\/wp-content\/uploads\/2024\/05\/Montefarm-foto-Montefarm.jpg","keywords":["apoteke","Montefarm"],"articleSection":["Dru\u0161tvo"],"inLanguage":"en-GB","potentialAction":[{"@type":"CommentAction","name":"Comment","target":["https:\/\/dmcsrb.com\/drustvo\/dezurne-apoteke-montefarma-za-praznike-2-2\/#respond"]}]},{"@type":"WebPage","@id":"https:\/\/dmcsrb.com\/drustvo\/dezurne-apoteke-montefarma-za-praznike-2-2\/","url":"https:\/\/dmcsrb.com\/drustvo\/dezurne-apoteke-montefarma-za-praznike-2-2\/","name":"De\u017eurne apoteke Montefarma za praznike - dmcsrb.com","isPartOf":{"@id":"https:\/\/dmcsrb.com\/#website"},"primaryImageOfPage":{"@id":"https:\/\/dmcsrb.com\/drustvo\/dezurne-apoteke-montefarma-za-praznike-2-2\/#primaryimage"},"image":{"@id":"https:\/\/dmcsrb.com\/drustvo\/dezurne-apoteke-montefarma-za-praznike-2-2\/#primaryimage"},"thumbnailUrl":"https:\/\/dmcsrb.com\/wp-content\/uploads\/2024\/05\/Montefarm-foto-Montefarm.jpg","datePublished":"2026-01-01T06:39:00+00:00","author":{"@id":"https:\/\/dmcsrb.com\/#\/schema\/person\/5c39170f12db1b8b457732d0b5c854e2"},"breadcrumb":{"@id":"https:\/\/dmcsrb.com\/drustvo\/dezurne-apoteke-montefarma-za-praznike-2-2\/#breadcrumb"},"inLanguage":"en-GB","potentialAction":[{"@type":"ReadAction","target":["https:\/\/dmcsrb.com\/drustvo\/dezurne-apoteke-montefarma-za-praznike-2-2\/"]}]},{"@type":"ImageObject","inLanguage":"en-GB","@id":"https:\/\/dmcsrb.com\/drustvo\/dezurne-apoteke-montefarma-za-praznike-2-2\/#primaryimage","url":"https:\/\/dmcsrb.com\/wp-content\/uploads\/2024\/05\/Montefarm-foto-Montefarm.jpg","contentUrl":"https:\/\/dmcsrb.com\/wp-content\/uploads\/2024\/05\/Montefarm-foto-Montefarm.jpg","width":989,"height":550,"caption":"Foto: Montefarm"},{"@type":"BreadcrumbList","@id":"https:\/\/dmcsrb.com\/drustvo\/dezurne-apoteke-montefarma-za-praznike-2-2\/#breadcrumb","itemListElement":[{"@type":"ListItem","position":1,"name":"Home","item":"https:\/\/dmcsrb.com\/"},{"@type":"ListItem","position":2,"name":"De\u017eurne apoteke Montefarma za praznike"}]},{"@type":"WebSite","@id":"https:\/\/dmcsrb.com\/#website","url":"https:\/\/dmcsrb.com\/","name":"dmcsrb.com","description":"","potentialAction":[{"@type":"SearchAction","target":{"@type":"EntryPoint","urlTemplate":"https:\/\/dmcsrb.com\/?s={search_term_string}"},"query-input":{"@type":"PropertyValueSpecification","valueRequired":true,"valueName":"search_term_string"}}],"inLanguage":"en-GB"},{"@type":"Person","@id":"https:\/\/dmcsrb.com\/#\/schema\/person\/5c39170f12db1b8b457732d0b5c854e2","name":"dmcsrbija.com@gmail.com","image":{"@type":"ImageObject","inLanguage":"en-GB","@id":"https:\/\/dmcsrb.com\/#\/schema\/person\/image\/","url":"https:\/\/secure.gravatar.com\/avatar\/68592660ad6347fad0fb587f8d5d8f1a7b44961362f56e4f2cd524feb87e9069?s=96&d=mm&r=g","contentUrl":"https:\/\/secure.gravatar.com\/avatar\/68592660ad6347fad0fb587f8d5d8f1a7b44961362f56e4f2cd524feb87e9069?s=96&d=mm&r=g","caption":"dmcsrbija.com@gmail.com"},"sameAs":["https:\/\/dmcsrb.com"],"url":"https:\/\/dmcsrb.com\/en\/author\/dmcsrbija-comgmail-com\/"}]}},"_links":{"self":[{"href":"https:\/\/dmcsrb.com\/en\/wp-json\/wp\/v2\/posts\/903581","targetHints":{"allow":["GET"]}}],"collection":[{"href":"https:\/\/dmcsrb.com\/en\/wp-json\/wp\/v2\/posts"}],"about":[{"href":"https:\/\/dmcsrb.com\/en\/wp-json\/wp\/v2\/types\/post"}],"author":[{"embeddable":true,"href":"https:\/\/dmcsrb.com\/en\/wp-json\/wp\/v2\/users\/1"}],"replies":[{"embeddable":true,"href":"https:\/\/dmcsrb.com\/en\/wp-json\/wp\/v2\/comments?post=903581"}],"version-history":[{"count":0,"href":"https:\/\/dmcsrb.com\/en\/wp-json\/wp\/v2\/posts\/903581\/revisions"}],"wp:featuredmedia":[{"embeddable":true,"href":"https:\/\/dmcsrb.com\/en\/wp-json\/wp\/v2\/media\/545828"}],"wp:attachment":[{"href":"https:\/\/dmcsrb.com\/en\/wp-json\/wp\/v2\/media?parent=903581"}],"wp:term":[{"taxonomy":"category","embeddable":true,"href":"https:\/\/dmcsrb.com\/en\/wp-json\/wp\/v2\/categories?post=903581"},{"taxonomy":"post_tag","embeddable":true,"href":"https:\/\/dmcsrb.com\/en\/wp-json\/wp\/v2\/tags?post=903581"},{"taxonomy":"naslovna","embeddable":true,"href":"https:\/\/dmcsrb.com\/en\/wp-json\/wp\/v2\/naslovna?post=903581"}],"curies":[{"name":"wp","href":"https:\/\/api.w.org\/{rel}","templated":true}]}}